{"id":1717,"count":53,"description":"&nbsp;\r\n\r\n<img class=\"alignnone size-full wp-image-8174\" src=\"https:\/\/www.riu.com\/blog\/wp-content\/uploads\/2019\/01\/el-ceo-de-riu-hotels-luis-riu-2.jpg\" alt=\"Luis Riu, Vorstandsvorsitzender von RIU Hotels &amp; Resorts\u00a0\" \/>\r\n<h2>Luis Riu, CEO de RIU Hotels &amp; Resorts<\/h2>\r\nRIU Hotels &amp; Resorts ist mehr als nur Hotels. Dahinter verbirgt sich erfahrenes Fachpersonal, das f\u00fcr tolle Erlebnisse und unvergessliche Erinnerungen w\u00e4hrend Ihres Urlaubs sorgt. Und an der Spitze unseres Teams befindet sich unser CEO Luis Riu, der direkt f\u00fcr Expansion, Design, Bau und Vermarktung unserer gesamten Hotels verantwortlich ist. Seine Vision, sein feines Gesp\u00fcr und seine Leidenschaft sind eine Quelle der Inspiration f\u00fcr uns alle von RIU Hotels. Deshalb freuen wir uns sehr dar\u00fcber, eine neue Rubrik mit seinen Gedanken, Kenntnissen und Vorhaben aus erster Hand er\u00f6ffnen zu k\u00f6nnen. Sind Sie dabei?","link":"https:\/\/www.riu.com\/blog\/de\/category\/luis-riu-de\/","name":"Luis Riu","slug":"luis-riu-de","taxonomy":"category","parent":0,"meta":[],"acf":[],"yoast_head":"<!-- This site is optimized with the Yoast SEO plugin v27.2 - https:\/\/yoast.com\/product\/yoast-seo-wordpress\/ -->\n<title>Luis Riu - RIU.com | Blog<\/title>\n<meta name=\"description\" content=\"Luis Riu G\u00fcell, Vorstandsvorsitzender von RIU Hotels &amp; Resorts, spricht aus erster Hand \u00fcber die Expansions- und\u00a0 Zukunftspl\u00e4ne der Hotelkette. Verfolgt mit ihm alle Neuigkeiten von RIU!\" \/>\n<meta name=\"robots\" content=\"index, follow, max-snippet:-1, max-image-preview:large, max-video-preview:-1\" \/>\n<link rel=\"canonical\" href=\"https:\/\/www.riu.com\/blog\/de\/category\/luis-riu-de\/\" \/>\n<meta property=\"og:locale\" content=\"de_DE\" \/>\n<meta property=\"og:type\" content=\"article\" \/>\n<meta property=\"og:title\" content=\"Luis Riu - RIU.com | Blog\" \/>\n<meta property=\"og:description\" content=\"Luis Riu G\u00fcell, Vorstandsvorsitzender von RIU Hotels &amp; Resorts, spricht aus erster Hand \u00fcber die Expansions- und\u00a0 Zukunftspl\u00e4ne der Hotelkette. Verfolgt mit ihm alle Neuigkeiten von RIU!\" \/>\n<meta property=\"og:url\" content=\"https:\/\/www.riu.com\/blog\/de\/category\/luis-riu-de\/\" \/>\n<meta property=\"og:site_name\" content=\"RIU.com | Blog\" \/>\n<meta property=\"og:image\" content=\"https:\/\/www.riu.com\/blog\/wp-content\/uploads\/2019\/01\/el-ceo-de-riu-hotels-luis-riu-2.jpg\" \/>\n<meta name=\"twitter:card\" content=\"summary_large_image\" \/>\n<script type=\"application\/ld+json\" class=\"yoast-schema-graph\">{\"@context\":\"https:\/\/schema.org\",\"@graph\":[{\"@type\":\"CollectionPage\",\"@id\":\"https:\/\/www.riu.com\/blog\/de\/category\/luis-riu-de\/\",\"url\":\"https:\/\/www.riu.com\/blog\/de\/category\/luis-riu-de\/\",\"name\":\"Luis Riu - RIU.com | Blog\",\"isPartOf\":{\"@id\":\"https:\/\/www.riu.com\/blog\/de\/#website\"},\"description\":\"Luis Riu G\u00fcell, Vorstandsvorsitzender von RIU Hotels & Resorts, spricht aus erster Hand \u00fcber die Expansions- und\u00a0 Zukunftspl\u00e4ne der Hotelkette. Verfolgt mit ihm alle Neuigkeiten von RIU!\",\"breadcrumb\":{\"@id\":\"https:\/\/www.riu.com\/blog\/de\/category\/luis-riu-de\/#breadcrumb\"},\"inLanguage\":\"de\"},{\"@type\":\"BreadcrumbList\",\"@id\":\"https:\/\/www.riu.com\/blog\/de\/category\/luis-riu-de\/#breadcrumb\",\"itemListElement\":[{\"@type\":\"ListItem\",\"position\":1,\"name\":\"Portada\",\"item\":\"https:\/\/www.riu.com\/blog\/de\/\"},{\"@type\":\"ListItem\",\"position\":2,\"name\":\"Luis Riu\"}]},{\"@type\":\"WebSite\",\"@id\":\"https:\/\/www.riu.com\/blog\/de\/#website\",\"url\":\"https:\/\/www.riu.com\/blog\/de\/\",\"name\":\"RIU.com | Blog\",\"description\":\"Blog de Riu Hotels &amp; Resorts | Noticias exclusivas de la cadena Riu Hotels &amp; Resorts | Hoteles en Espa\u00f1a, M\u00e9xico, Jamaica, Rep\u00fablica Dominicana, Portugal, Miami y muchos m\u00e1s.\",\"potentialAction\":[{\"@type\":\"SearchAction\",\"target\":{\"@type\":\"EntryPoint\",\"urlTemplate\":\"https:\/\/www.riu.com\/blog\/de\/?s={search_term_string}\"},\"query-input\":{\"@type\":\"PropertyValueSpecification\",\"valueRequired\":true,\"valueName\":\"search_term_string\"}}],\"inLanguage\":\"de\"}]}<\/script>\n<!-- \/ Yoast SEO plugin. -->","yoast_head_json":{"title":"Luis Riu - RIU.com | Blog","description":"Luis Riu G\u00fcell, Vorstandsvorsitzender von RIU Hotels & Resorts, spricht aus erster Hand \u00fcber die Expansions- und\u00a0 Zukunftspl\u00e4ne der Hotelkette. Verfolgt mit ihm alle Neuigkeiten von RIU!","robots":{"index":"index","follow":"follow","max-snippet":"max-snippet:-1","max-image-preview":"max-image-preview:large","max-video-preview":"max-video-preview:-1"},"canonical":"https:\/\/www.riu.com\/blog\/de\/category\/luis-riu-de\/","og_locale":"de_DE","og_type":"article","og_title":"Luis Riu - RIU.com | Blog","og_description":"Luis Riu G\u00fcell, Vorstandsvorsitzender von RIU Hotels & Resorts, spricht aus erster Hand \u00fcber die Expansions- und\u00a0 Zukunftspl\u00e4ne der Hotelkette. Verfolgt mit ihm alle Neuigkeiten von RIU!","og_url":"https:\/\/www.riu.com\/blog\/de\/category\/luis-riu-de\/","og_site_name":"RIU.com | Blog","og_image":[{"url":"https:\/\/www.riu.com\/blog\/wp-content\/uploads\/2019\/01\/el-ceo-de-riu-hotels-luis-riu-2.jpg","type":"","width":"","height":""}],"twitter_card":"summary_large_image","schema":{"@context":"https:\/\/schema.org","@graph":[{"@type":"CollectionPage","@id":"https:\/\/www.riu.com\/blog\/de\/category\/luis-riu-de\/","url":"https:\/\/www.riu.com\/blog\/de\/category\/luis-riu-de\/","name":"Luis Riu - RIU.com | Blog","isPartOf":{"@id":"https:\/\/www.riu.com\/blog\/de\/#website"},"description":"Luis Riu G\u00fcell, Vorstandsvorsitzender von RIU Hotels & Resorts, spricht aus erster Hand \u00fcber die Expansions- und\u00a0 Zukunftspl\u00e4ne der Hotelkette. Verfolgt mit ihm alle Neuigkeiten von RIU!","breadcrumb":{"@id":"https:\/\/www.riu.com\/blog\/de\/category\/luis-riu-de\/#breadcrumb"},"inLanguage":"de"},{"@type":"BreadcrumbList","@id":"https:\/\/www.riu.com\/blog\/de\/category\/luis-riu-de\/#breadcrumb","itemListElement":[{"@type":"ListItem","position":1,"name":"Portada","item":"https:\/\/www.riu.com\/blog\/de\/"},{"@type":"ListItem","position":2,"name":"Luis Riu"}]},{"@type":"WebSite","@id":"https:\/\/www.riu.com\/blog\/de\/#website","url":"https:\/\/www.riu.com\/blog\/de\/","name":"RIU.com | Blog","description":"Blog de Riu Hotels &amp; Resorts | Noticias exclusivas de la cadena Riu Hotels &amp; Resorts | Hoteles en Espa\u00f1a, M\u00e9xico, Jamaica, Rep\u00fablica Dominicana, Portugal, Miami y muchos m\u00e1s.","potentialAction":[{"@type":"SearchAction","target":{"@type":"EntryPoint","urlTemplate":"https:\/\/www.riu.com\/blog\/de\/?s={search_term_string}"},"query-input":{"@type":"PropertyValueSpecification","valueRequired":true,"valueName":"search_term_string"}}],"inLanguage":"de"}]}},"_links":{"self":[{"href":"https:\/\/www.riu.com\/blog\/de\/wp-json\/wp\/v2\/categories\/1717","targetHints":{"allow":["GET"]}}],"collection":[{"href":"https:\/\/www.riu.com\/blog\/de\/wp-json\/wp\/v2\/categories"}],"about":[{"href":"https:\/\/www.riu.com\/blog\/de\/wp-json\/wp\/v2\/taxonomies\/category"}],"wp:post_type":[{"href":"https:\/\/www.riu.com\/blog\/de\/wp-json\/wp\/v2\/posts?categories=1717"}],"curies":[{"name":"wp","href":"https:\/\/api.w.org\/{rel}","templated":true}]}}