{"id":1407,"date":"2016-07-20T17:04:37","date_gmt":"2016-07-20T15:04:37","guid":{"rendered":"http:\/\/www.riu.com\/blog\/?p=1407"},"modified":"2016-07-20T17:04:37","modified_gmt":"2016-07-20T15:04:37","slug":"packen-sie-ihre-koffer-und-fahren-sie-nach-mallorca","status":"publish","type":"post","link":"https:\/\/www.riu.com\/blog\/de\/packen-sie-ihre-koffer-und-fahren-sie-nach-mallorca\/","title":{"rendered":"Packen Sie Ihre Koffer und fahren Sie nach Mallorca"},"content":{"rendered":"<p style=\"text-align: justify;\">Sie wissen noch nicht, wo Sie diesen Sommer Ihren Urlaub verbringen sollen? Keine Sorge, bei <a href=\"http:\/\/www.riu.com\/de\/home.jsp\" target=\"_blank\">RIU<\/a> machen wir Ihnen die Entscheidung leicht. Wir schlagen Ihnen eine gro\u00dfartige Reise vor: <strong>Tolle Pl\u00e4ne und eine Liste von Hotels direkt in Playa de Palma, die einfach perfekt f\u00fcr Sie sind<\/strong>. Dazu werden Sie nicht Nein sagen k\u00f6nnen.<\/p>\n<p><a href=\"http:\/\/www.riu.com\/blog\/wp-content\/uploads\/2016\/07\/Mallorca-7.jpg\"><img loading=\"lazy\" decoding=\"async\" class=\"alignnone wp-image-1396 size-large\" title=\"Mallorca\" src=\"http:\/\/www.riu.com\/blog\/wp-content\/uploads\/2016\/07\/Mallorca-7-1024x696.jpg\" alt=\"Mallorca\" width=\"1024\" height=\"696\" srcset=\"https:\/\/www.riu.com\/blog\/wp-content\/uploads\/2016\/07\/Mallorca-7-1024x696.jpg 1024w, https:\/\/www.riu.com\/blog\/wp-content\/uploads\/2016\/07\/Mallorca-7-250x170.jpg 250w, https:\/\/www.riu.com\/blog\/wp-content\/uploads\/2016\/07\/Mallorca-7-768x522.jpg 768w, https:\/\/www.riu.com\/blog\/wp-content\/uploads\/2016\/07\/Mallorca-7-700x476.jpg 700w, https:\/\/www.riu.com\/blog\/wp-content\/uploads\/2016\/07\/Mallorca-7-120x82.jpg 120w, https:\/\/www.riu.com\/blog\/wp-content\/uploads\/2016\/07\/Mallorca-7-300x204.jpg 300w, https:\/\/www.riu.com\/blog\/wp-content\/uploads\/2016\/07\/Mallorca-7.jpg 1280w\" sizes=\"auto, (max-width: 1024px) 100vw, 1024px\" \/><\/a><\/p>\n<p style=\"text-align: justify;\"><strong>Entdecken Sie die besten Str\u00e4nde<\/strong>. Die herrlichen Str\u00e4nde <a href=\"http:\/\/www.riu.com\/de\/Paises\/spanien\/majorca\/index.jsp\" target=\"_blank\">Mallorcas<\/a> wie Illetas, Playa de Palma oder Es Trenc genie\u00dfen weltweit einen hervorragenden Ruf, doch auf der Insel finden Sie auch dutzende kleine, versteckte Buchten. Wechseln Sie zwischen beiden ab, so wird kein Urlaubstag wie der andere!<\/p>\n<p><a href=\"http:\/\/www.riu.com\/blog\/wp-content\/uploads\/2016\/07\/Mallorca-2.jpg\"><img loading=\"lazy\" decoding=\"async\" class=\"alignnone wp-image-1397 size-large\" title=\"Mallorca\" src=\"http:\/\/www.riu.com\/blog\/wp-content\/uploads\/2016\/07\/Mallorca-2-1024x835.jpg\" alt=\"Mallorca\" width=\"1024\" height=\"835\" srcset=\"https:\/\/www.riu.com\/blog\/wp-content\/uploads\/2016\/07\/Mallorca-2-1024x835.jpg 1024w, https:\/\/www.riu.com\/blog\/wp-content\/uploads\/2016\/07\/Mallorca-2-250x204.jpg 250w, https:\/\/www.riu.com\/blog\/wp-content\/uploads\/2016\/07\/Mallorca-2-768x626.jpg 768w, https:\/\/www.riu.com\/blog\/wp-content\/uploads\/2016\/07\/Mallorca-2-700x571.jpg 700w, https:\/\/www.riu.com\/blog\/wp-content\/uploads\/2016\/07\/Mallorca-2-120x98.jpg 120w, https:\/\/www.riu.com\/blog\/wp-content\/uploads\/2016\/07\/Mallorca-2-300x245.jpg 300w, https:\/\/www.riu.com\/blog\/wp-content\/uploads\/2016\/07\/Mallorca-2.jpg 1256w\" sizes=\"auto, (max-width: 1024px) 100vw, 1024px\" \/><\/a><\/p>\n<p style=\"text-align: justify;\"><strong>Mieten Sie ein Auto und machen Sie eine Bucht-Tour<\/strong>. Alle Buchten der Insel sind spektakul\u00e4r, hier sind einige Empfehlungen: Sa Calobra, Cala Formentor, Cala Agulla, Cala Molt\u00f3, Cala Varques, Cala Llombars, Cal\u00f3 des Moro und der Naturpark von Mondrag\u00f3.<\/p>\n<p><a href=\"http:\/\/www.riu.com\/blog\/wp-content\/uploads\/2016\/07\/Mallorca-6.jpg\"><img loading=\"lazy\" decoding=\"async\" class=\"alignnone wp-image-1398 size-large\" title=\"Kathedrale\" src=\"http:\/\/www.riu.com\/blog\/wp-content\/uploads\/2016\/07\/Mallorca-6-1024x690.jpg\" alt=\"Kathedrale\" width=\"1024\" height=\"690\" srcset=\"https:\/\/www.riu.com\/blog\/wp-content\/uploads\/2016\/07\/Mallorca-6-1024x690.jpg 1024w, https:\/\/www.riu.com\/blog\/wp-content\/uploads\/2016\/07\/Mallorca-6-250x168.jpg 250w, https:\/\/www.riu.com\/blog\/wp-content\/uploads\/2016\/07\/Mallorca-6-768x517.jpg 768w, https:\/\/www.riu.com\/blog\/wp-content\/uploads\/2016\/07\/Mallorca-6-700x471.jpg 700w, https:\/\/www.riu.com\/blog\/wp-content\/uploads\/2016\/07\/Mallorca-6-120x81.jpg 120w, https:\/\/www.riu.com\/blog\/wp-content\/uploads\/2016\/07\/Mallorca-6-300x202.jpg 300w, https:\/\/www.riu.com\/blog\/wp-content\/uploads\/2016\/07\/Mallorca-6.jpg 1280w\" sizes=\"auto, (max-width: 1024px) 100vw, 1024px\" \/><\/a><\/p>\n<p style=\"text-align: justify;\"><strong>Verbringen Sie einen Tag in Palma<\/strong>. Es gibt zahllose Gr\u00fcnde, weshalb Sie sich die Inselhauptstadt nicht entgehen lassen sollten: die Altstadt mit ihren k\u00fchlen, unregelm\u00e4\u00dfig gepflasterten Gassen, die imposante Kathedrale mit Blick auf das Meer, die elegante Allee Paseo del Borne, der traditionelle Platz Plaza Mayor, das alte Fischerviertel Portitxol\u2026 Eine Stadt zum Verlieben.<\/p>\n<p><a href=\"http:\/\/www.riu.com\/blog\/wp-content\/uploads\/2016\/07\/Mallorca-5.jpg\"><img loading=\"lazy\" decoding=\"async\" class=\"alignnone wp-image-1399 size-large\" title=\"Playa de Palma, Arenal\" src=\"http:\/\/www.riu.com\/blog\/wp-content\/uploads\/2016\/07\/Mallorca-5-998x1024.jpg\" alt=\"Playa de Palma, Arenal\" width=\"998\" height=\"1024\" srcset=\"https:\/\/www.riu.com\/blog\/wp-content\/uploads\/2016\/07\/Mallorca-5.jpg 998w, https:\/\/www.riu.com\/blog\/wp-content\/uploads\/2016\/07\/Mallorca-5-250x257.jpg 250w, https:\/\/www.riu.com\/blog\/wp-content\/uploads\/2016\/07\/Mallorca-5-768x788.jpg 768w, https:\/\/www.riu.com\/blog\/wp-content\/uploads\/2016\/07\/Mallorca-5-700x718.jpg 700w, https:\/\/www.riu.com\/blog\/wp-content\/uploads\/2016\/07\/Mallorca-5-120x123.jpg 120w, https:\/\/www.riu.com\/blog\/wp-content\/uploads\/2016\/07\/Mallorca-5-292x300.jpg 292w\" sizes=\"auto, (max-width: 998px) 100vw, 998px\" \/><\/a><\/p>\n<p style=\"text-align: justify;\"><strong>Gehen Sie in Playa de Palma aus <\/strong>und genie\u00dfen Sie das pulsierende Nachtleben, das rund um die Riu-Hotels dieser Gegend herrscht. Sie k\u00f6nnen sich sicher sein, dass es abends immer etwas Aufregendes zu erleben gibt.<\/p>\n<p><a href=\"http:\/\/www.riu.com\/blog\/wp-content\/uploads\/2016\/07\/Mallorca-4.jpg\"><img loading=\"lazy\" decoding=\"async\" class=\"alignnone wp-image-1400 size-large\" title=\"Golf\" src=\"http:\/\/www.riu.com\/blog\/wp-content\/uploads\/2016\/07\/Mallorca-4-1010x1024.jpg\" alt=\"Golf\" width=\"1010\" height=\"1024\" srcset=\"https:\/\/www.riu.com\/blog\/wp-content\/uploads\/2016\/07\/Mallorca-4.jpg 1010w, https:\/\/www.riu.com\/blog\/wp-content\/uploads\/2016\/07\/Mallorca-4-250x253.jpg 250w, https:\/\/www.riu.com\/blog\/wp-content\/uploads\/2016\/07\/Mallorca-4-768x779.jpg 768w, https:\/\/www.riu.com\/blog\/wp-content\/uploads\/2016\/07\/Mallorca-4-700x710.jpg 700w, https:\/\/www.riu.com\/blog\/wp-content\/uploads\/2016\/07\/Mallorca-4-120x122.jpg 120w, https:\/\/www.riu.com\/blog\/wp-content\/uploads\/2016\/07\/Mallorca-4-65x65.jpg 65w, https:\/\/www.riu.com\/blog\/wp-content\/uploads\/2016\/07\/Mallorca-4-296x300.jpg 296w\" sizes=\"auto, (max-width: 1010px) 100vw, 1010px\" \/><\/a><\/p>\n<p style=\"text-align: justify;\"><strong>Treiben Sie Wassersport. <\/strong>Verschmelzen Sie mit dem Meer, um das Strandleben so richtig auszukosten und probieren Sie die Sportarten, die Ihnen am meisten zusagen: Windsurfen oder Wasserski f\u00fcr besonders Mutige, Schnorcheln oder Sportfischerei f\u00fcr jene, die es etwas entspannter m\u00f6gen. <strong>Und wenn Sie gerne Golf spielen, <\/strong>sind Sie hier richtig. In Mallorca gibt es unz\u00e4hlige Orte, an denen Sie Ihren Lieblingssport aus\u00fcben k\u00f6nnen.<\/p>\n<p><a href=\"http:\/\/www.riu.com\/blog\/wp-content\/uploads\/2016\/07\/Mallorca-1.jpg\"><img loading=\"lazy\" decoding=\"async\" class=\"alignnone wp-image-1401 size-large\" title=\"Sa Foradada\" src=\"http:\/\/www.riu.com\/blog\/wp-content\/uploads\/2016\/07\/Mallorca-1-1024x823.jpg\" alt=\"Sa Foradada\" width=\"1024\" height=\"823\" srcset=\"https:\/\/www.riu.com\/blog\/wp-content\/uploads\/2016\/07\/Mallorca-1-1024x823.jpg 1024w, https:\/\/www.riu.com\/blog\/wp-content\/uploads\/2016\/07\/Mallorca-1-250x201.jpg 250w, https:\/\/www.riu.com\/blog\/wp-content\/uploads\/2016\/07\/Mallorca-1-768x617.jpg 768w, https:\/\/www.riu.com\/blog\/wp-content\/uploads\/2016\/07\/Mallorca-1-700x563.jpg 700w, https:\/\/www.riu.com\/blog\/wp-content\/uploads\/2016\/07\/Mallorca-1-120x96.jpg 120w, https:\/\/www.riu.com\/blog\/wp-content\/uploads\/2016\/07\/Mallorca-1-300x241.jpg 300w, https:\/\/www.riu.com\/blog\/wp-content\/uploads\/2016\/07\/Mallorca-1.jpg 1274w\" sizes=\"auto, (max-width: 1024px) 100vw, 1024px\" \/><\/a><\/p>\n<p style=\"text-align: justify;\"><strong>Fahren Sie zum Sonnenuntergang nach Sa Foradada, <\/strong>ein einmaliges, unvergessliches Erlebnis, das Tag f\u00fcr Tag alle Besucher in seinen Bann zieht, die sich das Naturschauspiel ansehen. Bestellen Sie sich dazu einen Mojito und genie\u00dfen Sie die Musik der Strandbar.<\/p>\n<p><a href=\"http:\/\/www.riu.com\/blog\/wp-content\/uploads\/2016\/07\/Mallorca-3.jpg\"><img loading=\"lazy\" decoding=\"async\" class=\"alignnone wp-image-1402 size-large\" title=\"Playa de Palma\" src=\"http:\/\/www.riu.com\/blog\/wp-content\/uploads\/2016\/07\/Mallorca-3-1024x680.jpg\" alt=\"Playa de Palma\" width=\"1024\" height=\"680\" srcset=\"https:\/\/www.riu.com\/blog\/wp-content\/uploads\/2016\/07\/Mallorca-3-1024x680.jpg 1024w, https:\/\/www.riu.com\/blog\/wp-content\/uploads\/2016\/07\/Mallorca-3-250x166.jpg 250w, https:\/\/www.riu.com\/blog\/wp-content\/uploads\/2016\/07\/Mallorca-3-768x510.jpg 768w, https:\/\/www.riu.com\/blog\/wp-content\/uploads\/2016\/07\/Mallorca-3-700x465.jpg 700w, https:\/\/www.riu.com\/blog\/wp-content\/uploads\/2016\/07\/Mallorca-3-120x80.jpg 120w, https:\/\/www.riu.com\/blog\/wp-content\/uploads\/2016\/07\/Mallorca-3-300x200.jpg 300w, https:\/\/www.riu.com\/blog\/wp-content\/uploads\/2016\/07\/Mallorca-3.jpg 1280w\" sizes=\"auto, (max-width: 1024px) 100vw, 1024px\" \/><\/a><\/p>\n<p style=\"text-align: justify;\"><strong>Hier finden Sie eine Liste der Riu-Hotels in Playa de Palma<\/strong>, die Ihnen bei der Auswahl einer Unterkunft sicherlich n\u00fctzlich sein wird. Warum sehen Sie sich nicht die Webseiten der einzelnen Hotels an und \u00fcberzeugen sich selbst?<\/p>\n<p>&nbsp;<\/p>\n<p><a href=\"http:\/\/www.riu.com\/de\/Paises\/spanien\/majorca\/hotel-riu-san-francisco\/index.jsp\" target=\"_blank\">Hotel Riu San Francisco<\/a><\/p>\n<p><a href=\"http:\/\/www.riu.com\/de\/Paises\/spanien\/majorca\/hotel-riu-playa-park\/index.jsp\" target=\"_blank\">Hotel Riu Playa Park<\/a><\/p>\n<p><a href=\"http:\/\/www.riu.com\/de\/Paises\/spanien\/majorca\/hotel-riu-festival\/index.jsp\" target=\"_blank\">Hotel Riu Festival<\/a><\/p>\n<p><a href=\"http:\/\/www.riu.com\/de\/Paises\/spanien\/majorca\/hotel-riu-concordia\/index.jsp\" target=\"_blank\">Hotel Riu Concordia<\/a><\/p>\n<p><a href=\"http:\/\/www.riu.com\/de\/Paises\/spanien\/majorca\/hotel-riu-bravo\/index.jsp\" target=\"_blank\">Hotel Riu Bravo<\/a><\/p>\n","protected":false},"excerpt":{"rendered":"Sie wissen noch nicht, wo Sie diesen Sommer Ihren Urlaub verbringen sollen? Keine Sorge, bei RIU machen wir Ihnen die Entscheidung leicht. Wir schlagen Ihnen eine gro\u00dfartige Reise vor: Tolle Pl\u00e4ne und eine Liste von Hotels direkt in Playa de Palma, die einfach perfekt f\u00fcr Sie sind. Dazu werden Sie nicht Nein sagen k\u00f6nnen. Entdecken&#8230;","protected":false},"author":3,"featured_media":1398,"comment_status":"open","ping_status":"closed","sticky":false,"template":"","format":"standard","meta":{"_acf_changed":false,"footnotes":""},"categories":[566],"tags":[],"class_list":["post-1407","post","type-post","status-publish","format-standard","has-post-thumbnail","hentry","category-hotels-de"],"acf":[],"yoast_head":"<!-- This site is optimized with the Yoast SEO plugin v27.2 - https:\/\/yoast.com\/product\/yoast-seo-wordpress\/ -->\n<title>Packen Sie Ihre Koffer und fahren Sie nach Mallorca<\/title>\n<meta name=\"description\" content=\"Packen Sie Ihre Koffer und fahren Sie nach Mallorca.\" \/>\n<meta name=\"robots\" content=\"index, follow, max-snippet:-1, max-image-preview:large, max-video-preview:-1\" \/>\n<link rel=\"canonical\" href=\"https:\/\/www.riu.com\/blog\/de\/packen-sie-ihre-koffer-und-fahren-sie-nach-mallorca\/\" \/>\n<meta property=\"og:locale\" content=\"de_DE\" \/>\n<meta property=\"og:type\" content=\"article\" \/>\n<meta property=\"og:title\" content=\"Packen Sie Ihre Koffer und fahren Sie nach Mallorca\" \/>\n<meta property=\"og:description\" content=\"Packen Sie Ihre Koffer und fahren Sie nach Mallorca.\" \/>\n<meta property=\"og:url\" content=\"https:\/\/www.riu.com\/blog\/de\/packen-sie-ihre-koffer-und-fahren-sie-nach-mallorca\/\" \/>\n<meta property=\"og:site_name\" content=\"RIU.com | Blog\" \/>\n<meta property=\"article:published_time\" content=\"2016-07-20T15:04:37+00:00\" \/>\n<meta property=\"og:image\" content=\"https:\/\/www.riu.com\/blog\/wp-content\/uploads\/2016\/07\/Mallorca-6.jpg\" \/>\n\t<meta property=\"og:image:width\" content=\"1280\" \/>\n\t<meta property=\"og:image:height\" content=\"862\" \/>\n\t<meta property=\"og:image:type\" content=\"image\/jpeg\" \/>\n<meta name=\"author\" content=\"Riu Hotels\" \/>\n<meta name=\"twitter:card\" content=\"summary_large_image\" \/>\n<meta name=\"twitter:label1\" content=\"Verfasst von\" \/>\n\t<meta name=\"twitter:data1\" content=\"Riu Hotels\" \/>\n\t<meta name=\"twitter:label2\" content=\"Gesch\u00e4tzte Lesezeit\" \/>\n\t<meta name=\"twitter:data2\" content=\"2\u00a0Minuten\" \/>\n<script type=\"application\/ld+json\" class=\"yoast-schema-graph\">{\"@context\":\"https:\/\/schema.org\",\"@graph\":[{\"@type\":\"NewsArticle\",\"@id\":\"https:\/\/www.riu.com\/blog\/de\/packen-sie-ihre-koffer-und-fahren-sie-nach-mallorca\/#article\",\"isPartOf\":{\"@id\":\"https:\/\/www.riu.com\/blog\/de\/packen-sie-ihre-koffer-und-fahren-sie-nach-mallorca\/\"},\"author\":{\"name\":\"Riu Hotels\",\"@id\":\"https:\/\/www.riu.com\/blog\/de\/#\/schema\/person\/0d2e827ad7e2aee20a09a05bdc3fb45f\"},\"headline\":\"Packen Sie Ihre Koffer und fahren Sie nach Mallorca\",\"datePublished\":\"2016-07-20T15:04:37+00:00\",\"mainEntityOfPage\":{\"@id\":\"https:\/\/www.riu.com\/blog\/de\/packen-sie-ihre-koffer-und-fahren-sie-nach-mallorca\/\"},\"wordCount\":415,\"commentCount\":2,\"image\":{\"@id\":\"https:\/\/www.riu.com\/blog\/de\/packen-sie-ihre-koffer-und-fahren-sie-nach-mallorca\/#primaryimage\"},\"thumbnailUrl\":\"https:\/\/www.riu.com\/blog\/wp-content\/uploads\/2016\/07\/Mallorca-6.jpg\",\"articleSection\":[\"Hotels\"],\"inLanguage\":\"de\",\"potentialAction\":[{\"@type\":\"CommentAction\",\"name\":\"Comment\",\"target\":[\"https:\/\/www.riu.com\/blog\/de\/packen-sie-ihre-koffer-und-fahren-sie-nach-mallorca\/#respond\"]}]},{\"@type\":[\"WebPage\",\"ItemPage\"],\"@id\":\"https:\/\/www.riu.com\/blog\/de\/packen-sie-ihre-koffer-und-fahren-sie-nach-mallorca\/\",\"url\":\"https:\/\/www.riu.com\/blog\/de\/packen-sie-ihre-koffer-und-fahren-sie-nach-mallorca\/\",\"name\":\"Packen Sie Ihre Koffer und fahren Sie nach Mallorca\",\"isPartOf\":{\"@id\":\"https:\/\/www.riu.com\/blog\/de\/#website\"},\"primaryImageOfPage\":{\"@id\":\"https:\/\/www.riu.com\/blog\/de\/packen-sie-ihre-koffer-und-fahren-sie-nach-mallorca\/#primaryimage\"},\"image\":{\"@id\":\"https:\/\/www.riu.com\/blog\/de\/packen-sie-ihre-koffer-und-fahren-sie-nach-mallorca\/#primaryimage\"},\"thumbnailUrl\":\"https:\/\/www.riu.com\/blog\/wp-content\/uploads\/2016\/07\/Mallorca-6.jpg\",\"datePublished\":\"2016-07-20T15:04:37+00:00\",\"author\":{\"@id\":\"https:\/\/www.riu.com\/blog\/de\/#\/schema\/person\/0d2e827ad7e2aee20a09a05bdc3fb45f\"},\"description\":\"Packen Sie Ihre Koffer und fahren Sie nach Mallorca.\",\"breadcrumb\":{\"@id\":\"https:\/\/www.riu.com\/blog\/de\/packen-sie-ihre-koffer-und-fahren-sie-nach-mallorca\/#breadcrumb\"},\"inLanguage\":\"de\",\"potentialAction\":[{\"@type\":\"ReadAction\",\"target\":[\"https:\/\/www.riu.com\/blog\/de\/packen-sie-ihre-koffer-und-fahren-sie-nach-mallorca\/\"]}]},{\"@type\":\"ImageObject\",\"inLanguage\":\"de\",\"@id\":\"https:\/\/www.riu.com\/blog\/de\/packen-sie-ihre-koffer-und-fahren-sie-nach-mallorca\/#primaryimage\",\"url\":\"https:\/\/www.riu.com\/blog\/wp-content\/uploads\/2016\/07\/Mallorca-6.jpg\",\"contentUrl\":\"https:\/\/www.riu.com\/blog\/wp-content\/uploads\/2016\/07\/Mallorca-6.jpg\",\"width\":1280,\"height\":862},{\"@type\":\"BreadcrumbList\",\"@id\":\"https:\/\/www.riu.com\/blog\/de\/packen-sie-ihre-koffer-und-fahren-sie-nach-mallorca\/#breadcrumb\",\"itemListElement\":[{\"@type\":\"ListItem\",\"position\":1,\"name\":\"Portada\",\"item\":\"https:\/\/www.riu.com\/blog\/de\/\"},{\"@type\":\"ListItem\",\"position\":2,\"name\":\"Packen Sie Ihre Koffer und fahren Sie nach Mallorca\"}]},{\"@type\":\"WebSite\",\"@id\":\"https:\/\/www.riu.com\/blog\/de\/#website\",\"url\":\"https:\/\/www.riu.com\/blog\/de\/\",\"name\":\"RIU.com | Blog\",\"description\":\"Blog de Riu Hotels &amp; Resorts | Noticias exclusivas de la cadena Riu Hotels &amp; Resorts | Hoteles en Espa\u00f1a, M\u00e9xico, Jamaica, Rep\u00fablica Dominicana, Portugal, Miami y muchos m\u00e1s.\",\"potentialAction\":[{\"@type\":\"SearchAction\",\"target\":{\"@type\":\"EntryPoint\",\"urlTemplate\":\"https:\/\/www.riu.com\/blog\/de\/?s={search_term_string}\"},\"query-input\":{\"@type\":\"PropertyValueSpecification\",\"valueRequired\":true,\"valueName\":\"search_term_string\"}}],\"inLanguage\":\"de\"},{\"@type\":\"Person\",\"@id\":\"https:\/\/www.riu.com\/blog\/de\/#\/schema\/person\/0d2e827ad7e2aee20a09a05bdc3fb45f\",\"name\":\"Riu Hotels\",\"image\":{\"@type\":\"ImageObject\",\"inLanguage\":\"de\",\"@id\":\"https:\/\/secure.gravatar.com\/avatar\/1845185f5dc0c5d7a3adb797bcd6cae1d3df26e3eead5da96b212485b274bdf3?s=96&d=mm&r=g\",\"url\":\"https:\/\/secure.gravatar.com\/avatar\/1845185f5dc0c5d7a3adb797bcd6cae1d3df26e3eead5da96b212485b274bdf3?s=96&d=mm&r=g\",\"contentUrl\":\"https:\/\/secure.gravatar.com\/avatar\/1845185f5dc0c5d7a3adb797bcd6cae1d3df26e3eead5da96b212485b274bdf3?s=96&d=mm&r=g\",\"caption\":\"Riu Hotels\"},\"url\":\"https:\/\/www.riu.com\/blog\/de\/author\/riu\/\"}]}<\/script>\n<!-- \/ Yoast SEO plugin. -->","yoast_head_json":{"title":"Packen Sie Ihre Koffer und fahren Sie nach Mallorca","description":"Packen Sie Ihre Koffer und fahren Sie nach Mallorca.","robots":{"index":"index","follow":"follow","max-snippet":"max-snippet:-1","max-image-preview":"max-image-preview:large","max-video-preview":"max-video-preview:-1"},"canonical":"https:\/\/www.riu.com\/blog\/de\/packen-sie-ihre-koffer-und-fahren-sie-nach-mallorca\/","og_locale":"de_DE","og_type":"article","og_title":"Packen Sie Ihre Koffer und fahren Sie nach Mallorca","og_description":"Packen Sie Ihre Koffer und fahren Sie nach Mallorca.","og_url":"https:\/\/www.riu.com\/blog\/de\/packen-sie-ihre-koffer-und-fahren-sie-nach-mallorca\/","og_site_name":"RIU.com | Blog","article_published_time":"2016-07-20T15:04:37+00:00","og_image":[{"width":1280,"height":862,"url":"https:\/\/www.riu.com\/blog\/wp-content\/uploads\/2016\/07\/Mallorca-6.jpg","type":"image\/jpeg"}],"author":"Riu Hotels","twitter_card":"summary_large_image","twitter_misc":{"Verfasst von":"Riu Hotels","Gesch\u00e4tzte Lesezeit":"2\u00a0Minuten"},"schema":{"@context":"https:\/\/schema.org","@graph":[{"@type":"NewsArticle","@id":"https:\/\/www.riu.com\/blog\/de\/packen-sie-ihre-koffer-und-fahren-sie-nach-mallorca\/#article","isPartOf":{"@id":"https:\/\/www.riu.com\/blog\/de\/packen-sie-ihre-koffer-und-fahren-sie-nach-mallorca\/"},"author":{"name":"Riu Hotels","@id":"https:\/\/www.riu.com\/blog\/de\/#\/schema\/person\/0d2e827ad7e2aee20a09a05bdc3fb45f"},"headline":"Packen Sie Ihre Koffer und fahren Sie nach Mallorca","datePublished":"2016-07-20T15:04:37+00:00","mainEntityOfPage":{"@id":"https:\/\/www.riu.com\/blog\/de\/packen-sie-ihre-koffer-und-fahren-sie-nach-mallorca\/"},"wordCount":415,"commentCount":2,"image":{"@id":"https:\/\/www.riu.com\/blog\/de\/packen-sie-ihre-koffer-und-fahren-sie-nach-mallorca\/#primaryimage"},"thumbnailUrl":"https:\/\/www.riu.com\/blog\/wp-content\/uploads\/2016\/07\/Mallorca-6.jpg","articleSection":["Hotels"],"inLanguage":"de","potentialAction":[{"@type":"CommentAction","name":"Comment","target":["https:\/\/www.riu.com\/blog\/de\/packen-sie-ihre-koffer-und-fahren-sie-nach-mallorca\/#respond"]}]},{"@type":["WebPage","ItemPage"],"@id":"https:\/\/www.riu.com\/blog\/de\/packen-sie-ihre-koffer-und-fahren-sie-nach-mallorca\/","url":"https:\/\/www.riu.com\/blog\/de\/packen-sie-ihre-koffer-und-fahren-sie-nach-mallorca\/","name":"Packen Sie Ihre Koffer und fahren Sie nach Mallorca","isPartOf":{"@id":"https:\/\/www.riu.com\/blog\/de\/#website"},"primaryImageOfPage":{"@id":"https:\/\/www.riu.com\/blog\/de\/packen-sie-ihre-koffer-und-fahren-sie-nach-mallorca\/#primaryimage"},"image":{"@id":"https:\/\/www.riu.com\/blog\/de\/packen-sie-ihre-koffer-und-fahren-sie-nach-mallorca\/#primaryimage"},"thumbnailUrl":"https:\/\/www.riu.com\/blog\/wp-content\/uploads\/2016\/07\/Mallorca-6.jpg","datePublished":"2016-07-20T15:04:37+00:00","author":{"@id":"https:\/\/www.riu.com\/blog\/de\/#\/schema\/person\/0d2e827ad7e2aee20a09a05bdc3fb45f"},"description":"Packen Sie Ihre Koffer und fahren Sie nach Mallorca.","breadcrumb":{"@id":"https:\/\/www.riu.com\/blog\/de\/packen-sie-ihre-koffer-und-fahren-sie-nach-mallorca\/#breadcrumb"},"inLanguage":"de","potentialAction":[{"@type":"ReadAction","target":["https:\/\/www.riu.com\/blog\/de\/packen-sie-ihre-koffer-und-fahren-sie-nach-mallorca\/"]}]},{"@type":"ImageObject","inLanguage":"de","@id":"https:\/\/www.riu.com\/blog\/de\/packen-sie-ihre-koffer-und-fahren-sie-nach-mallorca\/#primaryimage","url":"https:\/\/www.riu.com\/blog\/wp-content\/uploads\/2016\/07\/Mallorca-6.jpg","contentUrl":"https:\/\/www.riu.com\/blog\/wp-content\/uploads\/2016\/07\/Mallorca-6.jpg","width":1280,"height":862},{"@type":"BreadcrumbList","@id":"https:\/\/www.riu.com\/blog\/de\/packen-sie-ihre-koffer-und-fahren-sie-nach-mallorca\/#breadcrumb","itemListElement":[{"@type":"ListItem","position":1,"name":"Portada","item":"https:\/\/www.riu.com\/blog\/de\/"},{"@type":"ListItem","position":2,"name":"Packen Sie Ihre Koffer und fahren Sie nach Mallorca"}]},{"@type":"WebSite","@id":"https:\/\/www.riu.com\/blog\/de\/#website","url":"https:\/\/www.riu.com\/blog\/de\/","name":"RIU.com | Blog","description":"Blog de Riu Hotels &amp; Resorts | Noticias exclusivas de la cadena Riu Hotels &amp; Resorts | Hoteles en Espa\u00f1a, M\u00e9xico, Jamaica, Rep\u00fablica Dominicana, Portugal, Miami y muchos m\u00e1s.","potentialAction":[{"@type":"SearchAction","target":{"@type":"EntryPoint","urlTemplate":"https:\/\/www.riu.com\/blog\/de\/?s={search_term_string}"},"query-input":{"@type":"PropertyValueSpecification","valueRequired":true,"valueName":"search_term_string"}}],"inLanguage":"de"},{"@type":"Person","@id":"https:\/\/www.riu.com\/blog\/de\/#\/schema\/person\/0d2e827ad7e2aee20a09a05bdc3fb45f","name":"Riu Hotels","image":{"@type":"ImageObject","inLanguage":"de","@id":"https:\/\/secure.gravatar.com\/avatar\/1845185f5dc0c5d7a3adb797bcd6cae1d3df26e3eead5da96b212485b274bdf3?s=96&d=mm&r=g","url":"https:\/\/secure.gravatar.com\/avatar\/1845185f5dc0c5d7a3adb797bcd6cae1d3df26e3eead5da96b212485b274bdf3?s=96&d=mm&r=g","contentUrl":"https:\/\/secure.gravatar.com\/avatar\/1845185f5dc0c5d7a3adb797bcd6cae1d3df26e3eead5da96b212485b274bdf3?s=96&d=mm&r=g","caption":"Riu Hotels"},"url":"https:\/\/www.riu.com\/blog\/de\/author\/riu\/"}]}},"_links":{"self":[{"href":"https:\/\/www.riu.com\/blog\/de\/wp-json\/wp\/v2\/posts\/1407","targetHints":{"allow":["GET"]}}],"collection":[{"href":"https:\/\/www.riu.com\/blog\/de\/wp-json\/wp\/v2\/posts"}],"about":[{"href":"https:\/\/www.riu.com\/blog\/de\/wp-json\/wp\/v2\/types\/post"}],"author":[{"embeddable":true,"href":"https:\/\/www.riu.com\/blog\/de\/wp-json\/wp\/v2\/users\/3"}],"replies":[{"embeddable":true,"href":"https:\/\/www.riu.com\/blog\/de\/wp-json\/wp\/v2\/comments?post=1407"}],"version-history":[{"count":1,"href":"https:\/\/www.riu.com\/blog\/de\/wp-json\/wp\/v2\/posts\/1407\/revisions"}],"predecessor-version":[{"id":1408,"href":"https:\/\/www.riu.com\/blog\/de\/wp-json\/wp\/v2\/posts\/1407\/revisions\/1408"}],"wp:featuredmedia":[{"embeddable":true,"href":"https:\/\/www.riu.com\/blog\/de\/wp-json\/wp\/v2\/media\/1398"}],"wp:attachment":[{"href":"https:\/\/www.riu.com\/blog\/de\/wp-json\/wp\/v2\/media?parent=1407"}],"wp:term":[{"taxonomy":"category","embeddable":true,"href":"https:\/\/www.riu.com\/blog\/de\/wp-json\/wp\/v2\/categories?post=1407"},{"taxonomy":"post_tag","embeddable":true,"href":"https:\/\/www.riu.com\/blog\/de\/wp-json\/wp\/v2\/tags?post=1407"}],"curies":[{"name":"wp","href":"https:\/\/api.w.org\/{rel}","templated":true}]}}