{"id":1742,"date":"2016-09-27T16:28:07","date_gmt":"2016-09-27T14:28:07","guid":{"rendered":"http:\/\/www.riu.com\/blog\/?p=1742"},"modified":"2016-09-27T16:28:07","modified_gmt":"2016-09-27T14:28:07","slug":"feier-mit-uns-den-welttourismustag","status":"publish","type":"post","link":"https:\/\/www.riu.com\/blog\/de\/feier-mit-uns-den-welttourismustag\/","title":{"rendered":"Feier mit uns den Welttourismustag!"},"content":{"rendered":"<p style=\"text-align: justify;\"><strong>Heute, am 27. September, m\u00f6chten wir zusammen mit dir diesen besonderen Tag feiern. Wir sind stolz diesem Sektor seit 1953 anzugeh\u00f6ren.<\/strong> Damals begann alles mit einem kleinen Hotel auf <a href=\"http:\/\/www.riu.com\/de\/Paises\/spanien\/majorca\/index.jsp\" target=\"_blank\">Mallorca<\/a>. Von diesem Moment an haben wir uns Tag f\u00fcr Tag daf\u00fcr eingesetzt, unsere G\u00e4ste mit unserem Service zu erfreuen und ihnen jedes Jahr neue Hotels und Reiseziele anbieten zu k\u00f6nnen.<\/p>\n<p><a href=\"http:\/\/www.riu.com\/blog\/wp-content\/uploads\/2016\/09\/HISTORIA_211-Copiar.jpg\"><img loading=\"lazy\" decoding=\"async\" class=\"alignnone wp-image-1733 size-large\" title=\"Hotel Riu San Francisco\" src=\"http:\/\/www.riu.com\/blog\/wp-content\/uploads\/2016\/09\/HISTORIA_211-Copiar-1024x685.jpg\" alt=\"Hotel Riu San Francisco\" width=\"1024\" height=\"685\" srcset=\"https:\/\/www.riu.com\/blog\/wp-content\/uploads\/2016\/09\/HISTORIA_211-Copiar-1024x685.jpg 1024w, https:\/\/www.riu.com\/blog\/wp-content\/uploads\/2016\/09\/HISTORIA_211-Copiar-250x167.jpg 250w, https:\/\/www.riu.com\/blog\/wp-content\/uploads\/2016\/09\/HISTORIA_211-Copiar-768x514.jpg 768w, https:\/\/www.riu.com\/blog\/wp-content\/uploads\/2016\/09\/HISTORIA_211-Copiar-700x468.jpg 700w, https:\/\/www.riu.com\/blog\/wp-content\/uploads\/2016\/09\/HISTORIA_211-Copiar-120x80.jpg 120w, https:\/\/www.riu.com\/blog\/wp-content\/uploads\/2016\/09\/HISTORIA_211-Copiar-300x200.jpg 300w, https:\/\/www.riu.com\/blog\/wp-content\/uploads\/2016\/09\/HISTORIA_211-Copiar.jpg 1280w\" sizes=\"auto, (max-width: 1024px) 100vw, 1024px\" \/><\/a><\/p>\n<p><a href=\"http:\/\/www.riu.com\/blog\/wp-content\/uploads\/2016\/09\/HISTORIA_145-Copiar.jpg\"><img loading=\"lazy\" decoding=\"async\" class=\"alignnone wp-image-1734 size-large\" title=\"Hotel Riu San Francisco\" src=\"http:\/\/www.riu.com\/blog\/wp-content\/uploads\/2016\/09\/HISTORIA_145-Copiar-1024x661.jpg\" alt=\"Hotel Riu San Francisco\" width=\"1024\" height=\"661\" srcset=\"https:\/\/www.riu.com\/blog\/wp-content\/uploads\/2016\/09\/HISTORIA_145-Copiar-1024x661.jpg 1024w, https:\/\/www.riu.com\/blog\/wp-content\/uploads\/2016\/09\/HISTORIA_145-Copiar-250x161.jpg 250w, https:\/\/www.riu.com\/blog\/wp-content\/uploads\/2016\/09\/HISTORIA_145-Copiar-768x496.jpg 768w, https:\/\/www.riu.com\/blog\/wp-content\/uploads\/2016\/09\/HISTORIA_145-Copiar-700x452.jpg 700w, https:\/\/www.riu.com\/blog\/wp-content\/uploads\/2016\/09\/HISTORIA_145-Copiar-120x77.jpg 120w, https:\/\/www.riu.com\/blog\/wp-content\/uploads\/2016\/09\/HISTORIA_145-Copiar-300x194.jpg 300w, https:\/\/www.riu.com\/blog\/wp-content\/uploads\/2016\/09\/HISTORIA_145-Copiar.jpg 1280w\" sizes=\"auto, (max-width: 1024px) 100vw, 1024px\" \/><\/a><\/p>\n<p style=\"text-align: justify;\">Wir m\u00f6chten dir heute unsere Geschichte erz\u00e4hlen. Wei\u00df du, wie <a href=\"http:\/\/www.riu.com\/de\/home.jsp\" target=\"_blank\">RIU Hotels &amp; Resorts<\/a> entstanden ist? <strong>Die heutige Kette wurde 1953 in Mallorca, Spanien, als Ferienunternehmen der Familie RIU gegr\u00fcndet.<\/strong> Heute wird es von der dritten Generation der Gr\u00fcnderfamilie gef\u00fchrt. Das erste Hotel war das Riu San Francisco am Strand von Palma, das sich auch heute noch jeden Sommer gr\u00f6\u00dfter Beliebtheit erfreut.<\/p>\n<p><a href=\"http:\/\/www.riu.com\/blog\/wp-content\/uploads\/2016\/09\/HISTORIA_155-Copiar.jpg\"><img loading=\"lazy\" decoding=\"async\" class=\"alignnone wp-image-1735 size-large\" title=\"RIU Hotels &amp; Resorts\" src=\"http:\/\/www.riu.com\/blog\/wp-content\/uploads\/2016\/09\/HISTORIA_155-Copiar-1024x642.jpg\" alt=\"RIU Hotels &amp; Resorts\" width=\"1024\" height=\"642\" srcset=\"https:\/\/www.riu.com\/blog\/wp-content\/uploads\/2016\/09\/HISTORIA_155-Copiar-1024x642.jpg 1024w, https:\/\/www.riu.com\/blog\/wp-content\/uploads\/2016\/09\/HISTORIA_155-Copiar-250x157.jpg 250w, https:\/\/www.riu.com\/blog\/wp-content\/uploads\/2016\/09\/HISTORIA_155-Copiar-768x482.jpg 768w, https:\/\/www.riu.com\/blog\/wp-content\/uploads\/2016\/09\/HISTORIA_155-Copiar-700x439.jpg 700w, https:\/\/www.riu.com\/blog\/wp-content\/uploads\/2016\/09\/HISTORIA_155-Copiar-120x75.jpg 120w, https:\/\/www.riu.com\/blog\/wp-content\/uploads\/2016\/09\/HISTORIA_155-Copiar-300x188.jpg 300w, https:\/\/www.riu.com\/blog\/wp-content\/uploads\/2016\/09\/HISTORIA_155-Copiar.jpg 1280w\" sizes=\"auto, (max-width: 1024px) 100vw, 1024px\" \/><\/a><\/p>\n<p style=\"text-align: justify;\"><strong>Im Jahre 2010 haben wir unser erstes Stadthotel er\u00f6ffnet. Dies war Ausl\u00f6ser f\u00fcr die Erweiterung unserer Produktpalette, denn somit entstanden die Stadthotels mit dem Namen Riu Plaza.<\/strong> Derzeit geh\u00f6ren mehr als 100 Hotels in 18 L\u00e4ndern unserer Kette an, welche j\u00e4hrlich mehr als 4 Millionen G\u00e4ste empfangen.<\/p>\n<p><a href=\"http:\/\/www.riu.com\/blog\/wp-content\/uploads\/2016\/09\/HISTORIA_065-Copiar.jpg\"><img loading=\"lazy\" decoding=\"async\" class=\"alignnone wp-image-1736 size-large\" title=\"RIU Hotels &amp; Resorts\" src=\"http:\/\/www.riu.com\/blog\/wp-content\/uploads\/2016\/09\/HISTORIA_065-Copiar-1024x622.jpg\" alt=\"RIU Hotels &amp; Resorts\" width=\"1024\" height=\"622\" srcset=\"https:\/\/www.riu.com\/blog\/wp-content\/uploads\/2016\/09\/HISTORIA_065-Copiar-1024x622.jpg 1024w, https:\/\/www.riu.com\/blog\/wp-content\/uploads\/2016\/09\/HISTORIA_065-Copiar-250x152.jpg 250w, https:\/\/www.riu.com\/blog\/wp-content\/uploads\/2016\/09\/HISTORIA_065-Copiar-768x467.jpg 768w, https:\/\/www.riu.com\/blog\/wp-content\/uploads\/2016\/09\/HISTORIA_065-Copiar-700x425.jpg 700w, https:\/\/www.riu.com\/blog\/wp-content\/uploads\/2016\/09\/HISTORIA_065-Copiar-120x73.jpg 120w, https:\/\/www.riu.com\/blog\/wp-content\/uploads\/2016\/09\/HISTORIA_065-Copiar-300x182.jpg 300w, https:\/\/www.riu.com\/blog\/wp-content\/uploads\/2016\/09\/HISTORIA_065-Copiar.jpg 1280w\" sizes=\"auto, (max-width: 1024px) 100vw, 1024px\" \/><\/a><\/p>\n<p><a href=\"http:\/\/www.riu.com\/blog\/wp-content\/uploads\/2016\/09\/HISTORIA_199.jpg\"><img loading=\"lazy\" decoding=\"async\" class=\"alignnone wp-image-1737 size-large\" title=\"RIU Hotels &amp; Resorts\" src=\"http:\/\/www.riu.com\/blog\/wp-content\/uploads\/2016\/09\/HISTORIA_199-1024x677.jpg\" alt=\"RIU Hotels &amp; Resorts\" width=\"1024\" height=\"677\" srcset=\"https:\/\/www.riu.com\/blog\/wp-content\/uploads\/2016\/09\/HISTORIA_199-1024x677.jpg 1024w, https:\/\/www.riu.com\/blog\/wp-content\/uploads\/2016\/09\/HISTORIA_199-250x165.jpg 250w, https:\/\/www.riu.com\/blog\/wp-content\/uploads\/2016\/09\/HISTORIA_199-768x507.jpg 768w, https:\/\/www.riu.com\/blog\/wp-content\/uploads\/2016\/09\/HISTORIA_199-700x462.jpg 700w, https:\/\/www.riu.com\/blog\/wp-content\/uploads\/2016\/09\/HISTORIA_199-120x79.jpg 120w, https:\/\/www.riu.com\/blog\/wp-content\/uploads\/2016\/09\/HISTORIA_199-300x198.jpg 300w\" sizes=\"auto, (max-width: 1024px) 100vw, 1024px\" \/><\/a><\/p>\n<p style=\"text-align: justify;\"><strong>Die Mitarbeiter des RIU-Teams zeichnen sich durch eine freundliche und kundennahe Betreuung aller G\u00e4ste aus und unterscheiden sich somit von der Konkurrenz.<\/strong> Das Wohlergehen der G\u00e4ste genie\u00dft f\u00fcr uns h\u00f6chste Priorit\u00e4t. Aus diesem Grund setzen wir alles daran, ihnen eine pers\u00f6nliche Betreuung, bestens gepflegte Einrichtungen an den beliebtesten Reisezielen und eine k\u00f6stliche Gastronomie zu bieten: alles, was man f\u00fcr einen unvergesslichen Urlaub braucht!<\/p>\n<p><a href=\"http:\/\/www.riu.com\/blog\/wp-content\/uploads\/2016\/09\/HISTORIA_161-Copiar.jpg\"><img loading=\"lazy\" decoding=\"async\" class=\"alignnone wp-image-1738 size-large\" title=\"Riu San Francisco\" src=\"http:\/\/www.riu.com\/blog\/wp-content\/uploads\/2016\/09\/HISTORIA_161-Copiar-1024x667.jpg\" alt=\"Riu San Francisco\" width=\"1024\" height=\"667\" srcset=\"https:\/\/www.riu.com\/blog\/wp-content\/uploads\/2016\/09\/HISTORIA_161-Copiar-1024x667.jpg 1024w, https:\/\/www.riu.com\/blog\/wp-content\/uploads\/2016\/09\/HISTORIA_161-Copiar-250x163.jpg 250w, https:\/\/www.riu.com\/blog\/wp-content\/uploads\/2016\/09\/HISTORIA_161-Copiar-768x500.jpg 768w, https:\/\/www.riu.com\/blog\/wp-content\/uploads\/2016\/09\/HISTORIA_161-Copiar-700x456.jpg 700w, https:\/\/www.riu.com\/blog\/wp-content\/uploads\/2016\/09\/HISTORIA_161-Copiar-120x78.jpg 120w, https:\/\/www.riu.com\/blog\/wp-content\/uploads\/2016\/09\/HISTORIA_161-Copiar-300x195.jpg 300w, https:\/\/www.riu.com\/blog\/wp-content\/uploads\/2016\/09\/HISTORIA_161-Copiar.jpg 1280w\" sizes=\"auto, (max-width: 1024px) 100vw, 1024px\" \/><\/a><\/p>\n<p style=\"text-align: justify;\"><strong>Am Welttourismustag soll daran erinnert werden, welche sozialen, wirtschaftlichen, kulturellen und politischen Werte durch den Tourismus erwirtschaftet und gef\u00f6rdert werden.<\/strong> Also feiern auch wir von RIU diesen Tag und w\u00fcnschen euch allen einen frohen Welttourismustag!<\/p>\n","protected":false},"excerpt":{"rendered":"Heute, am 27. September, m\u00f6chten wir zusammen mit dir diesen besonderen Tag feiern. Wir sind stolz diesem Sektor seit 1953 anzugeh\u00f6ren. Damals begann alles mit einem kleinen Hotel auf Mallorca. Von diesem Moment an haben wir uns Tag f\u00fcr Tag daf\u00fcr eingesetzt, unsere G\u00e4ste mit unserem Service zu erfreuen und ihnen jedes Jahr neue Hotels&#8230;","protected":false},"author":3,"featured_media":1733,"comment_status":"open","ping_status":"closed","sticky":false,"template":"","format":"standard","meta":{"_acf_changed":false,"footnotes":""},"categories":[566],"tags":[],"class_list":["post-1742","post","type-post","status-publish","format-standard","has-post-thumbnail","hentry","category-hotels-de"],"acf":[],"yoast_head":"<!-- This site is optimized with the Yoast SEO plugin v27.2 - https:\/\/yoast.com\/product\/yoast-seo-wordpress\/ -->\n<title>Feier mit uns den Welttourismustag!<\/title>\n<meta name=\"description\" content=\"Das Ziel des Welttags des Tourismus ist darauf aufmerksam zu machen, welche sozialen, \u00f6konomischen und politischen Werte der Tourismus hat.\" \/>\n<meta name=\"robots\" content=\"index, follow, max-snippet:-1, max-image-preview:large, max-video-preview:-1\" \/>\n<link rel=\"canonical\" href=\"https:\/\/www.riu.com\/blog\/de\/feier-mit-uns-den-welttourismustag\/\" \/>\n<meta property=\"og:locale\" content=\"de_DE\" \/>\n<meta property=\"og:type\" content=\"article\" \/>\n<meta property=\"og:title\" content=\"Feier mit uns den Welttourismustag!\" \/>\n<meta property=\"og:description\" content=\"Das Ziel des Welttags des Tourismus ist darauf aufmerksam zu machen, welche sozialen, \u00f6konomischen und politischen Werte der Tourismus hat.\" \/>\n<meta property=\"og:url\" content=\"https:\/\/www.riu.com\/blog\/de\/feier-mit-uns-den-welttourismustag\/\" \/>\n<meta property=\"og:site_name\" content=\"RIU.com | Blog\" \/>\n<meta property=\"article:published_time\" content=\"2016-09-27T14:28:07+00:00\" \/>\n<meta property=\"og:image\" content=\"https:\/\/www.riu.com\/blog\/wp-content\/uploads\/2016\/09\/HISTORIA_211-Copiar.jpg\" \/>\n\t<meta property=\"og:image:width\" content=\"1280\" \/>\n\t<meta property=\"og:image:height\" content=\"856\" \/>\n\t<meta property=\"og:image:type\" content=\"image\/jpeg\" \/>\n<meta name=\"author\" content=\"Riu Hotels\" \/>\n<meta name=\"twitter:card\" content=\"summary_large_image\" \/>\n<meta name=\"twitter:label1\" content=\"Verfasst von\" \/>\n\t<meta name=\"twitter:data1\" content=\"Riu Hotels\" \/>\n\t<meta name=\"twitter:label2\" content=\"Gesch\u00e4tzte Lesezeit\" \/>\n\t<meta name=\"twitter:data2\" content=\"1\u00a0Minute\" \/>\n<script type=\"application\/ld+json\" class=\"yoast-schema-graph\">{\"@context\":\"https:\/\/schema.org\",\"@graph\":[{\"@type\":\"NewsArticle\",\"@id\":\"https:\/\/www.riu.com\/blog\/de\/feier-mit-uns-den-welttourismustag\/#article\",\"isPartOf\":{\"@id\":\"https:\/\/www.riu.com\/blog\/de\/feier-mit-uns-den-welttourismustag\/\"},\"author\":{\"name\":\"Riu Hotels\",\"@id\":\"https:\/\/www.riu.com\/blog\/de\/#\/schema\/person\/0d2e827ad7e2aee20a09a05bdc3fb45f\"},\"headline\":\"Feier mit uns den Welttourismustag!\",\"datePublished\":\"2016-09-27T14:28:07+00:00\",\"mainEntityOfPage\":{\"@id\":\"https:\/\/www.riu.com\/blog\/de\/feier-mit-uns-den-welttourismustag\/\"},\"wordCount\":295,\"commentCount\":0,\"image\":{\"@id\":\"https:\/\/www.riu.com\/blog\/de\/feier-mit-uns-den-welttourismustag\/#primaryimage\"},\"thumbnailUrl\":\"https:\/\/www.riu.com\/blog\/wp-content\/uploads\/2016\/09\/HISTORIA_211-Copiar.jpg\",\"articleSection\":[\"Hotels\"],\"inLanguage\":\"de\",\"potentialAction\":[{\"@type\":\"CommentAction\",\"name\":\"Comment\",\"target\":[\"https:\/\/www.riu.com\/blog\/de\/feier-mit-uns-den-welttourismustag\/#respond\"]}]},{\"@type\":[\"WebPage\",\"ItemPage\"],\"@id\":\"https:\/\/www.riu.com\/blog\/de\/feier-mit-uns-den-welttourismustag\/\",\"url\":\"https:\/\/www.riu.com\/blog\/de\/feier-mit-uns-den-welttourismustag\/\",\"name\":\"Feier mit uns den Welttourismustag!\",\"isPartOf\":{\"@id\":\"https:\/\/www.riu.com\/blog\/de\/#website\"},\"primaryImageOfPage\":{\"@id\":\"https:\/\/www.riu.com\/blog\/de\/feier-mit-uns-den-welttourismustag\/#primaryimage\"},\"image\":{\"@id\":\"https:\/\/www.riu.com\/blog\/de\/feier-mit-uns-den-welttourismustag\/#primaryimage\"},\"thumbnailUrl\":\"https:\/\/www.riu.com\/blog\/wp-content\/uploads\/2016\/09\/HISTORIA_211-Copiar.jpg\",\"datePublished\":\"2016-09-27T14:28:07+00:00\",\"author\":{\"@id\":\"https:\/\/www.riu.com\/blog\/de\/#\/schema\/person\/0d2e827ad7e2aee20a09a05bdc3fb45f\"},\"description\":\"Das Ziel des Welttags des Tourismus ist darauf aufmerksam zu machen, welche sozialen, \u00f6konomischen und politischen Werte der Tourismus hat.\",\"breadcrumb\":{\"@id\":\"https:\/\/www.riu.com\/blog\/de\/feier-mit-uns-den-welttourismustag\/#breadcrumb\"},\"inLanguage\":\"de\",\"potentialAction\":[{\"@type\":\"ReadAction\",\"target\":[\"https:\/\/www.riu.com\/blog\/de\/feier-mit-uns-den-welttourismustag\/\"]}]},{\"@type\":\"ImageObject\",\"inLanguage\":\"de\",\"@id\":\"https:\/\/www.riu.com\/blog\/de\/feier-mit-uns-den-welttourismustag\/#primaryimage\",\"url\":\"https:\/\/www.riu.com\/blog\/wp-content\/uploads\/2016\/09\/HISTORIA_211-Copiar.jpg\",\"contentUrl\":\"https:\/\/www.riu.com\/blog\/wp-content\/uploads\/2016\/09\/HISTORIA_211-Copiar.jpg\",\"width\":1280,\"height\":856},{\"@type\":\"BreadcrumbList\",\"@id\":\"https:\/\/www.riu.com\/blog\/de\/feier-mit-uns-den-welttourismustag\/#breadcrumb\",\"itemListElement\":[{\"@type\":\"ListItem\",\"position\":1,\"name\":\"Portada\",\"item\":\"https:\/\/www.riu.com\/blog\/de\/\"},{\"@type\":\"ListItem\",\"position\":2,\"name\":\"Feier mit uns den Welttourismustag!\"}]},{\"@type\":\"WebSite\",\"@id\":\"https:\/\/www.riu.com\/blog\/de\/#website\",\"url\":\"https:\/\/www.riu.com\/blog\/de\/\",\"name\":\"RIU.com | Blog\",\"description\":\"Blog de Riu Hotels &amp; Resorts | Noticias exclusivas de la cadena Riu Hotels &amp; Resorts | Hoteles en Espa\u00f1a, M\u00e9xico, Jamaica, Rep\u00fablica Dominicana, Portugal, Miami y muchos m\u00e1s.\",\"potentialAction\":[{\"@type\":\"SearchAction\",\"target\":{\"@type\":\"EntryPoint\",\"urlTemplate\":\"https:\/\/www.riu.com\/blog\/de\/?s={search_term_string}\"},\"query-input\":{\"@type\":\"PropertyValueSpecification\",\"valueRequired\":true,\"valueName\":\"search_term_string\"}}],\"inLanguage\":\"de\"},{\"@type\":\"Person\",\"@id\":\"https:\/\/www.riu.com\/blog\/de\/#\/schema\/person\/0d2e827ad7e2aee20a09a05bdc3fb45f\",\"name\":\"Riu Hotels\",\"image\":{\"@type\":\"ImageObject\",\"inLanguage\":\"de\",\"@id\":\"https:\/\/secure.gravatar.com\/avatar\/1845185f5dc0c5d7a3adb797bcd6cae1d3df26e3eead5da96b212485b274bdf3?s=96&d=mm&r=g\",\"url\":\"https:\/\/secure.gravatar.com\/avatar\/1845185f5dc0c5d7a3adb797bcd6cae1d3df26e3eead5da96b212485b274bdf3?s=96&d=mm&r=g\",\"contentUrl\":\"https:\/\/secure.gravatar.com\/avatar\/1845185f5dc0c5d7a3adb797bcd6cae1d3df26e3eead5da96b212485b274bdf3?s=96&d=mm&r=g\",\"caption\":\"Riu Hotels\"},\"url\":\"https:\/\/www.riu.com\/blog\/de\/author\/riu\/\"}]}<\/script>\n<!-- \/ Yoast SEO plugin. -->","yoast_head_json":{"title":"Feier mit uns den Welttourismustag!","description":"Das Ziel des Welttags des Tourismus ist darauf aufmerksam zu machen, welche sozialen, \u00f6konomischen und politischen Werte der Tourismus hat.","robots":{"index":"index","follow":"follow","max-snippet":"max-snippet:-1","max-image-preview":"max-image-preview:large","max-video-preview":"max-video-preview:-1"},"canonical":"https:\/\/www.riu.com\/blog\/de\/feier-mit-uns-den-welttourismustag\/","og_locale":"de_DE","og_type":"article","og_title":"Feier mit uns den Welttourismustag!","og_description":"Das Ziel des Welttags des Tourismus ist darauf aufmerksam zu machen, welche sozialen, \u00f6konomischen und politischen Werte der Tourismus hat.","og_url":"https:\/\/www.riu.com\/blog\/de\/feier-mit-uns-den-welttourismustag\/","og_site_name":"RIU.com | Blog","article_published_time":"2016-09-27T14:28:07+00:00","og_image":[{"width":1280,"height":856,"url":"https:\/\/www.riu.com\/blog\/wp-content\/uploads\/2016\/09\/HISTORIA_211-Copiar.jpg","type":"image\/jpeg"}],"author":"Riu Hotels","twitter_card":"summary_large_image","twitter_misc":{"Verfasst von":"Riu Hotels","Gesch\u00e4tzte Lesezeit":"1\u00a0Minute"},"schema":{"@context":"https:\/\/schema.org","@graph":[{"@type":"NewsArticle","@id":"https:\/\/www.riu.com\/blog\/de\/feier-mit-uns-den-welttourismustag\/#article","isPartOf":{"@id":"https:\/\/www.riu.com\/blog\/de\/feier-mit-uns-den-welttourismustag\/"},"author":{"name":"Riu Hotels","@id":"https:\/\/www.riu.com\/blog\/de\/#\/schema\/person\/0d2e827ad7e2aee20a09a05bdc3fb45f"},"headline":"Feier mit uns den Welttourismustag!","datePublished":"2016-09-27T14:28:07+00:00","mainEntityOfPage":{"@id":"https:\/\/www.riu.com\/blog\/de\/feier-mit-uns-den-welttourismustag\/"},"wordCount":295,"commentCount":0,"image":{"@id":"https:\/\/www.riu.com\/blog\/de\/feier-mit-uns-den-welttourismustag\/#primaryimage"},"thumbnailUrl":"https:\/\/www.riu.com\/blog\/wp-content\/uploads\/2016\/09\/HISTORIA_211-Copiar.jpg","articleSection":["Hotels"],"inLanguage":"de","potentialAction":[{"@type":"CommentAction","name":"Comment","target":["https:\/\/www.riu.com\/blog\/de\/feier-mit-uns-den-welttourismustag\/#respond"]}]},{"@type":["WebPage","ItemPage"],"@id":"https:\/\/www.riu.com\/blog\/de\/feier-mit-uns-den-welttourismustag\/","url":"https:\/\/www.riu.com\/blog\/de\/feier-mit-uns-den-welttourismustag\/","name":"Feier mit uns den Welttourismustag!","isPartOf":{"@id":"https:\/\/www.riu.com\/blog\/de\/#website"},"primaryImageOfPage":{"@id":"https:\/\/www.riu.com\/blog\/de\/feier-mit-uns-den-welttourismustag\/#primaryimage"},"image":{"@id":"https:\/\/www.riu.com\/blog\/de\/feier-mit-uns-den-welttourismustag\/#primaryimage"},"thumbnailUrl":"https:\/\/www.riu.com\/blog\/wp-content\/uploads\/2016\/09\/HISTORIA_211-Copiar.jpg","datePublished":"2016-09-27T14:28:07+00:00","author":{"@id":"https:\/\/www.riu.com\/blog\/de\/#\/schema\/person\/0d2e827ad7e2aee20a09a05bdc3fb45f"},"description":"Das Ziel des Welttags des Tourismus ist darauf aufmerksam zu machen, welche sozialen, \u00f6konomischen und politischen Werte der Tourismus hat.","breadcrumb":{"@id":"https:\/\/www.riu.com\/blog\/de\/feier-mit-uns-den-welttourismustag\/#breadcrumb"},"inLanguage":"de","potentialAction":[{"@type":"ReadAction","target":["https:\/\/www.riu.com\/blog\/de\/feier-mit-uns-den-welttourismustag\/"]}]},{"@type":"ImageObject","inLanguage":"de","@id":"https:\/\/www.riu.com\/blog\/de\/feier-mit-uns-den-welttourismustag\/#primaryimage","url":"https:\/\/www.riu.com\/blog\/wp-content\/uploads\/2016\/09\/HISTORIA_211-Copiar.jpg","contentUrl":"https:\/\/www.riu.com\/blog\/wp-content\/uploads\/2016\/09\/HISTORIA_211-Copiar.jpg","width":1280,"height":856},{"@type":"BreadcrumbList","@id":"https:\/\/www.riu.com\/blog\/de\/feier-mit-uns-den-welttourismustag\/#breadcrumb","itemListElement":[{"@type":"ListItem","position":1,"name":"Portada","item":"https:\/\/www.riu.com\/blog\/de\/"},{"@type":"ListItem","position":2,"name":"Feier mit uns den Welttourismustag!"}]},{"@type":"WebSite","@id":"https:\/\/www.riu.com\/blog\/de\/#website","url":"https:\/\/www.riu.com\/blog\/de\/","name":"RIU.com | Blog","description":"Blog de Riu Hotels &amp; Resorts | Noticias exclusivas de la cadena Riu Hotels &amp; Resorts | Hoteles en Espa\u00f1a, M\u00e9xico, Jamaica, Rep\u00fablica Dominicana, Portugal, Miami y muchos m\u00e1s.","potentialAction":[{"@type":"SearchAction","target":{"@type":"EntryPoint","urlTemplate":"https:\/\/www.riu.com\/blog\/de\/?s={search_term_string}"},"query-input":{"@type":"PropertyValueSpecification","valueRequired":true,"valueName":"search_term_string"}}],"inLanguage":"de"},{"@type":"Person","@id":"https:\/\/www.riu.com\/blog\/de\/#\/schema\/person\/0d2e827ad7e2aee20a09a05bdc3fb45f","name":"Riu Hotels","image":{"@type":"ImageObject","inLanguage":"de","@id":"https:\/\/secure.gravatar.com\/avatar\/1845185f5dc0c5d7a3adb797bcd6cae1d3df26e3eead5da96b212485b274bdf3?s=96&d=mm&r=g","url":"https:\/\/secure.gravatar.com\/avatar\/1845185f5dc0c5d7a3adb797bcd6cae1d3df26e3eead5da96b212485b274bdf3?s=96&d=mm&r=g","contentUrl":"https:\/\/secure.gravatar.com\/avatar\/1845185f5dc0c5d7a3adb797bcd6cae1d3df26e3eead5da96b212485b274bdf3?s=96&d=mm&r=g","caption":"Riu Hotels"},"url":"https:\/\/www.riu.com\/blog\/de\/author\/riu\/"}]}},"_links":{"self":[{"href":"https:\/\/www.riu.com\/blog\/de\/wp-json\/wp\/v2\/posts\/1742","targetHints":{"allow":["GET"]}}],"collection":[{"href":"https:\/\/www.riu.com\/blog\/de\/wp-json\/wp\/v2\/posts"}],"about":[{"href":"https:\/\/www.riu.com\/blog\/de\/wp-json\/wp\/v2\/types\/post"}],"author":[{"embeddable":true,"href":"https:\/\/www.riu.com\/blog\/de\/wp-json\/wp\/v2\/users\/3"}],"replies":[{"embeddable":true,"href":"https:\/\/www.riu.com\/blog\/de\/wp-json\/wp\/v2\/comments?post=1742"}],"version-history":[{"count":1,"href":"https:\/\/www.riu.com\/blog\/de\/wp-json\/wp\/v2\/posts\/1742\/revisions"}],"predecessor-version":[{"id":1743,"href":"https:\/\/www.riu.com\/blog\/de\/wp-json\/wp\/v2\/posts\/1742\/revisions\/1743"}],"wp:featuredmedia":[{"embeddable":true,"href":"https:\/\/www.riu.com\/blog\/de\/wp-json\/wp\/v2\/media\/1733"}],"wp:attachment":[{"href":"https:\/\/www.riu.com\/blog\/de\/wp-json\/wp\/v2\/media?parent=1742"}],"wp:term":[{"taxonomy":"category","embeddable":true,"href":"https:\/\/www.riu.com\/blog\/de\/wp-json\/wp\/v2\/categories?post=1742"},{"taxonomy":"post_tag","embeddable":true,"href":"https:\/\/www.riu.com\/blog\/de\/wp-json\/wp\/v2\/tags?post=1742"}],"curies":[{"name":"wp","href":"https:\/\/api.w.org\/{rel}","templated":true}]}}