{"id":19206,"date":"2020-05-18T17:01:19","date_gmt":"2020-05-18T15:01:19","guid":{"rendered":"https:\/\/www.riu.com\/blog\/?p=19206"},"modified":"2020-05-18T17:05:00","modified_gmt":"2020-05-18T15:05:00","slug":"riu-oeffnet-zwei-hotels-wieder-coronavirus","status":"publish","type":"post","link":"https:\/\/www.riu.com\/blog\/de\/riu-oeffnet-zwei-hotels-wieder-coronavirus\/","title":{"rendered":"RIU \u00f6ffnet zwei Hotels wieder: der erste Schritt in die Wiederbelebung"},"content":{"rendered":"<div id=\"attachment_19197\" style=\"width: 710px\" class=\"wp-caption alignnone\"><img loading=\"lazy\" decoding=\"async\" aria-describedby=\"caption-attachment-19197\" class=\"wp-image-19197 size-large\" src=\"https:\/\/www.riu.com\/blog\/wp-content\/uploads\/2020\/05\/carmen-luis-riu-700x576.jpg\" alt=\"Carmen und Luis Riu informieren ihre Mitarbeiter \u00fcber die Wiederer\u00f6ffnung der Hotels Riu Plaza Berlin und Riu Plaza Guadalajara.\" width=\"700\" height=\"576\" srcset=\"https:\/\/www.riu.com\/blog\/wp-content\/uploads\/2020\/05\/carmen-luis-riu-700x576.jpg 700w, https:\/\/www.riu.com\/blog\/wp-content\/uploads\/2020\/05\/carmen-luis-riu-250x206.jpg 250w, https:\/\/www.riu.com\/blog\/wp-content\/uploads\/2020\/05\/carmen-luis-riu-768x632.jpg 768w, https:\/\/www.riu.com\/blog\/wp-content\/uploads\/2020\/05\/carmen-luis-riu-1536x1265.jpg 1536w, https:\/\/www.riu.com\/blog\/wp-content\/uploads\/2020\/05\/carmen-luis-riu-2048x1686.jpg 2048w, https:\/\/www.riu.com\/blog\/wp-content\/uploads\/2020\/05\/carmen-luis-riu-120x99.jpg 120w\" sizes=\"auto, (max-width: 700px) 100vw, 700px\" \/><p id=\"caption-attachment-19197\" class=\"wp-caption-text\">Carmen und Luis Riu informieren ihre Mitarbeiter \u00fcber die Wiederer\u00f6ffnung der Hotels Riu Plaza Berlin und Riu Plaza Guadalajara.<\/p><\/div>\n<p><span title=\"\">Heute haben wir diesen Brief an unsere Mitarbeiter verschickt.<\/span>\u00a0<span title=\"\">Wir wollten allen pers\u00f6nlich mitteilen, dass der erste wichtige Meilenstein in der Wiederaufnahme unserer Aktivit\u00e4ten eintritt: die Wiederer\u00f6ffnung der Hotels <strong>Riu Plaza Berlin<\/strong> und <strong>Riu Plaza Guadalajara<\/strong>.<\/span>\u00a0<span title=\"\">Und da wir diese erfreuliche Nachricht mit allen teilen m\u00f6chten, hinterlasse ich Euch eine Kopie des Briefes, den Carmen und ich verfasst haben, um alle Mitglieder der RIU Hotels zu informieren:<\/span><\/p>\n<p>&nbsp;<\/p>\n<p><em>Sehr geehrte Mitarbeiter,<\/em><\/p>\n<p>&nbsp;<\/p>\n<p><em>als wir uns das letzte Mal mit Ihnen allen in Verbindung gesetzt haben, sprachen wir von der schwierigen Situation, in der wie uns befinden. Heute m\u00f6chten wir uns an alle Mitarbeiter wenden, um mit Ihnen die erste gute Nachricht seit mehreren Wochen zu teilen. Wir bereiten die Wiederer\u00f6ffnung der ersten beiden Hotels nach der vollst\u00e4ndigen Schlie\u00dfung im M\u00e4rz vor. Am 25. Mai \u00f6ffnen das Hotel Riu Plaza Berlin und das Hotel Riu Plaza Guadalajara ihre T\u00fcren.<\/em><\/p>\n<p>&nbsp;<\/p>\n<p><em>Im Laufe der letzten Wochen haben wir 17 Handlungsprotokolle entworfen und mit ihnen das <strong><a href=\"https:\/\/www.riu.com\/de\/posts\/umfassende-manuelle-riu-wiedereroffnung-post-covid.jsp\" target=\"_blank\" rel=\"noopener noreferrer\">RIU Handbuch f\u00fcr das Post-COVID-Hotel<\/a><\/strong> erstellt, das als Leitfaden f\u00fcr Ihre Arbeit in dieser ersten Phase der Wiederer\u00f6ffnung gelten wird. Mit der Er\u00f6ffnung der Hotels Riu Plaza Berlin und Riu Plaza Guadalajara werden all diese Ma\u00dfnahmen in die Tat umgesetzt, mit denen die h\u00f6chste Sicherheit unserer G\u00e4ste und Mitarbeiter gew\u00e4hrleistet werden soll.<\/em><\/p>\n<p>&nbsp;<\/p>\n<p><em>Die R\u00fcckkehr zur Normalit\u00e4t wird schrittweise sein und die Er\u00f6ffnung dieser Hotels stellt eine gro\u00dfe Herausforderung f\u00fcr alle dar und insbesondere f\u00fcr sein Managementteam und seine Mitarbeiter. Aber es werden nicht nur Er\u00f6ffnungen sein, sondern sie sind auch ein Symbol des Wiederaufbaus, auf den wir alle warten. Daher war es uns sehr wichtig, diese Nachricht mit Ihnen allen zu teilen.<\/em><\/p>\n<p>&nbsp;<\/p>\n<p><em>Wir sind uns bewusst, dass wenn wir einige Hotels an Reisezielen er\u00f6ffnen, an denen die Beh\u00f6rden das Reisen erlauben, die Kosten viele Monate lang h\u00f6her als die Einnahmen sein werden. Doch sind wir der Meinung, dass unsere Hotels zu \u00f6ffnen, der beste Weg ist, um unsere Kunden zu ermutigen, uns erneut zu besuchen.<\/em><\/p>\n<p><em>Wir wissen auch, dass die neuen Sicherheits-\u00a0und Hygienema\u00dfnahmen eine gro\u00dfe Ver\u00e4nderung f\u00fcr unsere Art und Weise die Dinge zu tun sein wird. Dass die Beschr\u00e4nkung der Belegung, das Tragen von Handschuhen und Mundschutz und insbesondere die Einhaltung der Distanz zu den Kunden kompliziert sein wird. Es wird eine Realit\u00e4t sein, an die wir uns anpassen m\u00fcssen, zumindest in den ersten Monaten, auch wenn dies eine Unannehmlichkeit f\u00fcr Sie und f\u00fcr unsere G\u00e4ste darstellt. Wir denken, dass sie das Ziel dieser au\u00dfergew\u00f6hnlichen Ma\u00dfnahmen verstehen werden, und dass Sie alle mit der Sie auszeichnenden gleichen Verpflichtung und Professionalit\u00e4t handeln werden.<\/em><\/p>\n<p>&nbsp;<\/p>\n<p><em>Momentan bereiten wir die Schulung vor und leiten sie ein, um den Hotelbetrieb an die neuen Protokolle anzupassen. Wir haben dieser Schulungskampagne den Namen \u201eGESUND UND SICHER\u201c gegeben. Schon sehr bald werden wir Sie kontaktieren, damit Sie mit ihr beginnen k\u00f6nnen.<\/em><\/p>\n<p>&nbsp;<\/p>\n<p><em>Wir m\u00f6chten uns erneut f\u00fcr Ihr Verst\u00e4ndnis in dieser schwierigen Situation bedanken und hoffen von ganzem Herzen, dass wir sobald wie m\u00f6glich die Hotels wiederer\u00f6ffnen k\u00f6nnen, damit Sie an Ihre Arbeitspl\u00e4tze zur\u00fcckkehren und Ihren Alltag weitestgehend nach diesem obligatorischen Stillstand wieder aufnehmen k\u00f6nnen.<\/em><\/p>\n<p>&nbsp;<\/p>\n<p><em>Danke an alle! Passen Sie auf sich auf und halten Sie durch. Es ist nicht mehr lang!<\/em><\/p>\n<p><em>Carmen und Luis Riu<\/em><\/p>\n","protected":false},"excerpt":{"rendered":"Heute haben wir diesen Brief an unsere Mitarbeiter verschickt.\u00a0Wir wollten allen pers\u00f6nlich mitteilen, dass der erste wichtige Meilenstein in der Wiederaufnahme unserer Aktivit\u00e4ten eintritt: die Wiederer\u00f6ffnung der Hotels Riu Plaza Berlin und Riu Plaza Guadalajara.\u00a0Und da wir diese erfreuliche Nachricht mit allen teilen m\u00f6chten, hinterlasse ich Euch eine Kopie des Briefes, den Carmen und ich verfasst haben, um alle Mitglieder der RIU Hotels zu informieren:","protected":false},"author":3,"featured_media":19219,"comment_status":"open","ping_status":"closed","sticky":false,"template":"","format":"standard","meta":{"_acf_changed":false,"footnotes":""},"categories":[1717],"tags":[],"class_list":["post-19206","post","type-post","status-publish","format-standard","has-post-thumbnail","hentry","category-luis-riu-de"],"acf":[],"yoast_head":"<!-- This site is optimized with the Yoast SEO plugin v27.2 - https:\/\/yoast.com\/product\/yoast-seo-wordpress\/ -->\n<title>RIU \u00f6ffnet zwei Hotels wieder | Blog RIU.com<\/title>\n<meta name=\"description\" content=\"Carmen und Luis Riu informieren ihre Mitarbeiter \u00fcber die Wiederer\u00f6ffnung der Hotels Riu Plaza Berlin und Riu Plaza Guadalajara.\" \/>\n<meta name=\"robots\" content=\"index, follow, max-snippet:-1, max-image-preview:large, max-video-preview:-1\" \/>\n<link rel=\"canonical\" href=\"https:\/\/www.riu.com\/blog\/de\/riu-oeffnet-zwei-hotels-wieder-coronavirus\/\" \/>\n<meta property=\"og:locale\" content=\"de_DE\" \/>\n<meta property=\"og:type\" content=\"article\" \/>\n<meta property=\"og:title\" content=\"RIU \u00f6ffnet zwei Hotels wieder | Blog RIU.com\" \/>\n<meta property=\"og:description\" content=\"Carmen und Luis Riu informieren ihre Mitarbeiter \u00fcber die Wiederer\u00f6ffnung der Hotels Riu Plaza Berlin und Riu Plaza Guadalajara.\" \/>\n<meta property=\"og:url\" content=\"https:\/\/www.riu.com\/blog\/de\/riu-oeffnet-zwei-hotels-wieder-coronavirus\/\" \/>\n<meta property=\"og:site_name\" content=\"RIU.com | Blog\" \/>\n<meta property=\"article:published_time\" content=\"2020-05-18T15:01:19+00:00\" \/>\n<meta property=\"article:modified_time\" content=\"2020-05-18T15:05:00+00:00\" \/>\n<meta property=\"og:image\" content=\"https:\/\/www.riu.com\/blog\/wp-content\/uploads\/2020\/05\/carmen-luis-riu-reapertura.jpg\" \/>\n\t<meta property=\"og:image:width\" content=\"699\" \/>\n\t<meta property=\"og:image:height\" content=\"400\" \/>\n\t<meta property=\"og:image:type\" content=\"image\/jpeg\" \/>\n<meta name=\"author\" content=\"Riu Hotels\" \/>\n<meta name=\"twitter:card\" content=\"summary_large_image\" \/>\n<meta name=\"twitter:label1\" content=\"Verfasst von\" \/>\n\t<meta name=\"twitter:data1\" content=\"Riu Hotels\" \/>\n\t<meta name=\"twitter:label2\" content=\"Gesch\u00e4tzte Lesezeit\" \/>\n\t<meta name=\"twitter:data2\" content=\"3\u00a0Minuten\" \/>\n<script type=\"application\/ld+json\" class=\"yoast-schema-graph\">{\"@context\":\"https:\/\/schema.org\",\"@graph\":[{\"@type\":\"NewsArticle\",\"@id\":\"https:\/\/www.riu.com\/blog\/de\/riu-oeffnet-zwei-hotels-wieder-coronavirus\/#article\",\"isPartOf\":{\"@id\":\"https:\/\/www.riu.com\/blog\/de\/riu-oeffnet-zwei-hotels-wieder-coronavirus\/\"},\"author\":{\"name\":\"Riu Hotels\",\"@id\":\"https:\/\/www.riu.com\/blog\/de\/#\/schema\/person\/0d2e827ad7e2aee20a09a05bdc3fb45f\"},\"headline\":\"RIU \u00f6ffnet zwei Hotels wieder: der erste Schritt in die Wiederbelebung\",\"datePublished\":\"2020-05-18T15:01:19+00:00\",\"dateModified\":\"2020-05-18T15:05:00+00:00\",\"mainEntityOfPage\":{\"@id\":\"https:\/\/www.riu.com\/blog\/de\/riu-oeffnet-zwei-hotels-wieder-coronavirus\/\"},\"wordCount\":625,\"commentCount\":1,\"image\":{\"@id\":\"https:\/\/www.riu.com\/blog\/de\/riu-oeffnet-zwei-hotels-wieder-coronavirus\/#primaryimage\"},\"thumbnailUrl\":\"https:\/\/www.riu.com\/blog\/wp-content\/uploads\/2020\/05\/carmen-luis-riu-reapertura.jpg\",\"articleSection\":[\"Luis Riu\"],\"inLanguage\":\"de\",\"potentialAction\":[{\"@type\":\"CommentAction\",\"name\":\"Comment\",\"target\":[\"https:\/\/www.riu.com\/blog\/de\/riu-oeffnet-zwei-hotels-wieder-coronavirus\/#respond\"]}]},{\"@type\":[\"WebPage\",\"ItemPage\"],\"@id\":\"https:\/\/www.riu.com\/blog\/de\/riu-oeffnet-zwei-hotels-wieder-coronavirus\/\",\"url\":\"https:\/\/www.riu.com\/blog\/de\/riu-oeffnet-zwei-hotels-wieder-coronavirus\/\",\"name\":\"RIU \u00f6ffnet zwei Hotels wieder | Blog RIU.com\",\"isPartOf\":{\"@id\":\"https:\/\/www.riu.com\/blog\/de\/#website\"},\"primaryImageOfPage\":{\"@id\":\"https:\/\/www.riu.com\/blog\/de\/riu-oeffnet-zwei-hotels-wieder-coronavirus\/#primaryimage\"},\"image\":{\"@id\":\"https:\/\/www.riu.com\/blog\/de\/riu-oeffnet-zwei-hotels-wieder-coronavirus\/#primaryimage\"},\"thumbnailUrl\":\"https:\/\/www.riu.com\/blog\/wp-content\/uploads\/2020\/05\/carmen-luis-riu-reapertura.jpg\",\"datePublished\":\"2020-05-18T15:01:19+00:00\",\"dateModified\":\"2020-05-18T15:05:00+00:00\",\"author\":{\"@id\":\"https:\/\/www.riu.com\/blog\/de\/#\/schema\/person\/0d2e827ad7e2aee20a09a05bdc3fb45f\"},\"description\":\"Carmen und Luis Riu informieren ihre Mitarbeiter \u00fcber die Wiederer\u00f6ffnung der Hotels Riu Plaza Berlin und Riu Plaza Guadalajara.\",\"breadcrumb\":{\"@id\":\"https:\/\/www.riu.com\/blog\/de\/riu-oeffnet-zwei-hotels-wieder-coronavirus\/#breadcrumb\"},\"inLanguage\":\"de\",\"potentialAction\":[{\"@type\":\"ReadAction\",\"target\":[\"https:\/\/www.riu.com\/blog\/de\/riu-oeffnet-zwei-hotels-wieder-coronavirus\/\"]}]},{\"@type\":\"ImageObject\",\"inLanguage\":\"de\",\"@id\":\"https:\/\/www.riu.com\/blog\/de\/riu-oeffnet-zwei-hotels-wieder-coronavirus\/#primaryimage\",\"url\":\"https:\/\/www.riu.com\/blog\/wp-content\/uploads\/2020\/05\/carmen-luis-riu-reapertura.jpg\",\"contentUrl\":\"https:\/\/www.riu.com\/blog\/wp-content\/uploads\/2020\/05\/carmen-luis-riu-reapertura.jpg\",\"width\":699,\"height\":400},{\"@type\":\"BreadcrumbList\",\"@id\":\"https:\/\/www.riu.com\/blog\/de\/riu-oeffnet-zwei-hotels-wieder-coronavirus\/#breadcrumb\",\"itemListElement\":[{\"@type\":\"ListItem\",\"position\":1,\"name\":\"Portada\",\"item\":\"https:\/\/www.riu.com\/blog\/de\/\"},{\"@type\":\"ListItem\",\"position\":2,\"name\":\"RIU \u00f6ffnet zwei Hotels wieder: der erste Schritt in die Wiederbelebung\"}]},{\"@type\":\"WebSite\",\"@id\":\"https:\/\/www.riu.com\/blog\/de\/#website\",\"url\":\"https:\/\/www.riu.com\/blog\/de\/\",\"name\":\"RIU.com | Blog\",\"description\":\"Blog de Riu Hotels &amp; Resorts | Noticias exclusivas de la cadena Riu Hotels &amp; Resorts | Hoteles en Espa\u00f1a, M\u00e9xico, Jamaica, Rep\u00fablica Dominicana, Portugal, Miami y muchos m\u00e1s.\",\"potentialAction\":[{\"@type\":\"SearchAction\",\"target\":{\"@type\":\"EntryPoint\",\"urlTemplate\":\"https:\/\/www.riu.com\/blog\/de\/?s={search_term_string}\"},\"query-input\":{\"@type\":\"PropertyValueSpecification\",\"valueRequired\":true,\"valueName\":\"search_term_string\"}}],\"inLanguage\":\"de\"},{\"@type\":\"Person\",\"@id\":\"https:\/\/www.riu.com\/blog\/de\/#\/schema\/person\/0d2e827ad7e2aee20a09a05bdc3fb45f\",\"name\":\"Riu Hotels\",\"image\":{\"@type\":\"ImageObject\",\"inLanguage\":\"de\",\"@id\":\"https:\/\/secure.gravatar.com\/avatar\/1845185f5dc0c5d7a3adb797bcd6cae1d3df26e3eead5da96b212485b274bdf3?s=96&d=mm&r=g\",\"url\":\"https:\/\/secure.gravatar.com\/avatar\/1845185f5dc0c5d7a3adb797bcd6cae1d3df26e3eead5da96b212485b274bdf3?s=96&d=mm&r=g\",\"contentUrl\":\"https:\/\/secure.gravatar.com\/avatar\/1845185f5dc0c5d7a3adb797bcd6cae1d3df26e3eead5da96b212485b274bdf3?s=96&d=mm&r=g\",\"caption\":\"Riu Hotels\"},\"url\":\"https:\/\/www.riu.com\/blog\/de\/author\/riu\/\"}]}<\/script>\n<!-- \/ Yoast SEO plugin. -->","yoast_head_json":{"title":"RIU \u00f6ffnet zwei Hotels wieder | Blog RIU.com","description":"Carmen und Luis Riu informieren ihre Mitarbeiter \u00fcber die Wiederer\u00f6ffnung der Hotels Riu Plaza Berlin und Riu Plaza Guadalajara.","robots":{"index":"index","follow":"follow","max-snippet":"max-snippet:-1","max-image-preview":"max-image-preview:large","max-video-preview":"max-video-preview:-1"},"canonical":"https:\/\/www.riu.com\/blog\/de\/riu-oeffnet-zwei-hotels-wieder-coronavirus\/","og_locale":"de_DE","og_type":"article","og_title":"RIU \u00f6ffnet zwei Hotels wieder | Blog RIU.com","og_description":"Carmen und Luis Riu informieren ihre Mitarbeiter \u00fcber die Wiederer\u00f6ffnung der Hotels Riu Plaza Berlin und Riu Plaza Guadalajara.","og_url":"https:\/\/www.riu.com\/blog\/de\/riu-oeffnet-zwei-hotels-wieder-coronavirus\/","og_site_name":"RIU.com | Blog","article_published_time":"2020-05-18T15:01:19+00:00","article_modified_time":"2020-05-18T15:05:00+00:00","og_image":[{"width":699,"height":400,"url":"https:\/\/www.riu.com\/blog\/wp-content\/uploads\/2020\/05\/carmen-luis-riu-reapertura.jpg","type":"image\/jpeg"}],"author":"Riu Hotels","twitter_card":"summary_large_image","twitter_misc":{"Verfasst von":"Riu Hotels","Gesch\u00e4tzte Lesezeit":"3\u00a0Minuten"},"schema":{"@context":"https:\/\/schema.org","@graph":[{"@type":"NewsArticle","@id":"https:\/\/www.riu.com\/blog\/de\/riu-oeffnet-zwei-hotels-wieder-coronavirus\/#article","isPartOf":{"@id":"https:\/\/www.riu.com\/blog\/de\/riu-oeffnet-zwei-hotels-wieder-coronavirus\/"},"author":{"name":"Riu Hotels","@id":"https:\/\/www.riu.com\/blog\/de\/#\/schema\/person\/0d2e827ad7e2aee20a09a05bdc3fb45f"},"headline":"RIU \u00f6ffnet zwei Hotels wieder: der erste Schritt in die Wiederbelebung","datePublished":"2020-05-18T15:01:19+00:00","dateModified":"2020-05-18T15:05:00+00:00","mainEntityOfPage":{"@id":"https:\/\/www.riu.com\/blog\/de\/riu-oeffnet-zwei-hotels-wieder-coronavirus\/"},"wordCount":625,"commentCount":1,"image":{"@id":"https:\/\/www.riu.com\/blog\/de\/riu-oeffnet-zwei-hotels-wieder-coronavirus\/#primaryimage"},"thumbnailUrl":"https:\/\/www.riu.com\/blog\/wp-content\/uploads\/2020\/05\/carmen-luis-riu-reapertura.jpg","articleSection":["Luis Riu"],"inLanguage":"de","potentialAction":[{"@type":"CommentAction","name":"Comment","target":["https:\/\/www.riu.com\/blog\/de\/riu-oeffnet-zwei-hotels-wieder-coronavirus\/#respond"]}]},{"@type":["WebPage","ItemPage"],"@id":"https:\/\/www.riu.com\/blog\/de\/riu-oeffnet-zwei-hotels-wieder-coronavirus\/","url":"https:\/\/www.riu.com\/blog\/de\/riu-oeffnet-zwei-hotels-wieder-coronavirus\/","name":"RIU \u00f6ffnet zwei Hotels wieder | Blog RIU.com","isPartOf":{"@id":"https:\/\/www.riu.com\/blog\/de\/#website"},"primaryImageOfPage":{"@id":"https:\/\/www.riu.com\/blog\/de\/riu-oeffnet-zwei-hotels-wieder-coronavirus\/#primaryimage"},"image":{"@id":"https:\/\/www.riu.com\/blog\/de\/riu-oeffnet-zwei-hotels-wieder-coronavirus\/#primaryimage"},"thumbnailUrl":"https:\/\/www.riu.com\/blog\/wp-content\/uploads\/2020\/05\/carmen-luis-riu-reapertura.jpg","datePublished":"2020-05-18T15:01:19+00:00","dateModified":"2020-05-18T15:05:00+00:00","author":{"@id":"https:\/\/www.riu.com\/blog\/de\/#\/schema\/person\/0d2e827ad7e2aee20a09a05bdc3fb45f"},"description":"Carmen und Luis Riu informieren ihre Mitarbeiter \u00fcber die Wiederer\u00f6ffnung der Hotels Riu Plaza Berlin und Riu Plaza Guadalajara.","breadcrumb":{"@id":"https:\/\/www.riu.com\/blog\/de\/riu-oeffnet-zwei-hotels-wieder-coronavirus\/#breadcrumb"},"inLanguage":"de","potentialAction":[{"@type":"ReadAction","target":["https:\/\/www.riu.com\/blog\/de\/riu-oeffnet-zwei-hotels-wieder-coronavirus\/"]}]},{"@type":"ImageObject","inLanguage":"de","@id":"https:\/\/www.riu.com\/blog\/de\/riu-oeffnet-zwei-hotels-wieder-coronavirus\/#primaryimage","url":"https:\/\/www.riu.com\/blog\/wp-content\/uploads\/2020\/05\/carmen-luis-riu-reapertura.jpg","contentUrl":"https:\/\/www.riu.com\/blog\/wp-content\/uploads\/2020\/05\/carmen-luis-riu-reapertura.jpg","width":699,"height":400},{"@type":"BreadcrumbList","@id":"https:\/\/www.riu.com\/blog\/de\/riu-oeffnet-zwei-hotels-wieder-coronavirus\/#breadcrumb","itemListElement":[{"@type":"ListItem","position":1,"name":"Portada","item":"https:\/\/www.riu.com\/blog\/de\/"},{"@type":"ListItem","position":2,"name":"RIU \u00f6ffnet zwei Hotels wieder: der erste Schritt in die Wiederbelebung"}]},{"@type":"WebSite","@id":"https:\/\/www.riu.com\/blog\/de\/#website","url":"https:\/\/www.riu.com\/blog\/de\/","name":"RIU.com | Blog","description":"Blog de Riu Hotels &amp; Resorts | Noticias exclusivas de la cadena Riu Hotels &amp; Resorts | Hoteles en Espa\u00f1a, M\u00e9xico, Jamaica, Rep\u00fablica Dominicana, Portugal, Miami y muchos m\u00e1s.","potentialAction":[{"@type":"SearchAction","target":{"@type":"EntryPoint","urlTemplate":"https:\/\/www.riu.com\/blog\/de\/?s={search_term_string}"},"query-input":{"@type":"PropertyValueSpecification","valueRequired":true,"valueName":"search_term_string"}}],"inLanguage":"de"},{"@type":"Person","@id":"https:\/\/www.riu.com\/blog\/de\/#\/schema\/person\/0d2e827ad7e2aee20a09a05bdc3fb45f","name":"Riu Hotels","image":{"@type":"ImageObject","inLanguage":"de","@id":"https:\/\/secure.gravatar.com\/avatar\/1845185f5dc0c5d7a3adb797bcd6cae1d3df26e3eead5da96b212485b274bdf3?s=96&d=mm&r=g","url":"https:\/\/secure.gravatar.com\/avatar\/1845185f5dc0c5d7a3adb797bcd6cae1d3df26e3eead5da96b212485b274bdf3?s=96&d=mm&r=g","contentUrl":"https:\/\/secure.gravatar.com\/avatar\/1845185f5dc0c5d7a3adb797bcd6cae1d3df26e3eead5da96b212485b274bdf3?s=96&d=mm&r=g","caption":"Riu Hotels"},"url":"https:\/\/www.riu.com\/blog\/de\/author\/riu\/"}]}},"_links":{"self":[{"href":"https:\/\/www.riu.com\/blog\/de\/wp-json\/wp\/v2\/posts\/19206","targetHints":{"allow":["GET"]}}],"collection":[{"href":"https:\/\/www.riu.com\/blog\/de\/wp-json\/wp\/v2\/posts"}],"about":[{"href":"https:\/\/www.riu.com\/blog\/de\/wp-json\/wp\/v2\/types\/post"}],"author":[{"embeddable":true,"href":"https:\/\/www.riu.com\/blog\/de\/wp-json\/wp\/v2\/users\/3"}],"replies":[{"embeddable":true,"href":"https:\/\/www.riu.com\/blog\/de\/wp-json\/wp\/v2\/comments?post=19206"}],"version-history":[{"count":3,"href":"https:\/\/www.riu.com\/blog\/de\/wp-json\/wp\/v2\/posts\/19206\/revisions"}],"predecessor-version":[{"id":19215,"href":"https:\/\/www.riu.com\/blog\/de\/wp-json\/wp\/v2\/posts\/19206\/revisions\/19215"}],"wp:featuredmedia":[{"embeddable":true,"href":"https:\/\/www.riu.com\/blog\/de\/wp-json\/wp\/v2\/media\/19219"}],"wp:attachment":[{"href":"https:\/\/www.riu.com\/blog\/de\/wp-json\/wp\/v2\/media?parent=19206"}],"wp:term":[{"taxonomy":"category","embeddable":true,"href":"https:\/\/www.riu.com\/blog\/de\/wp-json\/wp\/v2\/categories?post=19206"},{"taxonomy":"post_tag","embeddable":true,"href":"https:\/\/www.riu.com\/blog\/de\/wp-json\/wp\/v2\/tags?post=19206"}],"curies":[{"name":"wp","href":"https:\/\/api.w.org\/{rel}","templated":true}]}}