{"id":21542,"date":"2021-04-29T10:10:19","date_gmt":"2021-04-29T08:10:19","guid":{"rendered":"https:\/\/www.riu.com\/blog\/?p=21542"},"modified":"2021-04-29T11:40:52","modified_gmt":"2021-04-29T09:40:52","slug":"20-jaehriges-jubilaeum-riu-jamaika","status":"publish","type":"post","link":"https:\/\/www.riu.com\/blog\/de\/20-jaehriges-jubilaeum-riu-jamaika\/","title":{"rendered":"Luis Riu: \u201eJamaika geh\u00f6rt zu den Reisezielen, das mir pers\u00f6nlich und beruflich am meisten Freude bereitet hat\u201c"},"content":{"rendered":"<p><strong><b>20\u00a0Jahre<\/b><\/strong>\u00a0sind vergangen, seit wir <strong><b>das erste RIU Hotel in Jamaika<\/b><\/strong>\u00a0er\u00f6ffnet haben. Es ist eine erfolgreiche Geschichte gewesen und wenn ich zur\u00fcckblicke, war es auch eine der Investitionen, die mir auf pers\u00f6nlicher und beruflicher Ebene am meisten Freude bereitet hat. Und das aus zahlreichen Gr\u00fcnden. 20\u00a0Jahre haben uns dazu gedient, das Land eingehend kennenzulernen, alle seinen Tugenden zu lieben und langj\u00e4hrige sowie enge Gesch\u00e4ftsbeziehungen zu schlie\u00dfen. Aber auch, um unser Gesch\u00e4ftsmodell und unsere Sichtweise der Branche zu festigen. Zudem ist diese paradiesische Insel zu einem Teil meiner <a href=\"https:\/\/www.riu.com\/de\/about\/historia.jsp\"><u>Familiengeschichte<\/u><\/a>\u00a0geworden, denn zum einen steht in diesem Land ein sehr guter Freund und Mitarbeiter <strong><b>an der Spitze des Betriebes, Alejandro S\u00e1nchez<\/b><\/strong>, und zum anderen hat es als Schule f\u00fcr <strong><b>meine beiden S\u00f6hne Luis und Roberto<\/b><\/strong>\u00a0gedient.<\/p>\n<div id=\"attachment_21574\" style=\"width: 710px\" class=\"wp-caption alignnone\"><a href=\"https:\/\/www.riu.com\/blog\/wp-content\/uploads\/2021\/04\/Luis-Luis-Riu-Alejandro-y-Roberto.jpg\"><img loading=\"lazy\" decoding=\"async\" aria-describedby=\"caption-attachment-21574\" class=\"wp-image-21574 size-large\" src=\"https:\/\/www.riu.com\/blog\/wp-content\/uploads\/2021\/04\/Luis-Luis-Riu-Alejandro-y-Roberto-700x525.jpg\" alt=\"Luis Riu, CEO von RIU Hotels &amp;amp; Resorts, mit seinen S\u00f6hnen, Luis und Roberto, und Alejandro S\u00e1nchez, RIUs Betriebsleiter in Jamaika.\" width=\"700\" height=\"525\" srcset=\"https:\/\/www.riu.com\/blog\/wp-content\/uploads\/2021\/04\/Luis-Luis-Riu-Alejandro-y-Roberto-700x525.jpg 700w, https:\/\/www.riu.com\/blog\/wp-content\/uploads\/2021\/04\/Luis-Luis-Riu-Alejandro-y-Roberto-250x188.jpg 250w, https:\/\/www.riu.com\/blog\/wp-content\/uploads\/2021\/04\/Luis-Luis-Riu-Alejandro-y-Roberto-768x576.jpg 768w, https:\/\/www.riu.com\/blog\/wp-content\/uploads\/2021\/04\/Luis-Luis-Riu-Alejandro-y-Roberto-120x90.jpg 120w, https:\/\/www.riu.com\/blog\/wp-content\/uploads\/2021\/04\/Luis-Luis-Riu-Alejandro-y-Roberto.jpg 1280w\" sizes=\"auto, (max-width: 700px) 100vw, 700px\" \/><\/a><p id=\"caption-attachment-21574\" class=\"wp-caption-text\">Luis Riu, CEO von RIU Hotels &amp; Resorts, mit seinen S\u00f6hnen, Luis und Roberto, und Alejandro S\u00e1nchez, RIUs Betriebsleiter in Jamaika.<\/p><\/div>\n<h2>Jamaika, eines der ersten All-Inclusive-Ziele in den 90er Jahren<\/h2>\n<p>1995 besuchte ich zum ersten Mal Jamaika. Dort wurde ein <strong><b>All-Inclusive-Produkt<\/b><\/strong>\u00a0angeboten, das damals in nur wenigen Teilen der Welt bekannt war. Wir waren sehr daran interessiert herauszufinden, wie es funktionierte, was es beinhaltete, wie viel es kostete\u00a0&#8230; Wir pr\u00fcften gerade, ob wir es im <strong><b>Riu Merengue (Puerto Plata, Dominikanische Republik)<\/b><\/strong>\u00a0einf\u00fchren sollten, und tats\u00e4chlich wurde es 1996 zum <strong><b>ersten All-Inclusive Hotel von RIU<\/b><\/strong>.<\/p>\n<p>Jene Reise diente mir nicht nur dazu, zu verstehen, wie dieses Modell funktionierte, sondern verdeutlichte mir auch, dass <strong><b>Jamaika zuk\u00fcnftig ein Reiseziel von RIU sein w\u00fcrde<\/b><\/strong>. Es ist schon merkw\u00fcrdig, wie gefestigt heute der All Inclusive Service ist, und wie wir es geschafft haben, ihn zu einem der Erfolgsschl\u00fcssel unseres Service zu machen, wenn wir die anf\u00e4nglichen Vorbehalte ber\u00fccksichtigen. Es war schwer zu verstehen, dass alles in einem Preis enthalten war, dass die Bars und Restaurants jetzt keine wichtige und zus\u00e4tzliche Einnahmequelle mehr sein w\u00fcrden.<\/p>\n<h2>Riu Tropical Bay: die erste Investition der RIU-Familie in Jamaika<\/h2>\n<p>In jenen Jahren konzentrierten wir uns auf die Dominikanische Republik und Mexiko und erst 1999 konnte ich zur\u00fcckkehren, um jene Vision, die ich f\u00fcr Jamaika hatte, in die Tat umsetzen. Ich landete in <strong><b>Montego Bay<\/b><\/strong>, mietete ein Auto und begann eine Reise entlang der gesamten K\u00fcste Richtung Osten, um alle Ortschaften und Str\u00e4nde kennenzulernen.<\/p>\n<div id=\"attachment_21577\" style=\"width: 710px\" class=\"wp-caption alignnone\"><a href=\"https:\/\/www.riu.com\/blog\/wp-content\/uploads\/2021\/04\/Luis-Riu-en-Negril-en-2003.jpg\"><img loading=\"lazy\" decoding=\"async\" aria-describedby=\"caption-attachment-21577\" class=\"wp-image-21577 size-large\" src=\"https:\/\/www.riu.com\/blog\/wp-content\/uploads\/2021\/04\/Luis-Riu-en-Negril-en-2003-700x481.jpg\" alt=\"Luis Riu w\u00e4hrend seines Besuchs in Negril, Jamaika, im Jahr 2003  .\" width=\"700\" height=\"481\" srcset=\"https:\/\/www.riu.com\/blog\/wp-content\/uploads\/2021\/04\/Luis-Riu-en-Negril-en-2003-700x481.jpg 700w, https:\/\/www.riu.com\/blog\/wp-content\/uploads\/2021\/04\/Luis-Riu-en-Negril-en-2003-250x172.jpg 250w, https:\/\/www.riu.com\/blog\/wp-content\/uploads\/2021\/04\/Luis-Riu-en-Negril-en-2003-768x528.jpg 768w, https:\/\/www.riu.com\/blog\/wp-content\/uploads\/2021\/04\/Luis-Riu-en-Negril-en-2003-120x83.jpg 120w, https:\/\/www.riu.com\/blog\/wp-content\/uploads\/2021\/04\/Luis-Riu-en-Negril-en-2003.jpg 1280w\" sizes=\"auto, (max-width: 700px) 100vw, 700px\" \/><\/a><p id=\"caption-attachment-21577\" class=\"wp-caption-text\">Luis Riu w\u00e4hrend seines Besuchs in Negril, Jamaika, im Jahr 2003 .<\/p><\/div>\n<p>Die Reise dauerte zwei ganze Tage, doch wartete fast am Ende meiner Rundreise \u00fcber die Insel das Beste auf mich. <strong><b>Negril<\/b><\/strong>\u00a0hat einen der sch\u00f6nsten Str\u00e4nde, den ich je in der Karibik gesehen habe, und so beschloss ich, dass dies unser <strong><b>erstes Reiseziel in Jamaika<\/b><\/strong>\u00a0sein w\u00fcrde. Der Weg war nicht einfach. Mein Projekt stie\u00df auf viel Widerwille, denn das Land spiegelte ein Bild von fehlender Sicherheit wieder, das die Reiseveranstalter abschreckte. De facto war das <a href=\"https:\/\/www.riu.com\/de\/hotel\/jamaika\/negril\/hotel-riu-tropical-bay\/\"><u>Riu Tropical Bay<\/u><\/a><strong><b>\u00a0eine Investition der Familie RIU<\/b><\/strong>, denn unser Partner TUI zog es vor, sich nicht an diesem ersten Abenteuer zu beteiligen.<\/p>\n<h3>Eine Initiative von RIU, um europ\u00e4ischen Tourismus nach Jamaika zu bringen<\/h3>\n<p><strong><b>Jamaika hat alles<\/b><\/strong>. Zumindest die wichtigsten Punkte, die ich f\u00fcr ein erfolgreiches Reiseziel als grundlegend betrachte: Wundersch\u00f6ne Str\u00e4nde, ein herrliches Klima und etwas Typisches aus der Kultur, das die Besucher anlockt. Das kann die Gastronomie sein, das kulturelle Erbe, eine kennzeichnende Musik\u00a0&#8230; Der Reggae ist weltweit bekannt und sorgt umgehend f\u00fcr Entspannung. Er l\u00e4dt dazu ein, an einem Strand die Meeresbrise im Rhythmus dieser Musik zu genie\u00dfen. Und die Menschen haben einen besonderen Charme. Einen bezaubernden Charakter, ohne aufdringlich zu sein. Weniger romantisch ist <strong><b>die Fahrtzeit vom Flughafen<\/b><\/strong>\u00a0<strong><b>bis zum Reiseziel<\/b><\/strong>, die aber sehr wichtig ist. Ich halte maximal 1,5\u00a0Stunden f\u00fcr ideal.<\/p>\n<div id=\"attachment_21564\" style=\"width: 710px\" class=\"wp-caption alignnone\"><a href=\"https:\/\/www.riu.com\/blog\/wp-content\/uploads\/2021\/04\/riu-palace-tropical-bay-scaled.jpg\" target=\"_blank\" rel=\"noopener\"><img loading=\"lazy\" decoding=\"async\" aria-describedby=\"caption-attachment-21564\" class=\"wp-image-21564 size-large\" src=\"https:\/\/www.riu.com\/blog\/wp-content\/uploads\/2021\/04\/riu-palace-tropical-bay-700x465.jpg\" alt=\"Riu Palace Tropical Bay\" width=\"700\" height=\"465\" srcset=\"https:\/\/www.riu.com\/blog\/wp-content\/uploads\/2021\/04\/riu-palace-tropical-bay-700x465.jpg 700w, https:\/\/www.riu.com\/blog\/wp-content\/uploads\/2021\/04\/riu-palace-tropical-bay-250x166.jpg 250w, https:\/\/www.riu.com\/blog\/wp-content\/uploads\/2021\/04\/riu-palace-tropical-bay-768x510.jpg 768w, https:\/\/www.riu.com\/blog\/wp-content\/uploads\/2021\/04\/riu-palace-tropical-bay-1536x1020.jpg 1536w, https:\/\/www.riu.com\/blog\/wp-content\/uploads\/2021\/04\/riu-palace-tropical-bay-2048x1360.jpg 2048w, https:\/\/www.riu.com\/blog\/wp-content\/uploads\/2021\/04\/riu-palace-tropical-bay-120x80.jpg 120w\" sizes=\"auto, (max-width: 700px) 100vw, 700px\" \/><\/a><p id=\"caption-attachment-21564\" class=\"wp-caption-text\">Riu Tropical Bay.<\/p><\/div>\n<p>Und damit lag ich nicht falsch. <strong><b>Das Hotel \u00f6ffnete im Februar\u00a02001<\/b><\/strong>\u00a0seine T\u00fcren und war sofort ein voller Erfolg. Und das f\u00fcr M\u00e4rkte, die f\u00fcr dieses Land neu waren. Nach Jamaika reisten haupts\u00e4chlich Nordamerikaner und die Hotelpreise waren f\u00fcr die meisten unerschwinglich. Mit unserer Ankunft begannen viele Europ\u00e4er Jamaika zu besuchen. <strong><b>Das Reiseziel war in Spanien \u00fcberraschend erfolgreich<\/b><\/strong>. Es gab eine Nachfrage f\u00fcr Jamaika, aber erst als wir dort ankamen, hatten sie das Vertrauen und auch den Preis eines spanischen Unternehmens. \u00a0Heute besuchen unsere Hotels vor allem Briten, gefolgt von Deutschen, Spaniern und Portugiesen. Und nat\u00fcrlich auch Kanadier und US-Amerikaner.<\/p>\n<h3>RIU, f\u00fchrend in der touristischen Entwicklung von Jamaika als karibisches Reiseziel<\/h3>\n<p>Die Nachfrage war so gro\u00df, dass ich wenig sp\u00e4ter bereits nach einem Grundst\u00fcck suchte, um <strong><b>ein zweites Hotel zu bauen<\/b><\/strong>. In diesem Moment musste ich mich dem Misstrauen der lokalen Unternehmer stellen, denen unsere Ankunft als Konkurrenz nicht sehr gut gefiel. Ich wurde vom damaligen Pr\u00e4sidenten P. J. Patterson angerufen, der mich darum bat, ihm zu erkl\u00e4ren, wer wir sind und was wir machen wollten. Ich erkl\u00e4rte ihm unseren Werdegang und sagte ihm, dass wahrscheinlich kurz nach RIU auch die restlichen gro\u00dfen internationalen Hotelketten Spaniens kommen w\u00fcrden, denn so ist es auch an anderen Reisezielen gewesen. Und das dies Jamaika helfen w\u00fcrde, sich als ein <strong><b>f\u00fchrendes Reiseziel in der Karibik<\/b><\/strong>\u00a0zu positionieren.<\/p>\n<div id=\"attachment_21580\" style=\"width: 710px\" class=\"wp-caption alignnone\"><a href=\"https:\/\/www.riu.com\/blog\/wp-content\/uploads\/2021\/04\/Luis-Riu-junto-a-PJ-Patterson-presidente-Jamaica-en-el-centro.jpg\"><img loading=\"lazy\" decoding=\"async\" aria-describedby=\"caption-attachment-21580\" class=\"wp-image-21580 size-large\" src=\"https:\/\/www.riu.com\/blog\/wp-content\/uploads\/2021\/04\/Luis-Riu-junto-a-PJ-Patterson-presidente-Jamaica-en-el-centro-700x473.jpg\" alt=\"Treffen von Luis Riu mit P.J. Patterson, dem Pr\u00e4sidenten von Jamaika.\" width=\"700\" height=\"473\" srcset=\"https:\/\/www.riu.com\/blog\/wp-content\/uploads\/2021\/04\/Luis-Riu-junto-a-PJ-Patterson-presidente-Jamaica-en-el-centro-700x473.jpg 700w, https:\/\/www.riu.com\/blog\/wp-content\/uploads\/2021\/04\/Luis-Riu-junto-a-PJ-Patterson-presidente-Jamaica-en-el-centro-250x169.jpg 250w, https:\/\/www.riu.com\/blog\/wp-content\/uploads\/2021\/04\/Luis-Riu-junto-a-PJ-Patterson-presidente-Jamaica-en-el-centro-768x519.jpg 768w, https:\/\/www.riu.com\/blog\/wp-content\/uploads\/2021\/04\/Luis-Riu-junto-a-PJ-Patterson-presidente-Jamaica-en-el-centro-120x81.jpg 120w, https:\/\/www.riu.com\/blog\/wp-content\/uploads\/2021\/04\/Luis-Riu-junto-a-PJ-Patterson-presidente-Jamaica-en-el-centro.jpg 1280w\" sizes=\"auto, (max-width: 700px) 100vw, 700px\" \/><\/a><p id=\"caption-attachment-21580\" class=\"wp-caption-text\">Treffen von Luis Riu mit P.J. Patterson, dem Pr\u00e4sidenten von Jamaika.<\/p><\/div>\n<p>Ihm gefiel unsere Sichtweise, er vertraute auf meine Prognose und genehmigte den Kauf der von uns ausgesuchten Grundst\u00fccke, die dem staatlichen Unternehmen f\u00fcr Stadtentwicklung geh\u00f6rten. Sieben Jahre sp\u00e4ter besuchte Herr Patterson Mallorca und sagte mir, dass alles so gekommen ist, wie wir es damals besprochen haben. Ich freute mich zu h\u00f6ren, dass er es nicht bereut hatte, mir zu vertrauen.<\/p>\n<h2>RIU und Jamaika: eine 20-j\u00e4hrige Erfolgsgeschichte<\/h2>\n<p>In den darauffolgenden Jahren ging das Wachstum in Jamaika sehr schnell: Das <a href=\"https:\/\/www.riu.com\/de\/hotel\/jamaika\/negril\/clubhotel-riu-negril\/\"><u>Hotel Riu Negril<\/u><\/a>\u00a0in 2004, das <a href=\"https:\/\/www.riu.com\/de\/hotel\/jamaika\/ocho-rios\/clubhotel-riu-ocho-rios\/\"><u>Riu Ocho Rios<\/u><\/a>\u00a0in 2005, das <a href=\"https:\/\/www.riu.com\/de\/hotel\/jamaika\/montego-bay\/hotel-riu-montego-bay\/\"><u>Riu Montego Bay<\/u><\/a>\u00a0in 2007, das <a href=\"https:\/\/www.riu.com\/de\/hotel\/jamaika\/montego-bay\/hotel-riu-palace-jamaica\/\"><u>Riu Palace Jamaica<\/u><\/a>\u00a0in 2013 und schlie\u00dflich das <a href=\"https:\/\/www.riu.com\/de\/hotel\/jamaika\/montego-bay\/hotel-riu-reggae\/\"><u>Riu Reggae<\/u><\/a>\u00a0in 2016.<\/p>\n<div id=\"attachment_21583\" style=\"width: 710px\" class=\"wp-caption alignnone\"><a href=\"https:\/\/www.riu.com\/blog\/wp-content\/uploads\/2021\/04\/Po\u0301ster-jamaica-Observer_Nominacion-a-un-premio-que-finalmente-gano-ese-an\u0303o.jpg\"><img loading=\"lazy\" decoding=\"async\" aria-describedby=\"caption-attachment-21583\" class=\"wp-image-21583 size-large\" src=\"https:\/\/www.riu.com\/blog\/wp-content\/uploads\/2021\/04\/Po\u0301ster-jamaica-Observer_Nominacion-a-un-premio-que-finalmente-gano-ese-an\u0303o-700x1086.jpg\" alt=\"Die Nominierung von Luis Riu f\u00fcr die Business Leader Awards 2009 des Jamaica Observer.\" width=\"700\" height=\"1086\" srcset=\"https:\/\/www.riu.com\/blog\/wp-content\/uploads\/2021\/04\/Po\u0301ster-jamaica-Observer_Nominacion-a-un-premio-que-finalmente-gano-ese-an\u0303o-700x1086.jpg 700w, https:\/\/www.riu.com\/blog\/wp-content\/uploads\/2021\/04\/Po\u0301ster-jamaica-Observer_Nominacion-a-un-premio-que-finalmente-gano-ese-an\u0303o-250x388.jpg 250w, https:\/\/www.riu.com\/blog\/wp-content\/uploads\/2021\/04\/Po\u0301ster-jamaica-Observer_Nominacion-a-un-premio-que-finalmente-gano-ese-an\u0303o-768x1192.jpg 768w, https:\/\/www.riu.com\/blog\/wp-content\/uploads\/2021\/04\/Po\u0301ster-jamaica-Observer_Nominacion-a-un-premio-que-finalmente-gano-ese-an\u0303o-990x1536.jpg 990w, https:\/\/www.riu.com\/blog\/wp-content\/uploads\/2021\/04\/Po\u0301ster-jamaica-Observer_Nominacion-a-un-premio-que-finalmente-gano-ese-an\u0303o-120x186.jpg 120w, https:\/\/www.riu.com\/blog\/wp-content\/uploads\/2021\/04\/Po\u0301ster-jamaica-Observer_Nominacion-a-un-premio-que-finalmente-gano-ese-an\u0303o.jpg 1280w\" sizes=\"auto, (max-width: 700px) 100vw, 700px\" \/><\/a><p id=\"caption-attachment-21583\" class=\"wp-caption-text\">Die Nominierung von Luis Riu f\u00fcr die Business Leader Awards 2009 des Jamaica Observer.<\/p><\/div>\n<p>Insgesamt <strong><b>sechs Hotels an drei Reisezielen mit 3.340\u00a0Zimmern<\/b><\/strong>. Und wir haben uns auch stark f\u00fcr gro\u00dfe Renovierungen eingesetzt. Das Riu Tropical Bay wurde nach seinem Umbau 2018 zu einem Riu Palace, w\u00e4hrend <a href=\"\/blog?p=15935\"><u>das Riu Ocho Rios im vergangenen Jahr nach seiner vollst\u00e4ndigen Renovierung einen Splash Water Park vorstellte<\/u><\/a>. <strong><b>Die Investitionen in Jamaika belaufen sich insgesamt auf 750\u00a0Millionen Dollar<\/b><\/strong>. Ohne Zweifel ist es neben der Dominikanischen Republik und der mexikanischen Karibikk\u00fcste eines unserer wichtigsten Reiseziele in der Karibik und <strong><b>ich sehe hier M\u00f6glichkeiten weiter zu wachsen<\/b><\/strong>. Der \u200b<\/p>\n<div id=\"attachment_21586\" style=\"width: 710px\" class=\"wp-caption alignnone\"><a href=\"https:\/\/www.riu.com\/blog\/wp-content\/uploads\/2021\/04\/Usain-Bolt-estrella-mundial-atletismo-en-el-Riu-Ocho-Rios-en-diciembre-2009.jpg\"><img loading=\"lazy\" decoding=\"async\" aria-describedby=\"caption-attachment-21586\" class=\"wp-image-21586 size-large\" src=\"https:\/\/www.riu.com\/blog\/wp-content\/uploads\/2021\/04\/Usain-Bolt-estrella-mundial-atletismo-en-el-Riu-Ocho-Rios-en-diciembre-2009-700x473.jpg\" alt=\"Der Sprinter Usain Bolt bei einem Besuch im Hotel Riu Ocho Rios in 2009.\" width=\"700\" height=\"473\" srcset=\"https:\/\/www.riu.com\/blog\/wp-content\/uploads\/2021\/04\/Usain-Bolt-estrella-mundial-atletismo-en-el-Riu-Ocho-Rios-en-diciembre-2009-700x473.jpg 700w, https:\/\/www.riu.com\/blog\/wp-content\/uploads\/2021\/04\/Usain-Bolt-estrella-mundial-atletismo-en-el-Riu-Ocho-Rios-en-diciembre-2009-250x169.jpg 250w, https:\/\/www.riu.com\/blog\/wp-content\/uploads\/2021\/04\/Usain-Bolt-estrella-mundial-atletismo-en-el-Riu-Ocho-Rios-en-diciembre-2009-768x519.jpg 768w, https:\/\/www.riu.com\/blog\/wp-content\/uploads\/2021\/04\/Usain-Bolt-estrella-mundial-atletismo-en-el-Riu-Ocho-Rios-en-diciembre-2009-120x81.jpg 120w, https:\/\/www.riu.com\/blog\/wp-content\/uploads\/2021\/04\/Usain-Bolt-estrella-mundial-atletismo-en-el-Riu-Ocho-Rios-en-diciembre-2009.jpg 1280w\" sizes=\"auto, (max-width: 700px) 100vw, 700px\" \/><\/a><p id=\"caption-attachment-21586\" class=\"wp-caption-text\">Der Sprinter Usain Bolt bei einem Besuch im Hotel Riu Ocho Rios in 2009.<\/p><\/div>\n<h3>Alejandro S\u00e1nchez, Schl\u00fcsselfigur bei der internationalen Expansion von RIU in Jamaika<\/h3>\n<p>Ein gro\u00dfer Vorteil, den ich in Jamaika sehe, ist einen guten Freund und ausgezeichneten Gesch\u00e4ftsmann an der Spitze zu haben. <strong><b>Alejandro S\u00e1nchez<\/b><\/strong>\u00a0ist der Regionale Betriebsleiter f\u00fcr die englischsprachige Karibik und die USA. Er hat eine langj\u00e4hrige Erfahrung in der Branche und in unserem Unternehmen. Er begann 1974 im Hotel Riu Caballero in Playa de Palma zu arbeiten! \u00a0Er kam von den Kanaren, um sich um die englischsprachige Karibik zu k\u00fcmmern, denn mit der Er\u00f6ffnung des Riu Ocho Rios beschloss ich, dass Jamaika eine von Mexiko und der restlichen Karibik getrennte Gesch\u00e4ftsleitung brauchte. Daher \u00fcbergab <a href=\"\/blog?p=19833\"><u>Rafael Exp\u00f3sito<\/u><\/a>\u00a0die Leitung Jamaikas sowie der Hotels in Florida und auf den Bahamas an Alejandro S\u00e1nchez weiter.<\/p>\n<div id=\"attachment_21589\" style=\"width: 710px\" class=\"wp-caption alignnone\"><a href=\"https:\/\/www.riu.com\/blog\/wp-content\/uploads\/2021\/04\/Alejandro-Sancher-y-Luis-Riu.jpg\"><img loading=\"lazy\" decoding=\"async\" aria-describedby=\"caption-attachment-21589\" class=\"wp-image-21589 size-large\" src=\"https:\/\/www.riu.com\/blog\/wp-content\/uploads\/2021\/04\/Alejandro-Sancher-y-Luis-Riu-700x466.jpg\" alt=\"Luis Riu, CEO von Riu Hotels &amp; Resorts, und Alejandro Sanchez, Betriebsleiter f\u00fcr die englischsprachige Karibik\" width=\"700\" height=\"466\" srcset=\"https:\/\/www.riu.com\/blog\/wp-content\/uploads\/2021\/04\/Alejandro-Sancher-y-Luis-Riu-700x466.jpg 700w, https:\/\/www.riu.com\/blog\/wp-content\/uploads\/2021\/04\/Alejandro-Sancher-y-Luis-Riu-250x167.jpg 250w, https:\/\/www.riu.com\/blog\/wp-content\/uploads\/2021\/04\/Alejandro-Sancher-y-Luis-Riu-768x512.jpg 768w, https:\/\/www.riu.com\/blog\/wp-content\/uploads\/2021\/04\/Alejandro-Sancher-y-Luis-Riu-120x80.jpg 120w, https:\/\/www.riu.com\/blog\/wp-content\/uploads\/2021\/04\/Alejandro-Sancher-y-Luis-Riu.jpg 1280w\" sizes=\"auto, (max-width: 700px) 100vw, 700px\" \/><\/a><p id=\"caption-attachment-21589\" class=\"wp-caption-text\">Luis Riu, CEO von Riu Hotels &amp; Resorts, und Alejandro Sanchez, Betriebsleiter f\u00fcr die englischsprachige Karibik<\/p><\/div>\n<p>Und das war eine gro\u00dfartige Entscheidung. Alejandro ist sehr offen und herzlich, was f\u00fcr die angels\u00e4chsische Welt ideal ist. Egal, wo er auch hingeht, h\u00e4lt er die Arme f\u00fcr alle Mitarbeiter offen. Sie sind es nicht gewohnt, dass eine hohe F\u00fchrungskraft so zug\u00e4nglich und hilfsbereit ist. Und das entwaffnet sie und macht sie zu sehr treuen Mitarbeitern. Das Personalmanagement ist sehr schwierig und mit Menschen unterschiedlicher Kulturen umzugehen, macht es noch schwieriger sie alle f\u00fcr sich zu gewinnen. Vielleicht ist das ein Talent von Alejandro.<\/p>\n<h3>Jamaika, eine Ausbildungsm\u00f6glichkeit im Betriebsbereich f\u00fcr Luis und Roberto Riu<\/h3>\n<div id=\"attachment_21592\" style=\"width: 710px\" class=\"wp-caption alignnone\"><a href=\"https:\/\/www.riu.com\/blog\/wp-content\/uploads\/2021\/04\/Luis-Riu-y-Roberto-Riu-002.jpg\"><img loading=\"lazy\" decoding=\"async\" aria-describedby=\"caption-attachment-21592\" class=\"wp-image-21592 size-large\" src=\"https:\/\/www.riu.com\/blog\/wp-content\/uploads\/2021\/04\/Luis-Riu-y-Roberto-Riu-002-700x466.jpg\" alt=\"Luis und Roberto Riu Rodr\u00edguez, S\u00f6hne des CEO von RIU Hotels &amp; Resorts, Luis Riu G\u00fcell\" width=\"700\" height=\"466\" srcset=\"https:\/\/www.riu.com\/blog\/wp-content\/uploads\/2021\/04\/Luis-Riu-y-Roberto-Riu-002-700x466.jpg 700w, https:\/\/www.riu.com\/blog\/wp-content\/uploads\/2021\/04\/Luis-Riu-y-Roberto-Riu-002-250x167.jpg 250w, https:\/\/www.riu.com\/blog\/wp-content\/uploads\/2021\/04\/Luis-Riu-y-Roberto-Riu-002-768x512.jpg 768w, https:\/\/www.riu.com\/blog\/wp-content\/uploads\/2021\/04\/Luis-Riu-y-Roberto-Riu-002-120x80.jpg 120w, https:\/\/www.riu.com\/blog\/wp-content\/uploads\/2021\/04\/Luis-Riu-y-Roberto-Riu-002.jpg 1280w\" sizes=\"auto, (max-width: 700px) 100vw, 700px\" \/><\/a><p id=\"caption-attachment-21592\" class=\"wp-caption-text\">Luis und Roberto Riu Rodr\u00edguez, S\u00f6hne des CEO von RIU Hotels &amp; Resorts, Luis Riu G\u00fcell<\/p><\/div>\n<p><strong><b>Meine S\u00f6hne sehen das genauso<\/b><\/strong>\u00a0und beide haben eng mit ihm zusammengearbeitet sowie mit dem Vertreter in dieser Region, Frank Sondern. <strong><b>Sowohl Luis als auch Roberto Riu wurden im Betrieb in Jamaika ausgebildet<\/b><\/strong>. De facto betrachten sie Alejandro als ihren Mentor f\u00fcr alles, was sie in dieser Zeit gelernt haben, in der sie zudem die Hotels auf den Bahamas und in den USA kennenlernten.<\/p>\n<p>Mein Sohn Luis Riu machte seine Ausbildung 2017 im Hotel Riu Reggae und mein anderer Sohn, Roberto, ein Jahr sp\u00e4ter im Riu Palace Jamaica. \u201eEs ist ein schwieriges Ziel f\u00fcr Auswanderer. Alle m\u00f6chten nach Mexiko oder Punta Cana aufgrund der Sprache und dem sozialen Leben, denn dort ist es einfacher sich anzupassen. Ich w\u00fcrde sagen, dass<strong><b>\u00a0mein Vater mit gutem Beispiel vorangehen wollte, als er das Reiseziel ausw\u00e4hlte<\/b><\/strong>\u201c. Das sagt mein Sohn Luis, aber beide sind sich einig, dass sie gro\u00dfartige Erinnerungen an ihre Zeit in Jamaika haben, \u201evor allen Dingen, weil alle Auswanderer eine gro\u00dfe Familie bilden. Das passiert immer an allen Reisezielen, aber in Jamaika denke ich, dass es noch st\u00e4rker war, denn wir waren wirklich sehr miteinander verbunden\u201c, erkl\u00e4rt Roberto. Beide schlossen Freundschaften in Jamaika, die bis heute bestehen. Zudem lernten sie sehr viel, unter anderem das Land sehr zu sch\u00e4tzen.<\/p>\n<div id=\"attachment_21595\" style=\"width: 710px\" class=\"wp-caption alignnone\"><a href=\"https:\/\/www.riu.com\/blog\/wp-content\/uploads\/2021\/04\/Roberto-Luis-Riu-y-Luis-Riu-Rodriguez.jpg\"><img loading=\"lazy\" decoding=\"async\" aria-describedby=\"caption-attachment-21595\" class=\"wp-image-21595 size-large\" src=\"https:\/\/www.riu.com\/blog\/wp-content\/uploads\/2021\/04\/Roberto-Luis-Riu-y-Luis-Riu-Rodriguez-700x466.jpg\" alt=\"Zwei RIU-Generationen: Luis Riu G\u00fcell und seine S\u00f6hne, Roberto und Luis Riu Rodr\u00edguez\" width=\"700\" height=\"466\" srcset=\"https:\/\/www.riu.com\/blog\/wp-content\/uploads\/2021\/04\/Roberto-Luis-Riu-y-Luis-Riu-Rodriguez-700x466.jpg 700w, https:\/\/www.riu.com\/blog\/wp-content\/uploads\/2021\/04\/Roberto-Luis-Riu-y-Luis-Riu-Rodriguez-250x167.jpg 250w, https:\/\/www.riu.com\/blog\/wp-content\/uploads\/2021\/04\/Roberto-Luis-Riu-y-Luis-Riu-Rodriguez-768x512.jpg 768w, https:\/\/www.riu.com\/blog\/wp-content\/uploads\/2021\/04\/Roberto-Luis-Riu-y-Luis-Riu-Rodriguez-120x80.jpg 120w, https:\/\/www.riu.com\/blog\/wp-content\/uploads\/2021\/04\/Roberto-Luis-Riu-y-Luis-Riu-Rodriguez.jpg 1280w\" sizes=\"auto, (max-width: 700px) 100vw, 700px\" \/><\/a><p id=\"caption-attachment-21595\" class=\"wp-caption-text\">Zwei RIU-Generationen: Luis Riu G\u00fcell und seine S\u00f6hne, Roberto und Luis Riu Rodr\u00edguez<\/p><\/div>\n<h2>RIU feiert das 20-j\u00e4hrige Jubil\u00e4um seiner Ankunft in Jamaika<\/h2>\n<p><a href=\"\/blog?p=21064\"><u>Unser 20-j\u00e4hriges Jubil\u00e4um in Jamaika<\/u><\/a>\u00a0haben wir mit der <strong><b>Er\u00f6ffnung des Riu Montego Bay nach seiner gro\u00dfen Renovierung<\/b><\/strong>\u00a0gefeiert, eine der aufregendsten Neuigkeiten in <a href=\"\/blog?p=21143\"><u>RIUs Agenda f\u00fcr 2021<\/u><\/a>. \u00a0Die Bauarbeiten fanden mitten w\u00e4hrend des Ausbruchs der COVID-19-Krise statt und die Schlie\u00dfung der Grenzen \u00fcberraschte das am Hotel arbeitende Team. Dort blieben sie sechs Monate, ohne ihre Familien sehen zu k\u00f6nnen. Neben s\u00e4mtlichen Einschr\u00e4nkungen auf lokaler Ebene, Ausgangssperren und weiteren Auflagen. Weshalb es keine M\u00f6glichkeiten gab, sich au\u00dferhalb der Arbeitszeit zu entspannen. Daher m\u00f6chte ich mich bei ihnen hier und <a href=\"\/blog?p=18945\"><u>vom ganzen Herzen f\u00fcr ihre Bem\u00fchungen bedanken<\/u><\/a>\u00a0und m\u00f6chte, dass sie wissen, dass ich mir dar\u00fcber bewusst bin, dass dieser Umbau noch h\u00e4rter war als unter normalen Umst\u00e4nden.<\/p>\n<div id=\"attachment_21598\" style=\"width: 710px\" class=\"wp-caption alignnone\"><a href=\"https:\/\/www.riu.com\/blog\/wp-content\/uploads\/2021\/04\/Equipo-Obras-Sin-Mascarilla.jpg\"><img loading=\"lazy\" decoding=\"async\" aria-describedby=\"caption-attachment-21598\" class=\"wp-image-21598 size-large\" src=\"https:\/\/www.riu.com\/blog\/wp-content\/uploads\/2021\/04\/Equipo-Obras-Sin-Mascarilla-700x466.jpg\" alt=\"Luis Riu zusammen mit dem Team, das f\u00fcr die Renovierung des Riu Montego Bay in Jamaika verantwortlich ist.\" width=\"700\" height=\"466\" srcset=\"https:\/\/www.riu.com\/blog\/wp-content\/uploads\/2021\/04\/Equipo-Obras-Sin-Mascarilla-700x466.jpg 700w, https:\/\/www.riu.com\/blog\/wp-content\/uploads\/2021\/04\/Equipo-Obras-Sin-Mascarilla-250x167.jpg 250w, https:\/\/www.riu.com\/blog\/wp-content\/uploads\/2021\/04\/Equipo-Obras-Sin-Mascarilla-768x512.jpg 768w, https:\/\/www.riu.com\/blog\/wp-content\/uploads\/2021\/04\/Equipo-Obras-Sin-Mascarilla-120x80.jpg 120w, https:\/\/www.riu.com\/blog\/wp-content\/uploads\/2021\/04\/Equipo-Obras-Sin-Mascarilla.jpg 1280w\" sizes=\"auto, (max-width: 700px) 100vw, 700px\" \/><\/a><p id=\"caption-attachment-21598\" class=\"wp-caption-text\">Luis Riu zusammen mit dem Team, das f\u00fcr die Renovierung des Riu Montego Bay in Jamaika verantwortlich ist.<\/p><\/div>\n<p>Derzeit <a href=\"https:\/\/www.berliner-sonntagsblatt.de\/RIU-Hotels-feiert-20-Jahre-in-Jamaika--221397.html\"><u>\u00f6ffnet sich Jamaika nach und nach dem Tourismus<\/u><\/a>. Jede Woche sehen wir, wie die Anzahl der Reisenden aus den USA w\u00e4chst, da sie sich als Herkunftsmarkt in einer besseren Lage zum Reisen befindet. Und das hat uns motiviert, <strong><b>f\u00fcr den 1.\u00a0Mai die Wiederer\u00f6ffnung der Hotels Riu Reggae und Riu Palace Tropical<\/b><\/strong>\u00a0<strong><b>zu planen<\/b><\/strong>. Um unsere europ\u00e4ischen Kunden wieder zu empfangen, m\u00fcssen wir jedoch noch etwas l\u00e4nger warten. Die Impfung ist der Schl\u00fcssel, doch schreitet die Immunisierung nur langsam voran. Wie ich immer zu uns selbst sage, wird uns <a href=\"https:\/\/www.riu.com\/de\/posts\/informacion-covid19.jsp\"><u>die Reaktivierung, egal an welchem Reiseziel und auf welchem Markt, bei der Arbeit erwischen<\/u><\/a>.<\/p>\n","protected":false},"excerpt":{"rendered":"Luis Riu, CEO von RIU Hotels &#038; Resorts, blickt mit seinen S\u00f6hnen, Luis und Roberto Riu Rodriguez, und dem regionalen Betriebsleiter f\u00fcr die englischsprachige Karibik und die USA, Alejandro S\u00e1nchez, anl\u00e4sslich des 20-j\u00e4hrigen Jubil\u00e4ums des ersten Hotels der Kette auf die Geschichte von RIU in Jamaika zur\u00fcck.","protected":false},"author":3,"featured_media":21558,"comment_status":"open","ping_status":"closed","sticky":false,"template":"","format":"standard","meta":{"_acf_changed":false,"footnotes":""},"categories":[1717],"tags":[],"class_list":["post-21542","post","type-post","status-publish","format-standard","has-post-thumbnail","hentry","category-luis-riu-de"],"acf":[],"yoast_head":"<!-- This site is optimized with the Yoast SEO plugin v27.2 - https:\/\/yoast.com\/product\/yoast-seo-wordpress\/ -->\n<title>20-j\u00e4hriges Jubil\u00e4um der RIU Hotels in Jamaika | Blog RIU.com<\/title>\n<meta name=\"description\" content=\"Luis Riu, CEO von RIU Hotels &amp; Resorts, feiert das 20-j\u00e4hrige Jubil\u00e4um der Er\u00f6ffnung des ersten RIU Hotels in Jamaika, dem Riu Tropical Bay.\" \/>\n<meta name=\"robots\" content=\"index, follow, max-snippet:-1, max-image-preview:large, max-video-preview:-1\" \/>\n<link rel=\"canonical\" href=\"https:\/\/www.riu.com\/blog\/de\/20-jaehriges-jubilaeum-riu-jamaika\/\" \/>\n<meta property=\"og:locale\" content=\"de_DE\" \/>\n<meta property=\"og:type\" content=\"article\" \/>\n<meta property=\"og:title\" content=\"20-j\u00e4hriges Jubil\u00e4um der RIU Hotels in Jamaika | Blog RIU.com\" \/>\n<meta property=\"og:description\" content=\"Luis Riu, CEO von RIU Hotels &amp; Resorts, feiert das 20-j\u00e4hrige Jubil\u00e4um der Er\u00f6ffnung des ersten RIU Hotels in Jamaika, dem Riu Tropical Bay.\" \/>\n<meta property=\"og:url\" content=\"https:\/\/www.riu.com\/blog\/de\/20-jaehriges-jubilaeum-riu-jamaika\/\" \/>\n<meta property=\"og:site_name\" content=\"RIU.com | Blog\" \/>\n<meta property=\"article:published_time\" content=\"2021-04-29T08:10:19+00:00\" \/>\n<meta property=\"article:modified_time\" content=\"2021-04-29T09:40:52+00:00\" \/>\n<meta property=\"og:image\" content=\"https:\/\/www.riu.com\/blog\/wp-content\/uploads\/2021\/04\/luis-riu-team-bauarbeiten-jamaika.jpg\" \/>\n\t<meta property=\"og:image:width\" content=\"1280\" \/>\n\t<meta property=\"og:image:height\" content=\"853\" \/>\n\t<meta property=\"og:image:type\" content=\"image\/jpeg\" \/>\n<meta name=\"author\" content=\"Riu Hotels\" \/>\n<meta name=\"twitter:card\" content=\"summary_large_image\" \/>\n<meta name=\"twitter:label1\" content=\"Verfasst von\" \/>\n\t<meta name=\"twitter:data1\" content=\"Riu Hotels\" \/>\n\t<meta name=\"twitter:label2\" content=\"Gesch\u00e4tzte Lesezeit\" \/>\n\t<meta name=\"twitter:data2\" content=\"10\u00a0Minuten\" \/>\n<script type=\"application\/ld+json\" class=\"yoast-schema-graph\">{\"@context\":\"https:\/\/schema.org\",\"@graph\":[{\"@type\":\"NewsArticle\",\"@id\":\"https:\/\/www.riu.com\/blog\/de\/20-jaehriges-jubilaeum-riu-jamaika\/#article\",\"isPartOf\":{\"@id\":\"https:\/\/www.riu.com\/blog\/de\/20-jaehriges-jubilaeum-riu-jamaika\/\"},\"author\":{\"name\":\"Riu Hotels\",\"@id\":\"https:\/\/www.riu.com\/blog\/de\/#\/schema\/person\/0d2e827ad7e2aee20a09a05bdc3fb45f\"},\"headline\":\"Luis Riu: \u201eJamaika geh\u00f6rt zu den Reisezielen, das mir pers\u00f6nlich und beruflich am meisten Freude bereitet hat\u201c\",\"datePublished\":\"2021-04-29T08:10:19+00:00\",\"dateModified\":\"2021-04-29T09:40:52+00:00\",\"mainEntityOfPage\":{\"@id\":\"https:\/\/www.riu.com\/blog\/de\/20-jaehriges-jubilaeum-riu-jamaika\/\"},\"wordCount\":1989,\"commentCount\":1,\"image\":{\"@id\":\"https:\/\/www.riu.com\/blog\/de\/20-jaehriges-jubilaeum-riu-jamaika\/#primaryimage\"},\"thumbnailUrl\":\"https:\/\/www.riu.com\/blog\/wp-content\/uploads\/2021\/04\/luis-riu-team-bauarbeiten-jamaika.jpg\",\"articleSection\":[\"Luis Riu\"],\"inLanguage\":\"de\",\"potentialAction\":[{\"@type\":\"CommentAction\",\"name\":\"Comment\",\"target\":[\"https:\/\/www.riu.com\/blog\/de\/20-jaehriges-jubilaeum-riu-jamaika\/#respond\"]}]},{\"@type\":[\"WebPage\",\"ItemPage\"],\"@id\":\"https:\/\/www.riu.com\/blog\/de\/20-jaehriges-jubilaeum-riu-jamaika\/\",\"url\":\"https:\/\/www.riu.com\/blog\/de\/20-jaehriges-jubilaeum-riu-jamaika\/\",\"name\":\"20-j\u00e4hriges Jubil\u00e4um der RIU Hotels in Jamaika | Blog RIU.com\",\"isPartOf\":{\"@id\":\"https:\/\/www.riu.com\/blog\/de\/#website\"},\"primaryImageOfPage\":{\"@id\":\"https:\/\/www.riu.com\/blog\/de\/20-jaehriges-jubilaeum-riu-jamaika\/#primaryimage\"},\"image\":{\"@id\":\"https:\/\/www.riu.com\/blog\/de\/20-jaehriges-jubilaeum-riu-jamaika\/#primaryimage\"},\"thumbnailUrl\":\"https:\/\/www.riu.com\/blog\/wp-content\/uploads\/2021\/04\/luis-riu-team-bauarbeiten-jamaika.jpg\",\"datePublished\":\"2021-04-29T08:10:19+00:00\",\"dateModified\":\"2021-04-29T09:40:52+00:00\",\"author\":{\"@id\":\"https:\/\/www.riu.com\/blog\/de\/#\/schema\/person\/0d2e827ad7e2aee20a09a05bdc3fb45f\"},\"description\":\"Luis Riu, CEO von RIU Hotels & Resorts, feiert das 20-j\u00e4hrige Jubil\u00e4um der Er\u00f6ffnung des ersten RIU Hotels in Jamaika, dem Riu Tropical Bay.\",\"breadcrumb\":{\"@id\":\"https:\/\/www.riu.com\/blog\/de\/20-jaehriges-jubilaeum-riu-jamaika\/#breadcrumb\"},\"inLanguage\":\"de\",\"potentialAction\":[{\"@type\":\"ReadAction\",\"target\":[\"https:\/\/www.riu.com\/blog\/de\/20-jaehriges-jubilaeum-riu-jamaika\/\"]}]},{\"@type\":\"ImageObject\",\"inLanguage\":\"de\",\"@id\":\"https:\/\/www.riu.com\/blog\/de\/20-jaehriges-jubilaeum-riu-jamaika\/#primaryimage\",\"url\":\"https:\/\/www.riu.com\/blog\/wp-content\/uploads\/2021\/04\/luis-riu-team-bauarbeiten-jamaika.jpg\",\"contentUrl\":\"https:\/\/www.riu.com\/blog\/wp-content\/uploads\/2021\/04\/luis-riu-team-bauarbeiten-jamaika.jpg\",\"width\":1280,\"height\":853,\"caption\":\"Luis Riu zusammen mit dem Team, das f\u00fcr die Renovierung des Riu Montego Bay in Jamaika verantwortlich ist\"},{\"@type\":\"BreadcrumbList\",\"@id\":\"https:\/\/www.riu.com\/blog\/de\/20-jaehriges-jubilaeum-riu-jamaika\/#breadcrumb\",\"itemListElement\":[{\"@type\":\"ListItem\",\"position\":1,\"name\":\"Portada\",\"item\":\"https:\/\/www.riu.com\/blog\/de\/\"},{\"@type\":\"ListItem\",\"position\":2,\"name\":\"Luis Riu: \u201eJamaika geh\u00f6rt zu den Reisezielen, das mir pers\u00f6nlich und beruflich am meisten Freude bereitet hat\u201c\"}]},{\"@type\":\"WebSite\",\"@id\":\"https:\/\/www.riu.com\/blog\/de\/#website\",\"url\":\"https:\/\/www.riu.com\/blog\/de\/\",\"name\":\"RIU.com | Blog\",\"description\":\"Blog de Riu Hotels &amp; Resorts | Noticias exclusivas de la cadena Riu Hotels &amp; Resorts | Hoteles en Espa\u00f1a, M\u00e9xico, Jamaica, Rep\u00fablica Dominicana, Portugal, Miami y muchos m\u00e1s.\",\"potentialAction\":[{\"@type\":\"SearchAction\",\"target\":{\"@type\":\"EntryPoint\",\"urlTemplate\":\"https:\/\/www.riu.com\/blog\/de\/?s={search_term_string}\"},\"query-input\":{\"@type\":\"PropertyValueSpecification\",\"valueRequired\":true,\"valueName\":\"search_term_string\"}}],\"inLanguage\":\"de\"},{\"@type\":\"Person\",\"@id\":\"https:\/\/www.riu.com\/blog\/de\/#\/schema\/person\/0d2e827ad7e2aee20a09a05bdc3fb45f\",\"name\":\"Riu Hotels\",\"image\":{\"@type\":\"ImageObject\",\"inLanguage\":\"de\",\"@id\":\"https:\/\/secure.gravatar.com\/avatar\/1845185f5dc0c5d7a3adb797bcd6cae1d3df26e3eead5da96b212485b274bdf3?s=96&d=mm&r=g\",\"url\":\"https:\/\/secure.gravatar.com\/avatar\/1845185f5dc0c5d7a3adb797bcd6cae1d3df26e3eead5da96b212485b274bdf3?s=96&d=mm&r=g\",\"contentUrl\":\"https:\/\/secure.gravatar.com\/avatar\/1845185f5dc0c5d7a3adb797bcd6cae1d3df26e3eead5da96b212485b274bdf3?s=96&d=mm&r=g\",\"caption\":\"Riu Hotels\"},\"url\":\"https:\/\/www.riu.com\/blog\/de\/author\/riu\/\"}]}<\/script>\n<!-- \/ Yoast SEO plugin. -->","yoast_head_json":{"title":"20-j\u00e4hriges Jubil\u00e4um der RIU Hotels in Jamaika | Blog RIU.com","description":"Luis Riu, CEO von RIU Hotels & Resorts, feiert das 20-j\u00e4hrige Jubil\u00e4um der Er\u00f6ffnung des ersten RIU Hotels in Jamaika, dem Riu Tropical Bay.","robots":{"index":"index","follow":"follow","max-snippet":"max-snippet:-1","max-image-preview":"max-image-preview:large","max-video-preview":"max-video-preview:-1"},"canonical":"https:\/\/www.riu.com\/blog\/de\/20-jaehriges-jubilaeum-riu-jamaika\/","og_locale":"de_DE","og_type":"article","og_title":"20-j\u00e4hriges Jubil\u00e4um der RIU Hotels in Jamaika | Blog RIU.com","og_description":"Luis Riu, CEO von RIU Hotels & Resorts, feiert das 20-j\u00e4hrige Jubil\u00e4um der Er\u00f6ffnung des ersten RIU Hotels in Jamaika, dem Riu Tropical Bay.","og_url":"https:\/\/www.riu.com\/blog\/de\/20-jaehriges-jubilaeum-riu-jamaika\/","og_site_name":"RIU.com | Blog","article_published_time":"2021-04-29T08:10:19+00:00","article_modified_time":"2021-04-29T09:40:52+00:00","og_image":[{"width":1280,"height":853,"url":"https:\/\/www.riu.com\/blog\/wp-content\/uploads\/2021\/04\/luis-riu-team-bauarbeiten-jamaika.jpg","type":"image\/jpeg"}],"author":"Riu Hotels","twitter_card":"summary_large_image","twitter_misc":{"Verfasst von":"Riu Hotels","Gesch\u00e4tzte Lesezeit":"10\u00a0Minuten"},"schema":{"@context":"https:\/\/schema.org","@graph":[{"@type":"NewsArticle","@id":"https:\/\/www.riu.com\/blog\/de\/20-jaehriges-jubilaeum-riu-jamaika\/#article","isPartOf":{"@id":"https:\/\/www.riu.com\/blog\/de\/20-jaehriges-jubilaeum-riu-jamaika\/"},"author":{"name":"Riu Hotels","@id":"https:\/\/www.riu.com\/blog\/de\/#\/schema\/person\/0d2e827ad7e2aee20a09a05bdc3fb45f"},"headline":"Luis Riu: \u201eJamaika geh\u00f6rt zu den Reisezielen, das mir pers\u00f6nlich und beruflich am meisten Freude bereitet hat\u201c","datePublished":"2021-04-29T08:10:19+00:00","dateModified":"2021-04-29T09:40:52+00:00","mainEntityOfPage":{"@id":"https:\/\/www.riu.com\/blog\/de\/20-jaehriges-jubilaeum-riu-jamaika\/"},"wordCount":1989,"commentCount":1,"image":{"@id":"https:\/\/www.riu.com\/blog\/de\/20-jaehriges-jubilaeum-riu-jamaika\/#primaryimage"},"thumbnailUrl":"https:\/\/www.riu.com\/blog\/wp-content\/uploads\/2021\/04\/luis-riu-team-bauarbeiten-jamaika.jpg","articleSection":["Luis Riu"],"inLanguage":"de","potentialAction":[{"@type":"CommentAction","name":"Comment","target":["https:\/\/www.riu.com\/blog\/de\/20-jaehriges-jubilaeum-riu-jamaika\/#respond"]}]},{"@type":["WebPage","ItemPage"],"@id":"https:\/\/www.riu.com\/blog\/de\/20-jaehriges-jubilaeum-riu-jamaika\/","url":"https:\/\/www.riu.com\/blog\/de\/20-jaehriges-jubilaeum-riu-jamaika\/","name":"20-j\u00e4hriges Jubil\u00e4um der RIU Hotels in Jamaika | Blog RIU.com","isPartOf":{"@id":"https:\/\/www.riu.com\/blog\/de\/#website"},"primaryImageOfPage":{"@id":"https:\/\/www.riu.com\/blog\/de\/20-jaehriges-jubilaeum-riu-jamaika\/#primaryimage"},"image":{"@id":"https:\/\/www.riu.com\/blog\/de\/20-jaehriges-jubilaeum-riu-jamaika\/#primaryimage"},"thumbnailUrl":"https:\/\/www.riu.com\/blog\/wp-content\/uploads\/2021\/04\/luis-riu-team-bauarbeiten-jamaika.jpg","datePublished":"2021-04-29T08:10:19+00:00","dateModified":"2021-04-29T09:40:52+00:00","author":{"@id":"https:\/\/www.riu.com\/blog\/de\/#\/schema\/person\/0d2e827ad7e2aee20a09a05bdc3fb45f"},"description":"Luis Riu, CEO von RIU Hotels & Resorts, feiert das 20-j\u00e4hrige Jubil\u00e4um der Er\u00f6ffnung des ersten RIU Hotels in Jamaika, dem Riu Tropical Bay.","breadcrumb":{"@id":"https:\/\/www.riu.com\/blog\/de\/20-jaehriges-jubilaeum-riu-jamaika\/#breadcrumb"},"inLanguage":"de","potentialAction":[{"@type":"ReadAction","target":["https:\/\/www.riu.com\/blog\/de\/20-jaehriges-jubilaeum-riu-jamaika\/"]}]},{"@type":"ImageObject","inLanguage":"de","@id":"https:\/\/www.riu.com\/blog\/de\/20-jaehriges-jubilaeum-riu-jamaika\/#primaryimage","url":"https:\/\/www.riu.com\/blog\/wp-content\/uploads\/2021\/04\/luis-riu-team-bauarbeiten-jamaika.jpg","contentUrl":"https:\/\/www.riu.com\/blog\/wp-content\/uploads\/2021\/04\/luis-riu-team-bauarbeiten-jamaika.jpg","width":1280,"height":853,"caption":"Luis Riu zusammen mit dem Team, das f\u00fcr die Renovierung des Riu Montego Bay in Jamaika verantwortlich ist"},{"@type":"BreadcrumbList","@id":"https:\/\/www.riu.com\/blog\/de\/20-jaehriges-jubilaeum-riu-jamaika\/#breadcrumb","itemListElement":[{"@type":"ListItem","position":1,"name":"Portada","item":"https:\/\/www.riu.com\/blog\/de\/"},{"@type":"ListItem","position":2,"name":"Luis Riu: \u201eJamaika geh\u00f6rt zu den Reisezielen, das mir pers\u00f6nlich und beruflich am meisten Freude bereitet hat\u201c"}]},{"@type":"WebSite","@id":"https:\/\/www.riu.com\/blog\/de\/#website","url":"https:\/\/www.riu.com\/blog\/de\/","name":"RIU.com | Blog","description":"Blog de Riu Hotels &amp; Resorts | Noticias exclusivas de la cadena Riu Hotels &amp; Resorts | Hoteles en Espa\u00f1a, M\u00e9xico, Jamaica, Rep\u00fablica Dominicana, Portugal, Miami y muchos m\u00e1s.","potentialAction":[{"@type":"SearchAction","target":{"@type":"EntryPoint","urlTemplate":"https:\/\/www.riu.com\/blog\/de\/?s={search_term_string}"},"query-input":{"@type":"PropertyValueSpecification","valueRequired":true,"valueName":"search_term_string"}}],"inLanguage":"de"},{"@type":"Person","@id":"https:\/\/www.riu.com\/blog\/de\/#\/schema\/person\/0d2e827ad7e2aee20a09a05bdc3fb45f","name":"Riu Hotels","image":{"@type":"ImageObject","inLanguage":"de","@id":"https:\/\/secure.gravatar.com\/avatar\/1845185f5dc0c5d7a3adb797bcd6cae1d3df26e3eead5da96b212485b274bdf3?s=96&d=mm&r=g","url":"https:\/\/secure.gravatar.com\/avatar\/1845185f5dc0c5d7a3adb797bcd6cae1d3df26e3eead5da96b212485b274bdf3?s=96&d=mm&r=g","contentUrl":"https:\/\/secure.gravatar.com\/avatar\/1845185f5dc0c5d7a3adb797bcd6cae1d3df26e3eead5da96b212485b274bdf3?s=96&d=mm&r=g","caption":"Riu Hotels"},"url":"https:\/\/www.riu.com\/blog\/de\/author\/riu\/"}]}},"_links":{"self":[{"href":"https:\/\/www.riu.com\/blog\/de\/wp-json\/wp\/v2\/posts\/21542","targetHints":{"allow":["GET"]}}],"collection":[{"href":"https:\/\/www.riu.com\/blog\/de\/wp-json\/wp\/v2\/posts"}],"about":[{"href":"https:\/\/www.riu.com\/blog\/de\/wp-json\/wp\/v2\/types\/post"}],"author":[{"embeddable":true,"href":"https:\/\/www.riu.com\/blog\/de\/wp-json\/wp\/v2\/users\/3"}],"replies":[{"embeddable":true,"href":"https:\/\/www.riu.com\/blog\/de\/wp-json\/wp\/v2\/comments?post=21542"}],"version-history":[{"count":5,"href":"https:\/\/www.riu.com\/blog\/de\/wp-json\/wp\/v2\/posts\/21542\/revisions"}],"predecessor-version":[{"id":21603,"href":"https:\/\/www.riu.com\/blog\/de\/wp-json\/wp\/v2\/posts\/21542\/revisions\/21603"}],"wp:featuredmedia":[{"embeddable":true,"href":"https:\/\/www.riu.com\/blog\/de\/wp-json\/wp\/v2\/media\/21558"}],"wp:attachment":[{"href":"https:\/\/www.riu.com\/blog\/de\/wp-json\/wp\/v2\/media?parent=21542"}],"wp:term":[{"taxonomy":"category","embeddable":true,"href":"https:\/\/www.riu.com\/blog\/de\/wp-json\/wp\/v2\/categories?post=21542"},{"taxonomy":"post_tag","embeddable":true,"href":"https:\/\/www.riu.com\/blog\/de\/wp-json\/wp\/v2\/tags?post=21542"}],"curies":[{"name":"wp","href":"https:\/\/api.w.org\/{rel}","templated":true}]}}