{"id":26397,"date":"2022-11-09T16:02:52","date_gmt":"2022-11-09T15:02:52","guid":{"rendered":"https:\/\/www.riu.com\/blog\/?p=26397"},"modified":"2022-11-09T16:25:24","modified_gmt":"2022-11-09T15:25:24","slug":"kapverden-geschichte-hotels-riu-2","status":"publish","type":"post","link":"https:\/\/www.riu.com\/blog\/de\/kapverden-geschichte-hotels-riu-2\/","title":{"rendered":"Luis Riu: \u201eVor 20 Jahren waren die Kapverden eine pers\u00f6nliche Entscheidung, heute sind sie ein gro\u00dfartiges internationales Reiseziel mit eigenem Charakter und St\u00e4rke\u201c"},"content":{"rendered":"<p>Vor 20 Jahren erhielt ich die Einladung, mir die Grundst\u00fccke auf der Insel Sal anzuschauen, auf denen sich heute <a href=\"https:\/\/www.riu.com\/de\/hotel\/kapverdische-inseln\/insel-sal\/index.jsp\"><u>die Hotels von RIU<\/u><\/a>\u00a0befinden. In jenem Moment h\u00e4tte ich mir nicht vorstellen k\u00f6nnen, dass die <strong><b>Kapverden<\/b><\/strong>\u00a0heute eines unserer <strong><b>wichtigsten internationalen Reiseziele<\/b><\/strong>\u00a0sein w\u00fcrden, sogar das beliebteste Winterziel bei unseren europ\u00e4ischen Kunden. Auch konnte ich mir die Auswirkung unserer Expansion auf das Leben der Mitarbeiter und auf die Wirtschaft der Inseln nicht vorstellen.<\/p>\n<div id=\"attachment_26386\" style=\"width: 710px\" class=\"wp-caption alignnone\"><a href=\"https:\/\/www.riu.com\/blog\/wp-content\/uploads\/2022\/11\/luis-riu-cabo-verde-hoteles.jpg\" target=\"_blank\" rel=\"noopener\"><img loading=\"lazy\" decoding=\"async\" aria-describedby=\"caption-attachment-26386\" class=\"wp-image-26386 size-large\" src=\"https:\/\/www.riu.com\/blog\/wp-content\/uploads\/2022\/11\/luis-riu-cabo-verde-hoteles-700x466.jpg\" alt=\"Luis Riu \u00fcber die 20-j\u00e4hrige Geschichte von RIU Hotels &amp; Resorts auf den Kapverden.\" width=\"700\" height=\"466\" srcset=\"https:\/\/www.riu.com\/blog\/wp-content\/uploads\/2022\/11\/luis-riu-cabo-verde-hoteles-700x466.jpg 700w, https:\/\/www.riu.com\/blog\/wp-content\/uploads\/2022\/11\/luis-riu-cabo-verde-hoteles-250x167.jpg 250w, https:\/\/www.riu.com\/blog\/wp-content\/uploads\/2022\/11\/luis-riu-cabo-verde-hoteles-768x512.jpg 768w, https:\/\/www.riu.com\/blog\/wp-content\/uploads\/2022\/11\/luis-riu-cabo-verde-hoteles-120x80.jpg 120w, https:\/\/www.riu.com\/blog\/wp-content\/uploads\/2022\/11\/luis-riu-cabo-verde-hoteles.jpg 800w\" sizes=\"auto, (max-width: 700px) 100vw, 700px\" \/><\/a><p id=\"caption-attachment-26386\" class=\"wp-caption-text\">Luis Riu \u00fcber die 20-j\u00e4hrige Geschichte von RIU Hotels &amp; Resorts auf den Kapverden.<\/p><\/div>\n<p>Sal und <a href=\"https:\/\/www.riu.com\/de\/hotel\/kapverdische-inseln\/boa-vista\/index.jsp\"><u>Boa Vista<\/u><\/a> sind zwei Paradiese, in denen unsere G\u00e4ste das gute Klima, die extreme Freundlichkeit ihrer Menschen und die Ruhe genie\u00dfen k\u00f6nnen. Der Frieden, den dieses Zielgebiet vermittelt ist ein Magnet, der mich von Anfang an in seinen Bann gezogen hat. Mich und j\u00e4hrlich <strong><b>300.000 G\u00e4ste von RIU!<\/b><\/strong><\/p>\n<h2>Kapverden: die Geschichte eines pers\u00f6nlichen Projekts, das vor 20 Jahren begann<\/h2>\n<p><strong><b>Die Kapverden waren eine pers\u00f6nliche Entscheidung<\/b><\/strong>. Ich war nicht der erste Unternehmer, dem die Baugrundst\u00fccke f\u00fcr die Hotels gezeigt wurden, doch war ich der Einzige, der sich zur Investition entschied. Das Grundst\u00fcck hatte weder Licht noch flie\u00dfendes Wasser oder eine Kanalisation. Der Bautr\u00e4ger selbst bot sich an, diesen Service mit der Gr\u00fcndung des Unternehmens Aguas de Ponta Preta anzubieten. Weder er noch ich hatten zuvor auf den Kapverden gearbeitet. Zudem hatten wir auch noch kein Projekt gemeinsam abgewickelt. Aber wir vertrauten uns und wir lagen richtig. Heute ist dieses Reiseziel eine Quelle vieler Freuden.<\/p>\n<p>Um zu dem Punkt zu gelangen, an dem wir uns heute befinden, mussten wir einen langen Weg zur\u00fccklegen, der nicht einfach war. Aus n\u00e4chster N\u00e4he und Tag f\u00fcr Tag, N\u00e4chte inbegriffen, erlebte das unser <a href=\"\/blog?p=23431\"><u>Gesch\u00e4ftsf\u00fchrer F\u00e9lix Casado<\/u><\/a>, der die Kapverden im Herzen tr\u00e4gt. Wenn wir ihn \u00fcber die Kapverden sprechen h\u00f6ren, merken wir sofort seinen Stolz, vor allem auf die Mitarbeiter. Um das erste Hotel zu er\u00f6ffnen, sendeten wir <strong><b>ein Team <\/b><\/strong>auf die Insel Sal, <strong><b>das in den Hotels auf den Kanaren ausgebildet wurde<\/b><\/strong>. De facto war der erste Kanarier, der die Insel Sal erreichte und den Weg f\u00fcr den Rest frei machte, <strong><b>Fernando S\u00e1nchez. <\/b><\/strong>Er leitete die Bauarbeiten der ersten beiden Hotels auf Sal und auch der beiden weiteren auf Boa Vista leitete.<\/p>\n<div id=\"attachment_26350\" style=\"width: 710px\" class=\"wp-caption alignnone\"><img loading=\"lazy\" decoding=\"async\" aria-describedby=\"caption-attachment-26350\" class=\"wp-image-26350 size-large\" src=\"https:\/\/www.riu.com\/blog\/wp-content\/uploads\/2022\/11\/directivos-riu-hoteles-cabo-verde-700x466.jpg\" alt=\"F\u00fchrungsteam von RIU Hotels &amp; Resorts f\u00fcr Kap Verde: Sergio Lobenstein, Betriebsleiter von RIU auf den Kanarischen Inseln und Kap Verde; Juan Carlos Dreher, Gesch\u00e4ftsf\u00fchrer auf Teneriffa und Kap Verde, Luis Riu, CEO und Felix Casado, Gesch\u00e4ftsf\u00fchrer.\" width=\"700\" height=\"466\" srcset=\"https:\/\/www.riu.com\/blog\/wp-content\/uploads\/2022\/11\/directivos-riu-hoteles-cabo-verde-700x466.jpg 700w, https:\/\/www.riu.com\/blog\/wp-content\/uploads\/2022\/11\/directivos-riu-hoteles-cabo-verde-250x167.jpg 250w, https:\/\/www.riu.com\/blog\/wp-content\/uploads\/2022\/11\/directivos-riu-hoteles-cabo-verde-768x512.jpg 768w, https:\/\/www.riu.com\/blog\/wp-content\/uploads\/2022\/11\/directivos-riu-hoteles-cabo-verde-120x80.jpg 120w, https:\/\/www.riu.com\/blog\/wp-content\/uploads\/2022\/11\/directivos-riu-hoteles-cabo-verde.jpg 800w\" sizes=\"auto, (max-width: 700px) 100vw, 700px\" \/><p id=\"caption-attachment-26350\" class=\"wp-caption-text\">F\u00fchrungsteam von RIU Hotels &amp; Resorts f\u00fcr Kap Verde: Sergio Lobenstein, Betriebsleiter von RIU auf den Kanarischen Inseln und Kap Verde; Juan Carlos Dreher, Gesch\u00e4ftsf\u00fchrer auf Teneriffa und Kap Verde, Luis Riu, CEO und Felix Casado, Gesch\u00e4ftsf\u00fchrer.<\/p><\/div>\n<p>Doch haben sich die Dinge heute sehr ver\u00e4ndert. Alle Abteilungsleiter aller Hotels auf den Kapverden wurden in unseren Hotels auf Sal und Boa Vista ausgebildet. Wir haben eine so professionelle und motivierte Belegschaft geschaffen, dass wir 50 von ihnen bef\u00f6rdert haben, um f\u00fcr <a href=\"\/blog?p=24580\"><u>die Er\u00f6ffnung des ersten Hotels im Senegal<\/u><\/a>\u00a0die Verantwortung zu \u00fcbernehmen. Sie haben sich von Auszubildenden zu <strong><b>Ausbildern der zuk\u00fcnftigen Mitarbeiter von RIU in Afrika<\/b><\/strong>\u00a0entwickelt.<\/p>\n<div id=\"attachment_26353\" style=\"width: 710px\" class=\"wp-caption alignnone\"><a href=\"https:\/\/www.riu.com\/blog\/wp-content\/uploads\/2022\/11\/equipo-cabo-verde-hotel-riu-senegal.jpg\" target=\"_blank\" rel=\"noopener\"><img loading=\"lazy\" decoding=\"async\" aria-describedby=\"caption-attachment-26353\" class=\"wp-image-26353 size-large\" src=\"https:\/\/www.riu.com\/blog\/wp-content\/uploads\/2022\/11\/equipo-cabo-verde-hotel-riu-senegal-700x466.jpg\" alt=\"56 Mitarbeiter aus Kap Verde er\u00f6ffnen das erste RIU Hotel im Senegal, das Riu Baobab.\" width=\"700\" height=\"466\" srcset=\"https:\/\/www.riu.com\/blog\/wp-content\/uploads\/2022\/11\/equipo-cabo-verde-hotel-riu-senegal-700x466.jpg 700w, https:\/\/www.riu.com\/blog\/wp-content\/uploads\/2022\/11\/equipo-cabo-verde-hotel-riu-senegal-250x167.jpg 250w, https:\/\/www.riu.com\/blog\/wp-content\/uploads\/2022\/11\/equipo-cabo-verde-hotel-riu-senegal-768x512.jpg 768w, https:\/\/www.riu.com\/blog\/wp-content\/uploads\/2022\/11\/equipo-cabo-verde-hotel-riu-senegal-120x80.jpg 120w, https:\/\/www.riu.com\/blog\/wp-content\/uploads\/2022\/11\/equipo-cabo-verde-hotel-riu-senegal.jpg 800w\" sizes=\"auto, (max-width: 700px) 100vw, 700px\" \/><\/a><p id=\"caption-attachment-26353\" class=\"wp-caption-text\">56 Mitarbeiter aus Kap Verde er\u00f6ffnen das erste RIU Hotel im Senegal, das Riu Baobab.<\/p><\/div>\n<p>Viel mit diesem Prozess hat auch der erste gro\u00dfe Treffer von F\u00e9lix zu tun: n\u00e4mlich <strong><b>Carlos Almeida<\/b><\/strong>\u00a0einzustellen. Der <strong><b>Personalleiter von RIU auf den Kapverden<\/b><\/strong>\u00a0ist ein au\u00dfergew\u00f6hnlicher Mann. Redlich, seri\u00f6s, ehrlich und sehr respektiert. Er hat sich die Zuneigung und Bewunderung von uns allen und den Mitarbeitern verdient. Er hat uns geholfen, die Eigenart der Kapverden zu verstehen, Fehler zu vermeiden und das ausgezeichnete Team zu bilden, das wir heute haben.<\/p>\n<div id=\"attachment_26356\" style=\"width: 710px\" class=\"wp-caption alignnone\"><a href=\"https:\/\/www.riu.com\/blog\/wp-content\/uploads\/2022\/11\/carlos-almeida-rrhh-riu-cabo-verde-e1667915329814.jpg\" target=\"_blank\" rel=\"noopener\"><img loading=\"lazy\" decoding=\"async\" aria-describedby=\"caption-attachment-26356\" class=\"wp-image-26356 size-large\" src=\"https:\/\/www.riu.com\/blog\/wp-content\/uploads\/2022\/11\/carlos-almeida-rrhh-riu-cabo-verde-e1667915329814-700x741.jpg\" alt=\"Carlos Almeida und Carmelo Gonz\u00e1lez, HR-Manager bei RIU Hotels &amp; Resorts auf den Kapverden und Gran Canaria.\" width=\"700\" height=\"741\" srcset=\"https:\/\/www.riu.com\/blog\/wp-content\/uploads\/2022\/11\/carlos-almeida-rrhh-riu-cabo-verde-e1667915329814-700x741.jpg 700w, https:\/\/www.riu.com\/blog\/wp-content\/uploads\/2022\/11\/carlos-almeida-rrhh-riu-cabo-verde-e1667915329814-250x265.jpg 250w, https:\/\/www.riu.com\/blog\/wp-content\/uploads\/2022\/11\/carlos-almeida-rrhh-riu-cabo-verde-e1667915329814-120x127.jpg 120w, https:\/\/www.riu.com\/blog\/wp-content\/uploads\/2022\/11\/carlos-almeida-rrhh-riu-cabo-verde-e1667915329814.jpg 723w\" sizes=\"auto, (max-width: 700px) 100vw, 700px\" \/><\/a><p id=\"caption-attachment-26356\" class=\"wp-caption-text\">Carlos Almeida und Carmelo Gonz\u00e1lez, HR-Manager bei RIU Hotels &amp; Resorts auf den Kapverden und Gran Canaria.<\/p><\/div>\n<h2>RIU, ein entscheidender Akteur bei der Transformation des Tourismussektors auf den Kapverden<\/h2>\n<p><strong><b>Herr Almeida<\/b><\/strong>\u00a0ist eine tragende S\u00e4ule von RIU und er selbst w\u00fcrde sagen, dass dass er <strong><b>Zeuge der gro\u00dfen Ver\u00e4nderungen ist, die RIU in den letzten 20 Jahren<\/b><\/strong>\u00a0vollzogen hat.<\/p>\n<h3>1.\u00a0RIU Hotels, der gr\u00f6\u00dfte private Arbeitgeber auf den Kapverden<\/h3>\n<p>Vor der Er\u00f6ffnung des ersten Hotels, dem <a href=\"https:\/\/www.riu.com\/de\/hotel\/kapverdische-inseln\/insel-sal\/clubhotel-riu-funana\/index.jsp\"><u>Riu Funana<\/u><\/a>\u00a0in 2005, gab es nur f\u00fcnf kleine Hotels auf der Insel. Ihre Hauptkunden waren die Crews von South African Airways und Aeroflot, die hier zum Tanken zwischenlandeten. Die lokale Bev\u00f6lkerung arbeitete vor allem in den Minen auf Sal. Daher sorgte <strong><b>die Ankunft internationaler Touristen f\u00fcr neue Besch\u00e4ftigungsm\u00f6glichkeiten<\/b><\/strong>, die zun\u00e4chst lokale Arbeitskr\u00e4fte anlockten und sp\u00e4ter auch Arbeitskr\u00e4fte von den anderen Inseln des Archipels und dann sogar aus Guinea-Bissau und dem Senegal. Beeindruckend ist die Tatsache, dass <strong><b>RIU heute nach der Regierung der Kapverden der gr\u00f6\u00dfte Arbeitgeber des Landes ist<\/b><\/strong>.<\/p>\n<h3>2.\u00a0Der Einsatz von RIU ist die treibende Kraft f\u00fcr die lokale Entwicklung<\/h3>\n<p>Die Umgestaltung der Inseln hat sich auf ihre Infrastruktur ausgewirkt. Ein besonders erw\u00e4hnenswerter Fall ist <strong><b>der<\/b><\/strong>\u00a0<strong><b>Stadtteil Boa Esperan\u00e7a auf Boa Vista<\/b><\/strong>. Dort suchten wir nach Mitarbeitern f\u00fcr die Er\u00f6ffnung des ersten Hotels auf der Insel in 2008, dem <a href=\"https:\/\/www.riu.com\/de\/hotel\/kapverdische-inseln\/boa-vista\/clubhotel-riu-karamboa\/index.jsp\"><u>Riu Karamboa<\/u><\/a>, denn wir hatten Probleme, gen\u00fcgend Leute f\u00fcr das Team zu finden. F\u00e9lix, Carlos Almeida und Carles Madrenas, der Gesch\u00e4ftsf\u00fchrer, setzen sich ins Auto. Als sie dort ankamen, trafen sie auf heruntergekommene H\u00e4user und viele Menschen, die sich auf der Stra\u00dfe tummelten, zusammen mit Ziegen, Hunden und Schweinen, auf sp\u00e4rliche Infrastruktur und begrenzte M\u00f6glichkeiten. <strong><b>90 % der Mitarbeiter auf Boa Vista kommen aus diesem Stadtteil<\/b><\/strong>. Und heute ist es eine wahre Freude, Boa Esperan\u00e7a zu besuchen. <strong><b>Das Viertel hat sich komplett gewandelt. <\/b><\/strong><\/p>\n<h3>3.\u00a0Ausbildungs- und Besch\u00e4ftigungsm\u00f6glichkeiten f\u00fcr die kapverdische Bev\u00f6lkerung<\/h3>\n<p>Es spielte nie eine Rolle, ob sie Erfahrung oder eine Ausbildung hatten, wir k\u00fcmmerten uns darum am Arbeitsplatz. Sie erhielten auch Sprachkurse und Schulungen, die f\u00fcr die jeweiligen Positionen erforderlich waren, wie z.B. der Umgang mit Lebensmitteln. RIU war ihre Schule und als wir weitere Hotels er\u00f6ffneten, hatten sie die M\u00f6glichkeit, sich beruflich weiterzuentwickeln. <strong><b>Unsere Mitarbeiter sind aufgrund ihres offenen, fr\u00f6hlichen und aufmerksamen Charakters au\u00dfergew\u00f6hnlich<\/b><\/strong>. Sie f\u00fchlen sich als Teil des Projekts und der Familie. Bewegt erz\u00e4hlte F\u00e9lix davon, wie viele von ihnen Tr\u00e4nen der Freude weinten, als ihnen eine Bef\u00f6rderung angeboten wurde.<\/p>\n<div id=\"attachment_26359\" style=\"width: 810px\" class=\"wp-caption alignnone\"><a href=\"https:\/\/www.riu.com\/blog\/wp-content\/uploads\/2022\/11\/directores-hoteles-riu-cabo-verde.jpg\" target=\"_blank\" rel=\"noopener\"><img loading=\"lazy\" decoding=\"async\" aria-describedby=\"caption-attachment-26359\" class=\"wp-image-26359 size-full\" src=\"https:\/\/www.riu.com\/blog\/wp-content\/uploads\/2022\/11\/directores-hoteles-riu-cabo-verde.jpg\" alt=\"Direktoren der RIU-Hotels in Boa Vista: Hugo da Ponte (Direktor Palace Boavista), Marco Teixeira (Direktor Riu Karamboa), Antonio Luque (stellvertretender Direktor Riu Karamboa), Agostinho Januario (stellvertretender Direktor Riu Karamboa) und Samuel Lagast (Direktor Riu Touareg).\" width=\"800\" height=\"533\" srcset=\"https:\/\/www.riu.com\/blog\/wp-content\/uploads\/2022\/11\/directores-hoteles-riu-cabo-verde.jpg 800w, https:\/\/www.riu.com\/blog\/wp-content\/uploads\/2022\/11\/directores-hoteles-riu-cabo-verde-250x167.jpg 250w, https:\/\/www.riu.com\/blog\/wp-content\/uploads\/2022\/11\/directores-hoteles-riu-cabo-verde-700x466.jpg 700w, https:\/\/www.riu.com\/blog\/wp-content\/uploads\/2022\/11\/directores-hoteles-riu-cabo-verde-768x512.jpg 768w, https:\/\/www.riu.com\/blog\/wp-content\/uploads\/2022\/11\/directores-hoteles-riu-cabo-verde-120x80.jpg 120w\" sizes=\"auto, (max-width: 800px) 100vw, 800px\" \/><\/a><p id=\"caption-attachment-26359\" class=\"wp-caption-text\">Direktoren der RIU-Hotels in Boa Vista: Hugo da Ponte (Direktor Palace Boavista), Marco Teixeira (Direktor Riu Karamboa), Antonio Luque (stellvertretender Direktor Riu Karamboa), Agostinho Januario (stellvertretender Direktor Riu Karamboa) und Samuel Lagast (Direktor Riu Touareg).<\/p><\/div>\n<h2>Kapverden, ein Reiseziel voller sch\u00f6ner Erinnerungen und Herausforderungen f\u00fcr die Familie Riu<\/h2>\n<p>Wir haben ein echtes Faible f\u00fcr die Kapverden, die in <a href=\"\/blog?p=14208\"><u>der Geschichte der Familie Riu<\/u><\/a>\u00a0eine wichtige Rolle spielt. Zum Beispiel machte mein Neffe <strong><b>Joan Trian Riu<\/b><\/strong>\u00a0dort seine Ausbildung als <strong><b>stellvertretender Direktor des Hotels Riu Funana<\/b><\/strong>. Er war ein Jahr lang dort und hat viele wertvolle Erinnerungen an diese Zeit. Die auch hart war. Jedes Reiseziel hat seine Schwierigkeiten und die Kapverden sind da keine Ausnahme. Auf Boa Vista haben wir einige harte Zeiten durchgemacht, wenn wir zum Beispiel Mitarbeiter oder G\u00e4ste aufgrund eines Unfalls auf andere Inseln oder die Kanaren verlegen mussten.<\/p>\n<div id=\"attachment_26362\" style=\"width: 710px\" class=\"wp-caption alignnone\"><a href=\"https:\/\/www.riu.com\/blog\/wp-content\/uploads\/2022\/11\/luis-riu-hijos-luis-roberto.jpg\" target=\"_blank\" rel=\"noopener\"><img loading=\"lazy\" decoding=\"async\" aria-describedby=\"caption-attachment-26362\" class=\"wp-image-26362 size-large\" src=\"https:\/\/www.riu.com\/blog\/wp-content\/uploads\/2022\/11\/luis-riu-hijos-luis-roberto-700x466.jpg\" alt=\"Luis Riu G\u00fcell, CEO von RIU Hotels &amp; Resorts, mit seinen Kindern Luis Riu Rodr\u00edguez und Roberto Riu Rodr\u00edguez.\" width=\"700\" height=\"466\" srcset=\"https:\/\/www.riu.com\/blog\/wp-content\/uploads\/2022\/11\/luis-riu-hijos-luis-roberto-700x466.jpg 700w, https:\/\/www.riu.com\/blog\/wp-content\/uploads\/2022\/11\/luis-riu-hijos-luis-roberto-250x167.jpg 250w, https:\/\/www.riu.com\/blog\/wp-content\/uploads\/2022\/11\/luis-riu-hijos-luis-roberto-768x512.jpg 768w, https:\/\/www.riu.com\/blog\/wp-content\/uploads\/2022\/11\/luis-riu-hijos-luis-roberto-120x80.jpg 120w, https:\/\/www.riu.com\/blog\/wp-content\/uploads\/2022\/11\/luis-riu-hijos-luis-roberto.jpg 800w\" sizes=\"auto, (max-width: 700px) 100vw, 700px\" \/><\/a><p id=\"caption-attachment-26362\" class=\"wp-caption-text\">Luis Riu G\u00fcell, CEO von RIU Hotels &amp; Resorts, mit seinen Kindern Luis Riu Rodr\u00edguez und Roberto Riu Rodr\u00edguez.<\/p><\/div>\n<p><strong><b>Und es gab einige unglaubliche Szenen. <\/b><\/strong>Die Landebahn ist nicht beleuchtet und der gesamte Flugverkehr muss tags\u00fcber abgewickelt werden. In Notf\u00e4llen werden jedoch alle Autos auf der Insel aufgefordert, sich mit eingeschalteten Scheinwerfern entlang der Landebahn zu positionieren, damit die Fl\u00fcge landen und anschlie\u00dfend starten k\u00f6nnen<strong><b>.<\/b><\/strong><\/p>\n<h3>Gesundheits- und Sozialprojekte zur Verbesserung der\u00a0Lebensqualit\u00e4t der Kapverdianer<\/h3>\n<p>Gl\u00fccklicherweise ist die <strong><b>medizinische Versorgung dort jetzt viel besser<\/b><\/strong>. Immer in Absprache mit dem Gesundheitsministerium hat RIU mit der privaten Klinik Boa Esperanza sowie mit der \u00f6ffentlichen Klinik zusammengearbeitet, indem es die notwendige Ausr\u00fcstung gespendet hat, um bestimmte Engp\u00e4sse zu \u00fcberbr\u00fccken. <a href=\"https:\/\/www.tuigroup.com\/de-de\/medien\/presseinformationen\/partnermeldungen\/2020\/2020-10-26-riu-africa-avanza-und-riu-hotels-menues-an-familien-kapverden\"><u>Seit 2014 arbeiten wir mit \u00c1frica Avanza<\/u><\/a><u>\u00a0<\/u>zusammen, das 45 Kooperationsmissionen im Land in Form von Beratungen, Schulungen und chirurgischen Eingriffen durchgef\u00fchrt hat.<\/p>\n<p>Wir haben auch mit dem Ministerium f\u00fcr Tourismus und Gesundheit kooperiert und die Entsendung von zwei \u00c4rzten mit der notwendigen Erfahrung organisiert. <strong><b>Sie unterst\u00fctzen<\/b><\/strong>\u00a0<strong><b>die lokalen Teams bei ihren Ma\u00dfnahmen zur Bek\u00e4mpfung der COVID-Krise<\/b><\/strong>. Aber in dieser Zeit war nicht nur die Gesundheit betroffen. Die Schlie\u00dfung der Hotels hatte schwerwiegende Auswirkungen. <strong><b>Wir aktivierten Notfallpl\u00e4ne, um die Grundbed\u00fcrfnisse der Bev\u00f6lkerung abzudecken<\/b><\/strong>, w\u00e4hrend sie die Pandemie in den Griff bekam.<\/p>\n<h3>Riu f\u00f6rdert den Bau von Stra\u00dfen, eines Flughafens und anderer wichtiger Infrastrukturen<\/h3>\n<p>Wir haben gerade <strong><b>das Hotel Riu Karamboa nach einer umfassenden Renovierung wiederer\u00f6ffnet<\/b><\/strong>. Wenn ich an die Anf\u00e4nge auf der Insel denke, erstaunt es mich immer wieder, dass wir die damaligen Schwierigkeiten \u00fcberwinden konnten. Die Herausforderung war viel gr\u00f6\u00dfer als auf Sal, denn die Insel ist zwar gr\u00f6\u00dfer, aber weniger bev\u00f6lkert. \u00a0Allein die <strong><b>Beschaffung des f\u00fcr den Bau notwendigen Materials war ein Abenteuer<\/b><\/strong>\u00a0f\u00fcr sich, denn die Containerschiffe konnten wegen der starken afrikanischen Wellen tagelang oder wochenlang nicht anlegen.<\/p>\n<div id=\"attachment_26365\" style=\"width: 710px\" class=\"wp-caption alignnone\"><a href=\"https:\/\/www.riu.com\/blog\/wp-content\/uploads\/2022\/11\/equipo-hotel-riu-karamboa-cabo-verde.jpg\" target=\"_blank\" rel=\"noopener\"><img loading=\"lazy\" decoding=\"async\" aria-describedby=\"caption-attachment-26365\" class=\"wp-image-26365 size-large\" src=\"https:\/\/www.riu.com\/blog\/wp-content\/uploads\/2022\/11\/equipo-hotel-riu-karamboa-cabo-verde-700x466.jpg\" alt=\"Managementteam des Hotels Riu Karamboa auf den Kapverden.\" width=\"700\" height=\"466\" srcset=\"https:\/\/www.riu.com\/blog\/wp-content\/uploads\/2022\/11\/equipo-hotel-riu-karamboa-cabo-verde-700x466.jpg 700w, https:\/\/www.riu.com\/blog\/wp-content\/uploads\/2022\/11\/equipo-hotel-riu-karamboa-cabo-verde-250x167.jpg 250w, https:\/\/www.riu.com\/blog\/wp-content\/uploads\/2022\/11\/equipo-hotel-riu-karamboa-cabo-verde-768x512.jpg 768w, https:\/\/www.riu.com\/blog\/wp-content\/uploads\/2022\/11\/equipo-hotel-riu-karamboa-cabo-verde-120x80.jpg 120w, https:\/\/www.riu.com\/blog\/wp-content\/uploads\/2022\/11\/equipo-hotel-riu-karamboa-cabo-verde.jpg 800w\" sizes=\"auto, (max-width: 700px) 100vw, 700px\" \/><\/a><p id=\"caption-attachment-26365\" class=\"wp-caption-text\">Managementteam des Hotels Riu Karamboa auf den Kapverden.<\/p><\/div>\n<p>Das Gleiche galt f\u00fcr alle G\u00fcter, die f\u00fcr den Betrieb ben\u00f6tigt wurden. Die Hotels mussten also umdisponieren. F\u00fcr den Fall, dass die Schiffe nicht anlegen konnten, mussten sie <strong><b>gen\u00fcgend Ersatzprodukte vorr\u00e4tig<\/b><\/strong>\u00a0haben, um den Betrieb aufrechtzuerhalten und die Buffets zu best\u00fccken. Doch das geh\u00f6rt der Vergangenheit an. Seitdem der Hafen umgestaltet wurde, sind die Ank\u00fcnfte und Abfahrten viel regelm\u00e4\u00dfiger.<\/p>\n<p>Eine besondere Erw\u00e4hnung verdient der <strong><b>Flughafen von Boa Vista<\/b><\/strong>, der nicht gerade international war. Als wir mit dem Bau begannen, hatten wir die Zusage der Regierung, dass dieser zur Er\u00f6ffnung in Betrieb sei. Er \u00f6ffnete am Vorabend. Und seitdem wickelt er alle Fl\u00fcge ab, die unsere Kunden aus dem <strong><b>Vereinigten K\u00f6nigreich, den Niederlanden, Norwegen, Deutschland und Belgien<\/b><\/strong>\u00a0auf die Insel bringen. Wann immer ich nach Reiseveranstaltern gefragt werde und ob sie in der Hotellerie an Bedeutung verlieren, kommen mir automatisch die Kapverden in den Sinn. <strong><b>Dieses Reiseziel h\u00e4ngt vollst\u00e4ndig vom Chartergesch\u00e4ft ab<\/b><\/strong>. Ohne das Engagement <a href=\"https:\/\/www.tuigroup.com\/de-de\/medien\/presseinformationen\/ag-meldungen\/2021\/2021-07-30-tui-group-verkauf-immobilienportfolio-an-familie-riu-abgeschlossen\"><u>unseres Partners TUI<\/u><\/a>,\u00a0das parallel zu unserem lief, h\u00e4tte das Reiseziel nicht so wachsen k\u00f6nnen.<\/p>\n<div id=\"attachment_26383\" style=\"width: 710px\" class=\"wp-caption alignnone\"><a href=\"https:\/\/www.riu.com\/blog\/wp-content\/uploads\/2022\/11\/equipo-riu-hoteles-boa-vista-cabo-verde-1-scaled.jpg\" target=\"_blank\" rel=\"noopener\"><img loading=\"lazy\" decoding=\"async\" aria-describedby=\"caption-attachment-26383\" class=\"wp-image-26383 size-large\" src=\"https:\/\/www.riu.com\/blog\/wp-content\/uploads\/2022\/11\/equipo-riu-hoteles-boa-vista-cabo-verde-1-700x467.jpg\" alt=\"Direktoren und Abteilungsleiter der drei RIU-Hotels auf Boa Vista, Kap Verde.\" width=\"700\" height=\"467\" srcset=\"https:\/\/www.riu.com\/blog\/wp-content\/uploads\/2022\/11\/equipo-riu-hoteles-boa-vista-cabo-verde-1-700x467.jpg 700w, https:\/\/www.riu.com\/blog\/wp-content\/uploads\/2022\/11\/equipo-riu-hoteles-boa-vista-cabo-verde-1-250x167.jpg 250w, https:\/\/www.riu.com\/blog\/wp-content\/uploads\/2022\/11\/equipo-riu-hoteles-boa-vista-cabo-verde-1-768x512.jpg 768w, https:\/\/www.riu.com\/blog\/wp-content\/uploads\/2022\/11\/equipo-riu-hoteles-boa-vista-cabo-verde-1-1536x1024.jpg 1536w, https:\/\/www.riu.com\/blog\/wp-content\/uploads\/2022\/11\/equipo-riu-hoteles-boa-vista-cabo-verde-1-2048x1365.jpg 2048w, https:\/\/www.riu.com\/blog\/wp-content\/uploads\/2022\/11\/equipo-riu-hoteles-boa-vista-cabo-verde-1-120x80.jpg 120w\" sizes=\"auto, (max-width: 700px) 100vw, 700px\" \/><\/a><p id=\"caption-attachment-26383\" class=\"wp-caption-text\">Direktoren und Abteilungsleiter der drei RIU-Hotels auf Boa Vista, Kap Verde.<\/p><\/div>\n<p><strong><b>Boa Vista<\/b><\/strong>\u00a0verk\u00f6rpert perfekt das St\u00fcckchen Paradies, in das man sich zur\u00fcckzieht, um sich an seinen fantastischen, unber\u00fchrten Sandstr\u00e4nden, in kleinen D\u00f6rfern, charmanten Ecken und in absoluter Ruhe zu entspannen. Wir hatten dort 2011 das <a href=\"https:\/\/www.riu.com\/de\/hotel\/kapverdische-inseln\/boa-vista\/hotel-riu-touareg\/index.jsp\"><u>Riu Touareg<\/u><\/a>\u00a0er\u00f6ffnet und der Weg dorthin war steinig. Das Riu Karamboa liegt neben dem Flughafen und ganz in der N\u00e4he von Sal Rei, aber <strong><b>das Riu Touareg befindet sich auf der anderen Seite der Insel<\/b><\/strong>. Es liegt auf einer unglaublichen Sandbank, aber die einzige Stra\u00dfe, die dorthin f\u00fchrt, ist lang und kurvig. Ein t\u00e4gliches Abenteuer f\u00fcr alle Verantwortlichen der Baustelle. Bevor die Bauarbeiten begannen, einigten wir uns mit den Beh\u00f6rden auf die Verbesserung und Asphaltierung der Stra\u00dfe. Am Morgen der Er\u00f6ffnung nutzte Herr Neves, der damalige Premierminister, der bereits unsere beiden Hotels auf Sal eingeweiht hatte, als Erster die Stra\u00dfe, um das Hotel und die neue Stra\u00dfe nach Boa Vista einzuweihen.<\/p>\n<div id=\"attachment_26380\" style=\"width: 710px\" class=\"wp-caption alignnone\"><a href=\"https:\/\/www.riu.com\/blog\/wp-content\/uploads\/2022\/11\/equipo-hotel-riu-touareg-cabo-verde-2.jpg\" target=\"_blank\" rel=\"noopener\"><img loading=\"lazy\" decoding=\"async\" aria-describedby=\"caption-attachment-26380\" class=\"wp-image-26380 size-large\" src=\"https:\/\/www.riu.com\/blog\/wp-content\/uploads\/2022\/11\/equipo-hotel-riu-touareg-cabo-verde-2-700x466.jpg\" alt=\"Managementteam des Hotels Riu Touareg auf den Kapverden.\" width=\"700\" height=\"466\" srcset=\"https:\/\/www.riu.com\/blog\/wp-content\/uploads\/2022\/11\/equipo-hotel-riu-touareg-cabo-verde-2-700x466.jpg 700w, https:\/\/www.riu.com\/blog\/wp-content\/uploads\/2022\/11\/equipo-hotel-riu-touareg-cabo-verde-2-250x167.jpg 250w, https:\/\/www.riu.com\/blog\/wp-content\/uploads\/2022\/11\/equipo-hotel-riu-touareg-cabo-verde-2-768x512.jpg 768w, https:\/\/www.riu.com\/blog\/wp-content\/uploads\/2022\/11\/equipo-hotel-riu-touareg-cabo-verde-2-120x80.jpg 120w, https:\/\/www.riu.com\/blog\/wp-content\/uploads\/2022\/11\/equipo-hotel-riu-touareg-cabo-verde-2.jpg 800w\" sizes=\"auto, (max-width: 700px) 100vw, 700px\" \/><\/a><p id=\"caption-attachment-26380\" class=\"wp-caption-text\">Managementteam des Hotels Riu Touareg auf den Kapverden.<\/p><\/div>\n<h2>Kapverden, ein Reiseziel in st\u00e4ndiger Entwicklung mit RIU<\/h2>\n<p>Unser Engagement f\u00fcr das Reiseziel ist weiter gewachsen:<\/p>\n<ul>\n<li>2018 er\u00f6ffneten wir das <a href=\"https:\/\/www.riu.com\/de\/hotel\/kapverdische-inseln\/boa-vista\/hotel-riu-palace-boavista\/index.jsp\"><u>Riu Palace Boavista<\/u><\/a>, das <a href=\"https:\/\/www.tuigroup.com\/de-de\/medien\/presseinformationen\/ag-meldungen\/2018\/2018-11-13-riu-neues-hotel-boavista\"><u>f\u00fcnfte Hotel der Kette auf den Kapverden<\/u><\/a>, um das Angebot am Reiseziel mit unserer Riu Palace Kategorie zu vervollst\u00e4ndigen. Alle Hotels werden von Fachkr\u00e4ften der Kapverden geleitet oder wurden dort ausgebildet. Von Boa Vista kamen beinahe alle, die das Angebot annahmen in den Senegal zu gehen, um <strong><b>gemeinsam mit RIU weiter zu wachsen<\/b><\/strong>.<\/li>\n<\/ul>\n<div id=\"attachment_26391\" style=\"width: 710px\" class=\"wp-caption alignnone\"><a href=\"https:\/\/www.riu.com\/blog\/wp-content\/uploads\/2022\/11\/equipo-hotel-riu-palace-boa-vista-cabo-verde.jpg\" target=\"_blank\" rel=\"noopener\"><img loading=\"lazy\" decoding=\"async\" aria-describedby=\"caption-attachment-26391\" class=\"wp-image-26391 size-large\" src=\"https:\/\/www.riu.com\/blog\/wp-content\/uploads\/2022\/11\/equipo-hotel-riu-palace-boa-vista-cabo-verde-700x466.jpg\" alt=\"Managementteam des Hotels Riu Palace Boa Vista auf den Kapverden.\" width=\"700\" height=\"466\" srcset=\"https:\/\/www.riu.com\/blog\/wp-content\/uploads\/2022\/11\/equipo-hotel-riu-palace-boa-vista-cabo-verde-700x466.jpg 700w, https:\/\/www.riu.com\/blog\/wp-content\/uploads\/2022\/11\/equipo-hotel-riu-palace-boa-vista-cabo-verde-250x167.jpg 250w, https:\/\/www.riu.com\/blog\/wp-content\/uploads\/2022\/11\/equipo-hotel-riu-palace-boa-vista-cabo-verde-768x512.jpg 768w, https:\/\/www.riu.com\/blog\/wp-content\/uploads\/2022\/11\/equipo-hotel-riu-palace-boa-vista-cabo-verde-120x80.jpg 120w, https:\/\/www.riu.com\/blog\/wp-content\/uploads\/2022\/11\/equipo-hotel-riu-palace-boa-vista-cabo-verde.jpg 800w\" sizes=\"auto, (max-width: 700px) 100vw, 700px\" \/><\/a><p id=\"caption-attachment-26391\" class=\"wp-caption-text\">Managementteam des Hotels Riu Palace Boa Vista auf den Kapverden.<\/p><\/div>\n<ul>\n<li>Auch das <a href=\"https:\/\/www.riu.com\/de\/hotel\/kapverdische-inseln\/insel-sal\/hotel-riu-palace-santa-maria\/index.jsp\"><u>Riu Palace Santa Maria<\/u><\/a>erf\u00fcllt uns mit gro\u00dfem Stolz. Wir er\u00f6ffneten das Hotel im M\u00e4rz 2021 &#8211; mehr mit dem Mut und dem Enthusiasmus, den Betrieb dort wieder aufzunehmen, als mit realen Chancen\u00a0Gesch\u00e4fte zu machen. Schlie\u00dflich war der Flugbetrieb nicht wieder aufgenommen. Es ist ein gro\u00dfartiges Hotel mit ausgezeichneten Serviceleistungen, dessen Bau es uns erm\u00f6glicht hat, das Angebot f\u00fcr alle drei Hotels dank gemeinsamer Dienstleistungen zu verbessern. Dazu geh\u00f6ren der <strong><b>Splash Water World Wasserpark<\/b><\/strong>\u00a0und <a href=\"\/blog?p=25021\"><u>die Riu Party, die gerade auf Sal eingef\u00fchrt wurde<\/u><\/a>\u00a0und <strong><b>auch demn\u00e4chst auf Boa Vista angeboten wird<\/b><\/strong>.<\/li>\n<\/ul>\n<div id=\"attachment_26374\" style=\"width: 710px\" class=\"wp-caption alignnone\"><a href=\"https:\/\/www.riu.com\/blog\/wp-content\/uploads\/2022\/11\/evisiones-apertura-hoteles-cabo-verde-luis-riu.jpg\" target=\"_blank\" rel=\"noopener\"><img loading=\"lazy\" decoding=\"async\" aria-describedby=\"caption-attachment-26374\" class=\"wp-image-26374 size-large\" src=\"https:\/\/www.riu.com\/blog\/wp-content\/uploads\/2022\/11\/evisiones-apertura-hoteles-cabo-verde-luis-riu-700x466.jpg\" alt=\"Luis Riu mit seinem Bau- und Er\u00f6ffnungsteam bei der \u00dcberpr\u00fcfung der RIU-Hotels auf den Kapverden.\" width=\"700\" height=\"466\" srcset=\"https:\/\/www.riu.com\/blog\/wp-content\/uploads\/2022\/11\/evisiones-apertura-hoteles-cabo-verde-luis-riu-700x466.jpg 700w, https:\/\/www.riu.com\/blog\/wp-content\/uploads\/2022\/11\/evisiones-apertura-hoteles-cabo-verde-luis-riu-250x167.jpg 250w, https:\/\/www.riu.com\/blog\/wp-content\/uploads\/2022\/11\/evisiones-apertura-hoteles-cabo-verde-luis-riu-768x512.jpg 768w, https:\/\/www.riu.com\/blog\/wp-content\/uploads\/2022\/11\/evisiones-apertura-hoteles-cabo-verde-luis-riu-120x80.jpg 120w, https:\/\/www.riu.com\/blog\/wp-content\/uploads\/2022\/11\/evisiones-apertura-hoteles-cabo-verde-luis-riu.jpg 800w\" sizes=\"auto, (max-width: 700px) 100vw, 700px\" \/><\/a><p id=\"caption-attachment-26374\" class=\"wp-caption-text\">Luis Riu mit seinem Bau- und Er\u00f6ffnungsteam bei der \u00dcberpr\u00fcfung der RIU-Hotels auf den Kapverden.<\/p><\/div>\n<p>Wir sind nicht nur beim Produkt innovativ, sondern setzen auch auf <strong><b>erneuerbare Energien<\/b><\/strong>. Wir haben Sonnenkollektoren installiert, um sowohl auf Sal als auch Boa Vista Fotovoltaik-Energie zu produzieren. Unsere ehrgeizige Vision ist es, die Produktion der Fotovoltaik-Energie so zu erweitern, dass wir bald <strong><b>mit 100 % sauberer Energie arbeiten k\u00f6nnen<\/b><\/strong>.<\/p>\n<p>Die Inseln haben stark unter der COVID-Pandemie gelitten. Daher bin ich heute sehr stolz darauf, dass sie ihre Position als <strong><b>beliebtes Reiseziel im Winter f\u00fcr die wichtigsten Herkunftsm\u00e4rkte in Europa<\/b><\/strong>\u00a0zur\u00fcckgewonnen haben. <a href=\"\/blog?p=23218\"><u>Die Kapverden bieten viele Sehensw\u00fcrdigkeiten<\/u><\/a>\u00a0und sind zu einem Spiegel geworden, in den viele afrikanische L\u00e4nder blicken, die auf den Tourismus als Motor f\u00fcr wirtschaftliches Wachstum setzen m\u00f6chten. Wir wollen die Inseln weiter unterst\u00fctzen, Hand in Hand mit den Beh\u00f6rden, unseren Mitarbeitern vor Ort und nat\u00fcrlich unseren Kunden.<\/p>\n","protected":false},"excerpt":{"rendered":"Luis Riu, CEO von RIU Hotels &#038; Resorts, blickt auf die Geschichte der Kette seit ihrer Ankunft auf den Kapverden vor 20 Jahren zur\u00fcck. Seit der Er\u00f6ffnung des ersten Hotels, dem Riu Funana, ist RIU bis heute eine treibende Kraft f\u00fcr die Entwicklung und ein wichtiger Touristenmagnet in diesem afrikanischen Reiseziel.","protected":false},"author":3,"featured_media":26388,"comment_status":"open","ping_status":"closed","sticky":false,"template":"","format":"standard","meta":{"_acf_changed":false,"footnotes":""},"categories":[1717],"tags":[],"class_list":["post-26397","post","type-post","status-publish","format-standard","has-post-thumbnail","hentry","category-luis-riu-de"],"acf":[],"yoast_head":"<!-- This site is optimized with the Yoast SEO plugin v27.2 - https:\/\/yoast.com\/product\/yoast-seo-wordpress\/ -->\n<title>RIU und Kapverden: eine Erfolgsgeschichte | Blog RIU.com<\/title>\n<meta name=\"description\" content=\"RIU Hotels &amp; Resorts begeht den 20. Jahrestag seiner Ankunft auf den Kapverden. Luis Riu, CEO der Kette, blickt zur\u00fcck auf eine Erfolgsgeschichte.\" \/>\n<meta name=\"robots\" content=\"index, follow, max-snippet:-1, max-image-preview:large, max-video-preview:-1\" \/>\n<link rel=\"canonical\" href=\"https:\/\/www.riu.com\/blog\/de\/kapverden-geschichte-hotels-riu-2\/\" \/>\n<meta property=\"og:locale\" content=\"de_DE\" \/>\n<meta property=\"og:type\" content=\"article\" \/>\n<meta property=\"og:title\" content=\"RIU und Kapverden: eine Erfolgsgeschichte | Blog RIU.com\" \/>\n<meta property=\"og:description\" content=\"RIU Hotels &amp; Resorts begeht den 20. Jahrestag seiner Ankunft auf den Kapverden. Luis Riu, CEO der Kette, blickt zur\u00fcck auf eine Erfolgsgeschichte.\" \/>\n<meta property=\"og:url\" content=\"https:\/\/www.riu.com\/blog\/de\/kapverden-geschichte-hotels-riu-2\/\" \/>\n<meta property=\"og:site_name\" content=\"RIU.com | Blog\" \/>\n<meta property=\"article:published_time\" content=\"2022-11-09T15:02:52+00:00\" \/>\n<meta property=\"article:modified_time\" content=\"2022-11-09T15:25:24+00:00\" \/>\n<meta property=\"og:image\" content=\"https:\/\/www.riu.com\/blog\/wp-content\/uploads\/2022\/11\/luis-riu-cabo-verde-hoteles.jpg\" \/>\n\t<meta property=\"og:image:width\" content=\"800\" \/>\n\t<meta property=\"og:image:height\" content=\"533\" \/>\n\t<meta property=\"og:image:type\" content=\"image\/jpeg\" \/>\n<meta name=\"author\" content=\"Riu Hotels\" \/>\n<meta name=\"twitter:card\" content=\"summary_large_image\" \/>\n<meta name=\"twitter:label1\" content=\"Verfasst von\" \/>\n\t<meta name=\"twitter:data1\" content=\"Riu Hotels\" \/>\n\t<meta name=\"twitter:label2\" content=\"Gesch\u00e4tzte Lesezeit\" \/>\n\t<meta name=\"twitter:data2\" content=\"12\u00a0Minuten\" \/>\n<script type=\"application\/ld+json\" class=\"yoast-schema-graph\">{\"@context\":\"https:\/\/schema.org\",\"@graph\":[{\"@type\":\"NewsArticle\",\"@id\":\"https:\/\/www.riu.com\/blog\/de\/kapverden-geschichte-hotels-riu-2\/#article\",\"isPartOf\":{\"@id\":\"https:\/\/www.riu.com\/blog\/de\/kapverden-geschichte-hotels-riu-2\/\"},\"author\":{\"name\":\"Riu Hotels\",\"@id\":\"https:\/\/www.riu.com\/blog\/de\/#\/schema\/person\/0d2e827ad7e2aee20a09a05bdc3fb45f\"},\"headline\":\"Luis Riu: \u201eVor 20 Jahren waren die Kapverden eine pers\u00f6nliche Entscheidung, heute sind sie ein gro\u00dfartiges internationales Reiseziel mit eigenem Charakter und St\u00e4rke\u201c\",\"datePublished\":\"2022-11-09T15:02:52+00:00\",\"dateModified\":\"2022-11-09T15:25:24+00:00\",\"mainEntityOfPage\":{\"@id\":\"https:\/\/www.riu.com\/blog\/de\/kapverden-geschichte-hotels-riu-2\/\"},\"wordCount\":2353,\"commentCount\":1,\"image\":{\"@id\":\"https:\/\/www.riu.com\/blog\/de\/kapverden-geschichte-hotels-riu-2\/#primaryimage\"},\"thumbnailUrl\":\"https:\/\/www.riu.com\/blog\/wp-content\/uploads\/2022\/11\/luis-riu-cabo-verde-hoteles.jpg\",\"articleSection\":[\"Luis Riu\"],\"inLanguage\":\"de\",\"potentialAction\":[{\"@type\":\"CommentAction\",\"name\":\"Comment\",\"target\":[\"https:\/\/www.riu.com\/blog\/de\/kapverden-geschichte-hotels-riu-2\/#respond\"]}]},{\"@type\":[\"WebPage\",\"ItemPage\"],\"@id\":\"https:\/\/www.riu.com\/blog\/de\/kapverden-geschichte-hotels-riu-2\/\",\"url\":\"https:\/\/www.riu.com\/blog\/de\/kapverden-geschichte-hotels-riu-2\/\",\"name\":\"RIU und Kapverden: eine Erfolgsgeschichte | Blog RIU.com\",\"isPartOf\":{\"@id\":\"https:\/\/www.riu.com\/blog\/de\/#website\"},\"primaryImageOfPage\":{\"@id\":\"https:\/\/www.riu.com\/blog\/de\/kapverden-geschichte-hotels-riu-2\/#primaryimage\"},\"image\":{\"@id\":\"https:\/\/www.riu.com\/blog\/de\/kapverden-geschichte-hotels-riu-2\/#primaryimage\"},\"thumbnailUrl\":\"https:\/\/www.riu.com\/blog\/wp-content\/uploads\/2022\/11\/luis-riu-cabo-verde-hoteles.jpg\",\"datePublished\":\"2022-11-09T15:02:52+00:00\",\"dateModified\":\"2022-11-09T15:25:24+00:00\",\"author\":{\"@id\":\"https:\/\/www.riu.com\/blog\/de\/#\/schema\/person\/0d2e827ad7e2aee20a09a05bdc3fb45f\"},\"description\":\"RIU Hotels & Resorts begeht den 20. Jahrestag seiner Ankunft auf den Kapverden. Luis Riu, CEO der Kette, blickt zur\u00fcck auf eine Erfolgsgeschichte.\",\"breadcrumb\":{\"@id\":\"https:\/\/www.riu.com\/blog\/de\/kapverden-geschichte-hotels-riu-2\/#breadcrumb\"},\"inLanguage\":\"de\",\"potentialAction\":[{\"@type\":\"ReadAction\",\"target\":[\"https:\/\/www.riu.com\/blog\/de\/kapverden-geschichte-hotels-riu-2\/\"]}]},{\"@type\":\"ImageObject\",\"inLanguage\":\"de\",\"@id\":\"https:\/\/www.riu.com\/blog\/de\/kapverden-geschichte-hotels-riu-2\/#primaryimage\",\"url\":\"https:\/\/www.riu.com\/blog\/wp-content\/uploads\/2022\/11\/luis-riu-cabo-verde-hoteles.jpg\",\"contentUrl\":\"https:\/\/www.riu.com\/blog\/wp-content\/uploads\/2022\/11\/luis-riu-cabo-verde-hoteles.jpg\",\"width\":800,\"height\":533},{\"@type\":\"BreadcrumbList\",\"@id\":\"https:\/\/www.riu.com\/blog\/de\/kapverden-geschichte-hotels-riu-2\/#breadcrumb\",\"itemListElement\":[{\"@type\":\"ListItem\",\"position\":1,\"name\":\"Portada\",\"item\":\"https:\/\/www.riu.com\/blog\/de\/\"},{\"@type\":\"ListItem\",\"position\":2,\"name\":\"Luis Riu: \u201eVor 20 Jahren waren die Kapverden eine pers\u00f6nliche Entscheidung, heute sind sie ein gro\u00dfartiges internationales Reiseziel mit eigenem Charakter und St\u00e4rke\u201c\"}]},{\"@type\":\"WebSite\",\"@id\":\"https:\/\/www.riu.com\/blog\/de\/#website\",\"url\":\"https:\/\/www.riu.com\/blog\/de\/\",\"name\":\"RIU.com | Blog\",\"description\":\"Blog de Riu Hotels &amp; Resorts | Noticias exclusivas de la cadena Riu Hotels &amp; Resorts | Hoteles en Espa\u00f1a, M\u00e9xico, Jamaica, Rep\u00fablica Dominicana, Portugal, Miami y muchos m\u00e1s.\",\"potentialAction\":[{\"@type\":\"SearchAction\",\"target\":{\"@type\":\"EntryPoint\",\"urlTemplate\":\"https:\/\/www.riu.com\/blog\/de\/?s={search_term_string}\"},\"query-input\":{\"@type\":\"PropertyValueSpecification\",\"valueRequired\":true,\"valueName\":\"search_term_string\"}}],\"inLanguage\":\"de\"},{\"@type\":\"Person\",\"@id\":\"https:\/\/www.riu.com\/blog\/de\/#\/schema\/person\/0d2e827ad7e2aee20a09a05bdc3fb45f\",\"name\":\"Riu Hotels\",\"image\":{\"@type\":\"ImageObject\",\"inLanguage\":\"de\",\"@id\":\"https:\/\/secure.gravatar.com\/avatar\/1845185f5dc0c5d7a3adb797bcd6cae1d3df26e3eead5da96b212485b274bdf3?s=96&d=mm&r=g\",\"url\":\"https:\/\/secure.gravatar.com\/avatar\/1845185f5dc0c5d7a3adb797bcd6cae1d3df26e3eead5da96b212485b274bdf3?s=96&d=mm&r=g\",\"contentUrl\":\"https:\/\/secure.gravatar.com\/avatar\/1845185f5dc0c5d7a3adb797bcd6cae1d3df26e3eead5da96b212485b274bdf3?s=96&d=mm&r=g\",\"caption\":\"Riu Hotels\"},\"url\":\"https:\/\/www.riu.com\/blog\/de\/author\/riu\/\"}]}<\/script>\n<!-- \/ Yoast SEO plugin. -->","yoast_head_json":{"title":"RIU und Kapverden: eine Erfolgsgeschichte | Blog RIU.com","description":"RIU Hotels & Resorts begeht den 20. Jahrestag seiner Ankunft auf den Kapverden. Luis Riu, CEO der Kette, blickt zur\u00fcck auf eine Erfolgsgeschichte.","robots":{"index":"index","follow":"follow","max-snippet":"max-snippet:-1","max-image-preview":"max-image-preview:large","max-video-preview":"max-video-preview:-1"},"canonical":"https:\/\/www.riu.com\/blog\/de\/kapverden-geschichte-hotels-riu-2\/","og_locale":"de_DE","og_type":"article","og_title":"RIU und Kapverden: eine Erfolgsgeschichte | Blog RIU.com","og_description":"RIU Hotels & Resorts begeht den 20. Jahrestag seiner Ankunft auf den Kapverden. Luis Riu, CEO der Kette, blickt zur\u00fcck auf eine Erfolgsgeschichte.","og_url":"https:\/\/www.riu.com\/blog\/de\/kapverden-geschichte-hotels-riu-2\/","og_site_name":"RIU.com | Blog","article_published_time":"2022-11-09T15:02:52+00:00","article_modified_time":"2022-11-09T15:25:24+00:00","og_image":[{"width":800,"height":533,"url":"https:\/\/www.riu.com\/blog\/wp-content\/uploads\/2022\/11\/luis-riu-cabo-verde-hoteles.jpg","type":"image\/jpeg"}],"author":"Riu Hotels","twitter_card":"summary_large_image","twitter_misc":{"Verfasst von":"Riu Hotels","Gesch\u00e4tzte Lesezeit":"12\u00a0Minuten"},"schema":{"@context":"https:\/\/schema.org","@graph":[{"@type":"NewsArticle","@id":"https:\/\/www.riu.com\/blog\/de\/kapverden-geschichte-hotels-riu-2\/#article","isPartOf":{"@id":"https:\/\/www.riu.com\/blog\/de\/kapverden-geschichte-hotels-riu-2\/"},"author":{"name":"Riu Hotels","@id":"https:\/\/www.riu.com\/blog\/de\/#\/schema\/person\/0d2e827ad7e2aee20a09a05bdc3fb45f"},"headline":"Luis Riu: \u201eVor 20 Jahren waren die Kapverden eine pers\u00f6nliche Entscheidung, heute sind sie ein gro\u00dfartiges internationales Reiseziel mit eigenem Charakter und St\u00e4rke\u201c","datePublished":"2022-11-09T15:02:52+00:00","dateModified":"2022-11-09T15:25:24+00:00","mainEntityOfPage":{"@id":"https:\/\/www.riu.com\/blog\/de\/kapverden-geschichte-hotels-riu-2\/"},"wordCount":2353,"commentCount":1,"image":{"@id":"https:\/\/www.riu.com\/blog\/de\/kapverden-geschichte-hotels-riu-2\/#primaryimage"},"thumbnailUrl":"https:\/\/www.riu.com\/blog\/wp-content\/uploads\/2022\/11\/luis-riu-cabo-verde-hoteles.jpg","articleSection":["Luis Riu"],"inLanguage":"de","potentialAction":[{"@type":"CommentAction","name":"Comment","target":["https:\/\/www.riu.com\/blog\/de\/kapverden-geschichte-hotels-riu-2\/#respond"]}]},{"@type":["WebPage","ItemPage"],"@id":"https:\/\/www.riu.com\/blog\/de\/kapverden-geschichte-hotels-riu-2\/","url":"https:\/\/www.riu.com\/blog\/de\/kapverden-geschichte-hotels-riu-2\/","name":"RIU und Kapverden: eine Erfolgsgeschichte | Blog RIU.com","isPartOf":{"@id":"https:\/\/www.riu.com\/blog\/de\/#website"},"primaryImageOfPage":{"@id":"https:\/\/www.riu.com\/blog\/de\/kapverden-geschichte-hotels-riu-2\/#primaryimage"},"image":{"@id":"https:\/\/www.riu.com\/blog\/de\/kapverden-geschichte-hotels-riu-2\/#primaryimage"},"thumbnailUrl":"https:\/\/www.riu.com\/blog\/wp-content\/uploads\/2022\/11\/luis-riu-cabo-verde-hoteles.jpg","datePublished":"2022-11-09T15:02:52+00:00","dateModified":"2022-11-09T15:25:24+00:00","author":{"@id":"https:\/\/www.riu.com\/blog\/de\/#\/schema\/person\/0d2e827ad7e2aee20a09a05bdc3fb45f"},"description":"RIU Hotels & Resorts begeht den 20. Jahrestag seiner Ankunft auf den Kapverden. Luis Riu, CEO der Kette, blickt zur\u00fcck auf eine Erfolgsgeschichte.","breadcrumb":{"@id":"https:\/\/www.riu.com\/blog\/de\/kapverden-geschichte-hotels-riu-2\/#breadcrumb"},"inLanguage":"de","potentialAction":[{"@type":"ReadAction","target":["https:\/\/www.riu.com\/blog\/de\/kapverden-geschichte-hotels-riu-2\/"]}]},{"@type":"ImageObject","inLanguage":"de","@id":"https:\/\/www.riu.com\/blog\/de\/kapverden-geschichte-hotels-riu-2\/#primaryimage","url":"https:\/\/www.riu.com\/blog\/wp-content\/uploads\/2022\/11\/luis-riu-cabo-verde-hoteles.jpg","contentUrl":"https:\/\/www.riu.com\/blog\/wp-content\/uploads\/2022\/11\/luis-riu-cabo-verde-hoteles.jpg","width":800,"height":533},{"@type":"BreadcrumbList","@id":"https:\/\/www.riu.com\/blog\/de\/kapverden-geschichte-hotels-riu-2\/#breadcrumb","itemListElement":[{"@type":"ListItem","position":1,"name":"Portada","item":"https:\/\/www.riu.com\/blog\/de\/"},{"@type":"ListItem","position":2,"name":"Luis Riu: \u201eVor 20 Jahren waren die Kapverden eine pers\u00f6nliche Entscheidung, heute sind sie ein gro\u00dfartiges internationales Reiseziel mit eigenem Charakter und St\u00e4rke\u201c"}]},{"@type":"WebSite","@id":"https:\/\/www.riu.com\/blog\/de\/#website","url":"https:\/\/www.riu.com\/blog\/de\/","name":"RIU.com | Blog","description":"Blog de Riu Hotels &amp; Resorts | Noticias exclusivas de la cadena Riu Hotels &amp; Resorts | Hoteles en Espa\u00f1a, M\u00e9xico, Jamaica, Rep\u00fablica Dominicana, Portugal, Miami y muchos m\u00e1s.","potentialAction":[{"@type":"SearchAction","target":{"@type":"EntryPoint","urlTemplate":"https:\/\/www.riu.com\/blog\/de\/?s={search_term_string}"},"query-input":{"@type":"PropertyValueSpecification","valueRequired":true,"valueName":"search_term_string"}}],"inLanguage":"de"},{"@type":"Person","@id":"https:\/\/www.riu.com\/blog\/de\/#\/schema\/person\/0d2e827ad7e2aee20a09a05bdc3fb45f","name":"Riu Hotels","image":{"@type":"ImageObject","inLanguage":"de","@id":"https:\/\/secure.gravatar.com\/avatar\/1845185f5dc0c5d7a3adb797bcd6cae1d3df26e3eead5da96b212485b274bdf3?s=96&d=mm&r=g","url":"https:\/\/secure.gravatar.com\/avatar\/1845185f5dc0c5d7a3adb797bcd6cae1d3df26e3eead5da96b212485b274bdf3?s=96&d=mm&r=g","contentUrl":"https:\/\/secure.gravatar.com\/avatar\/1845185f5dc0c5d7a3adb797bcd6cae1d3df26e3eead5da96b212485b274bdf3?s=96&d=mm&r=g","caption":"Riu Hotels"},"url":"https:\/\/www.riu.com\/blog\/de\/author\/riu\/"}]}},"_links":{"self":[{"href":"https:\/\/www.riu.com\/blog\/de\/wp-json\/wp\/v2\/posts\/26397","targetHints":{"allow":["GET"]}}],"collection":[{"href":"https:\/\/www.riu.com\/blog\/de\/wp-json\/wp\/v2\/posts"}],"about":[{"href":"https:\/\/www.riu.com\/blog\/de\/wp-json\/wp\/v2\/types\/post"}],"author":[{"embeddable":true,"href":"https:\/\/www.riu.com\/blog\/de\/wp-json\/wp\/v2\/users\/3"}],"replies":[{"embeddable":true,"href":"https:\/\/www.riu.com\/blog\/de\/wp-json\/wp\/v2\/comments?post=26397"}],"version-history":[{"count":2,"href":"https:\/\/www.riu.com\/blog\/de\/wp-json\/wp\/v2\/posts\/26397\/revisions"}],"predecessor-version":[{"id":26412,"href":"https:\/\/www.riu.com\/blog\/de\/wp-json\/wp\/v2\/posts\/26397\/revisions\/26412"}],"wp:featuredmedia":[{"embeddable":true,"href":"https:\/\/www.riu.com\/blog\/de\/wp-json\/wp\/v2\/media\/26388"}],"wp:attachment":[{"href":"https:\/\/www.riu.com\/blog\/de\/wp-json\/wp\/v2\/media?parent=26397"}],"wp:term":[{"taxonomy":"category","embeddable":true,"href":"https:\/\/www.riu.com\/blog\/de\/wp-json\/wp\/v2\/categories?post=26397"},{"taxonomy":"post_tag","embeddable":true,"href":"https:\/\/www.riu.com\/blog\/de\/wp-json\/wp\/v2\/tags?post=26397"}],"curies":[{"name":"wp","href":"https:\/\/api.w.org\/{rel}","templated":true}]}}