{"id":2718,"date":"2017-03-17T16:35:14","date_gmt":"2017-03-17T15:35:14","guid":{"rendered":"http:\/\/www.riu.com\/blog\/?p=2718\/"},"modified":"2017-03-17T16:35:14","modified_gmt":"2017-03-17T15:35:14","slug":"riu-wuerdigt-in-playa-del-carmen-seine-mitarbeiter-mit-mehr-als-15-dienstjahren","status":"publish","type":"post","link":"https:\/\/www.riu.com\/blog\/de\/riu-wuerdigt-in-playa-del-carmen-seine-mitarbeiter-mit-mehr-als-15-dienstjahren\/","title":{"rendered":"RIU w\u00fcrdigt in Playa del Carmen seine Mitarbeiter mit mehr als 15 Dienstjahren"},"content":{"rendered":"<p>Die Mitarbeiter sind f\u00fcr RIU der Grundpfeiler der Unternehmensphilosophie, unseren G\u00e4sten den besten Service zu bieten. Aus diesem Grund wollten wir unsere Mitarbeiter mit mehr als 15 Dienstjahren in unseren Hotels in Playa del Carmen eine Auszeichnung verleihen.<\/p>\n<p>Die T\u00e4tigkeit der Mitarbeiter in den Hotels ist von gro\u00dfer Bedeutung, weil sie die Grundlage daf\u00fcr darstellt, den G\u00e4sten die beste Betreuung und den besten Service zu bieten. Deshalb haben wir unsere dienst\u00e4ltesten Mitarbeiter in Playa del Carmen f\u00fcr ihren Einsatz gew\u00fcrdigt.<\/p>\n<p>Im Riu Yucatan, Riu Palace Mexico und Riu Playacar wurde f\u00fcr die gefeierten Mitarbeiter, ihre Partner und Angeh\u00f6rigen ein Abendessen organisiert. Dabei wurde ihnen zur Erinnerung an den Abend ein Zeugnis von RIU ausgeh\u00e4ndigt und wir haben diese Fotos aufgenommen, um euch von dieser besonderen Veranstaltung zu berichten.<\/p>\n<p>Die Mitglieder der Hotel-Teams sind daf\u00fcr zust\u00e4ndig, unseren G\u00e4sten die Werte unserer Marke zu vermitteln. Wir m\u00f6chten von unserer Seite allen zu dieser Anerkennung gratulieren und euch danken, dass ihr eure Erfahrung und euer Wissen mit dem Rest des RIU-Teams teilt.<\/p>\n<p><a href=\"http:\/\/www.riu.com\/blog\/wp-content\/uploads\/2017\/03\/CAR-21.02.17-CENA-COLABORADORES-XV-A\u00d1OS-45.jpg\"><img loading=\"lazy\" decoding=\"async\" class=\"alignnone size-large wp-image-2707\" src=\"http:\/\/www.riu.com\/blog\/wp-content\/uploads\/2017\/03\/CAR-21.02.17-CENA-COLABORADORES-XV-A\u00d1OS-45-1024x683.jpg\" alt=\"\" width=\"1024\" height=\"683\" srcset=\"https:\/\/www.riu.com\/blog\/wp-content\/uploads\/2017\/03\/CAR-21.02.17-CENA-COLABORADORES-XV-A\u00d1OS-45-1024x683.jpg 1024w, https:\/\/www.riu.com\/blog\/wp-content\/uploads\/2017\/03\/CAR-21.02.17-CENA-COLABORADORES-XV-A\u00d1OS-45-250x167.jpg 250w, https:\/\/www.riu.com\/blog\/wp-content\/uploads\/2017\/03\/CAR-21.02.17-CENA-COLABORADORES-XV-A\u00d1OS-45-700x467.jpg 700w, https:\/\/www.riu.com\/blog\/wp-content\/uploads\/2017\/03\/CAR-21.02.17-CENA-COLABORADORES-XV-A\u00d1OS-45-120x80.jpg 120w, https:\/\/www.riu.com\/blog\/wp-content\/uploads\/2017\/03\/CAR-21.02.17-CENA-COLABORADORES-XV-A\u00d1OS-45-768x512.jpg 768w, https:\/\/www.riu.com\/blog\/wp-content\/uploads\/2017\/03\/CAR-21.02.17-CENA-COLABORADORES-XV-A\u00d1OS-45-300x200.jpg 300w, https:\/\/www.riu.com\/blog\/wp-content\/uploads\/2017\/03\/CAR-21.02.17-CENA-COLABORADORES-XV-A\u00d1OS-45.jpg 2048w\" sizes=\"auto, (max-width: 1024px) 100vw, 1024px\" \/><\/a><\/p>\n<p><a href=\"http:\/\/www.riu.com\/blog\/wp-content\/uploads\/2017\/03\/IMG_6871-copia.jpg\"><img loading=\"lazy\" decoding=\"async\" class=\"size-large wp-image-2714 aligncenter\" src=\"http:\/\/www.riu.com\/blog\/wp-content\/uploads\/2017\/03\/IMG_6871-copia-608x1024.jpg\" alt=\"\" width=\"608\" height=\"1024\" srcset=\"https:\/\/www.riu.com\/blog\/wp-content\/uploads\/2017\/03\/IMG_6871-copia-608x1024.jpg 608w, https:\/\/www.riu.com\/blog\/wp-content\/uploads\/2017\/03\/IMG_6871-copia-250x421.jpg 250w, https:\/\/www.riu.com\/blog\/wp-content\/uploads\/2017\/03\/IMG_6871-copia-700x1178.jpg 700w, https:\/\/www.riu.com\/blog\/wp-content\/uploads\/2017\/03\/IMG_6871-copia-120x202.jpg 120w, https:\/\/www.riu.com\/blog\/wp-content\/uploads\/2017\/03\/IMG_6871-copia-768x1293.jpg 768w, https:\/\/www.riu.com\/blog\/wp-content\/uploads\/2017\/03\/IMG_6871-copia-178x300.jpg 178w, https:\/\/www.riu.com\/blog\/wp-content\/uploads\/2017\/03\/IMG_6871-copia.jpg 1209w\" sizes=\"auto, (max-width: 608px) 100vw, 608px\" \/><\/a><\/p>\n<p><a href=\"http:\/\/www.riu.com\/blog\/wp-content\/uploads\/2017\/03\/CAR-21.02.17-CENA-COLABORADORES-XV-A\u00d1OS-14.jpg\"><img loading=\"lazy\" decoding=\"async\" class=\"alignnone size-large wp-image-2708\" src=\"http:\/\/www.riu.com\/blog\/wp-content\/uploads\/2017\/03\/CAR-21.02.17-CENA-COLABORADORES-XV-A\u00d1OS-14-1024x683.jpg\" alt=\"\" width=\"1024\" height=\"683\" srcset=\"https:\/\/www.riu.com\/blog\/wp-content\/uploads\/2017\/03\/CAR-21.02.17-CENA-COLABORADORES-XV-A\u00d1OS-14-1024x683.jpg 1024w, https:\/\/www.riu.com\/blog\/wp-content\/uploads\/2017\/03\/CAR-21.02.17-CENA-COLABORADORES-XV-A\u00d1OS-14-250x167.jpg 250w, https:\/\/www.riu.com\/blog\/wp-content\/uploads\/2017\/03\/CAR-21.02.17-CENA-COLABORADORES-XV-A\u00d1OS-14-700x467.jpg 700w, https:\/\/www.riu.com\/blog\/wp-content\/uploads\/2017\/03\/CAR-21.02.17-CENA-COLABORADORES-XV-A\u00d1OS-14-120x80.jpg 120w, https:\/\/www.riu.com\/blog\/wp-content\/uploads\/2017\/03\/CAR-21.02.17-CENA-COLABORADORES-XV-A\u00d1OS-14-768x512.jpg 768w, https:\/\/www.riu.com\/blog\/wp-content\/uploads\/2017\/03\/CAR-21.02.17-CENA-COLABORADORES-XV-A\u00d1OS-14-300x200.jpg 300w, https:\/\/www.riu.com\/blog\/wp-content\/uploads\/2017\/03\/CAR-21.02.17-CENA-COLABORADORES-XV-A\u00d1OS-14.jpg 2048w\" sizes=\"auto, (max-width: 1024px) 100vw, 1024px\" \/><\/a><\/p>\n<p><a href=\"http:\/\/www.riu.com\/blog\/wp-content\/uploads\/2017\/03\/CAR-21.02.17-CENA-COLABORADORES-XV-A\u00d1OS-32.jpg\"><img loading=\"lazy\" decoding=\"async\" class=\"alignnone size-large wp-image-2709\" src=\"http:\/\/www.riu.com\/blog\/wp-content\/uploads\/2017\/03\/CAR-21.02.17-CENA-COLABORADORES-XV-A\u00d1OS-32-1024x683.jpg\" alt=\"\" width=\"1024\" height=\"683\" srcset=\"https:\/\/www.riu.com\/blog\/wp-content\/uploads\/2017\/03\/CAR-21.02.17-CENA-COLABORADORES-XV-A\u00d1OS-32-1024x683.jpg 1024w, https:\/\/www.riu.com\/blog\/wp-content\/uploads\/2017\/03\/CAR-21.02.17-CENA-COLABORADORES-XV-A\u00d1OS-32-250x167.jpg 250w, https:\/\/www.riu.com\/blog\/wp-content\/uploads\/2017\/03\/CAR-21.02.17-CENA-COLABORADORES-XV-A\u00d1OS-32-700x467.jpg 700w, https:\/\/www.riu.com\/blog\/wp-content\/uploads\/2017\/03\/CAR-21.02.17-CENA-COLABORADORES-XV-A\u00d1OS-32-120x80.jpg 120w, https:\/\/www.riu.com\/blog\/wp-content\/uploads\/2017\/03\/CAR-21.02.17-CENA-COLABORADORES-XV-A\u00d1OS-32-768x512.jpg 768w, https:\/\/www.riu.com\/blog\/wp-content\/uploads\/2017\/03\/CAR-21.02.17-CENA-COLABORADORES-XV-A\u00d1OS-32-300x200.jpg 300w, https:\/\/www.riu.com\/blog\/wp-content\/uploads\/2017\/03\/CAR-21.02.17-CENA-COLABORADORES-XV-A\u00d1OS-32.jpg 2048w\" sizes=\"auto, (max-width: 1024px) 100vw, 1024px\" \/><\/a><\/p>\n<p><a href=\"http:\/\/www.riu.com\/blog\/wp-content\/uploads\/2017\/03\/IMG_1671.jpg\"><img loading=\"lazy\" decoding=\"async\" class=\"size-large wp-image-2712 aligncenter\" src=\"http:\/\/www.riu.com\/blog\/wp-content\/uploads\/2017\/03\/IMG_1671-683x1024.jpg\" alt=\"\" width=\"683\" height=\"1024\" srcset=\"https:\/\/www.riu.com\/blog\/wp-content\/uploads\/2017\/03\/IMG_1671-683x1024.jpg 683w, https:\/\/www.riu.com\/blog\/wp-content\/uploads\/2017\/03\/IMG_1671-250x375.jpg 250w, https:\/\/www.riu.com\/blog\/wp-content\/uploads\/2017\/03\/IMG_1671-700x1050.jpg 700w, https:\/\/www.riu.com\/blog\/wp-content\/uploads\/2017\/03\/IMG_1671-120x180.jpg 120w, https:\/\/www.riu.com\/blog\/wp-content\/uploads\/2017\/03\/IMG_1671-768x1152.jpg 768w, https:\/\/www.riu.com\/blog\/wp-content\/uploads\/2017\/03\/IMG_1671-200x300.jpg 200w\" sizes=\"auto, (max-width: 683px) 100vw, 683px\" \/><\/a><\/p>\n<p><a href=\"http:\/\/www.riu.com\/blog\/wp-content\/uploads\/2017\/03\/IMG_1635.jpg\"><img loading=\"lazy\" decoding=\"async\" class=\"alignnone size-large wp-image-2711\" src=\"http:\/\/www.riu.com\/blog\/wp-content\/uploads\/2017\/03\/IMG_1635-1024x683.jpg\" alt=\"\" width=\"1024\" height=\"683\" srcset=\"https:\/\/www.riu.com\/blog\/wp-content\/uploads\/2017\/03\/IMG_1635-1024x683.jpg 1024w, https:\/\/www.riu.com\/blog\/wp-content\/uploads\/2017\/03\/IMG_1635-250x167.jpg 250w, https:\/\/www.riu.com\/blog\/wp-content\/uploads\/2017\/03\/IMG_1635-700x467.jpg 700w, https:\/\/www.riu.com\/blog\/wp-content\/uploads\/2017\/03\/IMG_1635-120x80.jpg 120w, https:\/\/www.riu.com\/blog\/wp-content\/uploads\/2017\/03\/IMG_1635-768x512.jpg 768w, https:\/\/www.riu.com\/blog\/wp-content\/uploads\/2017\/03\/IMG_1635-300x200.jpg 300w\" sizes=\"auto, (max-width: 1024px) 100vw, 1024px\" \/><\/a><\/p>\n<p><a href=\"http:\/\/www.riu.com\/blog\/wp-content\/uploads\/2017\/03\/IMG_6868-copia.jpg\"><img loading=\"lazy\" decoding=\"async\" class=\"alignnone size-large wp-image-2713\" src=\"http:\/\/www.riu.com\/blog\/wp-content\/uploads\/2017\/03\/IMG_6868-copia-793x1024.jpg\" alt=\"\" width=\"793\" height=\"1024\" srcset=\"https:\/\/www.riu.com\/blog\/wp-content\/uploads\/2017\/03\/IMG_6868-copia-793x1024.jpg 793w, https:\/\/www.riu.com\/blog\/wp-content\/uploads\/2017\/03\/IMG_6868-copia-250x323.jpg 250w, https:\/\/www.riu.com\/blog\/wp-content\/uploads\/2017\/03\/IMG_6868-copia-700x904.jpg 700w, https:\/\/www.riu.com\/blog\/wp-content\/uploads\/2017\/03\/IMG_6868-copia-120x155.jpg 120w, https:\/\/www.riu.com\/blog\/wp-content\/uploads\/2017\/03\/IMG_6868-copia-768x991.jpg 768w, https:\/\/www.riu.com\/blog\/wp-content\/uploads\/2017\/03\/IMG_6868-copia-232x300.jpg 232w, https:\/\/www.riu.com\/blog\/wp-content\/uploads\/2017\/03\/IMG_6868-copia.jpg 1787w\" sizes=\"auto, (max-width: 793px) 100vw, 793px\" \/><\/a><\/p>\n<p><a href=\"http:\/\/www.riu.com\/blog\/wp-content\/uploads\/2017\/03\/CAR-21.02.17-CENA-COLABORADORES-XV-A\u00d1OS-72.jpg\"><img loading=\"lazy\" decoding=\"async\" class=\"alignnone size-large wp-image-2710\" src=\"http:\/\/www.riu.com\/blog\/wp-content\/uploads\/2017\/03\/CAR-21.02.17-CENA-COLABORADORES-XV-A\u00d1OS-72-1024x683.jpg\" alt=\"\" width=\"1024\" height=\"683\" srcset=\"https:\/\/www.riu.com\/blog\/wp-content\/uploads\/2017\/03\/CAR-21.02.17-CENA-COLABORADORES-XV-A\u00d1OS-72-1024x683.jpg 1024w, https:\/\/www.riu.com\/blog\/wp-content\/uploads\/2017\/03\/CAR-21.02.17-CENA-COLABORADORES-XV-A\u00d1OS-72-250x167.jpg 250w, https:\/\/www.riu.com\/blog\/wp-content\/uploads\/2017\/03\/CAR-21.02.17-CENA-COLABORADORES-XV-A\u00d1OS-72-700x467.jpg 700w, https:\/\/www.riu.com\/blog\/wp-content\/uploads\/2017\/03\/CAR-21.02.17-CENA-COLABORADORES-XV-A\u00d1OS-72-120x80.jpg 120w, https:\/\/www.riu.com\/blog\/wp-content\/uploads\/2017\/03\/CAR-21.02.17-CENA-COLABORADORES-XV-A\u00d1OS-72-768x512.jpg 768w, https:\/\/www.riu.com\/blog\/wp-content\/uploads\/2017\/03\/CAR-21.02.17-CENA-COLABORADORES-XV-A\u00d1OS-72-300x200.jpg 300w, https:\/\/www.riu.com\/blog\/wp-content\/uploads\/2017\/03\/CAR-21.02.17-CENA-COLABORADORES-XV-A\u00d1OS-72.jpg 2048w\" sizes=\"auto, (max-width: 1024px) 100vw, 1024px\" \/><\/a><\/p>\n","protected":false},"excerpt":{"rendered":"Die Mitarbeiter sind f\u00fcr RIU der Grundpfeiler der Unternehmensphilosophie, unseren G\u00e4sten den besten Service zu bieten. Aus diesem Grund wollten wir unsere Mitarbeiter mit mehr als 15 Dienstjahren in unseren Hotels in Playa del Carmen eine Auszeichnung verleihen. Die T\u00e4tigkeit der Mitarbeiter in den Hotels ist von gro\u00dfer Bedeutung, weil sie die Grundlage daf\u00fcr darstellt,&#8230;","protected":false},"author":3,"featured_media":2707,"comment_status":"open","ping_status":"closed","sticky":false,"template":"","format":"standard","meta":{"_acf_changed":false,"footnotes":""},"categories":[],"tags":[],"class_list":["post-2718","post","type-post","status-publish","format-standard","has-post-thumbnail","hentry"],"acf":[],"yoast_head":"<!-- This site is optimized with the Yoast SEO plugin v27.2 - https:\/\/yoast.com\/product\/yoast-seo-wordpress\/ -->\n<title>RIU w\u00fcrdigt in Playa del Carmen seine Mitarbeiter mit mehr als 15 Dienstjahren<\/title>\n<meta name=\"description\" content=\"Wollten wir unsere Mitarbeiter mit mehr als 15 Dienstjahren in unseren Hotels in Playa del Carmen eine Auszeichnung verleihen.\" \/>\n<meta name=\"robots\" content=\"index, follow, max-snippet:-1, max-image-preview:large, max-video-preview:-1\" \/>\n<link rel=\"canonical\" href=\"https:\/\/www.riu.com\/blog\/de\/riu-wuerdigt-in-playa-del-carmen-seine-mitarbeiter-mit-mehr-als-15-dienstjahren\/\" \/>\n<meta property=\"og:locale\" content=\"de_DE\" \/>\n<meta property=\"og:type\" content=\"article\" \/>\n<meta property=\"og:title\" content=\"RIU w\u00fcrdigt in Playa del Carmen seine Mitarbeiter mit mehr als 15 Dienstjahren\" \/>\n<meta property=\"og:description\" content=\"Wollten wir unsere Mitarbeiter mit mehr als 15 Dienstjahren in unseren Hotels in Playa del Carmen eine Auszeichnung verleihen.\" \/>\n<meta property=\"og:url\" content=\"https:\/\/www.riu.com\/blog\/de\/riu-wuerdigt-in-playa-del-carmen-seine-mitarbeiter-mit-mehr-als-15-dienstjahren\/\" \/>\n<meta property=\"og:site_name\" content=\"RIU.com | Blog\" \/>\n<meta property=\"article:published_time\" content=\"2017-03-17T15:35:14+00:00\" \/>\n<meta property=\"og:image\" content=\"https:\/\/www.riu.com\/blog\/wp-content\/uploads\/2017\/03\/CAR-21.02.17-CENA-COLABORADORES-XV-A\u00d1OS-45.jpg\" \/>\n\t<meta property=\"og:image:width\" content=\"2048\" \/>\n\t<meta property=\"og:image:height\" content=\"1365\" \/>\n\t<meta property=\"og:image:type\" content=\"image\/jpeg\" \/>\n<meta name=\"author\" content=\"Riu Hotels\" \/>\n<meta name=\"twitter:card\" content=\"summary_large_image\" \/>\n<meta name=\"twitter:label1\" content=\"Verfasst von\" \/>\n\t<meta name=\"twitter:data1\" content=\"Riu Hotels\" \/>\n\t<meta name=\"twitter:label2\" content=\"Gesch\u00e4tzte Lesezeit\" \/>\n\t<meta name=\"twitter:data2\" content=\"1\u00a0Minute\" \/>\n<script type=\"application\/ld+json\" class=\"yoast-schema-graph\">{\"@context\":\"https:\/\/schema.org\",\"@graph\":[{\"@type\":\"NewsArticle\",\"@id\":\"https:\/\/www.riu.com\/blog\/de\/riu-wuerdigt-in-playa-del-carmen-seine-mitarbeiter-mit-mehr-als-15-dienstjahren\/#article\",\"isPartOf\":{\"@id\":\"https:\/\/www.riu.com\/blog\/de\/riu-wuerdigt-in-playa-del-carmen-seine-mitarbeiter-mit-mehr-als-15-dienstjahren\/\"},\"author\":{\"name\":\"Riu Hotels\",\"@id\":\"https:\/\/www.riu.com\/blog\/de\/#\/schema\/person\/0d2e827ad7e2aee20a09a05bdc3fb45f\"},\"headline\":\"RIU w\u00fcrdigt in Playa del Carmen seine Mitarbeiter mit mehr als 15 Dienstjahren\",\"datePublished\":\"2017-03-17T15:35:14+00:00\",\"mainEntityOfPage\":{\"@id\":\"https:\/\/www.riu.com\/blog\/de\/riu-wuerdigt-in-playa-del-carmen-seine-mitarbeiter-mit-mehr-als-15-dienstjahren\/\"},\"wordCount\":197,\"commentCount\":0,\"image\":{\"@id\":\"https:\/\/www.riu.com\/blog\/de\/riu-wuerdigt-in-playa-del-carmen-seine-mitarbeiter-mit-mehr-als-15-dienstjahren\/#primaryimage\"},\"thumbnailUrl\":\"https:\/\/www.riu.com\/blog\/wp-content\/uploads\/2017\/03\/CAR-21.02.17-CENA-COLABORADORES-XV-A\u00d1OS-45.jpg\",\"inLanguage\":\"de\",\"potentialAction\":[{\"@type\":\"CommentAction\",\"name\":\"Comment\",\"target\":[\"https:\/\/www.riu.com\/blog\/de\/riu-wuerdigt-in-playa-del-carmen-seine-mitarbeiter-mit-mehr-als-15-dienstjahren\/#respond\"]}]},{\"@type\":[\"WebPage\",\"ItemPage\"],\"@id\":\"https:\/\/www.riu.com\/blog\/de\/riu-wuerdigt-in-playa-del-carmen-seine-mitarbeiter-mit-mehr-als-15-dienstjahren\/\",\"url\":\"https:\/\/www.riu.com\/blog\/de\/riu-wuerdigt-in-playa-del-carmen-seine-mitarbeiter-mit-mehr-als-15-dienstjahren\/\",\"name\":\"RIU w\u00fcrdigt in Playa del Carmen seine Mitarbeiter mit mehr als 15 Dienstjahren\",\"isPartOf\":{\"@id\":\"https:\/\/www.riu.com\/blog\/de\/#website\"},\"primaryImageOfPage\":{\"@id\":\"https:\/\/www.riu.com\/blog\/de\/riu-wuerdigt-in-playa-del-carmen-seine-mitarbeiter-mit-mehr-als-15-dienstjahren\/#primaryimage\"},\"image\":{\"@id\":\"https:\/\/www.riu.com\/blog\/de\/riu-wuerdigt-in-playa-del-carmen-seine-mitarbeiter-mit-mehr-als-15-dienstjahren\/#primaryimage\"},\"thumbnailUrl\":\"https:\/\/www.riu.com\/blog\/wp-content\/uploads\/2017\/03\/CAR-21.02.17-CENA-COLABORADORES-XV-A\u00d1OS-45.jpg\",\"datePublished\":\"2017-03-17T15:35:14+00:00\",\"author\":{\"@id\":\"https:\/\/www.riu.com\/blog\/de\/#\/schema\/person\/0d2e827ad7e2aee20a09a05bdc3fb45f\"},\"description\":\"Wollten wir unsere Mitarbeiter mit mehr als 15 Dienstjahren in unseren Hotels in Playa del Carmen eine Auszeichnung verleihen.\",\"breadcrumb\":{\"@id\":\"https:\/\/www.riu.com\/blog\/de\/riu-wuerdigt-in-playa-del-carmen-seine-mitarbeiter-mit-mehr-als-15-dienstjahren\/#breadcrumb\"},\"inLanguage\":\"de\",\"potentialAction\":[{\"@type\":\"ReadAction\",\"target\":[\"https:\/\/www.riu.com\/blog\/de\/riu-wuerdigt-in-playa-del-carmen-seine-mitarbeiter-mit-mehr-als-15-dienstjahren\/\"]}]},{\"@type\":\"ImageObject\",\"inLanguage\":\"de\",\"@id\":\"https:\/\/www.riu.com\/blog\/de\/riu-wuerdigt-in-playa-del-carmen-seine-mitarbeiter-mit-mehr-als-15-dienstjahren\/#primaryimage\",\"url\":\"https:\/\/www.riu.com\/blog\/wp-content\/uploads\/2017\/03\/CAR-21.02.17-CENA-COLABORADORES-XV-A\u00d1OS-45.jpg\",\"contentUrl\":\"https:\/\/www.riu.com\/blog\/wp-content\/uploads\/2017\/03\/CAR-21.02.17-CENA-COLABORADORES-XV-A\u00d1OS-45.jpg\",\"width\":2048,\"height\":1365},{\"@type\":\"BreadcrumbList\",\"@id\":\"https:\/\/www.riu.com\/blog\/de\/riu-wuerdigt-in-playa-del-carmen-seine-mitarbeiter-mit-mehr-als-15-dienstjahren\/#breadcrumb\",\"itemListElement\":[{\"@type\":\"ListItem\",\"position\":1,\"name\":\"Portada\",\"item\":\"https:\/\/www.riu.com\/blog\/de\/\"},{\"@type\":\"ListItem\",\"position\":2,\"name\":\"RIU w\u00fcrdigt in Playa del Carmen seine Mitarbeiter mit mehr als 15 Dienstjahren\"}]},{\"@type\":\"WebSite\",\"@id\":\"https:\/\/www.riu.com\/blog\/de\/#website\",\"url\":\"https:\/\/www.riu.com\/blog\/de\/\",\"name\":\"RIU.com | Blog\",\"description\":\"Blog de Riu Hotels &amp; Resorts | Noticias exclusivas de la cadena Riu Hotels &amp; Resorts | Hoteles en Espa\u00f1a, M\u00e9xico, Jamaica, Rep\u00fablica Dominicana, Portugal, Miami y muchos m\u00e1s.\",\"potentialAction\":[{\"@type\":\"SearchAction\",\"target\":{\"@type\":\"EntryPoint\",\"urlTemplate\":\"https:\/\/www.riu.com\/blog\/de\/?s={search_term_string}\"},\"query-input\":{\"@type\":\"PropertyValueSpecification\",\"valueRequired\":true,\"valueName\":\"search_term_string\"}}],\"inLanguage\":\"de\"},{\"@type\":\"Person\",\"@id\":\"https:\/\/www.riu.com\/blog\/de\/#\/schema\/person\/0d2e827ad7e2aee20a09a05bdc3fb45f\",\"name\":\"Riu Hotels\",\"image\":{\"@type\":\"ImageObject\",\"inLanguage\":\"de\",\"@id\":\"https:\/\/secure.gravatar.com\/avatar\/1845185f5dc0c5d7a3adb797bcd6cae1d3df26e3eead5da96b212485b274bdf3?s=96&d=mm&r=g\",\"url\":\"https:\/\/secure.gravatar.com\/avatar\/1845185f5dc0c5d7a3adb797bcd6cae1d3df26e3eead5da96b212485b274bdf3?s=96&d=mm&r=g\",\"contentUrl\":\"https:\/\/secure.gravatar.com\/avatar\/1845185f5dc0c5d7a3adb797bcd6cae1d3df26e3eead5da96b212485b274bdf3?s=96&d=mm&r=g\",\"caption\":\"Riu Hotels\"},\"url\":\"https:\/\/www.riu.com\/blog\/de\/author\/riu\/\"}]}<\/script>\n<!-- \/ Yoast SEO plugin. -->","yoast_head_json":{"title":"RIU w\u00fcrdigt in Playa del Carmen seine Mitarbeiter mit mehr als 15 Dienstjahren","description":"Wollten wir unsere Mitarbeiter mit mehr als 15 Dienstjahren in unseren Hotels in Playa del Carmen eine Auszeichnung verleihen.","robots":{"index":"index","follow":"follow","max-snippet":"max-snippet:-1","max-image-preview":"max-image-preview:large","max-video-preview":"max-video-preview:-1"},"canonical":"https:\/\/www.riu.com\/blog\/de\/riu-wuerdigt-in-playa-del-carmen-seine-mitarbeiter-mit-mehr-als-15-dienstjahren\/","og_locale":"de_DE","og_type":"article","og_title":"RIU w\u00fcrdigt in Playa del Carmen seine Mitarbeiter mit mehr als 15 Dienstjahren","og_description":"Wollten wir unsere Mitarbeiter mit mehr als 15 Dienstjahren in unseren Hotels in Playa del Carmen eine Auszeichnung verleihen.","og_url":"https:\/\/www.riu.com\/blog\/de\/riu-wuerdigt-in-playa-del-carmen-seine-mitarbeiter-mit-mehr-als-15-dienstjahren\/","og_site_name":"RIU.com | Blog","article_published_time":"2017-03-17T15:35:14+00:00","og_image":[{"width":2048,"height":1365,"url":"https:\/\/www.riu.com\/blog\/wp-content\/uploads\/2017\/03\/CAR-21.02.17-CENA-COLABORADORES-XV-A\u00d1OS-45.jpg","type":"image\/jpeg"}],"author":"Riu Hotels","twitter_card":"summary_large_image","twitter_misc":{"Verfasst von":"Riu Hotels","Gesch\u00e4tzte Lesezeit":"1\u00a0Minute"},"schema":{"@context":"https:\/\/schema.org","@graph":[{"@type":"NewsArticle","@id":"https:\/\/www.riu.com\/blog\/de\/riu-wuerdigt-in-playa-del-carmen-seine-mitarbeiter-mit-mehr-als-15-dienstjahren\/#article","isPartOf":{"@id":"https:\/\/www.riu.com\/blog\/de\/riu-wuerdigt-in-playa-del-carmen-seine-mitarbeiter-mit-mehr-als-15-dienstjahren\/"},"author":{"name":"Riu Hotels","@id":"https:\/\/www.riu.com\/blog\/de\/#\/schema\/person\/0d2e827ad7e2aee20a09a05bdc3fb45f"},"headline":"RIU w\u00fcrdigt in Playa del Carmen seine Mitarbeiter mit mehr als 15 Dienstjahren","datePublished":"2017-03-17T15:35:14+00:00","mainEntityOfPage":{"@id":"https:\/\/www.riu.com\/blog\/de\/riu-wuerdigt-in-playa-del-carmen-seine-mitarbeiter-mit-mehr-als-15-dienstjahren\/"},"wordCount":197,"commentCount":0,"image":{"@id":"https:\/\/www.riu.com\/blog\/de\/riu-wuerdigt-in-playa-del-carmen-seine-mitarbeiter-mit-mehr-als-15-dienstjahren\/#primaryimage"},"thumbnailUrl":"https:\/\/www.riu.com\/blog\/wp-content\/uploads\/2017\/03\/CAR-21.02.17-CENA-COLABORADORES-XV-A\u00d1OS-45.jpg","inLanguage":"de","potentialAction":[{"@type":"CommentAction","name":"Comment","target":["https:\/\/www.riu.com\/blog\/de\/riu-wuerdigt-in-playa-del-carmen-seine-mitarbeiter-mit-mehr-als-15-dienstjahren\/#respond"]}]},{"@type":["WebPage","ItemPage"],"@id":"https:\/\/www.riu.com\/blog\/de\/riu-wuerdigt-in-playa-del-carmen-seine-mitarbeiter-mit-mehr-als-15-dienstjahren\/","url":"https:\/\/www.riu.com\/blog\/de\/riu-wuerdigt-in-playa-del-carmen-seine-mitarbeiter-mit-mehr-als-15-dienstjahren\/","name":"RIU w\u00fcrdigt in Playa del Carmen seine Mitarbeiter mit mehr als 15 Dienstjahren","isPartOf":{"@id":"https:\/\/www.riu.com\/blog\/de\/#website"},"primaryImageOfPage":{"@id":"https:\/\/www.riu.com\/blog\/de\/riu-wuerdigt-in-playa-del-carmen-seine-mitarbeiter-mit-mehr-als-15-dienstjahren\/#primaryimage"},"image":{"@id":"https:\/\/www.riu.com\/blog\/de\/riu-wuerdigt-in-playa-del-carmen-seine-mitarbeiter-mit-mehr-als-15-dienstjahren\/#primaryimage"},"thumbnailUrl":"https:\/\/www.riu.com\/blog\/wp-content\/uploads\/2017\/03\/CAR-21.02.17-CENA-COLABORADORES-XV-A\u00d1OS-45.jpg","datePublished":"2017-03-17T15:35:14+00:00","author":{"@id":"https:\/\/www.riu.com\/blog\/de\/#\/schema\/person\/0d2e827ad7e2aee20a09a05bdc3fb45f"},"description":"Wollten wir unsere Mitarbeiter mit mehr als 15 Dienstjahren in unseren Hotels in Playa del Carmen eine Auszeichnung verleihen.","breadcrumb":{"@id":"https:\/\/www.riu.com\/blog\/de\/riu-wuerdigt-in-playa-del-carmen-seine-mitarbeiter-mit-mehr-als-15-dienstjahren\/#breadcrumb"},"inLanguage":"de","potentialAction":[{"@type":"ReadAction","target":["https:\/\/www.riu.com\/blog\/de\/riu-wuerdigt-in-playa-del-carmen-seine-mitarbeiter-mit-mehr-als-15-dienstjahren\/"]}]},{"@type":"ImageObject","inLanguage":"de","@id":"https:\/\/www.riu.com\/blog\/de\/riu-wuerdigt-in-playa-del-carmen-seine-mitarbeiter-mit-mehr-als-15-dienstjahren\/#primaryimage","url":"https:\/\/www.riu.com\/blog\/wp-content\/uploads\/2017\/03\/CAR-21.02.17-CENA-COLABORADORES-XV-A\u00d1OS-45.jpg","contentUrl":"https:\/\/www.riu.com\/blog\/wp-content\/uploads\/2017\/03\/CAR-21.02.17-CENA-COLABORADORES-XV-A\u00d1OS-45.jpg","width":2048,"height":1365},{"@type":"BreadcrumbList","@id":"https:\/\/www.riu.com\/blog\/de\/riu-wuerdigt-in-playa-del-carmen-seine-mitarbeiter-mit-mehr-als-15-dienstjahren\/#breadcrumb","itemListElement":[{"@type":"ListItem","position":1,"name":"Portada","item":"https:\/\/www.riu.com\/blog\/de\/"},{"@type":"ListItem","position":2,"name":"RIU w\u00fcrdigt in Playa del Carmen seine Mitarbeiter mit mehr als 15 Dienstjahren"}]},{"@type":"WebSite","@id":"https:\/\/www.riu.com\/blog\/de\/#website","url":"https:\/\/www.riu.com\/blog\/de\/","name":"RIU.com | Blog","description":"Blog de Riu Hotels &amp; Resorts | Noticias exclusivas de la cadena Riu Hotels &amp; Resorts | Hoteles en Espa\u00f1a, M\u00e9xico, Jamaica, Rep\u00fablica Dominicana, Portugal, Miami y muchos m\u00e1s.","potentialAction":[{"@type":"SearchAction","target":{"@type":"EntryPoint","urlTemplate":"https:\/\/www.riu.com\/blog\/de\/?s={search_term_string}"},"query-input":{"@type":"PropertyValueSpecification","valueRequired":true,"valueName":"search_term_string"}}],"inLanguage":"de"},{"@type":"Person","@id":"https:\/\/www.riu.com\/blog\/de\/#\/schema\/person\/0d2e827ad7e2aee20a09a05bdc3fb45f","name":"Riu Hotels","image":{"@type":"ImageObject","inLanguage":"de","@id":"https:\/\/secure.gravatar.com\/avatar\/1845185f5dc0c5d7a3adb797bcd6cae1d3df26e3eead5da96b212485b274bdf3?s=96&d=mm&r=g","url":"https:\/\/secure.gravatar.com\/avatar\/1845185f5dc0c5d7a3adb797bcd6cae1d3df26e3eead5da96b212485b274bdf3?s=96&d=mm&r=g","contentUrl":"https:\/\/secure.gravatar.com\/avatar\/1845185f5dc0c5d7a3adb797bcd6cae1d3df26e3eead5da96b212485b274bdf3?s=96&d=mm&r=g","caption":"Riu Hotels"},"url":"https:\/\/www.riu.com\/blog\/de\/author\/riu\/"}]}},"_links":{"self":[{"href":"https:\/\/www.riu.com\/blog\/de\/wp-json\/wp\/v2\/posts\/2718","targetHints":{"allow":["GET"]}}],"collection":[{"href":"https:\/\/www.riu.com\/blog\/de\/wp-json\/wp\/v2\/posts"}],"about":[{"href":"https:\/\/www.riu.com\/blog\/de\/wp-json\/wp\/v2\/types\/post"}],"author":[{"embeddable":true,"href":"https:\/\/www.riu.com\/blog\/de\/wp-json\/wp\/v2\/users\/3"}],"replies":[{"embeddable":true,"href":"https:\/\/www.riu.com\/blog\/de\/wp-json\/wp\/v2\/comments?post=2718"}],"version-history":[{"count":2,"href":"https:\/\/www.riu.com\/blog\/de\/wp-json\/wp\/v2\/posts\/2718\/revisions"}],"predecessor-version":[{"id":2720,"href":"https:\/\/www.riu.com\/blog\/de\/wp-json\/wp\/v2\/posts\/2718\/revisions\/2720"}],"wp:featuredmedia":[{"embeddable":true,"href":"https:\/\/www.riu.com\/blog\/de\/wp-json\/wp\/v2\/media\/2707"}],"wp:attachment":[{"href":"https:\/\/www.riu.com\/blog\/de\/wp-json\/wp\/v2\/media?parent=2718"}],"wp:term":[{"taxonomy":"category","embeddable":true,"href":"https:\/\/www.riu.com\/blog\/de\/wp-json\/wp\/v2\/categories?post=2718"},{"taxonomy":"post_tag","embeddable":true,"href":"https:\/\/www.riu.com\/blog\/de\/wp-json\/wp\/v2\/tags?post=2718"}],"curies":[{"name":"wp","href":"https:\/\/api.w.org\/{rel}","templated":true}]}}