{"id":45494,"date":"2026-09-03T12:55:07","date_gmt":"2026-09-03T10:55:07","guid":{"rendered":"https:\/\/www.riu.com\/blog\/?p=45494"},"modified":"2026-09-03T12:55:28","modified_gmt":"2026-09-03T10:55:28","slug":"riu-africa-avanza-salud-infantil-cabo-verde","status":"publish","type":"post","link":"https:\/\/www.riu.com\/blog\/de\/riu-africa-avanza-salud-infantil-cabo-verde\/","title":{"rendered":"Unser Engagement f\u00fcr Kap Verde: Medizinische Versorgung f\u00fcr Kinder auf Sal und Boa Vista"},"content":{"rendered":"\n<p class=\"wp-block-paragraph\">Bei <strong>RIU Hotels &amp; Resorts<\/strong> finanzieren wir zwei <strong>Consultorios Solidarios de Sa\u00fade Infantil (CSSI)<\/strong> auf den Inseln Sal und Boa Vista (Kap Verde) in Zusammenarbeit mit der NGO <strong>\u00c1frica Avanza<\/strong> und der <strong>Funda\u00e7\u00e3o Bem Estar, die deren Verwaltung \u00fcbernimmt<\/strong>. Diese medizinischen Einrichtungen bieten Tausenden von Kindern im Alter von 0 bis 13 Jahren eine kostenlose, universelle und dauerhafte medizinische Versorgung und st\u00e4rken damit das \u00f6ffentliche Gesundheitssystem des kapverdischen Archipels.<\/p>\n\n\n\n<h2 class=\"wp-block-heading\">Warum ist Kap Verde ein strategisch wichtiges und soziales Reiseziel f\u00fcr RIU Hotels?<\/h2>\n\n\n\n<p class=\"wp-block-paragraph\">Seit unserer ersten Ankunft auf der paradiesischen Insel Sal im Jahr 2005 hat sich Kap Verde zu einem ganz besonderen Reiseziel f\u00fcr die Kette entwickelt. Der Archipel repr\u00e4sentiert heute <strong>fast 10% unseres weltweiten Hotelangebots<\/strong> und umfasst sechs H\u00e4user, in denen wir t\u00e4glich die Herzlichkeit dieses Landes mit unseren G\u00e4sten teilen.<\/p>\n\n\n\n<figure data-wp-context=\"{&quot;galleryId&quot;:&quot;6a996d71b13a4&quot;}\" data-wp-interactive=\"core\/gallery\" class=\"wp-block-gallery has-nested-images columns-default is-cropped wp-block-gallery-1 is-layout-flex wp-block-gallery-is-layout-flex\">\n<figure data-wp-context=\"{&quot;imageId&quot;:&quot;6a996d71b2e76&quot;}\" data-wp-interactive=\"core\/image\" data-wp-key=\"6a996d71b2e76\" class=\"wp-block-image size-large wp-lightbox-container\"><img loading=\"lazy\" decoding=\"async\" width=\"6240\" height=\"4160\" data-wp-class--hide=\"state.isContentHidden\" data-wp-class--show=\"state.isContentVisible\" data-wp-init=\"callbacks.setButtonStyles\" data-wp-on--click=\"actions.showLightbox\" data-wp-on--load=\"callbacks.setButtonStyles\" data-wp-on--pointerdown=\"actions.preloadImage\" data-wp-on--pointerenter=\"actions.preloadImageWithDelay\" data-wp-on--pointerleave=\"actions.cancelPreload\" data-wp-on-window--resize=\"callbacks.setButtonStyles\" data-id=\"45486\" src=\"https:\/\/www.riu.com\/blog\/wp-content\/uploads\/2026\/09\/rueda-prensa-anual-cabo-verde.jpg\" alt=\"J\u00e4hrliche Pressekonferenz zur Pr\u00e4sentation der Ergebnisse von RIU auf Kap Verde\" class=\"wp-image-45486\"\/><button\n\t\t\tclass=\"lightbox-trigger\"\n\t\t\ttype=\"button\"\n\t\t\taria-haspopup=\"dialog\"\n\t\t\tdata-wp-bind--aria-label=\"state.thisImage.triggerButtonAriaLabel\"\n\t\t\tdata-wp-init=\"callbacks.initTriggerButton\"\n\t\t\tdata-wp-on--click=\"actions.showLightbox\"\n\t\t\tdata-wp-style--right=\"state.thisImage.buttonRight\"\n\t\t\tdata-wp-style--top=\"state.thisImage.buttonTop\"\n\t\t>\n\t\t\t<svg xmlns=\"http:\/\/www.w3.org\/2000\/svg\" width=\"12\" height=\"12\" fill=\"none\" viewBox=\"0 0 12 12\">\n\t\t\t\t<path fill=\"#fff\" d=\"M2 0a2 2 0 0 0-2 2v2h1.5V2a.5.5 0 0 1 .5-.5h2V0H2Zm2 10.5H2a.5.5 0 0 1-.5-.5V8H0v2a2 2 0 0 0 2 2h2v-1.5ZM8 12v-1.5h2a.5.5 0 0 0 .5-.5V8H12v2a2 2 0 0 1-2 2H8Zm2-12a2 2 0 0 1 2 2v2h-1.5V2a.5.5 0 0 0-.5-.5H8V0h2Z\" \/>\n\t\t\t<\/svg>\n\t\t<\/button><\/figure>\n\n\n\n<figure data-wp-context=\"{&quot;imageId&quot;:&quot;6a996d71b353b&quot;}\" data-wp-interactive=\"core\/image\" data-wp-key=\"6a996d71b353b\" class=\"wp-block-image size-large wp-lightbox-container\"><img loading=\"lazy\" decoding=\"async\" width=\"6240\" height=\"4160\" data-wp-class--hide=\"state.isContentHidden\" data-wp-class--show=\"state.isContentVisible\" data-wp-init=\"callbacks.setButtonStyles\" data-wp-on--click=\"actions.showLightbox\" data-wp-on--load=\"callbacks.setButtonStyles\" data-wp-on--pointerdown=\"actions.preloadImage\" data-wp-on--pointerenter=\"actions.preloadImageWithDelay\" data-wp-on--pointerleave=\"actions.cancelPreload\" data-wp-on-window--resize=\"callbacks.setButtonStyles\" data-id=\"45489\" src=\"https:\/\/www.riu.com\/blog\/wp-content\/uploads\/2026\/09\/catalina-alemany-directora-sostenibilidad.jpg\" alt=\"Catalina Alemany, Direktorin f\u00fcr Nachhaltigkeit bei RIU.\" class=\"wp-image-45489\"\/><button\n\t\t\tclass=\"lightbox-trigger\"\n\t\t\ttype=\"button\"\n\t\t\taria-haspopup=\"dialog\"\n\t\t\tdata-wp-bind--aria-label=\"state.thisImage.triggerButtonAriaLabel\"\n\t\t\tdata-wp-init=\"callbacks.initTriggerButton\"\n\t\t\tdata-wp-on--click=\"actions.showLightbox\"\n\t\t\tdata-wp-style--right=\"state.thisImage.buttonRight\"\n\t\t\tdata-wp-style--top=\"state.thisImage.buttonTop\"\n\t\t>\n\t\t\t<svg xmlns=\"http:\/\/www.w3.org\/2000\/svg\" width=\"12\" height=\"12\" fill=\"none\" viewBox=\"0 0 12 12\">\n\t\t\t\t<path fill=\"#fff\" d=\"M2 0a2 2 0 0 0-2 2v2h1.5V2a.5.5 0 0 1 .5-.5h2V0H2Zm2 10.5H2a.5.5 0 0 1-.5-.5V8H0v2a2 2 0 0 0 2 2h2v-1.5ZM8 12v-1.5h2a.5.5 0 0 0 .5-.5V8H12v2a2 2 0 0 1-2 2H8Zm2-12a2 2 0 0 1 2 2v2h-1.5V2a.5.5 0 0 0-.5-.5H8V0h2Z\" \/>\n\t\t\t<\/svg>\n\t\t<\/button><\/figure>\n\n\n\n<figure data-wp-context=\"{&quot;imageId&quot;:&quot;6a996d71b3a66&quot;}\" data-wp-interactive=\"core\/image\" data-wp-key=\"6a996d71b3a66\" class=\"wp-block-image size-large wp-lightbox-container\"><img loading=\"lazy\" decoding=\"async\" width=\"6240\" height=\"4160\" data-wp-class--hide=\"state.isContentHidden\" data-wp-class--show=\"state.isContentVisible\" data-wp-init=\"callbacks.setButtonStyles\" data-wp-on--click=\"actions.showLightbox\" data-wp-on--load=\"callbacks.setButtonStyles\" data-wp-on--pointerdown=\"actions.preloadImage\" data-wp-on--pointerenter=\"actions.preloadImageWithDelay\" data-wp-on--pointerleave=\"actions.cancelPreload\" data-wp-on-window--resize=\"callbacks.setButtonStyles\" data-id=\"45483\" src=\"https:\/\/www.riu.com\/blog\/wp-content\/uploads\/2026\/09\/rueda-de-prensa-anual-cabo-verde.jpg\" alt=\"Durchf\u00fchrung der j\u00e4hrlichen RIU-Pressekonferenz auf Kap Verde.\" class=\"wp-image-45483\"\/><button\n\t\t\tclass=\"lightbox-trigger\"\n\t\t\ttype=\"button\"\n\t\t\taria-haspopup=\"dialog\"\n\t\t\tdata-wp-bind--aria-label=\"state.thisImage.triggerButtonAriaLabel\"\n\t\t\tdata-wp-init=\"callbacks.initTriggerButton\"\n\t\t\tdata-wp-on--click=\"actions.showLightbox\"\n\t\t\tdata-wp-style--right=\"state.thisImage.buttonRight\"\n\t\t\tdata-wp-style--top=\"state.thisImage.buttonTop\"\n\t\t>\n\t\t\t<svg xmlns=\"http:\/\/www.w3.org\/2000\/svg\" width=\"12\" height=\"12\" fill=\"none\" viewBox=\"0 0 12 12\">\n\t\t\t\t<path fill=\"#fff\" d=\"M2 0a2 2 0 0 0-2 2v2h1.5V2a.5.5 0 0 1 .5-.5h2V0H2Zm2 10.5H2a.5.5 0 0 1-.5-.5V8H0v2a2 2 0 0 0 2 2h2v-1.5ZM8 12v-1.5h2a.5.5 0 0 0 .5-.5V8H12v2a2 2 0 0 1-2 2H8Zm2-12a2 2 0 0 1 2 2v2h-1.5V2a.5.5 0 0 0-.5-.5H8V0h2Z\" \/>\n\t\t\t<\/svg>\n\t\t<\/button><\/figure>\n<\/figure>\n\n\n\n<p class=\"wp-block-paragraph\">F\u00fcr RIU stehen die Menschen und die Umgebung, in der sich unsere Hotels befinden, an erster Stelle. Auf Kap Verde sind <strong>90% unserer Hotelmitarbeiter kapverdischer Herkunft<\/strong>, was unterstreicht, dass unser Wachstum stets mit dem Wohlergehen der Gemeinschaft einhergehen muss. Im Rahmen unserer globalen Nachhaltigkeitsstrategie <strong><a href=\"https:\/\/www.riu.com\/en\/proudly-committed\" target=\"_blank\" rel=\"noreferrer noopener\">Proudly Committed<\/a><\/strong> legen wir einen besonderen Schwerpunkt auf die Bereiche Kindheit und Gesundheit und f\u00f6rdern soziale Projekte mit echter Wirkung, wie etwa unsere langj\u00e4hrige Zusammenarbeit mit \u00c1frica Avanza im Land.<\/p>\n\n\n\n<h2 class=\"wp-block-heading\">Das Solidarit\u00e4ts-Gesundheitszentrum auf Sal: Unser erster gro\u00dfer Meilenstein in der Kindergesundheit<\/h2>\n\n\n\n<p class=\"wp-block-paragraph\">Im Jahr 2023 haben wir mit der Er\u00f6ffnung des ersten <strong>Consultorio Solidario de Sa\u00fade Infantil en la Isla de Sal<\/strong>, das sich im Centro Comunit\u00e1rio de Ch\u00e3 de Matias (Espargos) befindet, einen entscheidenden Schritt vollzogen. Dieses Zentrum wurde mit dem Ziel ins Leben gerufen, eine medizinische Nachsorge, Kontrolle und kostenlose Gesundheitsversorgung f\u00fcr sch\u00e4tzungsweise <strong>10.000 Kinder im Alter von 0 bis 13 Jahren<\/strong> zu gew\u00e4hrleisten.<\/p>\n\n\n\n<figure class=\"wp-block-gallery has-nested-images columns-default is-cropped wp-block-gallery-2 is-layout-flex wp-block-gallery-is-layout-flex\">\n<figure class=\"wp-block-image size-large\"><img loading=\"lazy\" decoding=\"async\" width=\"1920\" height=\"1080\" data-id=\"45479\" src=\"https:\/\/www.riu.com\/blog\/wp-content\/uploads\/2026\/09\/doctora-consultorio-solidario-salud-infantil-1.jpeg\" alt=\"Dr. Manuela Lima mit einer Patientin in der Kindergesundheitspraxis auf der Insel Sal.\" class=\"wp-image-45479\"\/><figcaption class=\"wp-element-caption\">Die Solidarit\u00e4ts-Kindergesundheitspraxis auf der Insel Sal er\u00f6ffnete im Jahr 2023 ihre T\u00fcren.<\/figcaption><\/figure>\n<\/figure>\n\n\n\n<p class=\"wp-block-paragraph\">Das Projekt verbindet die medizinische Grundversorgung vor Ort auf der Insel mit der Unterst\u00fctzung durch <strong>spezialisierte medizinische Missionen von <a href=\"https:\/\/africaavanza.org\/novedad-consultorio-pediatrico-solidario-para-cabo-verde\/\" target=\"_blank\" rel=\"noreferrer noopener\">\u00c1frica Avanza<\/a><\/strong> sowie Gesundheitseinrichtungen in Spanien. Seit seiner Inbetriebnahme hat das Zentrum <strong>erfolgreich mehr als 10.000 medizinische Konsultationen durchgef\u00fchrt<\/strong>, wobei komplexe F\u00e4lle bei Bedarf an die \u00f6ffentlichen Krankenh\u00e4user des nationalen Netzwerks \u00fcberwiesen wurden, um eine kontinuierliche pr\u00e4ventive Gesundheitsvorsorge zu gew\u00e4hrleisten.<\/p>\n\n\n\n<figure data-wp-context=\"{&quot;galleryId&quot;:&quot;6a996d71b48ba&quot;}\" data-wp-interactive=\"core\/gallery\" class=\"wp-block-gallery has-nested-images columns-default is-cropped wp-block-gallery-3 is-layout-flex wp-block-gallery-is-layout-flex\">\n<figure data-wp-context=\"{&quot;imageId&quot;:&quot;6a996d71b4d0b&quot;}\" data-wp-interactive=\"core\/image\" data-wp-key=\"6a996d71b4d0b\" class=\"wp-block-image size-large wp-lightbox-container\"><img loading=\"lazy\" decoding=\"async\" width=\"4032\" height=\"3024\" data-wp-class--hide=\"state.isContentHidden\" data-wp-class--show=\"state.isContentVisible\" data-wp-init=\"callbacks.setButtonStyles\" data-wp-on--click=\"actions.showLightbox\" data-wp-on--load=\"callbacks.setButtonStyles\" data-wp-on--pointerdown=\"actions.preloadImage\" data-wp-on--pointerenter=\"actions.preloadImageWithDelay\" data-wp-on--pointerleave=\"actions.cancelPreload\" data-wp-on-window--resize=\"callbacks.setButtonStyles\" data-id=\"45471\" src=\"https:\/\/www.riu.com\/blog\/wp-content\/uploads\/2026\/09\/consultorio-solidario-infantil-isla-de-sal.jpg\" alt=\"Sprechstunde von Dr. Manuela Lima auf der Insel Sal.\" class=\"wp-image-45471\"\/><button\n\t\t\tclass=\"lightbox-trigger\"\n\t\t\ttype=\"button\"\n\t\t\taria-haspopup=\"dialog\"\n\t\t\tdata-wp-bind--aria-label=\"state.thisImage.triggerButtonAriaLabel\"\n\t\t\tdata-wp-init=\"callbacks.initTriggerButton\"\n\t\t\tdata-wp-on--click=\"actions.showLightbox\"\n\t\t\tdata-wp-style--right=\"state.thisImage.buttonRight\"\n\t\t\tdata-wp-style--top=\"state.thisImage.buttonTop\"\n\t\t>\n\t\t\t<svg xmlns=\"http:\/\/www.w3.org\/2000\/svg\" width=\"12\" height=\"12\" fill=\"none\" viewBox=\"0 0 12 12\">\n\t\t\t\t<path fill=\"#fff\" d=\"M2 0a2 2 0 0 0-2 2v2h1.5V2a.5.5 0 0 1 .5-.5h2V0H2Zm2 10.5H2a.5.5 0 0 1-.5-.5V8H0v2a2 2 0 0 0 2 2h2v-1.5ZM8 12v-1.5h2a.5.5 0 0 0 .5-.5V8H12v2a2 2 0 0 1-2 2H8Zm2-12a2 2 0 0 1 2 2v2h-1.5V2a.5.5 0 0 0-.5-.5H8V0h2Z\" \/>\n\t\t\t<\/svg>\n\t\t<\/button><\/figure>\n\n\n\n<figure data-wp-context=\"{&quot;imageId&quot;:&quot;6a996d71b52fb&quot;}\" data-wp-interactive=\"core\/image\" data-wp-key=\"6a996d71b52fb\" class=\"wp-block-image size-large wp-lightbox-container\"><img loading=\"lazy\" decoding=\"async\" width=\"4032\" height=\"3024\" data-wp-class--hide=\"state.isContentHidden\" data-wp-class--show=\"state.isContentVisible\" data-wp-init=\"callbacks.setButtonStyles\" data-wp-on--click=\"actions.showLightbox\" data-wp-on--load=\"callbacks.setButtonStyles\" data-wp-on--pointerdown=\"actions.preloadImage\" data-wp-on--pointerenter=\"actions.preloadImageWithDelay\" data-wp-on--pointerleave=\"actions.cancelPreload\" data-wp-on-window--resize=\"callbacks.setButtonStyles\" data-id=\"45474\" src=\"https:\/\/www.riu.com\/blog\/wp-content\/uploads\/2026\/09\/isla-de-sal-consultorio-doctora.jpg\" alt=\"Dr. Manuela Lima mit einem Patienten in der Praxis auf der Insel Sal.\" class=\"wp-image-45474\"\/><button\n\t\t\tclass=\"lightbox-trigger\"\n\t\t\ttype=\"button\"\n\t\t\taria-haspopup=\"dialog\"\n\t\t\tdata-wp-bind--aria-label=\"state.thisImage.triggerButtonAriaLabel\"\n\t\t\tdata-wp-init=\"callbacks.initTriggerButton\"\n\t\t\tdata-wp-on--click=\"actions.showLightbox\"\n\t\t\tdata-wp-style--right=\"state.thisImage.buttonRight\"\n\t\t\tdata-wp-style--top=\"state.thisImage.buttonTop\"\n\t\t>\n\t\t\t<svg xmlns=\"http:\/\/www.w3.org\/2000\/svg\" width=\"12\" height=\"12\" fill=\"none\" viewBox=\"0 0 12 12\">\n\t\t\t\t<path fill=\"#fff\" d=\"M2 0a2 2 0 0 0-2 2v2h1.5V2a.5.5 0 0 1 .5-.5h2V0H2Zm2 10.5H2a.5.5 0 0 1-.5-.5V8H0v2a2 2 0 0 0 2 2h2v-1.5ZM8 12v-1.5h2a.5.5 0 0 0 .5-.5V8H12v2a2 2 0 0 1-2 2H8Zm2-12a2 2 0 0 1 2 2v2h-1.5V2a.5.5 0 0 0-.5-.5H8V0h2Z\" \/>\n\t\t\t<\/svg>\n\t\t<\/button><\/figure>\n<\/figure>\n\n\n\n<h2 class=\"wp-block-heading\"><strong>Wie funktioniert das neue Consultorio Solidario de Sa\u00fade Infantil in Boa Vista?<\/strong><\/h2>\n\n\n\n<p class=\"wp-block-paragraph\">Nach dem konsolidierten Erfolg auf Sal haben wir dieses Modell der umfassenden Betreuung im Mai 2026 auf die Insel Boa Vista ausgeweitet. <a href=\"https:\/\/espana.ladevi.info\/negocios\/riu-y-africa-avanza-inauguran-un-consultorio-gratuito-salud-infantil-boa-vista-cabo-verde-n103524\" target=\"_blank\" rel=\"noreferrer noopener\">Das neue Zentrum befindet sich in den R\u00e4umlichkeiten des <strong>Posto Sanit\u00e1rio &#8211; Ch\u00e3 de Salinas<\/strong><\/a> im Bairro Boa Esperan\u00e7a und bietet kostenlose medizinische Versorgung f\u00fcr Kinder im Alter von 0 bis 13 Jahren.<\/p>\n\n\n\n<figure data-wp-context=\"{&quot;galleryId&quot;:&quot;6a996d71b562f&quot;}\" data-wp-interactive=\"core\/gallery\" class=\"wp-block-gallery has-nested-images columns-default is-cropped wp-block-gallery-4 is-layout-flex wp-block-gallery-is-layout-flex\">\n<figure data-wp-context=\"{&quot;imageId&quot;:&quot;6a996d71b5b35&quot;}\" data-wp-interactive=\"core\/image\" data-wp-key=\"6a996d71b5b35\" class=\"wp-block-image size-large wp-lightbox-container\"><img loading=\"lazy\" decoding=\"async\" width=\"6240\" height=\"4160\" data-wp-class--hide=\"state.isContentHidden\" data-wp-class--show=\"state.isContentVisible\" data-wp-init=\"callbacks.setButtonStyles\" data-wp-on--click=\"actions.showLightbox\" data-wp-on--load=\"callbacks.setButtonStyles\" data-wp-on--pointerdown=\"actions.preloadImage\" data-wp-on--pointerenter=\"actions.preloadImageWithDelay\" data-wp-on--pointerleave=\"actions.cancelPreload\" data-wp-on-window--resize=\"callbacks.setButtonStyles\" data-id=\"45526\" src=\"https:\/\/www.riu.com\/blog\/wp-content\/uploads\/2026\/09\/Consultorio-solidario-de-salud-infantil-boa-vista.jpg\" alt=\"Fassade des Geb\u00e4udes, in dem sich die Solidarit\u00e4ts-Kindergesundheitspraxis auf Boa Vista befindet.\" class=\"wp-image-45526\"\/><button\n\t\t\tclass=\"lightbox-trigger\"\n\t\t\ttype=\"button\"\n\t\t\taria-haspopup=\"dialog\"\n\t\t\tdata-wp-bind--aria-label=\"state.thisImage.triggerButtonAriaLabel\"\n\t\t\tdata-wp-init=\"callbacks.initTriggerButton\"\n\t\t\tdata-wp-on--click=\"actions.showLightbox\"\n\t\t\tdata-wp-style--right=\"state.thisImage.buttonRight\"\n\t\t\tdata-wp-style--top=\"state.thisImage.buttonTop\"\n\t\t>\n\t\t\t<svg xmlns=\"http:\/\/www.w3.org\/2000\/svg\" width=\"12\" height=\"12\" fill=\"none\" viewBox=\"0 0 12 12\">\n\t\t\t\t<path fill=\"#fff\" d=\"M2 0a2 2 0 0 0-2 2v2h1.5V2a.5.5 0 0 1 .5-.5h2V0H2Zm2 10.5H2a.5.5 0 0 1-.5-.5V8H0v2a2 2 0 0 0 2 2h2v-1.5ZM8 12v-1.5h2a.5.5 0 0 0 .5-.5V8H12v2a2 2 0 0 1-2 2H8Zm2-12a2 2 0 0 1 2 2v2h-1.5V2a.5.5 0 0 0-.5-.5H8V0h2Z\" \/>\n\t\t\t<\/svg>\n\t\t<\/button><\/figure>\n\n\n\n<figure data-wp-context=\"{&quot;imageId&quot;:&quot;6a996d71b60c4&quot;}\" data-wp-interactive=\"core\/image\" data-wp-key=\"6a996d71b60c4\" class=\"wp-block-image size-large wp-lightbox-container\"><img loading=\"lazy\" decoding=\"async\" width=\"6240\" height=\"4160\" data-wp-class--hide=\"state.isContentHidden\" data-wp-class--show=\"state.isContentVisible\" data-wp-init=\"callbacks.setButtonStyles\" data-wp-on--click=\"actions.showLightbox\" data-wp-on--load=\"callbacks.setButtonStyles\" data-wp-on--pointerdown=\"actions.preloadImage\" data-wp-on--pointerenter=\"actions.preloadImageWithDelay\" data-wp-on--pointerleave=\"actions.cancelPreload\" data-wp-on-window--resize=\"callbacks.setButtonStyles\" data-id=\"45523\" src=\"https:\/\/www.riu.com\/blog\/wp-content\/uploads\/2026\/09\/Consultorio-solidario-de-salud-infantil-en-boa-vista.jpg\" alt=\"Warteraum der Solidarit\u00e4ts-Kindergesundheitspraxis auf Boa Vista.\" class=\"wp-image-45523\"\/><button\n\t\t\tclass=\"lightbox-trigger\"\n\t\t\ttype=\"button\"\n\t\t\taria-haspopup=\"dialog\"\n\t\t\tdata-wp-bind--aria-label=\"state.thisImage.triggerButtonAriaLabel\"\n\t\t\tdata-wp-init=\"callbacks.initTriggerButton\"\n\t\t\tdata-wp-on--click=\"actions.showLightbox\"\n\t\t\tdata-wp-style--right=\"state.thisImage.buttonRight\"\n\t\t\tdata-wp-style--top=\"state.thisImage.buttonTop\"\n\t\t>\n\t\t\t<svg xmlns=\"http:\/\/www.w3.org\/2000\/svg\" width=\"12\" height=\"12\" fill=\"none\" viewBox=\"0 0 12 12\">\n\t\t\t\t<path fill=\"#fff\" d=\"M2 0a2 2 0 0 0-2 2v2h1.5V2a.5.5 0 0 1 .5-.5h2V0H2Zm2 10.5H2a.5.5 0 0 1-.5-.5V8H0v2a2 2 0 0 0 2 2h2v-1.5ZM8 12v-1.5h2a.5.5 0 0 0 .5-.5V8H12v2a2 2 0 0 1-2 2H8Zm2-12a2 2 0 0 1 2 2v2h-1.5V2a.5.5 0 0 0-.5-.5H8V0h2Z\" \/>\n\t\t\t<\/svg>\n\t\t<\/button><\/figure>\n<\/figure>\n\n\n\n<p class=\"wp-block-paragraph\">Der Betrieb der Praxis st\u00fctzt sich auf wesentliche operative S\u00e4ulen:<\/p>\n\n\n\n<ul class=\"wp-block-list\">\n<li><strong>Lokale medizinische Leitung:<\/strong> Die medizinische Leitung liegt in den H\u00e4nden der kapverdischen \u00c4rztin <strong>Manuela Santos Lima<\/strong>, wodurch eine pers\u00f6nliche und in die Gemeinschaft integrierte Betreuung gew\u00e4hrleistet wird.<\/li>\n\n\n\n<li><strong>Fachliche Unterst\u00fctzung:<\/strong> Kontinuierliche technische Begleitung in enger Abstimmung mit dem spanischen Team, bestehend aus vier Kinder\u00e4rzten und einer Kinderkrankenschwester, die allesamt ehrenamtlich f\u00fcr <strong>\u00c1frica Avanza<\/strong> und die <strong>Funda\u00e7\u00e3o Bem Estar<\/strong> t\u00e4tig sind.<\/li>\n\n\n\n<li><strong>Management-Innovation:<\/strong> Es wurde eine <strong>fortschrittliche Software f\u00fcr digitale Patientenakten<\/strong> implementiert, die eine standardisierte Dokumentation sowie eine individuelle Nachverfolgung der Entwicklung jedes Patienten erm\u00f6glicht.<\/li>\n\n\n\n<li><strong>Erste Ergebnisse:<\/strong> In den ersten Betriebswochen konnte das Zentrum bereits <strong>373 Kinder<\/strong> behandeln und dabei insgesamt <strong>457 medizinische Konsultationen<\/strong> durchf\u00fchren.<\/li>\n<\/ul>\n\n\n\n<h3 class=\"wp-block-heading\"><strong>Zusammenfassende Datentabelle zu den Auswirkungen und Investitionen im Gesundheitswesen auf den Kapverdischen Inseln<\/strong><\/h3>\n\n\n\n<figure class=\"wp-block-table\"><table class=\"has-fixed-layout\"><thead><tr><td><strong>Konzept \/ Indikator<\/strong><\/td><td><strong>Praxis Insel Sal<\/strong><\/td><td><strong>Praxis Insel Boa Vista<\/strong><\/td><\/tr><\/thead><tbody><tr><td><strong>Jahr des Betriebsbeginns<\/strong><\/td><td>2023<\/td><td>2026<\/td><\/tr><tr><td><strong>Zielgruppe Kinder<\/strong><\/td><td>~10.000 Jungen und M\u00e4dchen (0\u201313 Jahre)<\/td><td>4.000 ans\u00e4ssige Jungen und M\u00e4dchen von 0 bis 13 Jahren<\/td><\/tr><tr><td><strong>Durchgef\u00fchrte Behandlungen<\/strong><\/td><td>+10.000 registrierte Konsultationen (4.342 angemeldete Kinder)<\/td><td><strong>457<\/strong> registrierte Konsultationen (<strong>373<\/strong> Jungen und M\u00e4dchen)<\/td><\/tr><tr><td><strong>Standort<\/strong><\/td><td>Ch\u00e3 de Matias (Espargos)<\/td><td>Gesundheitsstation (Posto Sanit\u00e1rio) \u2013 Ch\u00e3 de Salinas (Boa Esperan\u00e7a). Sal Rei<\/td><\/tr><\/tbody><\/table><\/figure>\n\n\n\n<p class=\"wp-block-paragraph\"><strong>Begleiten Sie uns dabei, Destinationen nachhaltig zu transformieren!<\/strong><\/p>\n\n\n\n<p class=\"wp-block-paragraph\">Bei RIU sind wir fest davon \u00fcberzeugt, dass der Tourismus als Motor f\u00fcr Wohlstand und Gesundheit in den Gemeinden dienen sollte, die uns willkommen hei\u00dfen. Wir laden Sie herzlich dazu ein, mehr \u00fcber unsere Initiativen zur sozialen und \u00f6kologischen Nachhaltigkeit zu erfahren, indem Sie unseren Bereich <strong>Proudly Committed<\/strong> besuchen oder unsere Hotels auf den Kapverdischen Inseln unter <a href=\"https:\/\/www.riu.com\">www.riu.com<\/a> entdecken.<\/p>\n\n\n\n<p class=\"wp-block-paragraph\"><strong>H\u00e4ufig gestellte Fragen (FAQs)<\/strong><\/p>\n\n\n\n<div class=\"schema-faq wp-block-yoast-faq-block\"><div class=\"schema-faq-section\" id=\"faq-question-1788432136870\"><strong class=\"schema-faq-question\"><strong>Was sind die medizinischen Beratungsstellen f\u00fcr Kindergesundheit von RIU und \u00c1frica Avanza?<\/strong><\/strong> <p class=\"schema-faq-answer\">Es handelt sich um dauerhafte medizinische Einrichtungen, die durch die Allianz zwischen RIU Hotels, der NGO \u00c1frica Avanza und der Funda\u00e7\u00e3o Bem Estar geschaffen wurden, um der kindlichen Bev\u00f6lkerung auf den Kapverden eine kostenlose medizinische Grund- und Fachversorgung zu bieten.<\/p> <\/div> <div class=\"schema-faq-section\" id=\"faq-question-1788432158611\"><strong class=\"schema-faq-question\"><br><strong>Auf welchen Inseln der Kapverden sind diese medizinischen Beratungsstellen vertreten?<\/strong><\/strong> <p class=\"schema-faq-answer\">Derzeit sind sie auf zwei Inseln in Betrieb: auf der <strong>Isla de Sal<\/strong> (Centro Comunit\u00e1rio de Ch\u00e3 de Matias, Espargos, er\u00f6ffnet im Jahr 2023) und auf der <strong>Isla de Boa Vista<\/strong> (Posto Sanit\u00e1rio de Ch\u00e3 de Salinas, Bairro Boa Esperan\u00e7a, Sal Rei, eingeweiht im Jahr 2026).<\/p> <\/div> <div class=\"schema-faq-section\" id=\"faq-question-1788432226951\"><strong class=\"schema-faq-question\"><strong>An wen richtet sich die medizinische Versorgung dieser Zentren?<\/strong><\/strong> <p class=\"schema-faq-answer\">An alle Kinder der lokalen Gemeinschaften im Alter von 0 bis 13 Jahren, universell und zu 100 % kostenlos.<\/p> <\/div> <div class=\"schema-faq-section\" id=\"faq-question-1788432238959\"><strong class=\"schema-faq-question\"><strong>Wie wird der Unterhalt der medizinischen Beratungsstellen finanziert?<\/strong><\/strong> <p class=\"schema-faq-answer\">RIU Hotels &amp; Resorts \u00fcbernimmt die wirtschaftliche und operative Tragf\u00e4higkeit der Beratungsstellen im Rahmen seiner Nachhaltigkeitsstrategie <em>Proudly Committed<\/em> und garantiert bis mindestens 2029 kontinuierliche Budgetmittel f\u00fcr Geh\u00e4lter, medizinische Ausr\u00fcstung und Lizenzen.<\/p> <\/div> <div class=\"schema-faq-section\" id=\"faq-question-1788432256603\"><strong class=\"schema-faq-question\"><strong>Welche Rolle spielt das Gesundheitsministerium der Kapverden bei diesem Projekt?<\/strong><\/strong> <p class=\"schema-faq-answer\">Die Beratungsstellen sind auf das Gesundheitsministerium der Kapverden ausgerichtet und mit diesem koordiniert, wobei gegenseitige Kooperationsprotokolle bestehen und komplexe F\u00e4lle an das \u00f6ffentliche Krankenhausnetz des Landes \u00fcberwiesen werden.<\/p> <\/div> <div class=\"schema-faq-section\" id=\"faq-question-1788432271759\"><strong class=\"schema-faq-question\"><strong>Wie engagiert sich RIU Hotels f\u00fcr die Gemeinschaft auf den Kapverden?<\/strong><\/strong> <p class=\"schema-faq-answer\">Die Kapverden machen fast 10 % des Angebots von RIU aus.Neben den Projekten zur Gesundheitsf\u00f6rderung von Kindern und zum Erhalt der Artenvielfalt stammen 90 % der Mitarbeiter in den sechs Hotels der Kette im Land aus Kap Verde.<\/p> <\/div> <div class=\"schema-faq-section\" id=\"faq-question-1788432282973\"><strong class=\"schema-faq-question\"><strong>Welche Aufgaben \u00fcbernimmt \u00c1frica Avanza \u00fcber die medizinische Versorgung in den Praxen hinaus?<\/strong><\/strong> <p class=\"schema-faq-answer\">\u00c1frica Avanza leistet in Kap Verde eine umfassende soziale Arbeit, die weit \u00fcber die medizinische Betreuung in den Sprechstunden hinausgeht. Das Projekt umfasst Schulungs- und Sensibilisierungsma\u00dfnahmen f\u00fcr die Gemeinschaft durch Pr\u00e4ventionsvortr\u00e4ge und Gesundheitserziehung f\u00fcr Eltern, Kinderg\u00e4rten, Schulen und lokale Verb\u00e4nde. Zudem beinhaltet es den Einsatz einer mobilen Praxis, um auch die entlegensten Gemeinden zu erreichen.Dar\u00fcber hinaus koordiniert die NGO weitere Schl\u00fcsselprojekte im Land, wie etwa <em>M\u00e9dicos Solidarios para Cabo Verde<\/em>, das sich auf spezialisierte medizinische und chirurgische Missionen konzentriert, sowie das Programm <em>+Sa\u00fade +Muller<\/em>, welches den Fokus auf die Pr\u00e4vention von Geb\u00e4rmutterhalskrebs bei Frauen legt.<\/p> <\/div> <\/div>\n\n\n\n<p class=\"wp-block-paragraph\"><\/p>\n","protected":false},"excerpt":{"rendered":"Bei RIU Hotels &amp; Resorts finanzieren wir zwei Consultorios Solidarios de Sa\u00fade Infantil (CSSI) auf den Inseln Sal und Boa Vista (Kap Verde) in Zusammenarbeit mit der NGO \u00c1frica Avanza und der Funda\u00e7\u00e3o Bem Estar, die deren Verwaltung \u00fcbernimmt. Diese medizinischen Einrichtungen bieten Tausenden von Kindern im Alter von 0 bis 13 Jahren eine kostenlose,&#8230;","protected":false},"author":3,"featured_media":45470,"comment_status":"open","ping_status":"closed","sticky":false,"template":"","format":"standard","meta":{"_acf_changed":false,"footnotes":""},"categories":[2253],"tags":[],"class_list":["post-45494","post","type-post","status-publish","format-standard","has-post-thumbnail","hentry","category-proudly-committed"],"acf":[],"yoast_head":"<!-- This site is optimized with the Yoast SEO plugin v28.1 - https:\/\/yoast.com\/product\/yoast-seo-wordpress\/ -->\n<title>RIU Hotels und \u00c1frica Avanza: Kindergesundheit auf den Kapverden 2026<\/title>\n<meta name=\"description\" content=\"Entdecken Sie, wie wir bei RIU gemeinsam mit \u00c1frica Avanza die kostenlose medizinische Versorgung von Kindern auf den Kapverden f\u00f6rdern. Erfahren Sie mehr \u00fcber unsere Projekte im Bereich der sozialen Nachhaltigkeit!\" \/>\n<meta name=\"robots\" content=\"index, follow, max-snippet:-1, max-image-preview:large, max-video-preview:-1\" \/>\n<link rel=\"canonical\" href=\"https:\/\/www.riu.com\/blog\/de\/riu-africa-avanza-salud-infantil-cabo-verde\/\" \/>\n<meta property=\"og:locale\" content=\"de_DE\" \/>\n<meta property=\"og:type\" content=\"article\" \/>\n<meta property=\"og:title\" content=\"RIU Hotels und \u00c1frica Avanza: Kindergesundheit auf den Kapverden 2026\" \/>\n<meta property=\"og:description\" content=\"Entdecken Sie, wie wir bei RIU gemeinsam mit \u00c1frica Avanza die kostenlose medizinische Versorgung von Kindern auf den Kapverden f\u00f6rdern. Erfahren Sie mehr \u00fcber unsere Projekte im Bereich der sozialen Nachhaltigkeit!\" \/>\n<meta property=\"og:url\" content=\"https:\/\/www.riu.com\/blog\/de\/riu-africa-avanza-salud-infantil-cabo-verde\/\" \/>\n<meta property=\"og:site_name\" content=\"RIU.com | Blog\" \/>\n<meta property=\"article:published_time\" content=\"2026-09-03T10:55:07+00:00\" \/>\n<meta property=\"article:modified_time\" content=\"2026-09-03T10:55:28+00:00\" \/>\n<meta property=\"og:image\" content=\"https:\/\/www.riu.com\/blog\/wp-content\/uploads\/2026\/09\/salud-infantl-riu-isla-sal.jpeg\" \/>\n\t<meta property=\"og:image:width\" content=\"1920\" \/>\n\t<meta property=\"og:image:height\" content=\"1080\" \/>\n\t<meta property=\"og:image:type\" content=\"image\/jpeg\" \/>\n<meta name=\"author\" content=\"Riu Hotels\" \/>\n<meta name=\"twitter:card\" content=\"summary_large_image\" \/>\n<meta name=\"twitter:label1\" content=\"Verfasst von\" \/>\n\t<meta name=\"twitter:data1\" content=\"Riu Hotels\" \/>\n\t<meta name=\"twitter:label2\" content=\"Gesch\u00e4tzte Lesezeit\" \/>\n\t<meta name=\"twitter:data2\" content=\"7\u00a0Minuten\" \/>\n<script type=\"application\/ld+json\" class=\"yoast-schema-graph\">{\"@context\":\"https:\\\/\\\/schema.org\",\"@graph\":[{\"@type\":\"NewsArticle\",\"@id\":\"https:\\\/\\\/www.riu.com\\\/blog\\\/de\\\/riu-africa-avanza-salud-infantil-cabo-verde\\\/#article\",\"isPartOf\":{\"@id\":\"https:\\\/\\\/www.riu.com\\\/blog\\\/de\\\/riu-africa-avanza-salud-infantil-cabo-verde\\\/\"},\"author\":{\"name\":\"Riu Hotels\",\"@id\":\"https:\\\/\\\/www.riu.com\\\/blog\\\/de\\\/#\\\/schema\\\/person\\\/37a64b13d864caf556d86f6ef0da8e10\"},\"headline\":\"Unser Engagement f\u00fcr Kap Verde: Medizinische Versorgung f\u00fcr Kinder auf Sal und Boa Vista\",\"datePublished\":\"2026-09-03T10:55:07+00:00\",\"dateModified\":\"2026-09-03T10:55:28+00:00\",\"mainEntityOfPage\":{\"@id\":\"https:\\\/\\\/www.riu.com\\\/blog\\\/de\\\/riu-africa-avanza-salud-infantil-cabo-verde\\\/\"},\"wordCount\":1113,\"commentCount\":0,\"image\":{\"@id\":\"https:\\\/\\\/www.riu.com\\\/blog\\\/de\\\/riu-africa-avanza-salud-infantil-cabo-verde\\\/#primaryimage\"},\"thumbnailUrl\":\"https:\\\/\\\/www.riu.com\\\/blog\\\/wp-content\\\/uploads\\\/2026\\\/09\\\/salud-infantl-riu-isla-sal.jpeg\",\"articleSection\":[\"Proudly Committed\"],\"inLanguage\":\"de\",\"potentialAction\":[{\"@type\":\"CommentAction\",\"name\":\"Comment\",\"target\":[\"https:\\\/\\\/www.riu.com\\\/blog\\\/de\\\/riu-africa-avanza-salud-infantil-cabo-verde\\\/#respond\"]}]},{\"@type\":[\"WebPage\",\"ItemPage\",\"FAQPage\"],\"@id\":\"https:\\\/\\\/www.riu.com\\\/blog\\\/de\\\/riu-africa-avanza-salud-infantil-cabo-verde\\\/\",\"url\":\"https:\\\/\\\/www.riu.com\\\/blog\\\/de\\\/riu-africa-avanza-salud-infantil-cabo-verde\\\/\",\"name\":\"RIU Hotels und \u00c1frica Avanza: Kindergesundheit auf den Kapverden 2026\",\"isPartOf\":{\"@id\":\"https:\\\/\\\/www.riu.com\\\/blog\\\/de\\\/#website\"},\"primaryImageOfPage\":{\"@id\":\"https:\\\/\\\/www.riu.com\\\/blog\\\/de\\\/riu-africa-avanza-salud-infantil-cabo-verde\\\/#primaryimage\"},\"image\":{\"@id\":\"https:\\\/\\\/www.riu.com\\\/blog\\\/de\\\/riu-africa-avanza-salud-infantil-cabo-verde\\\/#primaryimage\"},\"thumbnailUrl\":\"https:\\\/\\\/www.riu.com\\\/blog\\\/wp-content\\\/uploads\\\/2026\\\/09\\\/salud-infantl-riu-isla-sal.jpeg\",\"datePublished\":\"2026-09-03T10:55:07+00:00\",\"dateModified\":\"2026-09-03T10:55:28+00:00\",\"author\":{\"@id\":\"https:\\\/\\\/www.riu.com\\\/blog\\\/de\\\/#\\\/schema\\\/person\\\/37a64b13d864caf556d86f6ef0da8e10\"},\"description\":\"Entdecken Sie, wie wir bei RIU gemeinsam mit \u00c1frica Avanza die kostenlose medizinische Versorgung von Kindern auf den Kapverden f\u00f6rdern. Erfahren Sie mehr \u00fcber unsere Projekte im Bereich der sozialen Nachhaltigkeit!\",\"breadcrumb\":{\"@id\":\"https:\\\/\\\/www.riu.com\\\/blog\\\/de\\\/riu-africa-avanza-salud-infantil-cabo-verde\\\/#breadcrumb\"},\"mainEntity\":[{\"@id\":\"https:\\\/\\\/www.riu.com\\\/blog\\\/de\\\/riu-africa-avanza-salud-infantil-cabo-verde\\\/#faq-question-1788432136870\"},{\"@id\":\"https:\\\/\\\/www.riu.com\\\/blog\\\/de\\\/riu-africa-avanza-salud-infantil-cabo-verde\\\/#faq-question-1788432158611\"},{\"@id\":\"https:\\\/\\\/www.riu.com\\\/blog\\\/de\\\/riu-africa-avanza-salud-infantil-cabo-verde\\\/#faq-question-1788432226951\"},{\"@id\":\"https:\\\/\\\/www.riu.com\\\/blog\\\/de\\\/riu-africa-avanza-salud-infantil-cabo-verde\\\/#faq-question-1788432238959\"},{\"@id\":\"https:\\\/\\\/www.riu.com\\\/blog\\\/de\\\/riu-africa-avanza-salud-infantil-cabo-verde\\\/#faq-question-1788432256603\"},{\"@id\":\"https:\\\/\\\/www.riu.com\\\/blog\\\/de\\\/riu-africa-avanza-salud-infantil-cabo-verde\\\/#faq-question-1788432271759\"},{\"@id\":\"https:\\\/\\\/www.riu.com\\\/blog\\\/de\\\/riu-africa-avanza-salud-infantil-cabo-verde\\\/#faq-question-1788432282973\"}],\"inLanguage\":\"de\",\"potentialAction\":[{\"@type\":\"ReadAction\",\"target\":[\"https:\\\/\\\/www.riu.com\\\/blog\\\/de\\\/riu-africa-avanza-salud-infantil-cabo-verde\\\/\"]}]},{\"@type\":\"ImageObject\",\"inLanguage\":\"de\",\"@id\":\"https:\\\/\\\/www.riu.com\\\/blog\\\/de\\\/riu-africa-avanza-salud-infantil-cabo-verde\\\/#primaryimage\",\"url\":\"https:\\\/\\\/www.riu.com\\\/blog\\\/wp-content\\\/uploads\\\/2026\\\/09\\\/salud-infantl-riu-isla-sal.jpeg\",\"contentUrl\":\"https:\\\/\\\/www.riu.com\\\/blog\\\/wp-content\\\/uploads\\\/2026\\\/09\\\/salud-infantl-riu-isla-sal.jpeg\",\"width\":1920,\"height\":1080},{\"@type\":\"BreadcrumbList\",\"@id\":\"https:\\\/\\\/www.riu.com\\\/blog\\\/de\\\/riu-africa-avanza-salud-infantil-cabo-verde\\\/#breadcrumb\",\"itemListElement\":[{\"@type\":\"ListItem\",\"position\":1,\"name\":\"Portada\",\"item\":\"https:\\\/\\\/www.riu.com\\\/blog\\\/de\\\/\"},{\"@type\":\"ListItem\",\"position\":2,\"name\":\"Unser Engagement f\u00fcr Kap Verde: Medizinische Versorgung f\u00fcr Kinder auf Sal und Boa Vista\"}]},{\"@type\":\"WebSite\",\"@id\":\"https:\\\/\\\/www.riu.com\\\/blog\\\/de\\\/#website\",\"url\":\"https:\\\/\\\/www.riu.com\\\/blog\\\/de\\\/\",\"name\":\"RIU.com | Blog\",\"description\":\"Blog de Riu Hotels &amp; Resorts | Noticias exclusivas de la cadena Riu Hotels &amp; Resor.ts | Hoteles en Espa\u00f1a, M\u00e9xico, Jamaica, Rep\u00fablica Dominicana, Portugal, Miami y muchos m\u00e1s\",\"potentialAction\":[{\"@type\":\"SearchAction\",\"target\":{\"@type\":\"EntryPoint\",\"urlTemplate\":\"https:\\\/\\\/www.riu.com\\\/blog\\\/de\\\/?s={search_term_string}\"},\"query-input\":{\"@type\":\"PropertyValueSpecification\",\"valueRequired\":true,\"valueName\":\"search_term_string\"}}],\"inLanguage\":\"de\"},{\"@type\":\"Person\",\"@id\":\"https:\\\/\\\/www.riu.com\\\/blog\\\/de\\\/#\\\/schema\\\/person\\\/37a64b13d864caf556d86f6ef0da8e10\",\"name\":\"Riu Hotels\",\"image\":{\"@type\":\"ImageObject\",\"inLanguage\":\"de\",\"@id\":\"https:\\\/\\\/secure.gravatar.com\\\/avatar\\\/1845185f5dc0c5d7a3adb797bcd6cae1d3df26e3eead5da96b212485b274bdf3?s=96&d=mm&r=g\",\"url\":\"https:\\\/\\\/secure.gravatar.com\\\/avatar\\\/1845185f5dc0c5d7a3adb797bcd6cae1d3df26e3eead5da96b212485b274bdf3?s=96&d=mm&r=g\",\"contentUrl\":\"https:\\\/\\\/secure.gravatar.com\\\/avatar\\\/1845185f5dc0c5d7a3adb797bcd6cae1d3df26e3eead5da96b212485b274bdf3?s=96&d=mm&r=g\",\"caption\":\"Riu Hotels\"},\"url\":\"https:\\\/\\\/www.riu.com\\\/blog\\\/de\\\/author\\\/riu\\\/\"},{\"@type\":\"Question\",\"@id\":\"https:\\\/\\\/www.riu.com\\\/blog\\\/de\\\/riu-africa-avanza-salud-infantil-cabo-verde\\\/#faq-question-1788432136870\",\"position\":1,\"url\":\"https:\\\/\\\/www.riu.com\\\/blog\\\/de\\\/riu-africa-avanza-salud-infantil-cabo-verde\\\/#faq-question-1788432136870\",\"name\":\"Was sind die medizinischen Beratungsstellen f\u00fcr Kindergesundheit von RIU und \u00c1frica Avanza?\",\"answerCount\":1,\"acceptedAnswer\":{\"@type\":\"Answer\",\"text\":\"Es handelt sich um dauerhafte medizinische Einrichtungen, die durch die Allianz zwischen RIU Hotels, der NGO \u00c1frica Avanza und der Funda\u00e7\u00e3o Bem Estar geschaffen wurden, um der kindlichen Bev\u00f6lkerung auf den Kapverden eine kostenlose medizinische Grund- und Fachversorgung zu bieten.\",\"inLanguage\":\"de\"},\"inLanguage\":\"de\"},{\"@type\":\"Question\",\"@id\":\"https:\\\/\\\/www.riu.com\\\/blog\\\/de\\\/riu-africa-avanza-salud-infantil-cabo-verde\\\/#faq-question-1788432158611\",\"position\":2,\"url\":\"https:\\\/\\\/www.riu.com\\\/blog\\\/de\\\/riu-africa-avanza-salud-infantil-cabo-verde\\\/#faq-question-1788432158611\",\"name\":\"Auf welchen Inseln der Kapverden sind diese medizinischen Beratungsstellen vertreten?\",\"answerCount\":1,\"acceptedAnswer\":{\"@type\":\"Answer\",\"text\":\"Derzeit sind sie auf zwei Inseln in Betrieb: auf der <strong>Isla de Sal<\\\/strong> (Centro Comunit\u00e1rio de Ch\u00e3 de Matias, Espargos, er\u00f6ffnet im Jahr 2023) und auf der <strong>Isla de Boa Vista<\\\/strong> (Posto Sanit\u00e1rio de Ch\u00e3 de Salinas, Bairro Boa Esperan\u00e7a, Sal Rei, eingeweiht im Jahr 2026).\",\"inLanguage\":\"de\"},\"inLanguage\":\"de\"},{\"@type\":\"Question\",\"@id\":\"https:\\\/\\\/www.riu.com\\\/blog\\\/de\\\/riu-africa-avanza-salud-infantil-cabo-verde\\\/#faq-question-1788432226951\",\"position\":3,\"url\":\"https:\\\/\\\/www.riu.com\\\/blog\\\/de\\\/riu-africa-avanza-salud-infantil-cabo-verde\\\/#faq-question-1788432226951\",\"name\":\"An wen richtet sich die medizinische Versorgung dieser Zentren?\",\"answerCount\":1,\"acceptedAnswer\":{\"@type\":\"Answer\",\"text\":\"An alle Kinder der lokalen Gemeinschaften im Alter von 0 bis 13 Jahren, universell und zu 100 % kostenlos.\",\"inLanguage\":\"de\"},\"inLanguage\":\"de\"},{\"@type\":\"Question\",\"@id\":\"https:\\\/\\\/www.riu.com\\\/blog\\\/de\\\/riu-africa-avanza-salud-infantil-cabo-verde\\\/#faq-question-1788432238959\",\"position\":4,\"url\":\"https:\\\/\\\/www.riu.com\\\/blog\\\/de\\\/riu-africa-avanza-salud-infantil-cabo-verde\\\/#faq-question-1788432238959\",\"name\":\"Wie wird der Unterhalt der medizinischen Beratungsstellen finanziert?\",\"answerCount\":1,\"acceptedAnswer\":{\"@type\":\"Answer\",\"text\":\"RIU Hotels &amp; Resorts \u00fcbernimmt die wirtschaftliche und operative Tragf\u00e4higkeit der Beratungsstellen im Rahmen seiner Nachhaltigkeitsstrategie <em>Proudly Committed<\\\/em> und garantiert bis mindestens 2029 kontinuierliche Budgetmittel f\u00fcr Geh\u00e4lter, medizinische Ausr\u00fcstung und Lizenzen.\",\"inLanguage\":\"de\"},\"inLanguage\":\"de\"},{\"@type\":\"Question\",\"@id\":\"https:\\\/\\\/www.riu.com\\\/blog\\\/de\\\/riu-africa-avanza-salud-infantil-cabo-verde\\\/#faq-question-1788432256603\",\"position\":5,\"url\":\"https:\\\/\\\/www.riu.com\\\/blog\\\/de\\\/riu-africa-avanza-salud-infantil-cabo-verde\\\/#faq-question-1788432256603\",\"name\":\"Welche Rolle spielt das Gesundheitsministerium der Kapverden bei diesem Projekt?\",\"answerCount\":1,\"acceptedAnswer\":{\"@type\":\"Answer\",\"text\":\"Die Beratungsstellen sind auf das Gesundheitsministerium der Kapverden ausgerichtet und mit diesem koordiniert, wobei gegenseitige Kooperationsprotokolle bestehen und komplexe F\u00e4lle an das \u00f6ffentliche Krankenhausnetz des Landes \u00fcberwiesen werden.\",\"inLanguage\":\"de\"},\"inLanguage\":\"de\"},{\"@type\":\"Question\",\"@id\":\"https:\\\/\\\/www.riu.com\\\/blog\\\/de\\\/riu-africa-avanza-salud-infantil-cabo-verde\\\/#faq-question-1788432271759\",\"position\":6,\"url\":\"https:\\\/\\\/www.riu.com\\\/blog\\\/de\\\/riu-africa-avanza-salud-infantil-cabo-verde\\\/#faq-question-1788432271759\",\"name\":\"Wie engagiert sich RIU Hotels f\u00fcr die Gemeinschaft auf den Kapverden?\",\"answerCount\":1,\"acceptedAnswer\":{\"@type\":\"Answer\",\"text\":\"Die Kapverden machen fast 10 % des Angebots von RIU aus.Neben den Projekten zur Gesundheitsf\u00f6rderung von Kindern und zum Erhalt der Artenvielfalt stammen 90 % der Mitarbeiter in den sechs Hotels der Kette im Land aus Kap Verde.\",\"inLanguage\":\"de\"},\"inLanguage\":\"de\"},{\"@type\":\"Question\",\"@id\":\"https:\\\/\\\/www.riu.com\\\/blog\\\/de\\\/riu-africa-avanza-salud-infantil-cabo-verde\\\/#faq-question-1788432282973\",\"position\":7,\"url\":\"https:\\\/\\\/www.riu.com\\\/blog\\\/de\\\/riu-africa-avanza-salud-infantil-cabo-verde\\\/#faq-question-1788432282973\",\"name\":\"Welche Aufgaben \u00fcbernimmt \u00c1frica Avanza \u00fcber die medizinische Versorgung in den Praxen hinaus?\",\"answerCount\":1,\"acceptedAnswer\":{\"@type\":\"Answer\",\"text\":\"\u00c1frica Avanza leistet in Kap Verde eine umfassende soziale Arbeit, die weit \u00fcber die medizinische Betreuung in den Sprechstunden hinausgeht. Das Projekt umfasst Schulungs- und Sensibilisierungsma\u00dfnahmen f\u00fcr die Gemeinschaft durch Pr\u00e4ventionsvortr\u00e4ge und Gesundheitserziehung f\u00fcr Eltern, Kinderg\u00e4rten, Schulen und lokale Verb\u00e4nde. Zudem beinhaltet es den Einsatz einer mobilen Praxis, um auch die entlegensten Gemeinden zu erreichen.Dar\u00fcber hinaus koordiniert die NGO weitere Schl\u00fcsselprojekte im Land, wie etwa <em>M\u00e9dicos Solidarios para Cabo Verde<\\\/em>, das sich auf spezialisierte medizinische und chirurgische Missionen konzentriert, sowie das Programm <em>+Sa\u00fade +Muller<\\\/em>, welches den Fokus auf die Pr\u00e4vention von Geb\u00e4rmutterhalskrebs bei Frauen legt.\",\"inLanguage\":\"de\"},\"inLanguage\":\"de\"}]}<\/script>\n<!-- \/ Yoast SEO plugin. -->","yoast_head_json":{"title":"RIU Hotels und \u00c1frica Avanza: Kindergesundheit auf den Kapverden 2026","description":"Entdecken Sie, wie wir bei RIU gemeinsam mit \u00c1frica Avanza die kostenlose medizinische Versorgung von Kindern auf den Kapverden f\u00f6rdern. Erfahren Sie mehr \u00fcber unsere Projekte im Bereich der sozialen Nachhaltigkeit!","robots":{"index":"index","follow":"follow","max-snippet":"max-snippet:-1","max-image-preview":"max-image-preview:large","max-video-preview":"max-video-preview:-1"},"canonical":"https:\/\/www.riu.com\/blog\/de\/riu-africa-avanza-salud-infantil-cabo-verde\/","og_locale":"de_DE","og_type":"article","og_title":"RIU Hotels und \u00c1frica Avanza: Kindergesundheit auf den Kapverden 2026","og_description":"Entdecken Sie, wie wir bei RIU gemeinsam mit \u00c1frica Avanza die kostenlose medizinische Versorgung von Kindern auf den Kapverden f\u00f6rdern. Erfahren Sie mehr \u00fcber unsere Projekte im Bereich der sozialen Nachhaltigkeit!","og_url":"https:\/\/www.riu.com\/blog\/de\/riu-africa-avanza-salud-infantil-cabo-verde\/","og_site_name":"RIU.com | Blog","article_published_time":"2026-09-03T10:55:07+00:00","article_modified_time":"2026-09-03T10:55:28+00:00","og_image":[{"width":1920,"height":1080,"url":"https:\/\/www.riu.com\/blog\/wp-content\/uploads\/2026\/09\/salud-infantl-riu-isla-sal.jpeg","type":"image\/jpeg"}],"author":"Riu Hotels","twitter_card":"summary_large_image","twitter_misc":{"Verfasst von":"Riu Hotels","Gesch\u00e4tzte Lesezeit":"7\u00a0Minuten"},"schema":{"@context":"https:\/\/schema.org","@graph":[{"@type":"NewsArticle","@id":"https:\/\/www.riu.com\/blog\/de\/riu-africa-avanza-salud-infantil-cabo-verde\/#article","isPartOf":{"@id":"https:\/\/www.riu.com\/blog\/de\/riu-africa-avanza-salud-infantil-cabo-verde\/"},"author":{"name":"Riu Hotels","@id":"https:\/\/www.riu.com\/blog\/de\/#\/schema\/person\/37a64b13d864caf556d86f6ef0da8e10"},"headline":"Unser Engagement f\u00fcr Kap Verde: Medizinische Versorgung f\u00fcr Kinder auf Sal und Boa Vista","datePublished":"2026-09-03T10:55:07+00:00","dateModified":"2026-09-03T10:55:28+00:00","mainEntityOfPage":{"@id":"https:\/\/www.riu.com\/blog\/de\/riu-africa-avanza-salud-infantil-cabo-verde\/"},"wordCount":1113,"commentCount":0,"image":{"@id":"https:\/\/www.riu.com\/blog\/de\/riu-africa-avanza-salud-infantil-cabo-verde\/#primaryimage"},"thumbnailUrl":"https:\/\/www.riu.com\/blog\/wp-content\/uploads\/2026\/09\/salud-infantl-riu-isla-sal.jpeg","articleSection":["Proudly Committed"],"inLanguage":"de","potentialAction":[{"@type":"CommentAction","name":"Comment","target":["https:\/\/www.riu.com\/blog\/de\/riu-africa-avanza-salud-infantil-cabo-verde\/#respond"]}]},{"@type":["WebPage","ItemPage","FAQPage"],"@id":"https:\/\/www.riu.com\/blog\/de\/riu-africa-avanza-salud-infantil-cabo-verde\/","url":"https:\/\/www.riu.com\/blog\/de\/riu-africa-avanza-salud-infantil-cabo-verde\/","name":"RIU Hotels und \u00c1frica Avanza: Kindergesundheit auf den Kapverden 2026","isPartOf":{"@id":"https:\/\/www.riu.com\/blog\/de\/#website"},"primaryImageOfPage":{"@id":"https:\/\/www.riu.com\/blog\/de\/riu-africa-avanza-salud-infantil-cabo-verde\/#primaryimage"},"image":{"@id":"https:\/\/www.riu.com\/blog\/de\/riu-africa-avanza-salud-infantil-cabo-verde\/#primaryimage"},"thumbnailUrl":"https:\/\/www.riu.com\/blog\/wp-content\/uploads\/2026\/09\/salud-infantl-riu-isla-sal.jpeg","datePublished":"2026-09-03T10:55:07+00:00","dateModified":"2026-09-03T10:55:28+00:00","author":{"@id":"https:\/\/www.riu.com\/blog\/de\/#\/schema\/person\/37a64b13d864caf556d86f6ef0da8e10"},"description":"Entdecken Sie, wie wir bei RIU gemeinsam mit \u00c1frica Avanza die kostenlose medizinische Versorgung von Kindern auf den Kapverden f\u00f6rdern. Erfahren Sie mehr \u00fcber unsere Projekte im Bereich der sozialen Nachhaltigkeit!","breadcrumb":{"@id":"https:\/\/www.riu.com\/blog\/de\/riu-africa-avanza-salud-infantil-cabo-verde\/#breadcrumb"},"mainEntity":[{"@id":"https:\/\/www.riu.com\/blog\/de\/riu-africa-avanza-salud-infantil-cabo-verde\/#faq-question-1788432136870"},{"@id":"https:\/\/www.riu.com\/blog\/de\/riu-africa-avanza-salud-infantil-cabo-verde\/#faq-question-1788432158611"},{"@id":"https:\/\/www.riu.com\/blog\/de\/riu-africa-avanza-salud-infantil-cabo-verde\/#faq-question-1788432226951"},{"@id":"https:\/\/www.riu.com\/blog\/de\/riu-africa-avanza-salud-infantil-cabo-verde\/#faq-question-1788432238959"},{"@id":"https:\/\/www.riu.com\/blog\/de\/riu-africa-avanza-salud-infantil-cabo-verde\/#faq-question-1788432256603"},{"@id":"https:\/\/www.riu.com\/blog\/de\/riu-africa-avanza-salud-infantil-cabo-verde\/#faq-question-1788432271759"},{"@id":"https:\/\/www.riu.com\/blog\/de\/riu-africa-avanza-salud-infantil-cabo-verde\/#faq-question-1788432282973"}],"inLanguage":"de","potentialAction":[{"@type":"ReadAction","target":["https:\/\/www.riu.com\/blog\/de\/riu-africa-avanza-salud-infantil-cabo-verde\/"]}]},{"@type":"ImageObject","inLanguage":"de","@id":"https:\/\/www.riu.com\/blog\/de\/riu-africa-avanza-salud-infantil-cabo-verde\/#primaryimage","url":"https:\/\/www.riu.com\/blog\/wp-content\/uploads\/2026\/09\/salud-infantl-riu-isla-sal.jpeg","contentUrl":"https:\/\/www.riu.com\/blog\/wp-content\/uploads\/2026\/09\/salud-infantl-riu-isla-sal.jpeg","width":1920,"height":1080},{"@type":"BreadcrumbList","@id":"https:\/\/www.riu.com\/blog\/de\/riu-africa-avanza-salud-infantil-cabo-verde\/#breadcrumb","itemListElement":[{"@type":"ListItem","position":1,"name":"Portada","item":"https:\/\/www.riu.com\/blog\/de\/"},{"@type":"ListItem","position":2,"name":"Unser Engagement f\u00fcr Kap Verde: Medizinische Versorgung f\u00fcr Kinder auf Sal und Boa Vista"}]},{"@type":"WebSite","@id":"https:\/\/www.riu.com\/blog\/de\/#website","url":"https:\/\/www.riu.com\/blog\/de\/","name":"RIU.com | Blog","description":"Blog de Riu Hotels &amp; Resorts | Noticias exclusivas de la cadena Riu Hotels &amp; Resor.ts | Hoteles en Espa\u00f1a, M\u00e9xico, Jamaica, Rep\u00fablica Dominicana, Portugal, Miami y muchos m\u00e1s","potentialAction":[{"@type":"SearchAction","target":{"@type":"EntryPoint","urlTemplate":"https:\/\/www.riu.com\/blog\/de\/?s={search_term_string}"},"query-input":{"@type":"PropertyValueSpecification","valueRequired":true,"valueName":"search_term_string"}}],"inLanguage":"de"},{"@type":"Person","@id":"https:\/\/www.riu.com\/blog\/de\/#\/schema\/person\/37a64b13d864caf556d86f6ef0da8e10","name":"Riu Hotels","image":{"@type":"ImageObject","inLanguage":"de","@id":"https:\/\/secure.gravatar.com\/avatar\/1845185f5dc0c5d7a3adb797bcd6cae1d3df26e3eead5da96b212485b274bdf3?s=96&d=mm&r=g","url":"https:\/\/secure.gravatar.com\/avatar\/1845185f5dc0c5d7a3adb797bcd6cae1d3df26e3eead5da96b212485b274bdf3?s=96&d=mm&r=g","contentUrl":"https:\/\/secure.gravatar.com\/avatar\/1845185f5dc0c5d7a3adb797bcd6cae1d3df26e3eead5da96b212485b274bdf3?s=96&d=mm&r=g","caption":"Riu Hotels"},"url":"https:\/\/www.riu.com\/blog\/de\/author\/riu\/"},{"@type":"Question","@id":"https:\/\/www.riu.com\/blog\/de\/riu-africa-avanza-salud-infantil-cabo-verde\/#faq-question-1788432136870","position":1,"url":"https:\/\/www.riu.com\/blog\/de\/riu-africa-avanza-salud-infantil-cabo-verde\/#faq-question-1788432136870","name":"Was sind die medizinischen Beratungsstellen f\u00fcr Kindergesundheit von RIU und \u00c1frica Avanza?","answerCount":1,"acceptedAnswer":{"@type":"Answer","text":"Es handelt sich um dauerhafte medizinische Einrichtungen, die durch die Allianz zwischen RIU Hotels, der NGO \u00c1frica Avanza und der Funda\u00e7\u00e3o Bem Estar geschaffen wurden, um der kindlichen Bev\u00f6lkerung auf den Kapverden eine kostenlose medizinische Grund- und Fachversorgung zu bieten.","inLanguage":"de"},"inLanguage":"de"},{"@type":"Question","@id":"https:\/\/www.riu.com\/blog\/de\/riu-africa-avanza-salud-infantil-cabo-verde\/#faq-question-1788432158611","position":2,"url":"https:\/\/www.riu.com\/blog\/de\/riu-africa-avanza-salud-infantil-cabo-verde\/#faq-question-1788432158611","name":"Auf welchen Inseln der Kapverden sind diese medizinischen Beratungsstellen vertreten?","answerCount":1,"acceptedAnswer":{"@type":"Answer","text":"Derzeit sind sie auf zwei Inseln in Betrieb: auf der <strong>Isla de Sal<\/strong> (Centro Comunit\u00e1rio de Ch\u00e3 de Matias, Espargos, er\u00f6ffnet im Jahr 2023) und auf der <strong>Isla de Boa Vista<\/strong> (Posto Sanit\u00e1rio de Ch\u00e3 de Salinas, Bairro Boa Esperan\u00e7a, Sal Rei, eingeweiht im Jahr 2026).","inLanguage":"de"},"inLanguage":"de"},{"@type":"Question","@id":"https:\/\/www.riu.com\/blog\/de\/riu-africa-avanza-salud-infantil-cabo-verde\/#faq-question-1788432226951","position":3,"url":"https:\/\/www.riu.com\/blog\/de\/riu-africa-avanza-salud-infantil-cabo-verde\/#faq-question-1788432226951","name":"An wen richtet sich die medizinische Versorgung dieser Zentren?","answerCount":1,"acceptedAnswer":{"@type":"Answer","text":"An alle Kinder der lokalen Gemeinschaften im Alter von 0 bis 13 Jahren, universell und zu 100 % kostenlos.","inLanguage":"de"},"inLanguage":"de"},{"@type":"Question","@id":"https:\/\/www.riu.com\/blog\/de\/riu-africa-avanza-salud-infantil-cabo-verde\/#faq-question-1788432238959","position":4,"url":"https:\/\/www.riu.com\/blog\/de\/riu-africa-avanza-salud-infantil-cabo-verde\/#faq-question-1788432238959","name":"Wie wird der Unterhalt der medizinischen Beratungsstellen finanziert?","answerCount":1,"acceptedAnswer":{"@type":"Answer","text":"RIU Hotels &amp; Resorts \u00fcbernimmt die wirtschaftliche und operative Tragf\u00e4higkeit der Beratungsstellen im Rahmen seiner Nachhaltigkeitsstrategie <em>Proudly Committed<\/em> und garantiert bis mindestens 2029 kontinuierliche Budgetmittel f\u00fcr Geh\u00e4lter, medizinische Ausr\u00fcstung und Lizenzen.","inLanguage":"de"},"inLanguage":"de"},{"@type":"Question","@id":"https:\/\/www.riu.com\/blog\/de\/riu-africa-avanza-salud-infantil-cabo-verde\/#faq-question-1788432256603","position":5,"url":"https:\/\/www.riu.com\/blog\/de\/riu-africa-avanza-salud-infantil-cabo-verde\/#faq-question-1788432256603","name":"Welche Rolle spielt das Gesundheitsministerium der Kapverden bei diesem Projekt?","answerCount":1,"acceptedAnswer":{"@type":"Answer","text":"Die Beratungsstellen sind auf das Gesundheitsministerium der Kapverden ausgerichtet und mit diesem koordiniert, wobei gegenseitige Kooperationsprotokolle bestehen und komplexe F\u00e4lle an das \u00f6ffentliche Krankenhausnetz des Landes \u00fcberwiesen werden.","inLanguage":"de"},"inLanguage":"de"},{"@type":"Question","@id":"https:\/\/www.riu.com\/blog\/de\/riu-africa-avanza-salud-infantil-cabo-verde\/#faq-question-1788432271759","position":6,"url":"https:\/\/www.riu.com\/blog\/de\/riu-africa-avanza-salud-infantil-cabo-verde\/#faq-question-1788432271759","name":"Wie engagiert sich RIU Hotels f\u00fcr die Gemeinschaft auf den Kapverden?","answerCount":1,"acceptedAnswer":{"@type":"Answer","text":"Die Kapverden machen fast 10 % des Angebots von RIU aus.Neben den Projekten zur Gesundheitsf\u00f6rderung von Kindern und zum Erhalt der Artenvielfalt stammen 90 % der Mitarbeiter in den sechs Hotels der Kette im Land aus Kap Verde.","inLanguage":"de"},"inLanguage":"de"},{"@type":"Question","@id":"https:\/\/www.riu.com\/blog\/de\/riu-africa-avanza-salud-infantil-cabo-verde\/#faq-question-1788432282973","position":7,"url":"https:\/\/www.riu.com\/blog\/de\/riu-africa-avanza-salud-infantil-cabo-verde\/#faq-question-1788432282973","name":"Welche Aufgaben \u00fcbernimmt \u00c1frica Avanza \u00fcber die medizinische Versorgung in den Praxen hinaus?","answerCount":1,"acceptedAnswer":{"@type":"Answer","text":"\u00c1frica Avanza leistet in Kap Verde eine umfassende soziale Arbeit, die weit \u00fcber die medizinische Betreuung in den Sprechstunden hinausgeht. Das Projekt umfasst Schulungs- und Sensibilisierungsma\u00dfnahmen f\u00fcr die Gemeinschaft durch Pr\u00e4ventionsvortr\u00e4ge und Gesundheitserziehung f\u00fcr Eltern, Kinderg\u00e4rten, Schulen und lokale Verb\u00e4nde. Zudem beinhaltet es den Einsatz einer mobilen Praxis, um auch die entlegensten Gemeinden zu erreichen.Dar\u00fcber hinaus koordiniert die NGO weitere Schl\u00fcsselprojekte im Land, wie etwa <em>M\u00e9dicos Solidarios para Cabo Verde<\/em>, das sich auf spezialisierte medizinische und chirurgische Missionen konzentriert, sowie das Programm <em>+Sa\u00fade +Muller<\/em>, welches den Fokus auf die Pr\u00e4vention von Geb\u00e4rmutterhalskrebs bei Frauen legt.","inLanguage":"de"},"inLanguage":"de"}]}},"_links":{"self":[{"href":"https:\/\/www.riu.com\/blog\/de\/wp-json\/wp\/v2\/posts\/45494","targetHints":{"allow":["GET"]}}],"collection":[{"href":"https:\/\/www.riu.com\/blog\/de\/wp-json\/wp\/v2\/posts"}],"about":[{"href":"https:\/\/www.riu.com\/blog\/de\/wp-json\/wp\/v2\/types\/post"}],"author":[{"embeddable":true,"href":"https:\/\/www.riu.com\/blog\/de\/wp-json\/wp\/v2\/users\/3"}],"replies":[{"embeddable":true,"href":"https:\/\/www.riu.com\/blog\/de\/wp-json\/wp\/v2\/comments?post=45494"}],"version-history":[{"count":3,"href":"https:\/\/www.riu.com\/blog\/de\/wp-json\/wp\/v2\/posts\/45494\/revisions"}],"predecessor-version":[{"id":45553,"href":"https:\/\/www.riu.com\/blog\/de\/wp-json\/wp\/v2\/posts\/45494\/revisions\/45553"}],"wp:featuredmedia":[{"embeddable":true,"href":"https:\/\/www.riu.com\/blog\/de\/wp-json\/wp\/v2\/media\/45470"}],"wp:attachment":[{"href":"https:\/\/www.riu.com\/blog\/de\/wp-json\/wp\/v2\/media?parent=45494"}],"wp:term":[{"taxonomy":"category","embeddable":true,"href":"https:\/\/www.riu.com\/blog\/de\/wp-json\/wp\/v2\/categories?post=45494"},{"taxonomy":"post_tag","embeddable":true,"href":"https:\/\/www.riu.com\/blog\/de\/wp-json\/wp\/v2\/tags?post=45494"}],"curies":[{"name":"wp","href":"https:\/\/api.w.org\/{rel}","templated":true}]}}