{"id":7991,"date":"2019-01-15T09:43:41","date_gmt":"2019-01-15T08:43:41","guid":{"rendered":"https:\/\/www.riu.com\/blog\/?p=7991"},"modified":"2020-01-23T14:52:21","modified_gmt":"2020-01-23T13:52:21","slug":"erleben-sie-mit-uns-den-karnaval-der-kanarischen-inseln","status":"publish","type":"post","link":"https:\/\/www.riu.com\/blog\/de\/erleben-sie-mit-uns-den-karnaval-der-kanarischen-inseln\/","title":{"rendered":"Erleben Sie mit uns den Karnaval der Kanarischen Inseln!"},"content":{"rendered":"\r\n<p>Haben Sie Ihr Kost\u00fcm bereits gew\u00e4hlt? Falls Sie noch nicht wissen, was Sie anziehen sollen, m\u00fcssen Sie sich beeilen! Der Karneval der <strong>Kanarischen Inseln<\/strong> steht vor der T\u00fcr, und Sie d\u00fcrfen ihn auf keinen Fall verpassen! Es handelt sich um ein wichtiges Event, das als <strong>Nationales Fest von touristischem Interesse<\/strong> eingestuft ist, jedes Jahr stattfindet und in diesem Jahr 2019 vom 15. Februar bis 10. M\u00e4rz gefeiert wird. M\u00f6chten Sie N\u00e4heres \u00fcber dieses beeindruckende Event erfahren?<\/p>\r\n\r\n\r\n\r\n<p>&nbsp;<\/p>\r\n\r\n\r\n\r\n<figure class=\"wp-block-image\"><img loading=\"lazy\" decoding=\"async\" width=\"700\" height=\"468\" class=\"wp-image-7972\" src=\"https:\/\/www.riu.com\/blog\/wp-content\/uploads\/2019\/01\/shutterstock_471787697-1-700x468.jpg\" alt=\"\" srcset=\"https:\/\/www.riu.com\/blog\/wp-content\/uploads\/2019\/01\/shutterstock_471787697-1-700x468.jpg 700w, https:\/\/www.riu.com\/blog\/wp-content\/uploads\/2019\/01\/shutterstock_471787697-1-250x167.jpg 250w, https:\/\/www.riu.com\/blog\/wp-content\/uploads\/2019\/01\/shutterstock_471787697-1-768x514.jpg 768w, https:\/\/www.riu.com\/blog\/wp-content\/uploads\/2019\/01\/shutterstock_471787697-1-120x80.jpg 120w, https:\/\/www.riu.com\/blog\/wp-content\/uploads\/2019\/01\/shutterstock_471787697-1.jpg 1000w\" sizes=\"auto, (max-width: 700px) 100vw, 700px\" \/><\/figure>\r\n\r\n\r\n\r\n<p>Zwei Wochen lang werden die sieben Insel der <strong>Kanaren<\/strong> von Musik, Tanz und Kost\u00fcmen dominiert, ein unglaubliches Spektakel, zu dem jeder eingeladen ist. Es handelt sich um ein Fest mit jahrelanger Tradition, an dem jeder, der m\u00f6chte, mit seinem Kost\u00fcm und seinem Spa\u00df am Vergn\u00fcgen teilnehmen kann. \u00a0<\/p>\r\n\r\n\r\n\r\n<p>&nbsp;<\/p>\r\n\r\n\r\n\r\n<figure class=\"wp-block-image\"><img loading=\"lazy\" decoding=\"async\" width=\"700\" height=\"467\" class=\"wp-image-7975\" src=\"https:\/\/www.riu.com\/blog\/wp-content\/uploads\/2019\/01\/shutterstock_554784928-1-700x467.jpg\" alt=\"\" srcset=\"https:\/\/www.riu.com\/blog\/wp-content\/uploads\/2019\/01\/shutterstock_554784928-1-700x467.jpg 700w, https:\/\/www.riu.com\/blog\/wp-content\/uploads\/2019\/01\/shutterstock_554784928-1-250x167.jpg 250w, https:\/\/www.riu.com\/blog\/wp-content\/uploads\/2019\/01\/shutterstock_554784928-1-768x512.jpg 768w, https:\/\/www.riu.com\/blog\/wp-content\/uploads\/2019\/01\/shutterstock_554784928-1-120x80.jpg 120w, https:\/\/www.riu.com\/blog\/wp-content\/uploads\/2019\/01\/shutterstock_554784928-1.jpg 1000w\" sizes=\"auto, (max-width: 700px) 100vw, 700px\" \/><\/figure>\r\n\r\n\r\n\r\n<p>Wenn Sie sich entscheiden sollten, zu kommen, werden Sie ein Spektakel voller Traditionen entdecken, bei dem jedes Jahr eine K\u00f6nigin gew\u00e4hlt wird. Die Wahl findet bei einem Event statt, bei dem die verschiedenen Kandidatinnen sich mit einem wundersch\u00f6nen, aber schweren Kost\u00fcm voller Perlen und Federn pr\u00e4sentieren, an dem das ganze Jahr \u00fcber f\u00fcr diesen besonderen Tag gearbeitet wurde. Es ist zweifellos einer der beeindruckendsten Augenblicke dieses kanarischen Karnevals.<\/p>\r\n\r\n\r\n\r\n<p>&nbsp;<\/p>\r\n\r\n\r\n\r\n<figure class=\"wp-block-image\"><img loading=\"lazy\" decoding=\"async\" width=\"700\" height=\"467\" class=\"wp-image-7978\" src=\"https:\/\/www.riu.com\/blog\/wp-content\/uploads\/2019\/01\/shutterstock_184636781-1-700x467.jpg\" alt=\"\" srcset=\"https:\/\/www.riu.com\/blog\/wp-content\/uploads\/2019\/01\/shutterstock_184636781-1-700x467.jpg 700w, https:\/\/www.riu.com\/blog\/wp-content\/uploads\/2019\/01\/shutterstock_184636781-1-250x167.jpg 250w, https:\/\/www.riu.com\/blog\/wp-content\/uploads\/2019\/01\/shutterstock_184636781-1-768x512.jpg 768w, https:\/\/www.riu.com\/blog\/wp-content\/uploads\/2019\/01\/shutterstock_184636781-1-120x80.jpg 120w, https:\/\/www.riu.com\/blog\/wp-content\/uploads\/2019\/01\/shutterstock_184636781-1.jpg 1000w\" sizes=\"auto, (max-width: 700px) 100vw, 700px\" \/><\/figure>\r\n\r\n\r\n\r\n<p>Was diesen Karneval so vergn\u00fcglich und besonders macht, ist der Umstand, dass er auf der Stra\u00dfe gefeiert wird und man dort viele verkleidete Menschen sieht, die eindeutig die Gemeinsamkeit und den Zusammenhalt suchen, eine Beobachtung w\u00e4hrend seiner gesamten Dauer. Aus der Menge sind die ber\u00fchmten <strong>murgas<\/strong> hervorzuheben, Freundesgruppen, die mit viel Humor und Rhythmus scharfz\u00fcngige sozialkritische Texte singen und sich bei Wettbewerben prasentieren, an denen zahlreiche Gruppen dieser Art teilnehmen.<\/p>\r\n\r\n\r\n\r\n<p>&nbsp;<\/p>\r\n\r\n\r\n\r\n<figure class=\"wp-block-image\"><img loading=\"lazy\" decoding=\"async\" width=\"700\" height=\"468\" class=\"wp-image-7981\" src=\"https:\/\/www.riu.com\/blog\/wp-content\/uploads\/2019\/01\/shutterstock_548654317-700x468.jpg\" alt=\"\" srcset=\"https:\/\/www.riu.com\/blog\/wp-content\/uploads\/2019\/01\/shutterstock_548654317-700x468.jpg 700w, https:\/\/www.riu.com\/blog\/wp-content\/uploads\/2019\/01\/shutterstock_548654317-250x167.jpg 250w, https:\/\/www.riu.com\/blog\/wp-content\/uploads\/2019\/01\/shutterstock_548654317-768x514.jpg 768w, https:\/\/www.riu.com\/blog\/wp-content\/uploads\/2019\/01\/shutterstock_548654317-120x80.jpg 120w, https:\/\/www.riu.com\/blog\/wp-content\/uploads\/2019\/01\/shutterstock_548654317.jpg 1000w\" sizes=\"auto, (max-width: 700px) 100vw, 700px\" \/><\/figure>\r\n\r\n\r\n\r\n<p>Die Musik steht bei diesem Event neben den Kost\u00fcmen im Vordergrund und spielt bei Gruppen wie den sogenannten <strong>comparsas<\/strong> eine wichtige Rolle, die sich durch Tanz ausdr\u00fccken. Zu all dem gibt es Kost\u00fcmparaden, Festumz\u00fcge und zahlreiche weitere Aktivit\u00e4ten, bei dem Sie den echten Karneval mitfeiern und miterleben k\u00f6nnen, der mit der ber\u00fchmten &#8222;<strong>Entierro de la Sardina<\/strong>&#8220; (Beerdigung der Sardine) endet. Bei dieser Veranstaltung nehmen s\u00e4mtliche Inselbewohner an einem Bestattungszug f\u00fcr eine Sardine teil, die anschlie\u00dfend in einer unverge\u00dflichen Atmosph\u00e4re mit Feuerwerk verbrannt wird. Neben Rio de Janeiro ist der kanarische Karneval einer der wichtigsten.<\/p>\r\n\r\n\r\n\r\n<p>&nbsp;<\/p>\r\n\r\n\r\n\r\n<figure class=\"wp-block-image\"><img loading=\"lazy\" decoding=\"async\" width=\"700\" height=\"467\" class=\"wp-image-7984\" src=\"https:\/\/www.riu.com\/blog\/wp-content\/uploads\/2019\/01\/shutterstock_564239446-700x467.jpg\" alt=\"\" srcset=\"https:\/\/www.riu.com\/blog\/wp-content\/uploads\/2019\/01\/shutterstock_564239446-700x467.jpg 700w, https:\/\/www.riu.com\/blog\/wp-content\/uploads\/2019\/01\/shutterstock_564239446-250x167.jpg 250w, https:\/\/www.riu.com\/blog\/wp-content\/uploads\/2019\/01\/shutterstock_564239446-768x512.jpg 768w, https:\/\/www.riu.com\/blog\/wp-content\/uploads\/2019\/01\/shutterstock_564239446-120x80.jpg 120w, https:\/\/www.riu.com\/blog\/wp-content\/uploads\/2019\/01\/shutterstock_564239446.jpg 1000w\" sizes=\"auto, (max-width: 700px) 100vw, 700px\" \/><\/figure>\r\n\r\n\r\n\r\n<p>Jetzt wissen Sie Bescheid! Ein Spektakel voller Farben und Magie erwartet Sie beim Karneval der <strong>Kanarischen Inseln<\/strong>. Dazu m\u00fcssen Sie wissen, dass es auf jeder Insel ein anderes Programm gibt, sodass Sie das Angebot w\u00e4hlen k\u00f6nnen, das Ihnen am meisten zusagt. Nat\u00fcrlich bieten wir Ihnen auch hier zahlreiche Unterbringungsm\u00f6glichkeiten in unseren Hotels auf Gran Canaria, Lanzarote, Teneriffa und Fuerteventura.<\/p>\r\n\r\n\r\n\r\n<p>Die Kanarischen Inseln erwarten Sie, und wir sind schon ganz neugierig auf Ihr Kost\u00fcm!<\/p>\r\n","protected":false},"excerpt":{"rendered":"Haben Sie Ihr Kost\u00fcm bereits gew\u00e4hlt? Falls Sie noch nicht wissen, was Sie anziehen sollen, m\u00fcssen Sie sich beeilen! Der Karneval der Kanarischen Inseln steht vor der T\u00fcr, und Sie d\u00fcrfen ihn auf keinen Fall verpassen! Es handelt sich um ein wichtiges Event, das als Nationales Fest von touristischem Interesse eingestuft ist, jedes Jahr stattfindet&#8230;","protected":false},"author":3,"featured_media":7977,"comment_status":"open","ping_status":"closed","sticky":false,"template":"","format":"standard","meta":{"_acf_changed":false,"footnotes":""},"categories":[566,1237],"tags":[],"class_list":["post-7991","post","type-post","status-publish","format-standard","has-post-thumbnail","hentry","category-hotels-de","category-reiseziele"],"acf":[],"yoast_head":"<!-- This site is optimized with the Yoast SEO plugin v27.2 - https:\/\/yoast.com\/product\/yoast-seo-wordpress\/ -->\n<title>Erleben Sie mit uns den Karnaval der Kanarischen Inseln! - RIU.com | Blog<\/title>\n<meta name=\"description\" content=\"Der Karneval der Kanarischen Inseln steht vor der T\u00fcr, und Sie d\u00fcrfen ihn auf keinen Fall verpassen! Wenn Sie sich entscheiden sollten, zu kommen, werden Sie ein Spektakel voller Traditionen entdecken, bei dem jedes Jahr eine K\u00f6nigin gew\u00e4hlt wird.\" \/>\n<meta name=\"robots\" content=\"index, follow, max-snippet:-1, max-image-preview:large, max-video-preview:-1\" \/>\n<link rel=\"canonical\" href=\"https:\/\/www.riu.com\/blog\/de\/erleben-sie-mit-uns-den-karnaval-der-kanarischen-inseln\/\" \/>\n<meta property=\"og:locale\" content=\"de_DE\" \/>\n<meta property=\"og:type\" content=\"article\" \/>\n<meta property=\"og:title\" content=\"Erleben Sie mit uns den Karnaval der Kanarischen Inseln! - RIU.com | Blog\" \/>\n<meta property=\"og:description\" content=\"Der Karneval der Kanarischen Inseln steht vor der T\u00fcr, und Sie d\u00fcrfen ihn auf keinen Fall verpassen! Wenn Sie sich entscheiden sollten, zu kommen, werden Sie ein Spektakel voller Traditionen entdecken, bei dem jedes Jahr eine K\u00f6nigin gew\u00e4hlt wird.\" \/>\n<meta property=\"og:url\" content=\"https:\/\/www.riu.com\/blog\/de\/erleben-sie-mit-uns-den-karnaval-der-kanarischen-inseln\/\" \/>\n<meta property=\"og:site_name\" content=\"RIU.com | Blog\" \/>\n<meta property=\"article:published_time\" content=\"2019-01-15T08:43:41+00:00\" \/>\n<meta property=\"article:modified_time\" content=\"2020-01-23T13:52:21+00:00\" \/>\n<meta property=\"og:image\" content=\"https:\/\/www.riu.com\/blog\/wp-content\/uploads\/2019\/01\/shutterstock_554784928-1.jpg\" \/>\n\t<meta property=\"og:image:width\" content=\"1000\" \/>\n\t<meta property=\"og:image:height\" content=\"667\" \/>\n\t<meta property=\"og:image:type\" content=\"image\/jpeg\" \/>\n<meta name=\"author\" content=\"Riu Hotels\" \/>\n<meta name=\"twitter:card\" content=\"summary_large_image\" \/>\n<meta name=\"twitter:label1\" content=\"Verfasst von\" \/>\n\t<meta name=\"twitter:data1\" content=\"Riu Hotels\" \/>\n\t<meta name=\"twitter:label2\" content=\"Gesch\u00e4tzte Lesezeit\" \/>\n\t<meta name=\"twitter:data2\" content=\"2\u00a0Minuten\" \/>\n<script type=\"application\/ld+json\" class=\"yoast-schema-graph\">{\"@context\":\"https:\/\/schema.org\",\"@graph\":[{\"@type\":\"NewsArticle\",\"@id\":\"https:\/\/www.riu.com\/blog\/de\/erleben-sie-mit-uns-den-karnaval-der-kanarischen-inseln\/#article\",\"isPartOf\":{\"@id\":\"https:\/\/www.riu.com\/blog\/de\/erleben-sie-mit-uns-den-karnaval-der-kanarischen-inseln\/\"},\"author\":{\"name\":\"Riu Hotels\",\"@id\":\"https:\/\/www.riu.com\/blog\/de\/#\/schema\/person\/0d2e827ad7e2aee20a09a05bdc3fb45f\"},\"headline\":\"Erleben Sie mit uns den Karnaval der Kanarischen Inseln!\",\"datePublished\":\"2019-01-15T08:43:41+00:00\",\"dateModified\":\"2020-01-23T13:52:21+00:00\",\"mainEntityOfPage\":{\"@id\":\"https:\/\/www.riu.com\/blog\/de\/erleben-sie-mit-uns-den-karnaval-der-kanarischen-inseln\/\"},\"wordCount\":480,\"commentCount\":0,\"image\":{\"@id\":\"https:\/\/www.riu.com\/blog\/de\/erleben-sie-mit-uns-den-karnaval-der-kanarischen-inseln\/#primaryimage\"},\"thumbnailUrl\":\"https:\/\/www.riu.com\/blog\/wp-content\/uploads\/2019\/01\/shutterstock_554784928-1.jpg\",\"articleSection\":[\"Hotels\",\"Reiseziele\"],\"inLanguage\":\"de\",\"potentialAction\":[{\"@type\":\"CommentAction\",\"name\":\"Comment\",\"target\":[\"https:\/\/www.riu.com\/blog\/de\/erleben-sie-mit-uns-den-karnaval-der-kanarischen-inseln\/#respond\"]}]},{\"@type\":[\"WebPage\",\"ItemPage\"],\"@id\":\"https:\/\/www.riu.com\/blog\/de\/erleben-sie-mit-uns-den-karnaval-der-kanarischen-inseln\/\",\"url\":\"https:\/\/www.riu.com\/blog\/de\/erleben-sie-mit-uns-den-karnaval-der-kanarischen-inseln\/\",\"name\":\"Erleben Sie mit uns den Karnaval der Kanarischen Inseln! - RIU.com | Blog\",\"isPartOf\":{\"@id\":\"https:\/\/www.riu.com\/blog\/de\/#website\"},\"primaryImageOfPage\":{\"@id\":\"https:\/\/www.riu.com\/blog\/de\/erleben-sie-mit-uns-den-karnaval-der-kanarischen-inseln\/#primaryimage\"},\"image\":{\"@id\":\"https:\/\/www.riu.com\/blog\/de\/erleben-sie-mit-uns-den-karnaval-der-kanarischen-inseln\/#primaryimage\"},\"thumbnailUrl\":\"https:\/\/www.riu.com\/blog\/wp-content\/uploads\/2019\/01\/shutterstock_554784928-1.jpg\",\"datePublished\":\"2019-01-15T08:43:41+00:00\",\"dateModified\":\"2020-01-23T13:52:21+00:00\",\"author\":{\"@id\":\"https:\/\/www.riu.com\/blog\/de\/#\/schema\/person\/0d2e827ad7e2aee20a09a05bdc3fb45f\"},\"description\":\"Der Karneval der Kanarischen Inseln steht vor der T\u00fcr, und Sie d\u00fcrfen ihn auf keinen Fall verpassen! Wenn Sie sich entscheiden sollten, zu kommen, werden Sie ein Spektakel voller Traditionen entdecken, bei dem jedes Jahr eine K\u00f6nigin gew\u00e4hlt wird.\",\"breadcrumb\":{\"@id\":\"https:\/\/www.riu.com\/blog\/de\/erleben-sie-mit-uns-den-karnaval-der-kanarischen-inseln\/#breadcrumb\"},\"inLanguage\":\"de\",\"potentialAction\":[{\"@type\":\"ReadAction\",\"target\":[\"https:\/\/www.riu.com\/blog\/de\/erleben-sie-mit-uns-den-karnaval-der-kanarischen-inseln\/\"]}]},{\"@type\":\"ImageObject\",\"inLanguage\":\"de\",\"@id\":\"https:\/\/www.riu.com\/blog\/de\/erleben-sie-mit-uns-den-karnaval-der-kanarischen-inseln\/#primaryimage\",\"url\":\"https:\/\/www.riu.com\/blog\/wp-content\/uploads\/2019\/01\/shutterstock_554784928-1.jpg\",\"contentUrl\":\"https:\/\/www.riu.com\/blog\/wp-content\/uploads\/2019\/01\/shutterstock_554784928-1.jpg\",\"width\":1000,\"height\":667},{\"@type\":\"BreadcrumbList\",\"@id\":\"https:\/\/www.riu.com\/blog\/de\/erleben-sie-mit-uns-den-karnaval-der-kanarischen-inseln\/#breadcrumb\",\"itemListElement\":[{\"@type\":\"ListItem\",\"position\":1,\"name\":\"Portada\",\"item\":\"https:\/\/www.riu.com\/blog\/de\/\"},{\"@type\":\"ListItem\",\"position\":2,\"name\":\"Erleben Sie mit uns den Karnaval der Kanarischen Inseln!\"}]},{\"@type\":\"WebSite\",\"@id\":\"https:\/\/www.riu.com\/blog\/de\/#website\",\"url\":\"https:\/\/www.riu.com\/blog\/de\/\",\"name\":\"RIU.com | Blog\",\"description\":\"Blog de Riu Hotels &amp; Resorts | Noticias exclusivas de la cadena Riu Hotels &amp; Resorts | Hoteles en Espa\u00f1a, M\u00e9xico, Jamaica, Rep\u00fablica Dominicana, Portugal, Miami y muchos m\u00e1s.\",\"potentialAction\":[{\"@type\":\"SearchAction\",\"target\":{\"@type\":\"EntryPoint\",\"urlTemplate\":\"https:\/\/www.riu.com\/blog\/de\/?s={search_term_string}\"},\"query-input\":{\"@type\":\"PropertyValueSpecification\",\"valueRequired\":true,\"valueName\":\"search_term_string\"}}],\"inLanguage\":\"de\"},{\"@type\":\"Person\",\"@id\":\"https:\/\/www.riu.com\/blog\/de\/#\/schema\/person\/0d2e827ad7e2aee20a09a05bdc3fb45f\",\"name\":\"Riu Hotels\",\"image\":{\"@type\":\"ImageObject\",\"inLanguage\":\"de\",\"@id\":\"https:\/\/secure.gravatar.com\/avatar\/1845185f5dc0c5d7a3adb797bcd6cae1d3df26e3eead5da96b212485b274bdf3?s=96&d=mm&r=g\",\"url\":\"https:\/\/secure.gravatar.com\/avatar\/1845185f5dc0c5d7a3adb797bcd6cae1d3df26e3eead5da96b212485b274bdf3?s=96&d=mm&r=g\",\"contentUrl\":\"https:\/\/secure.gravatar.com\/avatar\/1845185f5dc0c5d7a3adb797bcd6cae1d3df26e3eead5da96b212485b274bdf3?s=96&d=mm&r=g\",\"caption\":\"Riu Hotels\"},\"url\":\"https:\/\/www.riu.com\/blog\/de\/author\/riu\/\"}]}<\/script>\n<!-- \/ Yoast SEO plugin. -->","yoast_head_json":{"title":"Erleben Sie mit uns den Karnaval der Kanarischen Inseln! - RIU.com | Blog","description":"Der Karneval der Kanarischen Inseln steht vor der T\u00fcr, und Sie d\u00fcrfen ihn auf keinen Fall verpassen! Wenn Sie sich entscheiden sollten, zu kommen, werden Sie ein Spektakel voller Traditionen entdecken, bei dem jedes Jahr eine K\u00f6nigin gew\u00e4hlt wird.","robots":{"index":"index","follow":"follow","max-snippet":"max-snippet:-1","max-image-preview":"max-image-preview:large","max-video-preview":"max-video-preview:-1"},"canonical":"https:\/\/www.riu.com\/blog\/de\/erleben-sie-mit-uns-den-karnaval-der-kanarischen-inseln\/","og_locale":"de_DE","og_type":"article","og_title":"Erleben Sie mit uns den Karnaval der Kanarischen Inseln! - RIU.com | Blog","og_description":"Der Karneval der Kanarischen Inseln steht vor der T\u00fcr, und Sie d\u00fcrfen ihn auf keinen Fall verpassen! Wenn Sie sich entscheiden sollten, zu kommen, werden Sie ein Spektakel voller Traditionen entdecken, bei dem jedes Jahr eine K\u00f6nigin gew\u00e4hlt wird.","og_url":"https:\/\/www.riu.com\/blog\/de\/erleben-sie-mit-uns-den-karnaval-der-kanarischen-inseln\/","og_site_name":"RIU.com | Blog","article_published_time":"2019-01-15T08:43:41+00:00","article_modified_time":"2020-01-23T13:52:21+00:00","og_image":[{"width":1000,"height":667,"url":"https:\/\/www.riu.com\/blog\/wp-content\/uploads\/2019\/01\/shutterstock_554784928-1.jpg","type":"image\/jpeg"}],"author":"Riu Hotels","twitter_card":"summary_large_image","twitter_misc":{"Verfasst von":"Riu Hotels","Gesch\u00e4tzte Lesezeit":"2\u00a0Minuten"},"schema":{"@context":"https:\/\/schema.org","@graph":[{"@type":"NewsArticle","@id":"https:\/\/www.riu.com\/blog\/de\/erleben-sie-mit-uns-den-karnaval-der-kanarischen-inseln\/#article","isPartOf":{"@id":"https:\/\/www.riu.com\/blog\/de\/erleben-sie-mit-uns-den-karnaval-der-kanarischen-inseln\/"},"author":{"name":"Riu Hotels","@id":"https:\/\/www.riu.com\/blog\/de\/#\/schema\/person\/0d2e827ad7e2aee20a09a05bdc3fb45f"},"headline":"Erleben Sie mit uns den Karnaval der Kanarischen Inseln!","datePublished":"2019-01-15T08:43:41+00:00","dateModified":"2020-01-23T13:52:21+00:00","mainEntityOfPage":{"@id":"https:\/\/www.riu.com\/blog\/de\/erleben-sie-mit-uns-den-karnaval-der-kanarischen-inseln\/"},"wordCount":480,"commentCount":0,"image":{"@id":"https:\/\/www.riu.com\/blog\/de\/erleben-sie-mit-uns-den-karnaval-der-kanarischen-inseln\/#primaryimage"},"thumbnailUrl":"https:\/\/www.riu.com\/blog\/wp-content\/uploads\/2019\/01\/shutterstock_554784928-1.jpg","articleSection":["Hotels","Reiseziele"],"inLanguage":"de","potentialAction":[{"@type":"CommentAction","name":"Comment","target":["https:\/\/www.riu.com\/blog\/de\/erleben-sie-mit-uns-den-karnaval-der-kanarischen-inseln\/#respond"]}]},{"@type":["WebPage","ItemPage"],"@id":"https:\/\/www.riu.com\/blog\/de\/erleben-sie-mit-uns-den-karnaval-der-kanarischen-inseln\/","url":"https:\/\/www.riu.com\/blog\/de\/erleben-sie-mit-uns-den-karnaval-der-kanarischen-inseln\/","name":"Erleben Sie mit uns den Karnaval der Kanarischen Inseln! - RIU.com | Blog","isPartOf":{"@id":"https:\/\/www.riu.com\/blog\/de\/#website"},"primaryImageOfPage":{"@id":"https:\/\/www.riu.com\/blog\/de\/erleben-sie-mit-uns-den-karnaval-der-kanarischen-inseln\/#primaryimage"},"image":{"@id":"https:\/\/www.riu.com\/blog\/de\/erleben-sie-mit-uns-den-karnaval-der-kanarischen-inseln\/#primaryimage"},"thumbnailUrl":"https:\/\/www.riu.com\/blog\/wp-content\/uploads\/2019\/01\/shutterstock_554784928-1.jpg","datePublished":"2019-01-15T08:43:41+00:00","dateModified":"2020-01-23T13:52:21+00:00","author":{"@id":"https:\/\/www.riu.com\/blog\/de\/#\/schema\/person\/0d2e827ad7e2aee20a09a05bdc3fb45f"},"description":"Der Karneval der Kanarischen Inseln steht vor der T\u00fcr, und Sie d\u00fcrfen ihn auf keinen Fall verpassen! Wenn Sie sich entscheiden sollten, zu kommen, werden Sie ein Spektakel voller Traditionen entdecken, bei dem jedes Jahr eine K\u00f6nigin gew\u00e4hlt wird.","breadcrumb":{"@id":"https:\/\/www.riu.com\/blog\/de\/erleben-sie-mit-uns-den-karnaval-der-kanarischen-inseln\/#breadcrumb"},"inLanguage":"de","potentialAction":[{"@type":"ReadAction","target":["https:\/\/www.riu.com\/blog\/de\/erleben-sie-mit-uns-den-karnaval-der-kanarischen-inseln\/"]}]},{"@type":"ImageObject","inLanguage":"de","@id":"https:\/\/www.riu.com\/blog\/de\/erleben-sie-mit-uns-den-karnaval-der-kanarischen-inseln\/#primaryimage","url":"https:\/\/www.riu.com\/blog\/wp-content\/uploads\/2019\/01\/shutterstock_554784928-1.jpg","contentUrl":"https:\/\/www.riu.com\/blog\/wp-content\/uploads\/2019\/01\/shutterstock_554784928-1.jpg","width":1000,"height":667},{"@type":"BreadcrumbList","@id":"https:\/\/www.riu.com\/blog\/de\/erleben-sie-mit-uns-den-karnaval-der-kanarischen-inseln\/#breadcrumb","itemListElement":[{"@type":"ListItem","position":1,"name":"Portada","item":"https:\/\/www.riu.com\/blog\/de\/"},{"@type":"ListItem","position":2,"name":"Erleben Sie mit uns den Karnaval der Kanarischen Inseln!"}]},{"@type":"WebSite","@id":"https:\/\/www.riu.com\/blog\/de\/#website","url":"https:\/\/www.riu.com\/blog\/de\/","name":"RIU.com | Blog","description":"Blog de Riu Hotels &amp; Resorts | Noticias exclusivas de la cadena Riu Hotels &amp; Resorts | Hoteles en Espa\u00f1a, M\u00e9xico, Jamaica, Rep\u00fablica Dominicana, Portugal, Miami y muchos m\u00e1s.","potentialAction":[{"@type":"SearchAction","target":{"@type":"EntryPoint","urlTemplate":"https:\/\/www.riu.com\/blog\/de\/?s={search_term_string}"},"query-input":{"@type":"PropertyValueSpecification","valueRequired":true,"valueName":"search_term_string"}}],"inLanguage":"de"},{"@type":"Person","@id":"https:\/\/www.riu.com\/blog\/de\/#\/schema\/person\/0d2e827ad7e2aee20a09a05bdc3fb45f","name":"Riu Hotels","image":{"@type":"ImageObject","inLanguage":"de","@id":"https:\/\/secure.gravatar.com\/avatar\/1845185f5dc0c5d7a3adb797bcd6cae1d3df26e3eead5da96b212485b274bdf3?s=96&d=mm&r=g","url":"https:\/\/secure.gravatar.com\/avatar\/1845185f5dc0c5d7a3adb797bcd6cae1d3df26e3eead5da96b212485b274bdf3?s=96&d=mm&r=g","contentUrl":"https:\/\/secure.gravatar.com\/avatar\/1845185f5dc0c5d7a3adb797bcd6cae1d3df26e3eead5da96b212485b274bdf3?s=96&d=mm&r=g","caption":"Riu Hotels"},"url":"https:\/\/www.riu.com\/blog\/de\/author\/riu\/"}]}},"_links":{"self":[{"href":"https:\/\/www.riu.com\/blog\/de\/wp-json\/wp\/v2\/posts\/7991","targetHints":{"allow":["GET"]}}],"collection":[{"href":"https:\/\/www.riu.com\/blog\/de\/wp-json\/wp\/v2\/posts"}],"about":[{"href":"https:\/\/www.riu.com\/blog\/de\/wp-json\/wp\/v2\/types\/post"}],"author":[{"embeddable":true,"href":"https:\/\/www.riu.com\/blog\/de\/wp-json\/wp\/v2\/users\/3"}],"replies":[{"embeddable":true,"href":"https:\/\/www.riu.com\/blog\/de\/wp-json\/wp\/v2\/comments?post=7991"}],"version-history":[{"count":6,"href":"https:\/\/www.riu.com\/blog\/de\/wp-json\/wp\/v2\/posts\/7991\/revisions"}],"predecessor-version":[{"id":18133,"href":"https:\/\/www.riu.com\/blog\/de\/wp-json\/wp\/v2\/posts\/7991\/revisions\/18133"}],"wp:featuredmedia":[{"embeddable":true,"href":"https:\/\/www.riu.com\/blog\/de\/wp-json\/wp\/v2\/media\/7977"}],"wp:attachment":[{"href":"https:\/\/www.riu.com\/blog\/de\/wp-json\/wp\/v2\/media?parent=7991"}],"wp:term":[{"taxonomy":"category","embeddable":true,"href":"https:\/\/www.riu.com\/blog\/de\/wp-json\/wp\/v2\/categories?post=7991"},{"taxonomy":"post_tag","embeddable":true,"href":"https:\/\/www.riu.com\/blog\/de\/wp-json\/wp\/v2\/tags?post=7991"}],"curies":[{"name":"wp","href":"https:\/\/api.w.org\/{rel}","templated":true}]}}