{"id":19823,"date":"2020-08-18T13:12:28","date_gmt":"2020-08-18T11:12:28","guid":{"rendered":"https:\/\/www.riu.com\/blog\/?p=19823"},"modified":"2020-08-18T13:12:28","modified_gmt":"2020-08-18T11:12:28","slug":"luis-riu-and-rafael-exposito","status":"publish","type":"post","link":"https:\/\/www.riu.com\/blog\/en\/luis-riu-and-rafael-exposito\/","title":{"rendered":"Luis Riu: &#8220;Today I am paying tribute to Rafael Exp\u00f3sito, RIU\u2019s longest-serving staff member who has been involved in almost all of the chain\u2019s major milestones&#8221;"},"content":{"rendered":"<p><strong>Rafael Exp\u00f3sito<\/strong> visited Mallorca in February this year. When we met and remembered some the best times we have had together, we had no idea that we were on the cusp of experiencing the deep <a href=\"\/blog?p=19067\">health and financial crisis caused by COVID-19<\/a>. Once again, these difficult times have served to help me appreciate <strong>the <\/strong><strong><a href=\"https:\/\/www.riu.com\/en\/recursos_humanos\/index.jsp\">great team we have at RIU<\/a><\/strong>. Capable, reliable people are priceless. And there is no doubt that Rafael is one of them. That is why I want to dedicate this post to him today, so that it can act as a small tribute and acknowledgement.<\/p>\n<p>An entire life. Rafael Exp\u00f3sito\u2019s journey in the chain began 49 years ago, in March 1971. He was a boy when he started, arriving in Mallorca at the age of just 14, and he <strong>now bears overall responsibility for Mexico<\/strong>, the largest of our destinations outside Spain with 20 hotels and more than 10,000 employees.<\/p>\n<p>But it is not just work. Rafa and I have also shared a great deal more. <a href=\"\/blog?p=16965\">When hoteliers leave their home and environment<\/a>, colleagues become more than friends. They are your second family. And that is what has happened to Rafa and me, first in the Canary Islands, then in Punta Cana. <strong>Together, we have been through this company\u2019s key milestones<\/strong>, we have shared sweat and pressure, but also a lot of laughter.<\/p>\n<div id=\"attachment_19801\" style=\"width: 710px\" class=\"wp-caption alignnone\"><a href=\"https:\/\/www.riu.com\/blog\/wp-content\/uploads\/2020\/08\/luis-riu-rafael-exposito.jpg\" target=\"_blank\" rel=\"noopener noreferrer\"><img loading=\"lazy\" decoding=\"async\" aria-describedby=\"caption-attachment-19801\" class=\"wp-image-19801 size-large\" src=\"https:\/\/www.riu.com\/blog\/wp-content\/uploads\/2020\/08\/luis-riu-rafael-exposito-700x467.jpg\" alt=\"Luis Riu, CEO of RIU Hotels &amp; Resorts, and Rafael Exp\u00f3sito, the chain's most senior employee\" width=\"700\" height=\"467\" srcset=\"https:\/\/www.riu.com\/blog\/wp-content\/uploads\/2020\/08\/luis-riu-rafael-exposito-700x467.jpg 700w, https:\/\/www.riu.com\/blog\/wp-content\/uploads\/2020\/08\/luis-riu-rafael-exposito-250x167.jpg 250w, https:\/\/www.riu.com\/blog\/wp-content\/uploads\/2020\/08\/luis-riu-rafael-exposito-768x512.jpg 768w, https:\/\/www.riu.com\/blog\/wp-content\/uploads\/2020\/08\/luis-riu-rafael-exposito-120x80.jpg 120w, https:\/\/www.riu.com\/blog\/wp-content\/uploads\/2020\/08\/luis-riu-rafael-exposito.jpg 1000w\" sizes=\"auto, (max-width: 700px) 100vw, 700px\" \/><\/a><p id=\"caption-attachment-19801\" class=\"wp-caption-text\">Luis Riu, CEO of RIU Hotels &amp; Resorts, and Rafael Exp\u00f3sito, the chain&#8217;s most senior employee.<\/p><\/div>\n<h2>Riu San Francisco: the starting point for a 45-year long career<\/h2>\n<p>When we met, there was a noticeable age difference. I was 10 years old and scampering about the <a href=\"https:\/\/www.riu.com\/en\/hotel\/spain\/majorca\/hotel-riu-san-francisco\/index.jsp\">hotel Riu San Francisco<\/a> when he first started working there. Today, those four years\u2019 difference are nothing. He came to Mallorca following his father and sister who had left their home town of Ja\u00e9n, seeking work opportunities. Who knew back then that one day he would be <strong>RIU Hotels\u2019 longest-serving employee<\/strong>?<\/p>\n<div id=\"attachment_19804\" style=\"width: 710px\" class=\"wp-caption alignnone\"><a href=\"https:\/\/www.riu.com\/blog\/wp-content\/uploads\/2020\/08\/rafael-exposito-riu-hotels-1990.jpg\" target=\"_blank\" rel=\"noopener noreferrer\"><img loading=\"lazy\" decoding=\"async\" aria-describedby=\"caption-attachment-19804\" class=\"wp-image-19804 size-large\" src=\"https:\/\/www.riu.com\/blog\/wp-content\/uploads\/2020\/08\/rafael-exposito-riu-hotels-1990-700x929.jpg\" alt=\"Rafael Exp\u00f3sito, the most senior employee of RIU Hotels &amp; Resorts, in a photograph from 1990From the late 1960s, many trains left the rural parts of Andalusia, full of people seeking work in the cities of Switzerland and Germany, or perhaps a bit closer to home, in Barcelona. Rafael\u2019s father opted for Mallorca because he had a cousin here who assured him that in summer there was enough work for everybody\" width=\"700\" height=\"929\" srcset=\"https:\/\/www.riu.com\/blog\/wp-content\/uploads\/2020\/08\/rafael-exposito-riu-hotels-1990-700x929.jpg 700w, https:\/\/www.riu.com\/blog\/wp-content\/uploads\/2020\/08\/rafael-exposito-riu-hotels-1990-250x332.jpg 250w, https:\/\/www.riu.com\/blog\/wp-content\/uploads\/2020\/08\/rafael-exposito-riu-hotels-1990-768x1019.jpg 768w, https:\/\/www.riu.com\/blog\/wp-content\/uploads\/2020\/08\/rafael-exposito-riu-hotels-1990-1157x1536.jpg 1157w, https:\/\/www.riu.com\/blog\/wp-content\/uploads\/2020\/08\/rafael-exposito-riu-hotels-1990-1543x2048.jpg 1543w, https:\/\/www.riu.com\/blog\/wp-content\/uploads\/2020\/08\/rafael-exposito-riu-hotels-1990-120x159.jpg 120w, https:\/\/www.riu.com\/blog\/wp-content\/uploads\/2020\/08\/rafael-exposito-riu-hotels-1990.jpg 1776w\" sizes=\"auto, (max-width: 700px) 100vw, 700px\" \/><\/a><p id=\"caption-attachment-19804\" class=\"wp-caption-text\">Rafael Exp\u00f3sito, the most senior employee of RIU Hotels &amp; Resorts, in a photograph from 1990From the late 1960s, many trains left the rural parts of Andalusia, full of people seeking work in the cities of Switzerland and Germany, or perhaps a bit closer to home, in Barcelona. Rafael\u2019s father opted for Mallorca because he had a cousin here who assured him that in summer there was enough work for everybody.<\/p><\/div>\n<p>\u201cMy father came here in 1970 with my older sister, and the following year he brought me too. The plan was to work in the hotel from March to October, then to go home and work the olive harvesting season. But <strong>once I had spent my first summer here, I didn\u2019t want to go back<\/strong>. I had to ask my mother for permission in person, and with her blessing <strong>and a request to Don Luis Riu Bertr\u00e1n to \u2018take care of the child\u2019<\/strong>, I settled here and never went back to Ja\u00e9n only to visit.\u201d That is how Rafa recalls his early days, on the latest of his infrequent visits to RIU\u2019s headquarters in Palma.<\/p>\n<div id=\"attachment_19807\" style=\"width: 710px\" class=\"wp-caption alignnone\"><a href=\"https:\/\/www.riu.com\/blog\/wp-content\/uploads\/2020\/08\/luis-riu-rafael-exposito-riu-san-francisco.jpg\" target=\"_blank\" rel=\"noopener noreferrer\"><img loading=\"lazy\" decoding=\"async\" aria-describedby=\"caption-attachment-19807\" class=\"wp-image-19807 size-large\" src=\"https:\/\/www.riu.com\/blog\/wp-content\/uploads\/2020\/08\/luis-riu-rafael-exposito-riu-san-francisco-700x467.jpg\" alt=\"Luis Riu, owner of the RIU hotel chain, and Rafael Exp\u00f3sito, in front of the original symbol of the Riu San Francisco Hotel\" width=\"700\" height=\"467\" srcset=\"https:\/\/www.riu.com\/blog\/wp-content\/uploads\/2020\/08\/luis-riu-rafael-exposito-riu-san-francisco-700x467.jpg 700w, https:\/\/www.riu.com\/blog\/wp-content\/uploads\/2020\/08\/luis-riu-rafael-exposito-riu-san-francisco-250x167.jpg 250w, https:\/\/www.riu.com\/blog\/wp-content\/uploads\/2020\/08\/luis-riu-rafael-exposito-riu-san-francisco-768x512.jpg 768w, https:\/\/www.riu.com\/blog\/wp-content\/uploads\/2020\/08\/luis-riu-rafael-exposito-riu-san-francisco-120x80.jpg 120w, https:\/\/www.riu.com\/blog\/wp-content\/uploads\/2020\/08\/luis-riu-rafael-exposito-riu-san-francisco.jpg 1000w\" sizes=\"auto, (max-width: 700px) 100vw, 700px\" \/><\/a><p id=\"caption-attachment-19807\" class=\"wp-caption-text\">Luis Riu, owner of the RIU hotel chain, and Rafael Exp\u00f3sito, in front of the original symbol of the Riu San Francisco Hotel.<\/p><\/div>\n<p>He began washing dishes in Riu San Francisco, and moved through almost all the hotels in Playa de Palma as he progressed from waiter, to head waiter, to ma\u00eetre d\u2019. And so, little by little, with hard work, he rose through the ranks whilst, without realising it, he was witnessed <strong>the key milestones that define <\/strong><strong><a href=\"https:\/\/www.riu.com\/en\/about\/historia.jsp\">RIU\u2019s history<\/a><\/strong>.<\/p>\n<h2>From the Canaries to Punta Cana, the great achievements of the team: Luis Riu &amp; Rafael Exp\u00f3sito<\/h2>\n<p>\u201cI remember that <strong>the Riu Bravo opening<\/strong> was a watershed moment, because it was <strong>the first four-star hotel<\/strong>. That was an important step because we went to the Canary Islands shortly after and made great strides in terms of quality when Riu Papayas and <a href=\"\/blog?p=12125\">Riu Palmeras opened<\/a>, shortly followed by the hotel Riu Palace Maspalomas. It was a real milestone to launch that <strong>first hotel in the Riu Palace category<\/strong> and to demonstrate that, with our experience, we were capable of making a great leap upwards,\u201d recalls Rafael, who had been at the company for 18 years at that time.<\/p>\n<p>But the time we both remember most fondly is in <strong>Punta Cana<\/strong>. You have to work hard to make things turn out well, but you also have to enjoy the process. And we enjoyed ourselves the most in the Dominican Republic. \u201cThe thing is, that wasn\u2019t working, that was inventing!\u201d, adds Rafa. \u201cFor example, in <strong>Riu Taino, our first in the Dominican Republic<\/strong>, we opened the piano bar with the same snack menu we had brought from Riu Palmeras in the Canary Islands. That was a mistake. It wasn\u2019t what customers want from the Caribbean. I suggested <strong>opening a fish and seafood restaurant<\/strong>. And Luis said yes, alright, but set it up with what you have and if it works, we\u2019ll take it from there. We made a barbecue with a drum, we borrowed a boat to present the fresh fish&#8230; we opened with scant means but a lot of imagination, and by closing time we had sold everything. Of course, soon we were able to open a proper restaurant.\u201d<\/p>\n<div id=\"attachment_19810\" style=\"width: 710px\" class=\"wp-caption alignnone\"><a href=\"https:\/\/www.riu.com\/blog\/wp-content\/uploads\/2020\/08\/rafael-exposito-riu-palace-maspalomas-scaled.jpg\" target=\"_blank\" rel=\"noopener noreferrer\"><img loading=\"lazy\" decoding=\"async\" aria-describedby=\"caption-attachment-19810\" class=\"wp-image-19810 size-large\" src=\"https:\/\/www.riu.com\/blog\/wp-content\/uploads\/2020\/08\/rafael-exposito-riu-palace-maspalomas-700x354.jpg\" alt=\"Rafael Exp\u00f3sito, with the team of the Riu Palace Maspalomas Hotel, during his time as maitre in the 90s\" width=\"700\" height=\"354\" srcset=\"https:\/\/www.riu.com\/blog\/wp-content\/uploads\/2020\/08\/rafael-exposito-riu-palace-maspalomas-700x354.jpg 700w, https:\/\/www.riu.com\/blog\/wp-content\/uploads\/2020\/08\/rafael-exposito-riu-palace-maspalomas-250x127.jpg 250w, https:\/\/www.riu.com\/blog\/wp-content\/uploads\/2020\/08\/rafael-exposito-riu-palace-maspalomas-768x389.jpg 768w, https:\/\/www.riu.com\/blog\/wp-content\/uploads\/2020\/08\/rafael-exposito-riu-palace-maspalomas-1536x778.jpg 1536w, https:\/\/www.riu.com\/blog\/wp-content\/uploads\/2020\/08\/rafael-exposito-riu-palace-maspalomas-2048x1037.jpg 2048w, https:\/\/www.riu.com\/blog\/wp-content\/uploads\/2020\/08\/rafael-exposito-riu-palace-maspalomas-120x61.jpg 120w\" sizes=\"auto, (max-width: 700px) 100vw, 700px\" \/><\/a><p id=\"caption-attachment-19810\" class=\"wp-caption-text\">Rafael Exp\u00f3sito, with the team of the Riu Palace Maspalomas Hotel, during his time as maitre in the 90s.<\/p><\/div>\n<h3>A relationship based on trust<\/h3>\n<p>That is where the relationship of trust that joins us was forged. We know one another very well and if just a look is not enough for us to understand each other, we can always resort to a past experience. Shall we deal with this like we did in this case or that case? Yes, that\u2019s perfect. We\u2019re on the same wavelength. <strong>That level of trust is very hard to achieve<\/strong>. It happens with a small number of people in life and you earn it through many experiences.<\/p>\n<div id=\"attachment_19813\" style=\"width: 710px\" class=\"wp-caption alignnone\"><a href=\"https:\/\/www.riu.com\/blog\/wp-content\/uploads\/2020\/08\/rafael-exposito-riu-hotels.jpg\" target=\"_blank\" rel=\"noopener noreferrer\"><img loading=\"lazy\" decoding=\"async\" aria-describedby=\"caption-attachment-19813\" class=\"wp-image-19813 size-large\" src=\"https:\/\/www.riu.com\/blog\/wp-content\/uploads\/2020\/08\/rafael-exposito-riu-hotels-700x467.jpg\" alt=\"Rafael Exp\u00f3sito, Luis Riu's trusted man in Mexico\" width=\"700\" height=\"467\" srcset=\"https:\/\/www.riu.com\/blog\/wp-content\/uploads\/2020\/08\/rafael-exposito-riu-hotels-700x467.jpg 700w, https:\/\/www.riu.com\/blog\/wp-content\/uploads\/2020\/08\/rafael-exposito-riu-hotels-250x167.jpg 250w, https:\/\/www.riu.com\/blog\/wp-content\/uploads\/2020\/08\/rafael-exposito-riu-hotels-768x512.jpg 768w, https:\/\/www.riu.com\/blog\/wp-content\/uploads\/2020\/08\/rafael-exposito-riu-hotels-120x80.jpg 120w, https:\/\/www.riu.com\/blog\/wp-content\/uploads\/2020\/08\/rafael-exposito-riu-hotels.jpg 1000w\" sizes=\"auto, (max-width: 700px) 100vw, 700px\" \/><\/a><p id=\"caption-attachment-19813\" class=\"wp-caption-text\">Rafael Exp\u00f3sito, Luis Riu&#8217;s trusted man in Mexico.<\/p><\/div>\n<p>And it\u2019s not that Rafael Exp\u00f3sito is an easy-going character that goes along with anything and everything. No. He\u2019s no pushover. If something doesn\u2019t seem right to him, don\u2019t worry, he will tell you. But he\u2019s in the right position to do that.<\/p>\n<p>\u201cThe thing is, you have to have a strong will to pull the cart. If the captain doesn\u2019t steer properly, the whole ship goes off course\u201d, he explains. That reminds me of an anecdote that came out of a moment of pressure. In those early years in Punta Cana, money was tight and we had to justify every penny we spent. Rafael queried some of the things we had bought for the <strong>new disco<\/strong> we had just opened and, with the pressure I was under, I got quite angry. \u201cIt was late and <strong>Luis Riu asked me for an amortisation schedule for 7 a.m. the following morning<\/strong>. At ten to seven he was already waiting for me on the stairs, and I had it under my arm. I presented a plan to recover the 45 million peseta investment in five years, and in fact we started making a profit in two. Once again, that wasn\u2019t working, it was inventing: we brought over the best bands, the parties became famous and all the hoteliers in the region came, along with their customers, and rum brands sponsored the events. It was a resounding success.\u201d<\/p>\n<div id=\"attachment_19816\" style=\"width: 710px\" class=\"wp-caption alignnone\"><a href=\"https:\/\/www.riu.com\/blog\/wp-content\/uploads\/2020\/08\/luis-riu-rafael-exposito-playa-palma.jpg\" target=\"_blank\" rel=\"noopener noreferrer\"><img loading=\"lazy\" decoding=\"async\" aria-describedby=\"caption-attachment-19816\" class=\"wp-image-19816 size-large\" src=\"https:\/\/www.riu.com\/blog\/wp-content\/uploads\/2020\/08\/luis-riu-rafael-exposito-playa-palma-700x467.jpg\" alt=\"Luis Riu and Rafael Exp\u00f3sito, in a recent photograph in Playa de Palma\" width=\"700\" height=\"467\" srcset=\"https:\/\/www.riu.com\/blog\/wp-content\/uploads\/2020\/08\/luis-riu-rafael-exposito-playa-palma-700x467.jpg 700w, https:\/\/www.riu.com\/blog\/wp-content\/uploads\/2020\/08\/luis-riu-rafael-exposito-playa-palma-250x167.jpg 250w, https:\/\/www.riu.com\/blog\/wp-content\/uploads\/2020\/08\/luis-riu-rafael-exposito-playa-palma-768x512.jpg 768w, https:\/\/www.riu.com\/blog\/wp-content\/uploads\/2020\/08\/luis-riu-rafael-exposito-playa-palma-120x80.jpg 120w, https:\/\/www.riu.com\/blog\/wp-content\/uploads\/2020\/08\/luis-riu-rafael-exposito-playa-palma.jpg 1000w\" sizes=\"auto, (max-width: 700px) 100vw, 700px\" \/><\/a><p id=\"caption-attachment-19816\" class=\"wp-caption-text\">Luis Riu and Rafael Exp\u00f3sito, in a recent photograph in Playa de Palma.<\/p><\/div>\n<h2>Rafael Exp\u00f3sito, a career full of great projects with the Riu family<\/h2>\n<p><strong>In the Dominican Republic, he was head of Purchasing as well as Food and Beverage<\/strong> at that time. He had been there for the launch of the first international hotel, Riu Taino, and he was also there to <strong>open our first all-inclusive hotel, Riu Merengue in Puerto Plata<\/strong>. These are both defining moments in RIU\u2019s history. He came back to Palma for a time as a director in the F&amp;B department, before returning definitively to the Caribbean. <strong>He landed in Mexico when the destination was growing and we needed someone we trusted<\/strong>. At first, he was also responsible for Miami, Cuba and Jamaica. When the number of rooms meant we needed the dedication of a single person, Alejandro S\u00e1nchez stayed at the helm of the English-speaking Caribbean, while Rafael focused on Mexico.<\/p>\n<h3>New York, the icing on the cake<\/h3>\n<p>\u201cBut life had another surprise in store for me. Have you brought winter clothes? That is what Fernando Garc\u00eda, executive director in charge of Operations in America asked me one day. That\u2019s how I was made <strong>director in New York<\/strong>, in charge of opening our first hotel in the city. That was hard, it was nerve-racking, but it was the icing on the cake in my career.\u201d Who would have thought that the young Rafael in the olive groves of Ja\u00e9n would end up in a position of such responsibility around the world and, eventually, in the iconic city of New York?<\/p>\n<div id=\"attachment_19825\" style=\"width: 710px\" class=\"wp-caption alignnone\"><a href=\"https:\/\/www.riu.com\/blog\/wp-content\/uploads\/2020\/08\/rafael-exposito-legend-riu.jpg\" target=\"_blank\" rel=\"noopener noreferrer\"><img loading=\"lazy\" decoding=\"async\" aria-describedby=\"caption-attachment-19825\" class=\"wp-image-19825 size-large\" src=\"https:\/\/www.riu.com\/blog\/wp-content\/uploads\/2020\/08\/rafael-exposito-legend-riu-700x467.jpg\" alt=\"Rafael Exp\u00f3sito, a legend in the RIU chain\" width=\"700\" height=\"467\" srcset=\"https:\/\/www.riu.com\/blog\/wp-content\/uploads\/2020\/08\/rafael-exposito-legend-riu-700x467.jpg 700w, https:\/\/www.riu.com\/blog\/wp-content\/uploads\/2020\/08\/rafael-exposito-legend-riu-250x167.jpg 250w, https:\/\/www.riu.com\/blog\/wp-content\/uploads\/2020\/08\/rafael-exposito-legend-riu-768x512.jpg 768w, https:\/\/www.riu.com\/blog\/wp-content\/uploads\/2020\/08\/rafael-exposito-legend-riu-120x80.jpg 120w, https:\/\/www.riu.com\/blog\/wp-content\/uploads\/2020\/08\/rafael-exposito-legend-riu.jpg 1000w\" sizes=\"auto, (max-width: 700px) 100vw, 700px\" \/><\/a><p id=\"caption-attachment-19825\" class=\"wp-caption-text\">Rafael Exp\u00f3sito, a legend in the RIU chain.<\/p><\/div>\n<h2>Rafael Exp\u00f3sito: &#8220;At work, you must always be on the move&#8221;<\/h2>\n<p>Today he feels great pride to have been involved in all these ambitious projects &#8211; \u201cand they all turned out well!\u201d, he adds. \u201cI\u2019ve never been short of work, but I\u2019ve never had too much either. <strong>Luis Riu G\u00fcell has always supported me and I\u2019ve always given 100%<\/strong>. You have to enjoy what you do and, as we started saying in the Dominican Republic, we always have to be moving at work, always frying and eating, and that\u2019s what makes it so tasty,\u201d Exp\u00f3sito laughs. \u201cIn this company, there are plenty of opportunities for those of us who are hard-working, and in my position, I always support internal talent, because hard work and merit are rewarded with a good career,\u201d he adds, with a more serious tone.<\/p>\n<p><strong>He has worked with all the generations of the Riu family<\/strong> and won respect and affection from all of them. I don\u2019t like to raise the subject, but <strong>one day it will be his time to retire<\/strong>. \u201cWell, I sometimes wonder, what am I going to do at home, sitting around? But I feel that after all these hours, all this travelling and all this dedication, I owe it to my wife, my daughter and my grandchildren to dedicate my time to them.\u201d That is what Rafa says, so although it is only for now and only for a short time, that question still doesn\u2019t have a specific answer, and <strong>we will be lucky enough to keep collaborating with him.<\/strong> That is something I am very grateful for, now more than ever as <a href=\"\/blog?p=19574\">we fight to get through this unprecedented crisis<\/a>.<\/p>\n","protected":false},"excerpt":{"rendered":"Luis Riu, CEO of RIU Hotels &#038; Resorts, and Rafael Exp\u00f3sito, the hotel chain&#8217;s most senior employee, recalls the great little stories they&#8217;ve lived together over the past 45 years. Exp\u00f3sito began working at the Riu San Francisco Hotel and today is RIU&#8217;s top manager in Mexico.","protected":false},"author":3,"featured_media":19801,"comment_status":"open","ping_status":"closed","sticky":false,"template":"","format":"standard","meta":{"_acf_changed":false,"footnotes":""},"categories":[1716],"tags":[],"class_list":["post-19823","post","type-post","status-publish","format-standard","has-post-thumbnail","hentry","category-luis-riu-en"],"acf":[],"yoast_head":"<!-- This site is optimized with the Yoast SEO plugin v27.2 - https:\/\/yoast.com\/product\/yoast-seo-wordpress\/ -->\n<title>Luis Riu Honours His Most Senior Employee | Blog RIU.com<\/title>\n<meta name=\"description\" content=\"Luis Riu remembers all the stories lived with Rafael Exp\u00f3sito for 45 years, the most senior employee of the RIU Hotels &amp; Resorts chain.\" \/>\n<meta name=\"robots\" content=\"index, follow, max-snippet:-1, max-image-preview:large, max-video-preview:-1\" \/>\n<link rel=\"canonical\" href=\"https:\/\/www.riu.com\/blog\/en\/luis-riu-and-rafael-exposito\/\" \/>\n<meta property=\"og:locale\" content=\"en_US\" \/>\n<meta property=\"og:type\" content=\"article\" \/>\n<meta property=\"og:title\" content=\"Luis Riu Honours His Most Senior Employee | Blog RIU.com\" \/>\n<meta property=\"og:description\" content=\"Luis Riu remembers all the stories lived with Rafael Exp\u00f3sito for 45 years, the most senior employee of the RIU Hotels &amp; Resorts chain.\" \/>\n<meta property=\"og:url\" content=\"https:\/\/www.riu.com\/blog\/en\/luis-riu-and-rafael-exposito\/\" \/>\n<meta property=\"og:site_name\" content=\"RIU.com | Blog\" \/>\n<meta property=\"article:published_time\" content=\"2020-08-18T11:12:28+00:00\" \/>\n<meta property=\"og:image\" content=\"https:\/\/www.riu.com\/blog\/wp-content\/uploads\/2020\/08\/luis-riu-rafael-exposito.jpg\" \/>\n\t<meta property=\"og:image:width\" content=\"1000\" \/>\n\t<meta property=\"og:image:height\" content=\"667\" \/>\n\t<meta property=\"og:image:type\" content=\"image\/jpeg\" \/>\n<meta name=\"author\" content=\"Riu Hotels\" \/>\n<meta name=\"twitter:card\" content=\"summary_large_image\" \/>\n<meta name=\"twitter:label1\" content=\"Written by\" \/>\n\t<meta name=\"twitter:data1\" content=\"Riu Hotels\" \/>\n\t<meta name=\"twitter:label2\" content=\"Est. reading time\" \/>\n\t<meta name=\"twitter:data2\" content=\"9 minutes\" \/>\n<script type=\"application\/ld+json\" class=\"yoast-schema-graph\">{\"@context\":\"https:\/\/schema.org\",\"@graph\":[{\"@type\":\"NewsArticle\",\"@id\":\"https:\/\/www.riu.com\/blog\/en\/luis-riu-and-rafael-exposito\/#article\",\"isPartOf\":{\"@id\":\"https:\/\/www.riu.com\/blog\/en\/luis-riu-and-rafael-exposito\/\"},\"author\":{\"name\":\"Riu Hotels\",\"@id\":\"https:\/\/www.riu.com\/blog\/de\/#\/schema\/person\/0d2e827ad7e2aee20a09a05bdc3fb45f\"},\"headline\":\"Luis Riu: &#8220;Today I am paying tribute to Rafael Exp\u00f3sito, RIU\u2019s longest-serving staff member who has been involved in almost all of the chain\u2019s major milestones&#8221;\",\"datePublished\":\"2020-08-18T11:12:28+00:00\",\"mainEntityOfPage\":{\"@id\":\"https:\/\/www.riu.com\/blog\/en\/luis-riu-and-rafael-exposito\/\"},\"wordCount\":1904,\"commentCount\":1,\"image\":{\"@id\":\"https:\/\/www.riu.com\/blog\/en\/luis-riu-and-rafael-exposito\/#primaryimage\"},\"thumbnailUrl\":\"https:\/\/www.riu.com\/blog\/wp-content\/uploads\/2020\/08\/luis-riu-rafael-exposito.jpg\",\"articleSection\":[\"Luis Riu\"],\"inLanguage\":\"en-US\",\"potentialAction\":[{\"@type\":\"CommentAction\",\"name\":\"Comment\",\"target\":[\"https:\/\/www.riu.com\/blog\/en\/luis-riu-and-rafael-exposito\/#respond\"]}]},{\"@type\":[\"WebPage\",\"ItemPage\"],\"@id\":\"https:\/\/www.riu.com\/blog\/en\/luis-riu-and-rafael-exposito\/\",\"url\":\"https:\/\/www.riu.com\/blog\/en\/luis-riu-and-rafael-exposito\/\",\"name\":\"Luis Riu Honours His Most Senior Employee | Blog RIU.com\",\"isPartOf\":{\"@id\":\"https:\/\/www.riu.com\/blog\/de\/#website\"},\"primaryImageOfPage\":{\"@id\":\"https:\/\/www.riu.com\/blog\/en\/luis-riu-and-rafael-exposito\/#primaryimage\"},\"image\":{\"@id\":\"https:\/\/www.riu.com\/blog\/en\/luis-riu-and-rafael-exposito\/#primaryimage\"},\"thumbnailUrl\":\"https:\/\/www.riu.com\/blog\/wp-content\/uploads\/2020\/08\/luis-riu-rafael-exposito.jpg\",\"datePublished\":\"2020-08-18T11:12:28+00:00\",\"author\":{\"@id\":\"https:\/\/www.riu.com\/blog\/de\/#\/schema\/person\/0d2e827ad7e2aee20a09a05bdc3fb45f\"},\"description\":\"Luis Riu remembers all the stories lived with Rafael Exp\u00f3sito for 45 years, the most senior employee of the RIU Hotels & Resorts chain.\",\"breadcrumb\":{\"@id\":\"https:\/\/www.riu.com\/blog\/en\/luis-riu-and-rafael-exposito\/#breadcrumb\"},\"inLanguage\":\"en-US\",\"potentialAction\":[{\"@type\":\"ReadAction\",\"target\":[\"https:\/\/www.riu.com\/blog\/en\/luis-riu-and-rafael-exposito\/\"]}]},{\"@type\":\"ImageObject\",\"inLanguage\":\"en-US\",\"@id\":\"https:\/\/www.riu.com\/blog\/en\/luis-riu-and-rafael-exposito\/#primaryimage\",\"url\":\"https:\/\/www.riu.com\/blog\/wp-content\/uploads\/2020\/08\/luis-riu-rafael-exposito.jpg\",\"contentUrl\":\"https:\/\/www.riu.com\/blog\/wp-content\/uploads\/2020\/08\/luis-riu-rafael-exposito.jpg\",\"width\":1000,\"height\":667},{\"@type\":\"BreadcrumbList\",\"@id\":\"https:\/\/www.riu.com\/blog\/en\/luis-riu-and-rafael-exposito\/#breadcrumb\",\"itemListElement\":[{\"@type\":\"ListItem\",\"position\":1,\"name\":\"Portada\",\"item\":\"https:\/\/www.riu.com\/blog\/de\/\"},{\"@type\":\"ListItem\",\"position\":2,\"name\":\"Luis Riu: &#8220;Today I am paying tribute to Rafael Exp\u00f3sito, RIU\u2019s longest-serving staff member who has been involved in almost all of the chain\u2019s major milestones&#8221;\"}]},{\"@type\":\"WebSite\",\"@id\":\"https:\/\/www.riu.com\/blog\/de\/#website\",\"url\":\"https:\/\/www.riu.com\/blog\/de\/\",\"name\":\"RIU.com | Blog\",\"description\":\"Blog de Riu Hotels &amp; Resorts | Noticias exclusivas de la cadena Riu Hotels &amp; Resorts | Hoteles en Espa\u00f1a, M\u00e9xico, Jamaica, Rep\u00fablica Dominicana, Portugal, Miami y muchos m\u00e1s.\",\"potentialAction\":[{\"@type\":\"SearchAction\",\"target\":{\"@type\":\"EntryPoint\",\"urlTemplate\":\"https:\/\/www.riu.com\/blog\/de\/?s={search_term_string}\"},\"query-input\":{\"@type\":\"PropertyValueSpecification\",\"valueRequired\":true,\"valueName\":\"search_term_string\"}}],\"inLanguage\":\"en-US\"},{\"@type\":\"Person\",\"@id\":\"https:\/\/www.riu.com\/blog\/de\/#\/schema\/person\/0d2e827ad7e2aee20a09a05bdc3fb45f\",\"name\":\"Riu Hotels\",\"image\":{\"@type\":\"ImageObject\",\"inLanguage\":\"en-US\",\"@id\":\"https:\/\/secure.gravatar.com\/avatar\/1845185f5dc0c5d7a3adb797bcd6cae1d3df26e3eead5da96b212485b274bdf3?s=96&d=mm&r=g\",\"url\":\"https:\/\/secure.gravatar.com\/avatar\/1845185f5dc0c5d7a3adb797bcd6cae1d3df26e3eead5da96b212485b274bdf3?s=96&d=mm&r=g\",\"contentUrl\":\"https:\/\/secure.gravatar.com\/avatar\/1845185f5dc0c5d7a3adb797bcd6cae1d3df26e3eead5da96b212485b274bdf3?s=96&d=mm&r=g\",\"caption\":\"Riu Hotels\"},\"url\":\"https:\/\/www.riu.com\/blog\/en\/author\/riu\/\"}]}<\/script>\n<!-- \/ Yoast SEO plugin. -->","yoast_head_json":{"title":"Luis Riu Honours His Most Senior Employee | Blog RIU.com","description":"Luis Riu remembers all the stories lived with Rafael Exp\u00f3sito for 45 years, the most senior employee of the RIU Hotels & Resorts chain.","robots":{"index":"index","follow":"follow","max-snippet":"max-snippet:-1","max-image-preview":"max-image-preview:large","max-video-preview":"max-video-preview:-1"},"canonical":"https:\/\/www.riu.com\/blog\/en\/luis-riu-and-rafael-exposito\/","og_locale":"en_US","og_type":"article","og_title":"Luis Riu Honours His Most Senior Employee | Blog RIU.com","og_description":"Luis Riu remembers all the stories lived with Rafael Exp\u00f3sito for 45 years, the most senior employee of the RIU Hotels & Resorts chain.","og_url":"https:\/\/www.riu.com\/blog\/en\/luis-riu-and-rafael-exposito\/","og_site_name":"RIU.com | Blog","article_published_time":"2020-08-18T11:12:28+00:00","og_image":[{"width":1000,"height":667,"url":"https:\/\/www.riu.com\/blog\/wp-content\/uploads\/2020\/08\/luis-riu-rafael-exposito.jpg","type":"image\/jpeg"}],"author":"Riu Hotels","twitter_card":"summary_large_image","twitter_misc":{"Written by":"Riu Hotels","Est. reading time":"9 minutes"},"schema":{"@context":"https:\/\/schema.org","@graph":[{"@type":"NewsArticle","@id":"https:\/\/www.riu.com\/blog\/en\/luis-riu-and-rafael-exposito\/#article","isPartOf":{"@id":"https:\/\/www.riu.com\/blog\/en\/luis-riu-and-rafael-exposito\/"},"author":{"name":"Riu Hotels","@id":"https:\/\/www.riu.com\/blog\/de\/#\/schema\/person\/0d2e827ad7e2aee20a09a05bdc3fb45f"},"headline":"Luis Riu: &#8220;Today I am paying tribute to Rafael Exp\u00f3sito, RIU\u2019s longest-serving staff member who has been involved in almost all of the chain\u2019s major milestones&#8221;","datePublished":"2020-08-18T11:12:28+00:00","mainEntityOfPage":{"@id":"https:\/\/www.riu.com\/blog\/en\/luis-riu-and-rafael-exposito\/"},"wordCount":1904,"commentCount":1,"image":{"@id":"https:\/\/www.riu.com\/blog\/en\/luis-riu-and-rafael-exposito\/#primaryimage"},"thumbnailUrl":"https:\/\/www.riu.com\/blog\/wp-content\/uploads\/2020\/08\/luis-riu-rafael-exposito.jpg","articleSection":["Luis Riu"],"inLanguage":"en-US","potentialAction":[{"@type":"CommentAction","name":"Comment","target":["https:\/\/www.riu.com\/blog\/en\/luis-riu-and-rafael-exposito\/#respond"]}]},{"@type":["WebPage","ItemPage"],"@id":"https:\/\/www.riu.com\/blog\/en\/luis-riu-and-rafael-exposito\/","url":"https:\/\/www.riu.com\/blog\/en\/luis-riu-and-rafael-exposito\/","name":"Luis Riu Honours His Most Senior Employee | Blog RIU.com","isPartOf":{"@id":"https:\/\/www.riu.com\/blog\/de\/#website"},"primaryImageOfPage":{"@id":"https:\/\/www.riu.com\/blog\/en\/luis-riu-and-rafael-exposito\/#primaryimage"},"image":{"@id":"https:\/\/www.riu.com\/blog\/en\/luis-riu-and-rafael-exposito\/#primaryimage"},"thumbnailUrl":"https:\/\/www.riu.com\/blog\/wp-content\/uploads\/2020\/08\/luis-riu-rafael-exposito.jpg","datePublished":"2020-08-18T11:12:28+00:00","author":{"@id":"https:\/\/www.riu.com\/blog\/de\/#\/schema\/person\/0d2e827ad7e2aee20a09a05bdc3fb45f"},"description":"Luis Riu remembers all the stories lived with Rafael Exp\u00f3sito for 45 years, the most senior employee of the RIU Hotels & Resorts chain.","breadcrumb":{"@id":"https:\/\/www.riu.com\/blog\/en\/luis-riu-and-rafael-exposito\/#breadcrumb"},"inLanguage":"en-US","potentialAction":[{"@type":"ReadAction","target":["https:\/\/www.riu.com\/blog\/en\/luis-riu-and-rafael-exposito\/"]}]},{"@type":"ImageObject","inLanguage":"en-US","@id":"https:\/\/www.riu.com\/blog\/en\/luis-riu-and-rafael-exposito\/#primaryimage","url":"https:\/\/www.riu.com\/blog\/wp-content\/uploads\/2020\/08\/luis-riu-rafael-exposito.jpg","contentUrl":"https:\/\/www.riu.com\/blog\/wp-content\/uploads\/2020\/08\/luis-riu-rafael-exposito.jpg","width":1000,"height":667},{"@type":"BreadcrumbList","@id":"https:\/\/www.riu.com\/blog\/en\/luis-riu-and-rafael-exposito\/#breadcrumb","itemListElement":[{"@type":"ListItem","position":1,"name":"Portada","item":"https:\/\/www.riu.com\/blog\/de\/"},{"@type":"ListItem","position":2,"name":"Luis Riu: &#8220;Today I am paying tribute to Rafael Exp\u00f3sito, RIU\u2019s longest-serving staff member who has been involved in almost all of the chain\u2019s major milestones&#8221;"}]},{"@type":"WebSite","@id":"https:\/\/www.riu.com\/blog\/de\/#website","url":"https:\/\/www.riu.com\/blog\/de\/","name":"RIU.com | Blog","description":"Blog de Riu Hotels &amp; Resorts | Noticias exclusivas de la cadena Riu Hotels &amp; Resorts | Hoteles en Espa\u00f1a, M\u00e9xico, Jamaica, Rep\u00fablica Dominicana, Portugal, Miami y muchos m\u00e1s.","potentialAction":[{"@type":"SearchAction","target":{"@type":"EntryPoint","urlTemplate":"https:\/\/www.riu.com\/blog\/de\/?s={search_term_string}"},"query-input":{"@type":"PropertyValueSpecification","valueRequired":true,"valueName":"search_term_string"}}],"inLanguage":"en-US"},{"@type":"Person","@id":"https:\/\/www.riu.com\/blog\/de\/#\/schema\/person\/0d2e827ad7e2aee20a09a05bdc3fb45f","name":"Riu Hotels","image":{"@type":"ImageObject","inLanguage":"en-US","@id":"https:\/\/secure.gravatar.com\/avatar\/1845185f5dc0c5d7a3adb797bcd6cae1d3df26e3eead5da96b212485b274bdf3?s=96&d=mm&r=g","url":"https:\/\/secure.gravatar.com\/avatar\/1845185f5dc0c5d7a3adb797bcd6cae1d3df26e3eead5da96b212485b274bdf3?s=96&d=mm&r=g","contentUrl":"https:\/\/secure.gravatar.com\/avatar\/1845185f5dc0c5d7a3adb797bcd6cae1d3df26e3eead5da96b212485b274bdf3?s=96&d=mm&r=g","caption":"Riu Hotels"},"url":"https:\/\/www.riu.com\/blog\/en\/author\/riu\/"}]}},"_links":{"self":[{"href":"https:\/\/www.riu.com\/blog\/en\/wp-json\/wp\/v2\/posts\/19823","targetHints":{"allow":["GET"]}}],"collection":[{"href":"https:\/\/www.riu.com\/blog\/en\/wp-json\/wp\/v2\/posts"}],"about":[{"href":"https:\/\/www.riu.com\/blog\/en\/wp-json\/wp\/v2\/types\/post"}],"author":[{"embeddable":true,"href":"https:\/\/www.riu.com\/blog\/en\/wp-json\/wp\/v2\/users\/3"}],"replies":[{"embeddable":true,"href":"https:\/\/www.riu.com\/blog\/en\/wp-json\/wp\/v2\/comments?post=19823"}],"version-history":[{"count":3,"href":"https:\/\/www.riu.com\/blog\/en\/wp-json\/wp\/v2\/posts\/19823\/revisions"}],"predecessor-version":[{"id":19846,"href":"https:\/\/www.riu.com\/blog\/en\/wp-json\/wp\/v2\/posts\/19823\/revisions\/19846"}],"wp:featuredmedia":[{"embeddable":true,"href":"https:\/\/www.riu.com\/blog\/en\/wp-json\/wp\/v2\/media\/19801"}],"wp:attachment":[{"href":"https:\/\/www.riu.com\/blog\/en\/wp-json\/wp\/v2\/media?parent=19823"}],"wp:term":[{"taxonomy":"category","embeddable":true,"href":"https:\/\/www.riu.com\/blog\/en\/wp-json\/wp\/v2\/categories?post=19823"},{"taxonomy":"post_tag","embeddable":true,"href":"https:\/\/www.riu.com\/blog\/en\/wp-json\/wp\/v2\/tags?post=19823"}],"curies":[{"name":"wp","href":"https:\/\/api.w.org\/{rel}","templated":true}]}}