{"id":20353,"date":"2020-10-02T12:39:34","date_gmt":"2020-10-02T10:39:34","guid":{"rendered":"https:\/\/www.riu.com\/blog\/?p=20353"},"modified":"2020-11-11T09:47:03","modified_gmt":"2020-11-11T08:47:03","slug":"meet-the-directors-of-riu-plaza","status":"publish","type":"post","link":"https:\/\/www.riu.com\/blog\/en\/meet-the-directors-of-riu-plaza\/","title":{"rendered":"Meet the directors of Riu Plaza!"},"content":{"rendered":"<p>As you know, we are currently celebrating the 10th anniversary of <strong>Riu Plaza<\/strong>. We have already told you about the history of these city hotels and our upcoming projects. Today we want to dedicate a special post to the team, so we are going to introduce you to the directors of the Riu Plaza hotels, as they are the ones who make it possible for these establishments to operate perfectly every day. Don\u00b4t miss out!<\/p>\n<h2><strong>Riu Plaza Panama \u2013 Javier Gonz\u00e1lez<\/strong><\/h2>\n<p>Javier Gonzalez started at RIU in 2010, a few days before the opening of the <strong>Riu Plaza Panama<\/strong>, the first of the Riu Plaza hotels, which forms the cornerstone of this great project. So, like he says, it&#8217;s his RIU anniversary, too, so congratulations Javier!<\/p>\n<p><a href=\"https:\/\/www.riu.com\/blog\/wp-content\/uploads\/2020\/09\/javier-riu-plaza-panama-scaled-e1601633306703.jpeg\" target=\"_blank\" rel=\"noopener noreferrer\"><img loading=\"lazy\" decoding=\"async\" class=\"alignnone wp-image-20371 size-large\" src=\"https:\/\/www.riu.com\/blog\/wp-content\/uploads\/2020\/09\/javier-riu-plaza-panama-scaled-e1601633306703-700x664.jpeg\" alt=\"\" width=\"700\" height=\"664\" srcset=\"https:\/\/www.riu.com\/blog\/wp-content\/uploads\/2020\/09\/javier-riu-plaza-panama-scaled-e1601633306703-700x664.jpeg 700w, https:\/\/www.riu.com\/blog\/wp-content\/uploads\/2020\/09\/javier-riu-plaza-panama-scaled-e1601633306703-250x237.jpeg 250w, https:\/\/www.riu.com\/blog\/wp-content\/uploads\/2020\/09\/javier-riu-plaza-panama-scaled-e1601633306703-768x728.jpeg 768w, https:\/\/www.riu.com\/blog\/wp-content\/uploads\/2020\/09\/javier-riu-plaza-panama-scaled-e1601633306703-1536x1456.jpeg 1536w, https:\/\/www.riu.com\/blog\/wp-content\/uploads\/2020\/09\/javier-riu-plaza-panama-scaled-e1601633306703-120x114.jpeg 120w, https:\/\/www.riu.com\/blog\/wp-content\/uploads\/2020\/09\/javier-riu-plaza-panama-scaled-e1601633306703.jpeg 1708w\" sizes=\"auto, (max-width: 700px) 100vw, 700px\" \/><\/a><\/p>\n<p>Before becoming the director of this hotel he spent five years working as the Assistant Director of Operations and Deputy Director at the <strong>Riu Palace Pacifico<\/strong>, in Puerto Vallarta. After that, he worked at the <strong>Riu Plaza Guadalajara<\/strong> hotel and then arrived at the <strong>Riu Plaza Panama<\/strong> as the Director, the position he currently holds.<\/p>\n<p>For Javier &#8220;working in <strong>Riu Plaza<\/strong> is deeply demanding yet rewarding at the same time&#8221; and &#8220;at a professional level it has been both a challenge and a source of pride.&#8221; He also wants to highlight the work of his team, which he says is &#8220;an excellent group of professionals who are always at the service of the many and varied clients who visit the Riu Plaza Panama.&#8221; For Javier, the most important thing is that &#8220;a client who visits a city hotel is completely satisfied and comes back with a guarantee of quality.&#8221; We are sure that in his hands it is guaranteed.<\/p>\n<h2><strong>Riu Plaza Guadalajara \u2013 Olivier Cramail<\/strong><\/h2>\n<p>Olivier Cramail started at RIU in 2010 as the Food and Drink Manager at the <a href=\"https:\/\/www.riu.com\/en\/hotel\/panama\/panama-city\/hotel-riu-plaza-panama\/index.jsp\" target=\"_blank\" rel=\"noopener noreferrer\"><strong>Riu Plaza Panama<\/strong><\/a>, so he has been part of this exciting project since its inception. Moreover, he himself claims to have entered with great expectations of &#8220;participating in the positioning of a new brand in a very competitive market.&#8221; Olivier is a great example of effort and determination. Now, after seven years in Panama, he is starting his next stage in the <a href=\"https:\/\/www.riu.com\/en\/hotel\/mexico\/guadalajara\/hotel-riu-plaza-guadalajara\/index.jsp\" target=\"_blank\" rel=\"noopener noreferrer\"><strong>Riu Plaza Guadalajara<\/strong><\/a> as Director, a position he has held for the past two years. Olivier explained to us that when he arrived at his new posting he was astonished, because for him <em>&#8220;it was impressive to see how, in just one year, the company was able to learn from and understand its initial mistakes<\/em>&#8220;, this being &#8220;the <em>result of a great company with fantastic professionals&#8221;. <\/em>Olivier talks with great pride about the massive evolution that the chain has undergone in these ten years of Riu Plaza. He is very proud to work for RIU and, of course, we are proud of him, too.<\/p>\n<p><a href=\"https:\/\/www.riu.com\/blog\/wp-content\/uploads\/2020\/09\/olivier-riu-plaza-guadalajara-scaled-e1601633425830.jpg\" target=\"_blank\" rel=\"noopener noreferrer\"><img loading=\"lazy\" decoding=\"async\" class=\"alignnone wp-image-20383 size-large\" src=\"https:\/\/www.riu.com\/blog\/wp-content\/uploads\/2020\/09\/olivier-riu-plaza-guadalajara-scaled-e1601633425830-700x667.jpg\" alt=\"\" width=\"700\" height=\"667\" srcset=\"https:\/\/www.riu.com\/blog\/wp-content\/uploads\/2020\/09\/olivier-riu-plaza-guadalajara-scaled-e1601633425830-700x667.jpg 700w, https:\/\/www.riu.com\/blog\/wp-content\/uploads\/2020\/09\/olivier-riu-plaza-guadalajara-scaled-e1601633425830-250x238.jpg 250w, https:\/\/www.riu.com\/blog\/wp-content\/uploads\/2020\/09\/olivier-riu-plaza-guadalajara-scaled-e1601633425830-768x732.jpg 768w, https:\/\/www.riu.com\/blog\/wp-content\/uploads\/2020\/09\/olivier-riu-plaza-guadalajara-scaled-e1601633425830-1536x1464.jpg 1536w, https:\/\/www.riu.com\/blog\/wp-content\/uploads\/2020\/09\/olivier-riu-plaza-guadalajara-scaled-e1601633425830-120x114.jpg 120w, https:\/\/www.riu.com\/blog\/wp-content\/uploads\/2020\/09\/olivier-riu-plaza-guadalajara-scaled-e1601633425830.jpg 1920w\" sizes=\"auto, (max-width: 700px) 100vw, 700px\" \/><\/a><\/p>\n<h2><strong>Riu Plaza Miami Beach &#8211; <\/strong><strong>Bernardo Naval<\/strong><\/h2>\n<p>Bernardo Naval began his journey at RIU in 2012, as the merchandise reception supervisor. He was so successful that within two months he had packed his bags to do the same job in the Bahamas and Jamaica. One could say that Bernardo has traveled the world with RIU as he was also in Cuba, and then held the position of Assistant to the Caribbean Operations Director for three years. In the latter, he explains that he &#8220;<em>had<\/em><em> the opportunity to see how hotels work in their day-to-day operations, the interdepartmental relations, and to benefit from the experience of one of the company&#8217;s Top 5 by years of service, Alejandro S\u00e1nchez del Arco, Director of Operations.&#8221;<\/em> Subsequently, and after having been promoted to Deputy General Director at the <strong>Riu Palace Jamaica<\/strong>, in 2016 he joined the <a href=\"https:\/\/www.riu.com\/en\/hotel\/usa\/miami-beach\/hotel-riu-plaza-miami-beach\/index.jsp\" target=\"_blank\" rel=\"noopener noreferrer\"><strong>Riu Plaza Miami Beach<\/strong><\/a> as Director.<\/p>\n<p><a href=\"https:\/\/www.riu.com\/blog\/wp-content\/uploads\/2020\/09\/riu-plaza-miami-beach-1.jpg\" target=\"_blank\" rel=\"noopener noreferrer\"><img loading=\"lazy\" decoding=\"async\" class=\"alignnone wp-image-20392 size-large\" src=\"https:\/\/www.riu.com\/blog\/wp-content\/uploads\/2020\/09\/riu-plaza-miami-beach-1-700x538.jpg\" alt=\"\" width=\"700\" height=\"538\" srcset=\"https:\/\/www.riu.com\/blog\/wp-content\/uploads\/2020\/09\/riu-plaza-miami-beach-1-700x538.jpg 700w, https:\/\/www.riu.com\/blog\/wp-content\/uploads\/2020\/09\/riu-plaza-miami-beach-1-250x192.jpg 250w, https:\/\/www.riu.com\/blog\/wp-content\/uploads\/2020\/09\/riu-plaza-miami-beach-1-768x590.jpg 768w, https:\/\/www.riu.com\/blog\/wp-content\/uploads\/2020\/09\/riu-plaza-miami-beach-1-1536x1180.jpg 1536w, https:\/\/www.riu.com\/blog\/wp-content\/uploads\/2020\/09\/riu-plaza-miami-beach-1-120x92.jpg 120w, https:\/\/www.riu.com\/blog\/wp-content\/uploads\/2020\/09\/riu-plaza-miami-beach-1.jpg 1600w\" sizes=\"auto, (max-width: 700px) 100vw, 700px\" \/><\/a><\/p>\n<p>After having gained experience in resort hotels, he stresses that the main difference between the two is the type of clients and the exclusive location &#8220;that offers multiple attractions for all types of clients who come for whatever reason.&#8221; He also says that &#8220;we must be very flexible because the clients are very diverse and have a variety of different needs&#8221;, and that &#8220;one day we may host a white wedding and the next day we could be holding an event for senior executives from one of the most important financial firms in the country.&#8221;<\/p>\n<p>Bernardo started as Director when he was just 30 years old, something that has provided him with several interesting anecdotes, like when clients ask for him and then are surprised when they meet him, because they never expect him to be so young. For us Bernardo is an example of the fact that talent and experience do not necessarily go hand in hand with age.<\/p>\n<h2><strong>Riu Plaza Berlin- Manuel Cid<\/strong><\/h2>\n<p>Twenty-five years ago, Manuel Cid was working for the chain as a receptionist in Lanzarote. Some time later he joined the 5th edition of the RIU Director training program, and after a couple of years of employment in various hotels and resorts in the Canary Islands, he began as a production manager in the <strong>Hotel Riu Don Miguel<\/strong>. He remembers it as <em>&#8220;an amazing experience in a hotel known for its outstanding value for money.&#8221;<\/em> He then went on to work in other destinations, such as Madeira, which he is particularly fond of because he says he participated <em> &#8220;actively in the social life of the island and made friendships that will stay with me forever.&#8221; <\/em><\/p>\n<p><a href=\"https:\/\/www.riu.com\/blog\/wp-content\/uploads\/2020\/09\/riu-plaza-berlin-manuel.jpg\" target=\"_blank\" rel=\"noopener noreferrer\"><img loading=\"lazy\" decoding=\"async\" class=\"alignnone wp-image-20389 size-full\" src=\"https:\/\/www.riu.com\/blog\/wp-content\/uploads\/2020\/09\/riu-plaza-berlin-manuel.jpg\" alt=\"\" width=\"640\" height=\"640\" srcset=\"https:\/\/www.riu.com\/blog\/wp-content\/uploads\/2020\/09\/riu-plaza-berlin-manuel.jpg 640w, https:\/\/www.riu.com\/blog\/wp-content\/uploads\/2020\/09\/riu-plaza-berlin-manuel-250x250.jpg 250w, https:\/\/www.riu.com\/blog\/wp-content\/uploads\/2020\/09\/riu-plaza-berlin-manuel-150x150.jpg 150w, https:\/\/www.riu.com\/blog\/wp-content\/uploads\/2020\/09\/riu-plaza-berlin-manuel-120x120.jpg 120w\" sizes=\"auto, (max-width: 640px) 100vw, 640px\" \/><\/a><\/p>\n<p>It was in 2017 when <em>&#8221; the possibility came up to make a change of course both professionally and personally. The company had launched the innovative Riu Plaza urban hotels and offered me the opportunity to manage the <a href=\"https:\/\/www.riu.com\/en\/hotel\/germany\/berlin\/hotel-riu-plaza-berlin\/index.jsp\" target=\"_blank\" rel=\"noopener noreferrer\">Berlin hotel<\/a>, which had been open for a year and a half and was the chain&#8217;s first establishment in Europe.&#8221;<\/em> After several years dedicated to beach destinations, Manuel decided to meet this new challenge in Berlin and now says that &#8220;it is amazing being able to live in a city like Berlin, of course it is very different from what I experienced previously, but that is precisely what makes it interesting.&#8221; At RIU, we applaud his ability to adapt, because he has talked to us about each destination with great fondness. Finally, he wants to encourage you to visit his destination, and of course, the hotel. He says you won&#8217;t regret it, and we, of course, believe him!<\/p>\n<h2><strong>Riu Plaza The Gresham Dublin &#8211; <\/strong><strong>Paul McCracken<\/strong><\/h2>\n<p><span style=\"display: inline !important; float: none; background-color: #ffffff; color: #333333; cursor: text; font-family: Georgia,'Times New Roman','Bitstream Charter',Times,serif; font-size: 16px; font-style: normal; font-variant: normal; font-weight: 400; letter-spacing: normal; orphans: 2; text-align: left; text-decoration: none; text-indent: 0px; text-transform: none; -webkit-text-stroke-width: 0px; white-space: normal; word-spacing: 0px;\">Paul McCracken <\/span>was already the Director of this hotel when we acquired it in 2017 and turned it into the <a href=\"https:\/\/www.riu.com\/en\/hotel\/ireland\/dublin\/hotel-riu-plaza-the-gresham-dublin\/index.jsp\" target=\"_blank\" rel=\"noopener noreferrer\"><strong>Riu Plaza The Gresham Dublin<\/strong><\/a>. The day RIU unveiled this establishment, he made a beautiful speech in which he spoke of &#8220;the new era of the hotel&#8221;, which at the same time was celebrating its 200th anniversary. It is one of the most historic hotels in the city, located in Dublin&#8217;s iconic O&#8217;Conell Street.<\/p>\n<p><a href=\"https:\/\/www.riu.com\/blog\/wp-content\/uploads\/2020\/09\/paul-riu-gresham-dublin-scaled.jpg\" target=\"_blank\" rel=\"noopener noreferrer\"><img loading=\"lazy\" decoding=\"async\" class=\"alignnone wp-image-20386 size-large\" src=\"https:\/\/www.riu.com\/blog\/wp-content\/uploads\/2020\/09\/paul-riu-gresham-dublin-700x525.jpg\" alt=\"\" width=\"700\" height=\"525\" srcset=\"https:\/\/www.riu.com\/blog\/wp-content\/uploads\/2020\/09\/paul-riu-gresham-dublin-700x525.jpg 700w, https:\/\/www.riu.com\/blog\/wp-content\/uploads\/2020\/09\/paul-riu-gresham-dublin-250x188.jpg 250w, https:\/\/www.riu.com\/blog\/wp-content\/uploads\/2020\/09\/paul-riu-gresham-dublin-768x576.jpg 768w, https:\/\/www.riu.com\/blog\/wp-content\/uploads\/2020\/09\/paul-riu-gresham-dublin-1536x1152.jpg 1536w, https:\/\/www.riu.com\/blog\/wp-content\/uploads\/2020\/09\/paul-riu-gresham-dublin-2048x1536.jpg 2048w, https:\/\/www.riu.com\/blog\/wp-content\/uploads\/2020\/09\/paul-riu-gresham-dublin-120x90.jpg 120w\" sizes=\"auto, (max-width: 700px) 100vw, 700px\" \/><\/a><\/p>\n<p>In that speech, he also said that both he and the team that made up the hotel were &#8220;very excited about this new phase, because when it was announced that RIU was finally buying the hotel we knew that the future of the hotel was assured.&#8221; Now, three years later, he is still with us. Undoubtedly, even if we blindfolded him, he would still recognize and be able to navigate every nook and cranny of this hotel he has left his stamp on. We are honored to have you on the RIU team as we know that the <strong>Riu Plaza The Gresham Dublin<\/strong> could not be in better hands than yours.<\/p>\n<h2><strong>Riu Plaza New York Times Square &#8211; Katharina <\/strong><strong>Doehler<\/strong><\/h2>\n<p>Our beloved Katharina <span style=\"display: inline !important; float: none; background-color: #ffffff; color: #333333; cursor: text; font-family: Georgia,'Times New Roman','Bitstream Charter',Times,serif; font-size: 16px; font-style: normal; font-variant: normal; font-weight: 400; letter-spacing: normal; orphans: 2; text-align: left; text-decoration: none; text-indent: 0px; text-transform: none; -webkit-text-stroke-width: 0px; white-space: normal; word-spacing: 0px;\">Doehler<\/span> has been at RIU since 2005 in the <strong>Riu Ocho Rios<\/strong> where her story with the chain began when she was only 23. After ten years on that island, where she also worked at the <strong>Riu Negril and Riu Montego<\/strong> <strong>Bay<\/strong>, she moved to Miami to work at the <strong>Riu Plaza Miami Beach<\/strong> hotel. It was in 2016, 11 years after she joined the chain, that Katharina came to the Big Apple as the director of the <strong><a href=\"https:\/\/www.riu.com\/en\/hotel\/usa\/new-york\/hotel-riu-plaza-new-york-times-square\/index.jsp\" target=\"_blank\" rel=\"noopener noreferrer\">Riu Plaza New York Times Square<\/a>. <\/strong><\/p>\n<p><a href=\"https:\/\/www.riu.com\/blog\/wp-content\/uploads\/2020\/09\/katharina-riu-plaza-new-york-times-square-e1601634606212.jpg\" target=\"_blank\" rel=\"noopener noreferrer\"><img loading=\"lazy\" decoding=\"async\" class=\"alignnone wp-image-20377 size-large\" src=\"https:\/\/www.riu.com\/blog\/wp-content\/uploads\/2020\/09\/katharina-riu-plaza-new-york-times-square-e1601634606212-700x593.jpg\" alt=\"\" width=\"700\" height=\"593\" srcset=\"https:\/\/www.riu.com\/blog\/wp-content\/uploads\/2020\/09\/katharina-riu-plaza-new-york-times-square-e1601634606212-700x593.jpg 700w, https:\/\/www.riu.com\/blog\/wp-content\/uploads\/2020\/09\/katharina-riu-plaza-new-york-times-square-e1601634606212-250x212.jpg 250w, https:\/\/www.riu.com\/blog\/wp-content\/uploads\/2020\/09\/katharina-riu-plaza-new-york-times-square-e1601634606212-768x650.jpg 768w, https:\/\/www.riu.com\/blog\/wp-content\/uploads\/2020\/09\/katharina-riu-plaza-new-york-times-square-e1601634606212-120x102.jpg 120w, https:\/\/www.riu.com\/blog\/wp-content\/uploads\/2020\/09\/katharina-riu-plaza-new-york-times-square-e1601634606212.jpg 1512w\" sizes=\"auto, (max-width: 700px) 100vw, 700px\" \/><\/a><\/p>\n<p>Even after her many years with us, she confesses that she cannot decide between the beach and the city. According to her, &#8220;one has to appreciate both and enjoy the best of each world.<em> I have enjoyed the beach, the weather, the sun, the relaxed life and the slow pace of everything while living in the Caribbean, but living in the city and having everything you need within walking distance is not bad either.&#8221;<\/em> For her, living in New York is like being on &#8220;a Hollywood movie set&#8221; and one of her first memories when she had just arrived in the city is &#8220;when we had a false fire alarm, the FDNY showed up within minutes, but they couldn&#8217;t leave straight away because the guests were lining up to take photos with them and the fire truck.<\/p>\n<p>Katharina, who since her beginnings at RIU has stepped up to the plate, is the only female director of a <strong>Riu Plaza<\/strong>, for now&#8230;<\/p>\n<h2><strong>Riu Plaza Espa\u00f1a \u2013 Manel Jaile<\/strong><\/h2>\n<p>In 1997 Manel Jaile joined the RIU chain as the Director of the hotel <strong>Riu Palace Maspalomas<\/strong> where he stayed for about four years. After that, he became the Zone Delegate for the island of Gran Canaria, a period that he remembers with great affection and nostalgia. We can say that he is one of the chain&#8217;s islanders, since he has spent practically his entire career with us in the Canary Islands. In fact, he also managed Lanzarote and Madeira for a while, both times as Delegate. After several years of dedication and effort devoted to the islands, he got the opportunity to go to Madrid as the Delegate and General Manager of the <strong>Riu Plaza Espa\u00f1a, which opened its doors last year. <\/strong><\/p>\n<p><a href=\"https:\/\/www.riu.com\/blog\/wp-content\/uploads\/2020\/09\/manel-riu-plaza-espana-e1601634041177.jpg\" target=\"_blank\" rel=\"noopener noreferrer\"><img loading=\"lazy\" decoding=\"async\" class=\"alignnone wp-image-20380 size-large\" src=\"https:\/\/www.riu.com\/blog\/wp-content\/uploads\/2020\/09\/manel-riu-plaza-espana-e1601634041177-700x665.jpg\" alt=\"\" width=\"700\" height=\"665\" srcset=\"https:\/\/www.riu.com\/blog\/wp-content\/uploads\/2020\/09\/manel-riu-plaza-espana-e1601634041177-700x665.jpg 700w, https:\/\/www.riu.com\/blog\/wp-content\/uploads\/2020\/09\/manel-riu-plaza-espana-e1601634041177-250x238.jpg 250w, https:\/\/www.riu.com\/blog\/wp-content\/uploads\/2020\/09\/manel-riu-plaza-espana-e1601634041177-768x730.jpg 768w, https:\/\/www.riu.com\/blog\/wp-content\/uploads\/2020\/09\/manel-riu-plaza-espana-e1601634041177-120x114.jpg 120w, https:\/\/www.riu.com\/blog\/wp-content\/uploads\/2020\/09\/manel-riu-plaza-espana-e1601634041177.jpg 1200w\" sizes=\"auto, (max-width: 700px) 100vw, 700px\" \/><\/a><\/p>\n<p>This is not Manel&#8217;s first time in a city hotel, since he had already managed a number of hotels in his time working for other chains. Although, as he says, despite that previous experience, managing the <a href=\"https:\/\/www.riu.com\/en\/hotel\/spain\/madrid\/hotel-riu-plaza-espana\/index.jsp\" target=\"_blank\" rel=\"noopener noreferrer\">RIU hotel in Madrid<\/a> &#8220;has been a new personal challenge for me in terms of motivation and knowledge of how RIU manages city hotels.&#8221; Now in charge of this great hotel, we can say that he has gone back to his beginnings. He has already had many special moments in Madrid, the most important being the opening of the hotel, which for him was &#8220;enormously motivating and very exciting because the company was relying on me to open this great hotel.&#8221; In addition, he emphasizes that it is &#8220;a building that means a lot to the city, for the residents it represents a historical monument that has come back to life.&#8221; Manel also wanted to highlight the &#8220;amazing human and professional team that has been created from scratch.&#8221;<\/p>\n<p>Between laughs he says that in the hotel &#8220;so many things happen every day that I could write a book&#8221;, but what has struck him the most is the media coverage and the success of the 360\u00ba terrace that gets up to 4,000 visits a day. Without a doubt, this successful hotel that presides over the Plaza de Espa\u00f1a in Madrid is a reflection of the outstanding Director behind it, as well as his team.<\/p>\n<h2><strong>Riu Plaza Fisherman\u2019s Wharf &#8211; Javier Huertas<\/strong><\/h2>\n<p>The last person we are going to introduce is Javier Huertas. He is the newest <strong>Riu Plaza<\/strong> Director, as he has only been part of this project since the acquisition of the San Francisco hotel last year, but he is already part of this great family! Since his arrival he has had to tackle the change of brand and to cope with this, according to him, he has, in just a few months, had to <em>&#8220;raise the quality levels of an establishment that has been operating in the same way for almost 44 years, up to the standards of a Riu Plaza hotel. Without the support and commitment of the corporations, this would have been almost impossible. Both the RIU team and the employees of the old hotel have been able to adapt to the new operation and style of Riu Plaza.&#8221; His experience in a city hotel has been brief so far, as shortly after his arrival he had to face <\/em> the crisis caused by the COVID-19 pandemic that led to the closure of the hotel.<\/p>\n<p><a href=\"https:\/\/www.riu.com\/blog\/wp-content\/uploads\/2020\/09\/javier-riu-san-francisco-scaled.jpg\" target=\"_blank\" rel=\"noopener noreferrer\"><img loading=\"lazy\" decoding=\"async\" class=\"alignnone wp-image-20374 size-large\" src=\"https:\/\/www.riu.com\/blog\/wp-content\/uploads\/2020\/09\/javier-riu-san-francisco-700x525.jpg\" alt=\"\" width=\"700\" height=\"525\" srcset=\"https:\/\/www.riu.com\/blog\/wp-content\/uploads\/2020\/09\/javier-riu-san-francisco-700x525.jpg 700w, https:\/\/www.riu.com\/blog\/wp-content\/uploads\/2020\/09\/javier-riu-san-francisco-250x187.jpg 250w, https:\/\/www.riu.com\/blog\/wp-content\/uploads\/2020\/09\/javier-riu-san-francisco-768x576.jpg 768w, https:\/\/www.riu.com\/blog\/wp-content\/uploads\/2020\/09\/javier-riu-san-francisco-1536x1152.jpg 1536w, https:\/\/www.riu.com\/blog\/wp-content\/uploads\/2020\/09\/javier-riu-san-francisco-2048x1536.jpg 2048w, https:\/\/www.riu.com\/blog\/wp-content\/uploads\/2020\/09\/javier-riu-san-francisco-120x90.jpg 120w\" sizes=\"auto, (max-width: 700px) 100vw, 700px\" \/><\/a><\/p>\n<p>But do not think that his story ends here, because he has been at RIU since 2011, when he started in Puerto Vallarta as Deputy Director, then moved to Jamaica as Deputy Director and where he later became Director. For <em>him, &#8220;working in an expanding chain is very stimulating because the growth is something tangible and it makes you feel part of the project.&#8221;<\/em> Without a doubt, thanks to people like him, our projects succeed, especially because of the strength they bring to bear in difficult times when they show that the hotel teams are small families that together make up RIU.<\/p>\n<p>At this point, we would like to thank you all for the tremendous effort you make every day to ensure that the hotels are able to move forward, and, above, all for your energy during these difficult months. These people, who are always looking after the entire hotel team and all its visitors, deserve this small recognition. Happy anniversary to all of you!<\/p>\n<p>&nbsp;<\/p>\n","protected":false},"excerpt":{"rendered":"As you know RIU is celebrating the tenth anniversary of the Riu Plaza hotels. It has been ten years since the chain began this project that would not have been possible without the human team behind it. That&#8217;s why today we are introducing you to the directors of our city hotels. Don&#8217;t miss it!","protected":false},"author":3,"featured_media":20326,"comment_status":"open","ping_status":"closed","sticky":false,"template":"","format":"standard","meta":{"_acf_changed":false,"footnotes":""},"categories":[33,2252],"tags":[],"class_list":["post-20353","post","type-post","status-publish","format-standard","has-post-thumbnail","hentry","category-hotels-all-en","category-proudly-commited"],"acf":[],"yoast_head":"<!-- This site is optimized with the Yoast SEO plugin v27.2 - https:\/\/yoast.com\/product\/yoast-seo-wordpress\/ -->\n<title>Meet the Directors of Riu Plaza | RIU.com Blog<\/title>\n<meta name=\"description\" content=\"RIU presents the Directors of the Riu Plaza hotels and pays a small tribute to them on the 10th anniversary of this project.\" \/>\n<meta name=\"robots\" content=\"index, follow, max-snippet:-1, max-image-preview:large, max-video-preview:-1\" \/>\n<link rel=\"canonical\" href=\"https:\/\/www.riu.com\/blog\/en\/meet-the-directors-of-riu-plaza\/\" \/>\n<meta property=\"og:locale\" content=\"en_US\" \/>\n<meta property=\"og:type\" content=\"article\" \/>\n<meta property=\"og:title\" content=\"Meet the Directors of Riu Plaza | RIU.com Blog\" \/>\n<meta property=\"og:description\" content=\"RIU presents the Directors of the Riu Plaza hotels and pays a small tribute to them on the 10th anniversary of this project.\" \/>\n<meta property=\"og:url\" content=\"https:\/\/www.riu.com\/blog\/en\/meet-the-directors-of-riu-plaza\/\" \/>\n<meta property=\"og:site_name\" content=\"RIU.com | Blog\" \/>\n<meta property=\"article:published_time\" content=\"2020-10-02T10:39:34+00:00\" \/>\n<meta property=\"article:modified_time\" content=\"2020-11-11T08:47:03+00:00\" \/>\n<meta property=\"og:image\" content=\"https:\/\/www.riu.com\/blog\/wp-content\/uploads\/2020\/09\/riunewyork.jpg\" \/>\n\t<meta property=\"og:image:width\" content=\"1000\" \/>\n\t<meta property=\"og:image:height\" content=\"667\" \/>\n\t<meta property=\"og:image:type\" content=\"image\/jpeg\" \/>\n<meta name=\"author\" content=\"Riu Hotels\" \/>\n<meta name=\"twitter:card\" content=\"summary_large_image\" \/>\n<meta name=\"twitter:label1\" content=\"Written by\" \/>\n\t<meta name=\"twitter:data1\" content=\"Riu Hotels\" \/>\n\t<meta name=\"twitter:label2\" content=\"Est. reading time\" \/>\n\t<meta name=\"twitter:data2\" content=\"11 minutes\" \/>\n<script type=\"application\/ld+json\" class=\"yoast-schema-graph\">{\"@context\":\"https:\/\/schema.org\",\"@graph\":[{\"@type\":\"NewsArticle\",\"@id\":\"https:\/\/www.riu.com\/blog\/en\/meet-the-directors-of-riu-plaza\/#article\",\"isPartOf\":{\"@id\":\"https:\/\/www.riu.com\/blog\/en\/meet-the-directors-of-riu-plaza\/\"},\"author\":{\"name\":\"Riu Hotels\",\"@id\":\"https:\/\/www.riu.com\/blog\/de\/#\/schema\/person\/0d2e827ad7e2aee20a09a05bdc3fb45f\"},\"headline\":\"Meet the directors of Riu Plaza!\",\"datePublished\":\"2020-10-02T10:39:34+00:00\",\"dateModified\":\"2020-11-11T08:47:03+00:00\",\"mainEntityOfPage\":{\"@id\":\"https:\/\/www.riu.com\/blog\/en\/meet-the-directors-of-riu-plaza\/\"},\"wordCount\":2225,\"commentCount\":2,\"image\":{\"@id\":\"https:\/\/www.riu.com\/blog\/en\/meet-the-directors-of-riu-plaza\/#primaryimage\"},\"thumbnailUrl\":\"https:\/\/www.riu.com\/blog\/wp-content\/uploads\/2020\/09\/riunewyork.jpg\",\"articleSection\":[\"Hotels\",\"Proudly Commited\"],\"inLanguage\":\"en-US\",\"potentialAction\":[{\"@type\":\"CommentAction\",\"name\":\"Comment\",\"target\":[\"https:\/\/www.riu.com\/blog\/en\/meet-the-directors-of-riu-plaza\/#respond\"]}]},{\"@type\":[\"WebPage\",\"ItemPage\"],\"@id\":\"https:\/\/www.riu.com\/blog\/en\/meet-the-directors-of-riu-plaza\/\",\"url\":\"https:\/\/www.riu.com\/blog\/en\/meet-the-directors-of-riu-plaza\/\",\"name\":\"Meet the Directors of Riu Plaza | RIU.com Blog\",\"isPartOf\":{\"@id\":\"https:\/\/www.riu.com\/blog\/de\/#website\"},\"primaryImageOfPage\":{\"@id\":\"https:\/\/www.riu.com\/blog\/en\/meet-the-directors-of-riu-plaza\/#primaryimage\"},\"image\":{\"@id\":\"https:\/\/www.riu.com\/blog\/en\/meet-the-directors-of-riu-plaza\/#primaryimage\"},\"thumbnailUrl\":\"https:\/\/www.riu.com\/blog\/wp-content\/uploads\/2020\/09\/riunewyork.jpg\",\"datePublished\":\"2020-10-02T10:39:34+00:00\",\"dateModified\":\"2020-11-11T08:47:03+00:00\",\"author\":{\"@id\":\"https:\/\/www.riu.com\/blog\/de\/#\/schema\/person\/0d2e827ad7e2aee20a09a05bdc3fb45f\"},\"description\":\"RIU presents the Directors of the Riu Plaza hotels and pays a small tribute to them on the 10th anniversary of this project.\",\"breadcrumb\":{\"@id\":\"https:\/\/www.riu.com\/blog\/en\/meet-the-directors-of-riu-plaza\/#breadcrumb\"},\"inLanguage\":\"en-US\",\"potentialAction\":[{\"@type\":\"ReadAction\",\"target\":[\"https:\/\/www.riu.com\/blog\/en\/meet-the-directors-of-riu-plaza\/\"]}]},{\"@type\":\"ImageObject\",\"inLanguage\":\"en-US\",\"@id\":\"https:\/\/www.riu.com\/blog\/en\/meet-the-directors-of-riu-plaza\/#primaryimage\",\"url\":\"https:\/\/www.riu.com\/blog\/wp-content\/uploads\/2020\/09\/riunewyork.jpg\",\"contentUrl\":\"https:\/\/www.riu.com\/blog\/wp-content\/uploads\/2020\/09\/riunewyork.jpg\",\"width\":1000,\"height\":667},{\"@type\":\"BreadcrumbList\",\"@id\":\"https:\/\/www.riu.com\/blog\/en\/meet-the-directors-of-riu-plaza\/#breadcrumb\",\"itemListElement\":[{\"@type\":\"ListItem\",\"position\":1,\"name\":\"Portada\",\"item\":\"https:\/\/www.riu.com\/blog\/de\/\"},{\"@type\":\"ListItem\",\"position\":2,\"name\":\"Meet the directors of Riu Plaza!\"}]},{\"@type\":\"WebSite\",\"@id\":\"https:\/\/www.riu.com\/blog\/de\/#website\",\"url\":\"https:\/\/www.riu.com\/blog\/de\/\",\"name\":\"RIU.com | Blog\",\"description\":\"Blog de Riu Hotels &amp; Resorts | Noticias exclusivas de la cadena Riu Hotels &amp; Resorts | Hoteles en Espa\u00f1a, M\u00e9xico, Jamaica, Rep\u00fablica Dominicana, Portugal, Miami y muchos m\u00e1s.\",\"potentialAction\":[{\"@type\":\"SearchAction\",\"target\":{\"@type\":\"EntryPoint\",\"urlTemplate\":\"https:\/\/www.riu.com\/blog\/de\/?s={search_term_string}\"},\"query-input\":{\"@type\":\"PropertyValueSpecification\",\"valueRequired\":true,\"valueName\":\"search_term_string\"}}],\"inLanguage\":\"en-US\"},{\"@type\":\"Person\",\"@id\":\"https:\/\/www.riu.com\/blog\/de\/#\/schema\/person\/0d2e827ad7e2aee20a09a05bdc3fb45f\",\"name\":\"Riu Hotels\",\"image\":{\"@type\":\"ImageObject\",\"inLanguage\":\"en-US\",\"@id\":\"https:\/\/secure.gravatar.com\/avatar\/1845185f5dc0c5d7a3adb797bcd6cae1d3df26e3eead5da96b212485b274bdf3?s=96&d=mm&r=g\",\"url\":\"https:\/\/secure.gravatar.com\/avatar\/1845185f5dc0c5d7a3adb797bcd6cae1d3df26e3eead5da96b212485b274bdf3?s=96&d=mm&r=g\",\"contentUrl\":\"https:\/\/secure.gravatar.com\/avatar\/1845185f5dc0c5d7a3adb797bcd6cae1d3df26e3eead5da96b212485b274bdf3?s=96&d=mm&r=g\",\"caption\":\"Riu Hotels\"},\"url\":\"https:\/\/www.riu.com\/blog\/en\/author\/riu\/\"}]}<\/script>\n<!-- \/ Yoast SEO plugin. -->","yoast_head_json":{"title":"Meet the Directors of Riu Plaza | RIU.com Blog","description":"RIU presents the Directors of the Riu Plaza hotels and pays a small tribute to them on the 10th anniversary of this project.","robots":{"index":"index","follow":"follow","max-snippet":"max-snippet:-1","max-image-preview":"max-image-preview:large","max-video-preview":"max-video-preview:-1"},"canonical":"https:\/\/www.riu.com\/blog\/en\/meet-the-directors-of-riu-plaza\/","og_locale":"en_US","og_type":"article","og_title":"Meet the Directors of Riu Plaza | RIU.com Blog","og_description":"RIU presents the Directors of the Riu Plaza hotels and pays a small tribute to them on the 10th anniversary of this project.","og_url":"https:\/\/www.riu.com\/blog\/en\/meet-the-directors-of-riu-plaza\/","og_site_name":"RIU.com | Blog","article_published_time":"2020-10-02T10:39:34+00:00","article_modified_time":"2020-11-11T08:47:03+00:00","og_image":[{"width":1000,"height":667,"url":"https:\/\/www.riu.com\/blog\/wp-content\/uploads\/2020\/09\/riunewyork.jpg","type":"image\/jpeg"}],"author":"Riu Hotels","twitter_card":"summary_large_image","twitter_misc":{"Written by":"Riu Hotels","Est. reading time":"11 minutes"},"schema":{"@context":"https:\/\/schema.org","@graph":[{"@type":"NewsArticle","@id":"https:\/\/www.riu.com\/blog\/en\/meet-the-directors-of-riu-plaza\/#article","isPartOf":{"@id":"https:\/\/www.riu.com\/blog\/en\/meet-the-directors-of-riu-plaza\/"},"author":{"name":"Riu Hotels","@id":"https:\/\/www.riu.com\/blog\/de\/#\/schema\/person\/0d2e827ad7e2aee20a09a05bdc3fb45f"},"headline":"Meet the directors of Riu Plaza!","datePublished":"2020-10-02T10:39:34+00:00","dateModified":"2020-11-11T08:47:03+00:00","mainEntityOfPage":{"@id":"https:\/\/www.riu.com\/blog\/en\/meet-the-directors-of-riu-plaza\/"},"wordCount":2225,"commentCount":2,"image":{"@id":"https:\/\/www.riu.com\/blog\/en\/meet-the-directors-of-riu-plaza\/#primaryimage"},"thumbnailUrl":"https:\/\/www.riu.com\/blog\/wp-content\/uploads\/2020\/09\/riunewyork.jpg","articleSection":["Hotels","Proudly Commited"],"inLanguage":"en-US","potentialAction":[{"@type":"CommentAction","name":"Comment","target":["https:\/\/www.riu.com\/blog\/en\/meet-the-directors-of-riu-plaza\/#respond"]}]},{"@type":["WebPage","ItemPage"],"@id":"https:\/\/www.riu.com\/blog\/en\/meet-the-directors-of-riu-plaza\/","url":"https:\/\/www.riu.com\/blog\/en\/meet-the-directors-of-riu-plaza\/","name":"Meet the Directors of Riu Plaza | RIU.com Blog","isPartOf":{"@id":"https:\/\/www.riu.com\/blog\/de\/#website"},"primaryImageOfPage":{"@id":"https:\/\/www.riu.com\/blog\/en\/meet-the-directors-of-riu-plaza\/#primaryimage"},"image":{"@id":"https:\/\/www.riu.com\/blog\/en\/meet-the-directors-of-riu-plaza\/#primaryimage"},"thumbnailUrl":"https:\/\/www.riu.com\/blog\/wp-content\/uploads\/2020\/09\/riunewyork.jpg","datePublished":"2020-10-02T10:39:34+00:00","dateModified":"2020-11-11T08:47:03+00:00","author":{"@id":"https:\/\/www.riu.com\/blog\/de\/#\/schema\/person\/0d2e827ad7e2aee20a09a05bdc3fb45f"},"description":"RIU presents the Directors of the Riu Plaza hotels and pays a small tribute to them on the 10th anniversary of this project.","breadcrumb":{"@id":"https:\/\/www.riu.com\/blog\/en\/meet-the-directors-of-riu-plaza\/#breadcrumb"},"inLanguage":"en-US","potentialAction":[{"@type":"ReadAction","target":["https:\/\/www.riu.com\/blog\/en\/meet-the-directors-of-riu-plaza\/"]}]},{"@type":"ImageObject","inLanguage":"en-US","@id":"https:\/\/www.riu.com\/blog\/en\/meet-the-directors-of-riu-plaza\/#primaryimage","url":"https:\/\/www.riu.com\/blog\/wp-content\/uploads\/2020\/09\/riunewyork.jpg","contentUrl":"https:\/\/www.riu.com\/blog\/wp-content\/uploads\/2020\/09\/riunewyork.jpg","width":1000,"height":667},{"@type":"BreadcrumbList","@id":"https:\/\/www.riu.com\/blog\/en\/meet-the-directors-of-riu-plaza\/#breadcrumb","itemListElement":[{"@type":"ListItem","position":1,"name":"Portada","item":"https:\/\/www.riu.com\/blog\/de\/"},{"@type":"ListItem","position":2,"name":"Meet the directors of Riu Plaza!"}]},{"@type":"WebSite","@id":"https:\/\/www.riu.com\/blog\/de\/#website","url":"https:\/\/www.riu.com\/blog\/de\/","name":"RIU.com | Blog","description":"Blog de Riu Hotels &amp; Resorts | Noticias exclusivas de la cadena Riu Hotels &amp; Resorts | Hoteles en Espa\u00f1a, M\u00e9xico, Jamaica, Rep\u00fablica Dominicana, Portugal, Miami y muchos m\u00e1s.","potentialAction":[{"@type":"SearchAction","target":{"@type":"EntryPoint","urlTemplate":"https:\/\/www.riu.com\/blog\/de\/?s={search_term_string}"},"query-input":{"@type":"PropertyValueSpecification","valueRequired":true,"valueName":"search_term_string"}}],"inLanguage":"en-US"},{"@type":"Person","@id":"https:\/\/www.riu.com\/blog\/de\/#\/schema\/person\/0d2e827ad7e2aee20a09a05bdc3fb45f","name":"Riu Hotels","image":{"@type":"ImageObject","inLanguage":"en-US","@id":"https:\/\/secure.gravatar.com\/avatar\/1845185f5dc0c5d7a3adb797bcd6cae1d3df26e3eead5da96b212485b274bdf3?s=96&d=mm&r=g","url":"https:\/\/secure.gravatar.com\/avatar\/1845185f5dc0c5d7a3adb797bcd6cae1d3df26e3eead5da96b212485b274bdf3?s=96&d=mm&r=g","contentUrl":"https:\/\/secure.gravatar.com\/avatar\/1845185f5dc0c5d7a3adb797bcd6cae1d3df26e3eead5da96b212485b274bdf3?s=96&d=mm&r=g","caption":"Riu Hotels"},"url":"https:\/\/www.riu.com\/blog\/en\/author\/riu\/"}]}},"_links":{"self":[{"href":"https:\/\/www.riu.com\/blog\/en\/wp-json\/wp\/v2\/posts\/20353","targetHints":{"allow":["GET"]}}],"collection":[{"href":"https:\/\/www.riu.com\/blog\/en\/wp-json\/wp\/v2\/posts"}],"about":[{"href":"https:\/\/www.riu.com\/blog\/en\/wp-json\/wp\/v2\/types\/post"}],"author":[{"embeddable":true,"href":"https:\/\/www.riu.com\/blog\/en\/wp-json\/wp\/v2\/users\/3"}],"replies":[{"embeddable":true,"href":"https:\/\/www.riu.com\/blog\/en\/wp-json\/wp\/v2\/comments?post=20353"}],"version-history":[{"count":5,"href":"https:\/\/www.riu.com\/blog\/en\/wp-json\/wp\/v2\/posts\/20353\/revisions"}],"predecessor-version":[{"id":20683,"href":"https:\/\/www.riu.com\/blog\/en\/wp-json\/wp\/v2\/posts\/20353\/revisions\/20683"}],"wp:featuredmedia":[{"embeddable":true,"href":"https:\/\/www.riu.com\/blog\/en\/wp-json\/wp\/v2\/media\/20326"}],"wp:attachment":[{"href":"https:\/\/www.riu.com\/blog\/en\/wp-json\/wp\/v2\/media?parent=20353"}],"wp:term":[{"taxonomy":"category","embeddable":true,"href":"https:\/\/www.riu.com\/blog\/en\/wp-json\/wp\/v2\/categories?post=20353"},{"taxonomy":"post_tag","embeddable":true,"href":"https:\/\/www.riu.com\/blog\/en\/wp-json\/wp\/v2\/tags?post=20353"}],"curies":[{"name":"wp","href":"https:\/\/api.w.org\/{rel}","templated":true}]}}