{"id":4400,"date":"2017-12-15T09:24:15","date_gmt":"2017-12-15T08:24:15","guid":{"rendered":"http:\/\/www.riu.com\/blog\/?p=4400"},"modified":"2017-12-15T09:24:15","modified_gmt":"2017-12-15T08:24:15","slug":"berlin-goes-festive","status":"publish","type":"post","link":"https:\/\/www.riu.com\/blog\/en\/berlin-goes-festive\/","title":{"rendered":"Berlin goes festive"},"content":{"rendered":"<p>It\u2019s Christmastime, and, as usual, Berlin has dressed up dazzlingly for the occasion. Every year, this unique atmosphere magically attracts visitors from all over the world. I, too, love this time of year, which is why, as a local Berliner, nothing can keep me away during Advent. I love staying in the city, strolling through the brightly lit streets, browsing for gifts in spruced-up shops, and meeting friends for mulled wine at the Christmas market.<\/p>\n<p><a href=\"http:\/\/www.riu.com\/blog\/wp-content\/uploads\/2017\/12\/Weihnachten-am-Gendarmenmarkt-in-Berlin@B\u00e4rbel-Arlt-1-Kopie-29164033.jpg\"><img loading=\"lazy\" decoding=\"async\" class=\"aligncenter size-large wp-image-4393\" src=\"http:\/\/www.riu.com\/blog\/wp-content\/uploads\/2017\/12\/Weihnachten-am-Gendarmenmarkt-in-Berlin@B\u00e4rbel-Arlt-1-Kopie-29164033-1024x524.jpg\" alt=\"\" width=\"1024\" height=\"524\" srcset=\"https:\/\/www.riu.com\/blog\/wp-content\/uploads\/2017\/12\/Weihnachten-am-Gendarmenmarkt-in-Berlin@B\u00e4rbel-Arlt-1-Kopie-29164033-1024x524.jpg 1024w, https:\/\/www.riu.com\/blog\/wp-content\/uploads\/2017\/12\/Weihnachten-am-Gendarmenmarkt-in-Berlin@B\u00e4rbel-Arlt-1-Kopie-29164033-250x128.jpg 250w, https:\/\/www.riu.com\/blog\/wp-content\/uploads\/2017\/12\/Weihnachten-am-Gendarmenmarkt-in-Berlin@B\u00e4rbel-Arlt-1-Kopie-29164033-700x358.jpg 700w, https:\/\/www.riu.com\/blog\/wp-content\/uploads\/2017\/12\/Weihnachten-am-Gendarmenmarkt-in-Berlin@B\u00e4rbel-Arlt-1-Kopie-29164033-120x61.jpg 120w, https:\/\/www.riu.com\/blog\/wp-content\/uploads\/2017\/12\/Weihnachten-am-Gendarmenmarkt-in-Berlin@B\u00e4rbel-Arlt-1-Kopie-29164033-768x393.jpg 768w, https:\/\/www.riu.com\/blog\/wp-content\/uploads\/2017\/12\/Weihnachten-am-Gendarmenmarkt-in-Berlin@B\u00e4rbel-Arlt-1-Kopie-29164033-300x154.jpg 300w\" sizes=\"auto, (max-width: 1024px) 100vw, 1024px\" \/><\/a><\/p>\n<p><em>Romantic: Christmas market at Berlin\u2019s Gendarmenmarkt <\/em><\/p>\n<p>And Berlin has plenty of Christmas markets. I\u2019m constantly asked which the best is. And it\u2019s not an easy question to answer, because, like Berlin itself, they vary greatly, and are all unique in their own way. The Christmas market at the Gendarmenmarkt is a must for me every year, because it exudes a very special, romantic vibe thanks to the artists, acrobats, dance groups, choirs and jugglers on stage, the wood carvers, metalworkers, tailors and jewellers in the artisans\u2019 tent, and of course the magical historic backdrop of the Konzerthaus, Deutscher Dom and Franz\u00f6sicher Dom buildings. U-Bahn (metro) line 2 runs directly from Wittenbergplatz station at the Riu Plaza Berlin to the Gendarmenmarkt (Stadtmitte or Hausvogteiplatz stations).<\/p>\n<p><a href=\"http:\/\/www.riu.com\/blog\/wp-content\/uploads\/2017\/12\/Weihnachtsmarkt-rund-um-die-Ged\u00e4chtniskirche-in-Berlin@B\u00e4rbel-Arlt-1.jpg\"><img loading=\"lazy\" decoding=\"async\" class=\"aligncenter size-large wp-image-4396\" src=\"http:\/\/www.riu.com\/blog\/wp-content\/uploads\/2017\/12\/Weihnachtsmarkt-rund-um-die-Ged\u00e4chtniskirche-in-Berlin@B\u00e4rbel-Arlt-1-1024x768.jpg\" alt=\"\" width=\"1024\" height=\"768\" srcset=\"https:\/\/www.riu.com\/blog\/wp-content\/uploads\/2017\/12\/Weihnachtsmarkt-rund-um-die-Ged\u00e4chtniskirche-in-Berlin@B\u00e4rbel-Arlt-1-1024x768.jpg 1024w, https:\/\/www.riu.com\/blog\/wp-content\/uploads\/2017\/12\/Weihnachtsmarkt-rund-um-die-Ged\u00e4chtniskirche-in-Berlin@B\u00e4rbel-Arlt-1-250x188.jpg 250w, https:\/\/www.riu.com\/blog\/wp-content\/uploads\/2017\/12\/Weihnachtsmarkt-rund-um-die-Ged\u00e4chtniskirche-in-Berlin@B\u00e4rbel-Arlt-1-700x525.jpg 700w, https:\/\/www.riu.com\/blog\/wp-content\/uploads\/2017\/12\/Weihnachtsmarkt-rund-um-die-Ged\u00e4chtniskirche-in-Berlin@B\u00e4rbel-Arlt-1-120x90.jpg 120w, https:\/\/www.riu.com\/blog\/wp-content\/uploads\/2017\/12\/Weihnachtsmarkt-rund-um-die-Ged\u00e4chtniskirche-in-Berlin@B\u00e4rbel-Arlt-1-768x576.jpg 768w, https:\/\/www.riu.com\/blog\/wp-content\/uploads\/2017\/12\/Weihnachtsmarkt-rund-um-die-Ged\u00e4chtniskirche-in-Berlin@B\u00e4rbel-Arlt-1-320x240.jpg 320w, https:\/\/www.riu.com\/blog\/wp-content\/uploads\/2017\/12\/Weihnachtsmarkt-rund-um-die-Ged\u00e4chtniskirche-in-Berlin@B\u00e4rbel-Arlt-1-300x225.jpg 300w\" sizes=\"auto, (max-width: 1024px) 100vw, 1024px\" \/><\/a><\/p>\n<p><em>Not far from the Riu Plaza Berlin is the Christmas market around the Kaiser Wilhelm Memorial Church<\/em><\/p>\n<p>What splendour! Fairy lights on 650 trees and illuminated Santas, nutcrackers and reindeers spectacularly light up the Tauentzien, with the exclusive KaDeWe department store, and Ku\u2019damm shopping streets not far from the Riu Plaza Berlin. The fairy lights are said to stretch for 230 kilometres. And the Christmas market around the Kaiser Wilhelm Memorial Church is once again open this year. Burning at its centre are candles to remember the victims of last year\u2019s attack. This deep wound is yet to heal, and I have a hard job convincing myself that everything is normal as I stroll around the market. So I very pensively saunter past the stands, mulled wine in hand, taking a look inside the legendary Bikinihaus building, admiring the crazy range of designer stores and pop-up booths, and smiling at the monkeys clowning around in the zoo exhibit.<\/p>\n<p><a href=\"http:\/\/www.riu.com\/blog\/wp-content\/uploads\/2017\/12\/Weihnachtsmarkt-in-dre-Kuturbrauerei-in-Berlin@B\u00e4rbel-Arlt-1.jpg\"><img loading=\"lazy\" decoding=\"async\" class=\"aligncenter size-large wp-image-4395\" src=\"http:\/\/www.riu.com\/blog\/wp-content\/uploads\/2017\/12\/Weihnachtsmarkt-in-dre-Kuturbrauerei-in-Berlin@B\u00e4rbel-Arlt-1-1024x792.jpg\" alt=\"\" width=\"1024\" height=\"792\" srcset=\"https:\/\/www.riu.com\/blog\/wp-content\/uploads\/2017\/12\/Weihnachtsmarkt-in-dre-Kuturbrauerei-in-Berlin@B\u00e4rbel-Arlt-1-1024x792.jpg 1024w, https:\/\/www.riu.com\/blog\/wp-content\/uploads\/2017\/12\/Weihnachtsmarkt-in-dre-Kuturbrauerei-in-Berlin@B\u00e4rbel-Arlt-1-250x193.jpg 250w, https:\/\/www.riu.com\/blog\/wp-content\/uploads\/2017\/12\/Weihnachtsmarkt-in-dre-Kuturbrauerei-in-Berlin@B\u00e4rbel-Arlt-1-700x541.jpg 700w, https:\/\/www.riu.com\/blog\/wp-content\/uploads\/2017\/12\/Weihnachtsmarkt-in-dre-Kuturbrauerei-in-Berlin@B\u00e4rbel-Arlt-1-120x93.jpg 120w, https:\/\/www.riu.com\/blog\/wp-content\/uploads\/2017\/12\/Weihnachtsmarkt-in-dre-Kuturbrauerei-in-Berlin@B\u00e4rbel-Arlt-1-768x594.jpg 768w, https:\/\/www.riu.com\/blog\/wp-content\/uploads\/2017\/12\/Weihnachtsmarkt-in-dre-Kuturbrauerei-in-Berlin@B\u00e4rbel-Arlt-1-300x232.jpg 300w\" sizes=\"auto, (max-width: 1024px) 100vw, 1024px\" \/><\/a><\/p>\n<p><em>Scandinavian: Christmas market at the Kulturbrauerei complex in Prenzlauer Berg <\/em><\/p>\n<p>The Christmas markets in the Altstadt Spandau and at Charlottenburg Palace are of course also full of atmosphere. But to be honest, at Advent, I prefer heading to the smaller markets away from the tourists and big-city hustle and bustle. This most certainly includes the Christmas market at the Kulturbrauerei complex in Berlin\u2019s Prenzlauer Berg district. Whether it\u2019s Finnish <em>gl\u00f6gi <\/em>(mulled wine), Swedish fire torches, elk goulash or St Lucia, the Queen of Light, herself, there\u2019s a distinctly Scandinavian vibe all around, flanked by some impressive industrial architecture. Because the Kulturbrauerei was a brewery until 1967. The beloved amber fluid was brewed here for over 100 years, and building names such as Flaschenbierabteilung (bottled beer department), Bahnladehalle (train loading hall), Kesselhaus (boiler house) and Maschinenhaus (power house) serve as a reminder of those times to this day. U-Bahn line 2 runs from Wittenbergplatz station at Riu Plaza Berlin, through Alexanderplatz, to Eberswalder Strasse, which is then only a few metres\u2019 walk to the Kulturbrauerei.<\/p>\n<p><a href=\"http:\/\/www.riu.com\/blog\/wp-content\/uploads\/2017\/12\/Weihnachten-im-Nikolaiviertel@B\u00e4rbel-Arlt-1-.jpg\"><img loading=\"lazy\" decoding=\"async\" class=\"aligncenter size-large wp-image-4394\" src=\"http:\/\/www.riu.com\/blog\/wp-content\/uploads\/2017\/12\/Weihnachten-im-Nikolaiviertel@B\u00e4rbel-Arlt-1--1024x724.jpg\" alt=\"\" width=\"1024\" height=\"724\" srcset=\"https:\/\/www.riu.com\/blog\/wp-content\/uploads\/2017\/12\/Weihnachten-im-Nikolaiviertel@B\u00e4rbel-Arlt-1--1024x724.jpg 1024w, https:\/\/www.riu.com\/blog\/wp-content\/uploads\/2017\/12\/Weihnachten-im-Nikolaiviertel@B\u00e4rbel-Arlt-1--250x177.jpg 250w, https:\/\/www.riu.com\/blog\/wp-content\/uploads\/2017\/12\/Weihnachten-im-Nikolaiviertel@B\u00e4rbel-Arlt-1--700x495.jpg 700w, https:\/\/www.riu.com\/blog\/wp-content\/uploads\/2017\/12\/Weihnachten-im-Nikolaiviertel@B\u00e4rbel-Arlt-1--120x85.jpg 120w, https:\/\/www.riu.com\/blog\/wp-content\/uploads\/2017\/12\/Weihnachten-im-Nikolaiviertel@B\u00e4rbel-Arlt-1--768x543.jpg 768w, https:\/\/www.riu.com\/blog\/wp-content\/uploads\/2017\/12\/Weihnachten-im-Nikolaiviertel@B\u00e4rbel-Arlt-1--300x212.jpg 300w, https:\/\/www.riu.com\/blog\/wp-content\/uploads\/2017\/12\/Weihnachten-im-Nikolaiviertel@B\u00e4rbel-Arlt-1--211x150.jpg 211w\" sizes=\"auto, (max-width: 1024px) 100vw, 1024px\" \/><\/a><\/p>\n<p><em>At the cradle of Berlin: Fiery winter magic in the Nikolaiviertel<\/em><\/p>\n<p>I also enjoy the Christmas market on Sophienstrasse, near the Hackesche H\u00f6fe, where you can find organic products, design items and handicrafts all made in Berlin, and in the Nikolaiviertel district, located not far from Berlin\u2019s City Palace, whose reconstruction began in 2013. It is a gigantic structure combining historic and modern architecture, and which will open its doors as the Humboldt Forum in years to come. But the history of the Nikolaiviertel dates back much further than the palace. It is the cradle of Berlin, where the city was founded 780 years ago. There\u2019s a special sense of magic in its tiny alleyways, with their traditional pubs and boutiques, and this has served as the basis for an event organisers call \u201cFeuriger Winterzauber\u201d or \u201cfiery winter magic\u201d. As I stroll down the cobblestone lanes, it\u2019s almost as if I\u2019ve been transported back to old Berlin, expecting every street corner to reveal \u201cBerlin originals\u201d like <em>Schusterjungen <\/em>(rye bread rolls), the <em>Leierkastenmann<\/em> (organ grinder) or the <em>Eckensteher Nante<\/em> (Nante, the Man on the Corner). They unfortunately do not, but I do find Heinz R\u00fchmann in the humorous cult film <em>The Punch Bowl<\/em>. I treat myself to some hot punch, cuddle up on the open-air couch, and enjoy Advent in the heart of Berlin, yet away from the hustle and bustle of the big smoke. Yes, I absolutely love Christmastime in Berlin!<\/p>\n<p>&nbsp;<\/p>\n<p><a href=\"http:\/\/www.riu.com\/blog\/wp-content\/uploads\/2017\/12\/Periodista.jpg\"><img loading=\"lazy\" decoding=\"async\" class=\"aligncenter size-full wp-image-4397\" src=\"http:\/\/www.riu.com\/blog\/wp-content\/uploads\/2017\/12\/Periodista.jpg\" alt=\"\" width=\"253\" height=\"269\" srcset=\"https:\/\/www.riu.com\/blog\/wp-content\/uploads\/2017\/12\/Periodista.jpg 253w, https:\/\/www.riu.com\/blog\/wp-content\/uploads\/2017\/12\/Periodista-250x266.jpg 250w, https:\/\/www.riu.com\/blog\/wp-content\/uploads\/2017\/12\/Periodista-120x128.jpg 120w\" sizes=\"auto, (max-width: 253px) 100vw, 253px\" \/><\/a><\/p>\n<p>B\u00e4rbel Arlt works as a journalist in Berlin and likes to stroll along tourist routes. She would like her experiences and impressions to encourage her readers to discover the world \u2013 true to the quote from Confucius: the journey is the destination!<\/p>\n","protected":false},"excerpt":{"rendered":"It\u2019s Christmastime, and, as usual, Berlin has dressed up dazzlingly for the occasion. Every year, this unique atmosphere magically attracts visitors from all over the world. I, too, love this time of year, which is why, as a local Berliner, nothing can keep me away during Advent. I love staying in the city, strolling through&#8230;","protected":false},"author":3,"featured_media":4398,"comment_status":"open","ping_status":"closed","sticky":false,"template":"","format":"standard","meta":{"_acf_changed":false,"footnotes":""},"categories":[99],"tags":[],"class_list":["post-4400","post","type-post","status-publish","format-standard","has-post-thumbnail","hentry","category-destination"],"acf":[],"yoast_head":"<!-- This site is optimized with the Yoast SEO plugin v27.2 - https:\/\/yoast.com\/product\/yoast-seo-wordpress\/ -->\n<title>Berlin goes festive - RIU.com | Blog<\/title>\n<meta name=\"description\" content=\"The German journalist B\u00e4rbel Arlt is a great lover of the Berlin Christmas markets. Also this year, she has visited them and is looking forward to share her experience with you.\" \/>\n<meta name=\"robots\" content=\"index, follow, max-snippet:-1, max-image-preview:large, max-video-preview:-1\" \/>\n<link rel=\"canonical\" href=\"https:\/\/www.riu.com\/blog\/en\/berlin-goes-festive\/\" \/>\n<meta property=\"og:locale\" content=\"en_US\" \/>\n<meta property=\"og:type\" content=\"article\" \/>\n<meta property=\"og:title\" content=\"Berlin goes festive - RIU.com | Blog\" \/>\n<meta property=\"og:description\" content=\"The German journalist B\u00e4rbel Arlt is a great lover of the Berlin Christmas markets. Also this year, she has visited them and is looking forward to share her experience with you.\" \/>\n<meta property=\"og:url\" content=\"https:\/\/www.riu.com\/blog\/en\/berlin-goes-festive\/\" \/>\n<meta property=\"og:site_name\" content=\"RIU.com | Blog\" \/>\n<meta property=\"article:published_time\" content=\"2017-12-15T08:24:15+00:00\" \/>\n<meta property=\"og:image\" content=\"https:\/\/www.riu.com\/blog\/wp-content\/uploads\/2017\/12\/Blick-vom-Tauentzien-auf-das-RIU-Plaza-Berlin@B\u00e4rbel-Arlt.jpg\" \/>\n\t<meta property=\"og:image:width\" content=\"4032\" \/>\n\t<meta property=\"og:image:height\" content=\"3024\" \/>\n\t<meta property=\"og:image:type\" content=\"image\/jpeg\" \/>\n<meta name=\"author\" content=\"Riu Hotels\" \/>\n<meta name=\"twitter:card\" content=\"summary_large_image\" \/>\n<meta name=\"twitter:label1\" content=\"Written by\" \/>\n\t<meta name=\"twitter:data1\" content=\"Riu Hotels\" \/>\n\t<meta name=\"twitter:label2\" content=\"Est. reading time\" \/>\n\t<meta name=\"twitter:data2\" content=\"4 minutes\" \/>\n<script type=\"application\/ld+json\" class=\"yoast-schema-graph\">{\"@context\":\"https:\/\/schema.org\",\"@graph\":[{\"@type\":\"NewsArticle\",\"@id\":\"https:\/\/www.riu.com\/blog\/en\/berlin-goes-festive\/#article\",\"isPartOf\":{\"@id\":\"https:\/\/www.riu.com\/blog\/en\/berlin-goes-festive\/\"},\"author\":{\"name\":\"Riu Hotels\",\"@id\":\"https:\/\/www.riu.com\/blog\/de\/#\/schema\/person\/0d2e827ad7e2aee20a09a05bdc3fb45f\"},\"headline\":\"Berlin goes festive\",\"datePublished\":\"2017-12-15T08:24:15+00:00\",\"mainEntityOfPage\":{\"@id\":\"https:\/\/www.riu.com\/blog\/en\/berlin-goes-festive\/\"},\"wordCount\":827,\"commentCount\":2,\"image\":{\"@id\":\"https:\/\/www.riu.com\/blog\/en\/berlin-goes-festive\/#primaryimage\"},\"thumbnailUrl\":\"https:\/\/www.riu.com\/blog\/wp-content\/uploads\/2017\/12\/Blick-vom-Tauentzien-auf-das-RIU-Plaza-Berlin@B\u00e4rbel-Arlt.jpg\",\"articleSection\":[\"Destination\"],\"inLanguage\":\"en-US\",\"potentialAction\":[{\"@type\":\"CommentAction\",\"name\":\"Comment\",\"target\":[\"https:\/\/www.riu.com\/blog\/en\/berlin-goes-festive\/#respond\"]}]},{\"@type\":[\"WebPage\",\"ItemPage\"],\"@id\":\"https:\/\/www.riu.com\/blog\/en\/berlin-goes-festive\/\",\"url\":\"https:\/\/www.riu.com\/blog\/en\/berlin-goes-festive\/\",\"name\":\"Berlin goes festive - RIU.com | Blog\",\"isPartOf\":{\"@id\":\"https:\/\/www.riu.com\/blog\/de\/#website\"},\"primaryImageOfPage\":{\"@id\":\"https:\/\/www.riu.com\/blog\/en\/berlin-goes-festive\/#primaryimage\"},\"image\":{\"@id\":\"https:\/\/www.riu.com\/blog\/en\/berlin-goes-festive\/#primaryimage\"},\"thumbnailUrl\":\"https:\/\/www.riu.com\/blog\/wp-content\/uploads\/2017\/12\/Blick-vom-Tauentzien-auf-das-RIU-Plaza-Berlin@B\u00e4rbel-Arlt.jpg\",\"datePublished\":\"2017-12-15T08:24:15+00:00\",\"author\":{\"@id\":\"https:\/\/www.riu.com\/blog\/de\/#\/schema\/person\/0d2e827ad7e2aee20a09a05bdc3fb45f\"},\"description\":\"The German journalist B\u00e4rbel Arlt is a great lover of the Berlin Christmas markets. Also this year, she has visited them and is looking forward to share her experience with you.\",\"breadcrumb\":{\"@id\":\"https:\/\/www.riu.com\/blog\/en\/berlin-goes-festive\/#breadcrumb\"},\"inLanguage\":\"en-US\",\"potentialAction\":[{\"@type\":\"ReadAction\",\"target\":[\"https:\/\/www.riu.com\/blog\/en\/berlin-goes-festive\/\"]}]},{\"@type\":\"ImageObject\",\"inLanguage\":\"en-US\",\"@id\":\"https:\/\/www.riu.com\/blog\/en\/berlin-goes-festive\/#primaryimage\",\"url\":\"https:\/\/www.riu.com\/blog\/wp-content\/uploads\/2017\/12\/Blick-vom-Tauentzien-auf-das-RIU-Plaza-Berlin@B\u00e4rbel-Arlt.jpg\",\"contentUrl\":\"https:\/\/www.riu.com\/blog\/wp-content\/uploads\/2017\/12\/Blick-vom-Tauentzien-auf-das-RIU-Plaza-Berlin@B\u00e4rbel-Arlt.jpg\",\"width\":4032,\"height\":3024},{\"@type\":\"BreadcrumbList\",\"@id\":\"https:\/\/www.riu.com\/blog\/en\/berlin-goes-festive\/#breadcrumb\",\"itemListElement\":[{\"@type\":\"ListItem\",\"position\":1,\"name\":\"Portada\",\"item\":\"https:\/\/www.riu.com\/blog\/de\/\"},{\"@type\":\"ListItem\",\"position\":2,\"name\":\"Berlin goes festive\"}]},{\"@type\":\"WebSite\",\"@id\":\"https:\/\/www.riu.com\/blog\/de\/#website\",\"url\":\"https:\/\/www.riu.com\/blog\/de\/\",\"name\":\"RIU.com | Blog\",\"description\":\"Blog de Riu Hotels &amp; Resorts | Noticias exclusivas de la cadena Riu Hotels &amp; Resorts | Hoteles en Espa\u00f1a, M\u00e9xico, Jamaica, Rep\u00fablica Dominicana, Portugal, Miami y muchos m\u00e1s.\",\"potentialAction\":[{\"@type\":\"SearchAction\",\"target\":{\"@type\":\"EntryPoint\",\"urlTemplate\":\"https:\/\/www.riu.com\/blog\/de\/?s={search_term_string}\"},\"query-input\":{\"@type\":\"PropertyValueSpecification\",\"valueRequired\":true,\"valueName\":\"search_term_string\"}}],\"inLanguage\":\"en-US\"},{\"@type\":\"Person\",\"@id\":\"https:\/\/www.riu.com\/blog\/de\/#\/schema\/person\/0d2e827ad7e2aee20a09a05bdc3fb45f\",\"name\":\"Riu Hotels\",\"image\":{\"@type\":\"ImageObject\",\"inLanguage\":\"en-US\",\"@id\":\"https:\/\/secure.gravatar.com\/avatar\/1845185f5dc0c5d7a3adb797bcd6cae1d3df26e3eead5da96b212485b274bdf3?s=96&d=mm&r=g\",\"url\":\"https:\/\/secure.gravatar.com\/avatar\/1845185f5dc0c5d7a3adb797bcd6cae1d3df26e3eead5da96b212485b274bdf3?s=96&d=mm&r=g\",\"contentUrl\":\"https:\/\/secure.gravatar.com\/avatar\/1845185f5dc0c5d7a3adb797bcd6cae1d3df26e3eead5da96b212485b274bdf3?s=96&d=mm&r=g\",\"caption\":\"Riu Hotels\"},\"url\":\"https:\/\/www.riu.com\/blog\/en\/author\/riu\/\"}]}<\/script>\n<!-- \/ Yoast SEO plugin. -->","yoast_head_json":{"title":"Berlin goes festive - RIU.com | Blog","description":"The German journalist B\u00e4rbel Arlt is a great lover of the Berlin Christmas markets. Also this year, she has visited them and is looking forward to share her experience with you.","robots":{"index":"index","follow":"follow","max-snippet":"max-snippet:-1","max-image-preview":"max-image-preview:large","max-video-preview":"max-video-preview:-1"},"canonical":"https:\/\/www.riu.com\/blog\/en\/berlin-goes-festive\/","og_locale":"en_US","og_type":"article","og_title":"Berlin goes festive - RIU.com | Blog","og_description":"The German journalist B\u00e4rbel Arlt is a great lover of the Berlin Christmas markets. Also this year, she has visited them and is looking forward to share her experience with you.","og_url":"https:\/\/www.riu.com\/blog\/en\/berlin-goes-festive\/","og_site_name":"RIU.com | Blog","article_published_time":"2017-12-15T08:24:15+00:00","og_image":[{"width":4032,"height":3024,"url":"https:\/\/www.riu.com\/blog\/wp-content\/uploads\/2017\/12\/Blick-vom-Tauentzien-auf-das-RIU-Plaza-Berlin@B\u00e4rbel-Arlt.jpg","type":"image\/jpeg"}],"author":"Riu Hotels","twitter_card":"summary_large_image","twitter_misc":{"Written by":"Riu Hotels","Est. reading time":"4 minutes"},"schema":{"@context":"https:\/\/schema.org","@graph":[{"@type":"NewsArticle","@id":"https:\/\/www.riu.com\/blog\/en\/berlin-goes-festive\/#article","isPartOf":{"@id":"https:\/\/www.riu.com\/blog\/en\/berlin-goes-festive\/"},"author":{"name":"Riu Hotels","@id":"https:\/\/www.riu.com\/blog\/de\/#\/schema\/person\/0d2e827ad7e2aee20a09a05bdc3fb45f"},"headline":"Berlin goes festive","datePublished":"2017-12-15T08:24:15+00:00","mainEntityOfPage":{"@id":"https:\/\/www.riu.com\/blog\/en\/berlin-goes-festive\/"},"wordCount":827,"commentCount":2,"image":{"@id":"https:\/\/www.riu.com\/blog\/en\/berlin-goes-festive\/#primaryimage"},"thumbnailUrl":"https:\/\/www.riu.com\/blog\/wp-content\/uploads\/2017\/12\/Blick-vom-Tauentzien-auf-das-RIU-Plaza-Berlin@B\u00e4rbel-Arlt.jpg","articleSection":["Destination"],"inLanguage":"en-US","potentialAction":[{"@type":"CommentAction","name":"Comment","target":["https:\/\/www.riu.com\/blog\/en\/berlin-goes-festive\/#respond"]}]},{"@type":["WebPage","ItemPage"],"@id":"https:\/\/www.riu.com\/blog\/en\/berlin-goes-festive\/","url":"https:\/\/www.riu.com\/blog\/en\/berlin-goes-festive\/","name":"Berlin goes festive - RIU.com | Blog","isPartOf":{"@id":"https:\/\/www.riu.com\/blog\/de\/#website"},"primaryImageOfPage":{"@id":"https:\/\/www.riu.com\/blog\/en\/berlin-goes-festive\/#primaryimage"},"image":{"@id":"https:\/\/www.riu.com\/blog\/en\/berlin-goes-festive\/#primaryimage"},"thumbnailUrl":"https:\/\/www.riu.com\/blog\/wp-content\/uploads\/2017\/12\/Blick-vom-Tauentzien-auf-das-RIU-Plaza-Berlin@B\u00e4rbel-Arlt.jpg","datePublished":"2017-12-15T08:24:15+00:00","author":{"@id":"https:\/\/www.riu.com\/blog\/de\/#\/schema\/person\/0d2e827ad7e2aee20a09a05bdc3fb45f"},"description":"The German journalist B\u00e4rbel Arlt is a great lover of the Berlin Christmas markets. Also this year, she has visited them and is looking forward to share her experience with you.","breadcrumb":{"@id":"https:\/\/www.riu.com\/blog\/en\/berlin-goes-festive\/#breadcrumb"},"inLanguage":"en-US","potentialAction":[{"@type":"ReadAction","target":["https:\/\/www.riu.com\/blog\/en\/berlin-goes-festive\/"]}]},{"@type":"ImageObject","inLanguage":"en-US","@id":"https:\/\/www.riu.com\/blog\/en\/berlin-goes-festive\/#primaryimage","url":"https:\/\/www.riu.com\/blog\/wp-content\/uploads\/2017\/12\/Blick-vom-Tauentzien-auf-das-RIU-Plaza-Berlin@B\u00e4rbel-Arlt.jpg","contentUrl":"https:\/\/www.riu.com\/blog\/wp-content\/uploads\/2017\/12\/Blick-vom-Tauentzien-auf-das-RIU-Plaza-Berlin@B\u00e4rbel-Arlt.jpg","width":4032,"height":3024},{"@type":"BreadcrumbList","@id":"https:\/\/www.riu.com\/blog\/en\/berlin-goes-festive\/#breadcrumb","itemListElement":[{"@type":"ListItem","position":1,"name":"Portada","item":"https:\/\/www.riu.com\/blog\/de\/"},{"@type":"ListItem","position":2,"name":"Berlin goes festive"}]},{"@type":"WebSite","@id":"https:\/\/www.riu.com\/blog\/de\/#website","url":"https:\/\/www.riu.com\/blog\/de\/","name":"RIU.com | Blog","description":"Blog de Riu Hotels &amp; Resorts | Noticias exclusivas de la cadena Riu Hotels &amp; Resorts | Hoteles en Espa\u00f1a, M\u00e9xico, Jamaica, Rep\u00fablica Dominicana, Portugal, Miami y muchos m\u00e1s.","potentialAction":[{"@type":"SearchAction","target":{"@type":"EntryPoint","urlTemplate":"https:\/\/www.riu.com\/blog\/de\/?s={search_term_string}"},"query-input":{"@type":"PropertyValueSpecification","valueRequired":true,"valueName":"search_term_string"}}],"inLanguage":"en-US"},{"@type":"Person","@id":"https:\/\/www.riu.com\/blog\/de\/#\/schema\/person\/0d2e827ad7e2aee20a09a05bdc3fb45f","name":"Riu Hotels","image":{"@type":"ImageObject","inLanguage":"en-US","@id":"https:\/\/secure.gravatar.com\/avatar\/1845185f5dc0c5d7a3adb797bcd6cae1d3df26e3eead5da96b212485b274bdf3?s=96&d=mm&r=g","url":"https:\/\/secure.gravatar.com\/avatar\/1845185f5dc0c5d7a3adb797bcd6cae1d3df26e3eead5da96b212485b274bdf3?s=96&d=mm&r=g","contentUrl":"https:\/\/secure.gravatar.com\/avatar\/1845185f5dc0c5d7a3adb797bcd6cae1d3df26e3eead5da96b212485b274bdf3?s=96&d=mm&r=g","caption":"Riu Hotels"},"url":"https:\/\/www.riu.com\/blog\/en\/author\/riu\/"}]}},"_links":{"self":[{"href":"https:\/\/www.riu.com\/blog\/en\/wp-json\/wp\/v2\/posts\/4400","targetHints":{"allow":["GET"]}}],"collection":[{"href":"https:\/\/www.riu.com\/blog\/en\/wp-json\/wp\/v2\/posts"}],"about":[{"href":"https:\/\/www.riu.com\/blog\/en\/wp-json\/wp\/v2\/types\/post"}],"author":[{"embeddable":true,"href":"https:\/\/www.riu.com\/blog\/en\/wp-json\/wp\/v2\/users\/3"}],"replies":[{"embeddable":true,"href":"https:\/\/www.riu.com\/blog\/en\/wp-json\/wp\/v2\/comments?post=4400"}],"version-history":[{"count":1,"href":"https:\/\/www.riu.com\/blog\/en\/wp-json\/wp\/v2\/posts\/4400\/revisions"}],"predecessor-version":[{"id":4402,"href":"https:\/\/www.riu.com\/blog\/en\/wp-json\/wp\/v2\/posts\/4400\/revisions\/4402"}],"wp:featuredmedia":[{"embeddable":true,"href":"https:\/\/www.riu.com\/blog\/en\/wp-json\/wp\/v2\/media\/4398"}],"wp:attachment":[{"href":"https:\/\/www.riu.com\/blog\/en\/wp-json\/wp\/v2\/media?parent=4400"}],"wp:term":[{"taxonomy":"category","embeddable":true,"href":"https:\/\/www.riu.com\/blog\/en\/wp-json\/wp\/v2\/categories?post=4400"},{"taxonomy":"post_tag","embeddable":true,"href":"https:\/\/www.riu.com\/blog\/en\/wp-json\/wp\/v2\/tags?post=4400"}],"curies":[{"name":"wp","href":"https:\/\/api.w.org\/{rel}","templated":true}]}}