{"id":13404,"date":"2019-07-09T08:49:45","date_gmt":"2019-07-09T06:49:45","guid":{"rendered":"https:\/\/www.riu.com\/blog\/?p=13404"},"modified":"2023-05-26T16:35:52","modified_gmt":"2023-05-26T14:35:52","slug":"un-portugal-por-descubrir-de-la-mano-de-riu","status":"publish","type":"post","link":"https:\/\/www.riu.com\/blog\/un-portugal-por-descubrir-de-la-mano-de-riu\/","title":{"rendered":"Un Portugal por descubrir de la mano de RIU"},"content":{"rendered":"<p>En este post te invitamos a que nos acompa\u00f1es en nuestro descubrimiento de las curiosidades que esconde <strong>Portugal<\/strong>. Queremos ense\u00f1arte lo que hay detr\u00e1s de su cuidada arquitectura y calles en cuesta. Es el destino ideal para aquellos amantes de la mezcla de playa y monta\u00f1a, un m\u00e1gico paisaje que abunda en el pa\u00eds. \u00bfQuieres descubrir m\u00e1s curiosidades sobre este pintoresco lugar?<\/p>\n<p><a href=\"https:\/\/www.riu.com\/blog\/wp-content\/uploads\/2019\/07\/portugal-riu-vacaciones.jpg\" target=\"_blank\" rel=\"noopener noreferrer\"><img loading=\"lazy\" decoding=\"async\" class=\"alignnone wp-image-13418 size-full\" src=\"https:\/\/www.riu.com\/blog\/wp-content\/uploads\/2019\/07\/portugal-riu-vacaciones.jpg\" alt=\"Portugal se caracteriza por sus calles en cuesta y sus coloridas casas\" width=\"724\" height=\"483\" srcset=\"https:\/\/www.riu.com\/blog\/wp-content\/uploads\/2019\/07\/portugal-riu-vacaciones.jpg 724w, https:\/\/www.riu.com\/blog\/wp-content\/uploads\/2019\/07\/portugal-riu-vacaciones-250x167.jpg 250w, https:\/\/www.riu.com\/blog\/wp-content\/uploads\/2019\/07\/portugal-riu-vacaciones-700x467.jpg 700w, https:\/\/www.riu.com\/blog\/wp-content\/uploads\/2019\/07\/portugal-riu-vacaciones-120x80.jpg 120w\" sizes=\"auto, (max-width: 724px) 100vw, 724px\" \/><\/a><\/p>\n<h2>\u00bfQu\u00e9 saber de Portugal?<\/h2>\n<p>Una de las caracter\u00edsticas m\u00e1s famosas es que muchos de los edificios que alberga este destino est\u00e1n recubiertos por las cl\u00e1sicas baldosas cer\u00e1micas de <strong>Portugal<\/strong>, desde iglesias hasta casas particulares. Es tanto el peso que tiene este tipo de decoraci\u00f3n en la arquitectura portuguesa que en la ciudad de <strong>Lisboa<\/strong>, capital del pa\u00eds, puedes encontrar el famoso <strong>Museo Nacional del Azulejo.<\/strong><\/p>\n<p><a href=\"https:\/\/www.riu.com\/blog\/wp-content\/uploads\/2019\/07\/baldosas-portugal-edificios-riu.jpg\" target=\"_blank\" rel=\"noopener noreferrer\"><img loading=\"lazy\" decoding=\"async\" class=\"alignnone wp-image-13406 size-full\" src=\"https:\/\/www.riu.com\/blog\/wp-content\/uploads\/2019\/07\/baldosas-portugal-edificios-riu.jpg\" alt=\"Muchas casas de Portugal est\u00e1n cubiertas de baldosas artesanales\" width=\"724\" height=\"483\" srcset=\"https:\/\/www.riu.com\/blog\/wp-content\/uploads\/2019\/07\/baldosas-portugal-edificios-riu.jpg 724w, https:\/\/www.riu.com\/blog\/wp-content\/uploads\/2019\/07\/baldosas-portugal-edificios-riu-250x167.jpg 250w, https:\/\/www.riu.com\/blog\/wp-content\/uploads\/2019\/07\/baldosas-portugal-edificios-riu-700x467.jpg 700w, https:\/\/www.riu.com\/blog\/wp-content\/uploads\/2019\/07\/baldosas-portugal-edificios-riu-120x80.jpg 120w\" sizes=\"auto, (max-width: 724px) 100vw, 724px\" \/><\/a><\/p>\n<h3>1.\u00a0\u00a0\u00a0\u00a0\u00a0 Pa\u00eds de tradiciones<\/h3>\n<p>Se trata de un pa\u00eds creador de tradiciones, por ejemplo, \u00bfsab\u00edas que la costumbre de los ingleses de tomar el t\u00e9 proviene de aqu\u00ed? Dicen que el rey Carlos II se cas\u00f3 con una princesa de origen portugu\u00e9s que lo populariz\u00f3 en Inglaterra, donde ya se usaba, pero como medicamento. Fue ella quien lo implant\u00f3 entre la aristocracia inglesa tras su llegada y lo convirti\u00f3 en una bebida muy tomada incluso por las mujeres ya que, hasta ese momento, s\u00f3lo eran los hombres quienes consum\u00edan esta bebida.<\/p>\n<p><a href=\"https:\/\/www.riu.com\/blog\/wp-content\/uploads\/2019\/07\/te-tradicion-portugal-riu.jpg\" target=\"_blank\" rel=\"noopener noreferrer\"><img loading=\"lazy\" decoding=\"async\" class=\"alignnone wp-image-13421 size-full\" src=\"https:\/\/www.riu.com\/blog\/wp-content\/uploads\/2019\/07\/te-tradicion-portugal-riu.jpg\" alt=\"La costumbre brit\u00e1nica de tomar el t\u00e9 proviene de Portugal\" width=\"724\" height=\"483\" srcset=\"https:\/\/www.riu.com\/blog\/wp-content\/uploads\/2019\/07\/te-tradicion-portugal-riu.jpg 724w, https:\/\/www.riu.com\/blog\/wp-content\/uploads\/2019\/07\/te-tradicion-portugal-riu-250x167.jpg 250w, https:\/\/www.riu.com\/blog\/wp-content\/uploads\/2019\/07\/te-tradicion-portugal-riu-700x467.jpg 700w, https:\/\/www.riu.com\/blog\/wp-content\/uploads\/2019\/07\/te-tradicion-portugal-riu-120x80.jpg 120w\" sizes=\"auto, (max-width: 724px) 100vw, 724px\" \/><\/a><\/p>\n<h3>2.\u00a0\u00a0\u00a0\u00a0\u00a0 Librer\u00eda Bertrand<\/h3>\n<p>Otra de las grandes curiosidades que alberga <strong>Portugal<\/strong>, es que entre sus calles podemos toparnos con una de las librer\u00edas m\u00e1s antiguas del mundo. En este caso, nos referimos a la conocida <strong>librer\u00eda Bertrand,<\/strong> ubicada en Lisboa. Se trata de un comercio fundado en el a\u00f1o 1732, que desde entonces no ha cerrado sus puertas, lo que ha hecho que aparezca en el<strong> Libro Guinness de los r\u00e9cords<\/strong>.<\/p>\n<h3>3.\u00a0\u00a0\u00a0\u00a0\u00a0 El Fado<\/h3>\n<p>Sin salirnos de la esfera cultural, queremos destacar que <strong>Portugal<\/strong> tiene su propio g\u00e9nero musical: <strong>el fado<\/strong>. Es un tipo de m\u00fasica tan \u00fanico que la propia <strong>UNESCO<\/strong> lo ha nombrado <strong>Patrimonio Inmaterial de la Humanidad<\/strong>, debido a sus singulares melod\u00edas que trasmiten melancol\u00eda y tristeza. Por ello una de las cosas que has de vivir, es pasear por las calles del pa\u00eds con esta m\u00fasica de fondo que seguro te ofrecer\u00e1 un punto de vista emocionante.<\/p>\n<p><a href=\"https:\/\/www.riu.com\/blog\/wp-content\/uploads\/2019\/07\/fado-musica-riu-portugal.jpg\" target=\"_blank\" rel=\"noopener noreferrer\"><img loading=\"lazy\" decoding=\"async\" class=\"alignnone wp-image-13409 size-full\" src=\"https:\/\/www.riu.com\/blog\/wp-content\/uploads\/2019\/07\/fado-musica-riu-portugal.jpg\" alt=\"El Fado es la m\u00fasica tradicional de Portugal\" width=\"724\" height=\"483\" srcset=\"https:\/\/www.riu.com\/blog\/wp-content\/uploads\/2019\/07\/fado-musica-riu-portugal.jpg 724w, https:\/\/www.riu.com\/blog\/wp-content\/uploads\/2019\/07\/fado-musica-riu-portugal-250x167.jpg 250w, https:\/\/www.riu.com\/blog\/wp-content\/uploads\/2019\/07\/fado-musica-riu-portugal-700x467.jpg 700w, https:\/\/www.riu.com\/blog\/wp-content\/uploads\/2019\/07\/fado-musica-riu-portugal-120x80.jpg 120w\" sizes=\"auto, (max-width: 724px) 100vw, 724px\" \/><\/a><\/p>\n<h3>4.\u00a0\u00a0\u00a0\u00a0\u00a0 El vino<\/h3>\n<p>Continuando con las tradiciones curiosas que has de conocer sobre esta tierra es su famoso <strong>\u201cvino verde\u201d,<\/strong> que pese a no presentar este color, se llama as\u00ed por la poca maduraci\u00f3n que tienen las uvas cuando se elabora, dado que son frutas j\u00f3venes. Gracias a esto los portugueses consiguen producir un vino con un sutil toque espumoso y con un \u00e1pice de acidez. \u00a1Pru\u00e9balo, te encantar\u00e1!<\/p>\n<p><a href=\"https:\/\/www.riu.com\/blog\/wp-content\/uploads\/2019\/07\/vino-verde-portugal-riu.jpg\" target=\"_blank\" rel=\"noopener noreferrer\"><img loading=\"lazy\" decoding=\"async\" class=\"alignnone wp-image-13424 size-full\" src=\"https:\/\/www.riu.com\/blog\/wp-content\/uploads\/2019\/07\/vino-verde-portugal-riu.jpg\" alt=\"El vino verde es caracter\u00edstico del pa\u00eds debido a la poca maduraci\u00f3n de la uva\" width=\"683\" height=\"512\" srcset=\"https:\/\/www.riu.com\/blog\/wp-content\/uploads\/2019\/07\/vino-verde-portugal-riu.jpg 683w, https:\/\/www.riu.com\/blog\/wp-content\/uploads\/2019\/07\/vino-verde-portugal-riu-250x187.jpg 250w, https:\/\/www.riu.com\/blog\/wp-content\/uploads\/2019\/07\/vino-verde-portugal-riu-120x90.jpg 120w\" sizes=\"auto, (max-width: 683px) 100vw, 683px\" \/><\/a><\/p>\n<h3>5.\u00a0\u00a0\u00a0\u00a0\u00a0 \u00bfQu\u00e9 souvenir puedo comprar?<\/h3>\n<p>Queremos evitar que te hagas esta pregunta el d\u00eda antes de irte, ya que tenemos el ideal: una tela con frases bonitas escritas en ella. Esto es una gran tradici\u00f3n en <strong>Portugal<\/strong>, dado que antiguamente las mujeres tej\u00edan estas telas para sus maridos que viajaban fuera del pa\u00eds, y hoy en d\u00eda se ha convertido en un bonito recuerdo que llevarle a tus seres queridos cuando regreses del viaje.<\/p>\n<p><a href=\"https:\/\/www.riu.com\/blog\/wp-content\/uploads\/2019\/07\/hotel-riu-guarana-algarve.jpg\" target=\"_blank\" rel=\"noopener noreferrer\"><img loading=\"lazy\" decoding=\"async\" class=\"alignnone wp-image-13412 size-full\" src=\"https:\/\/www.riu.com\/blog\/wp-content\/uploads\/2019\/07\/hotel-riu-guarana-algarve.jpg\" alt=\"El Riu Guarana se ubica en la zona del Algarve\" width=\"1000\" height=\"667\" srcset=\"https:\/\/www.riu.com\/blog\/wp-content\/uploads\/2019\/07\/hotel-riu-guarana-algarve.jpg 1000w, https:\/\/www.riu.com\/blog\/wp-content\/uploads\/2019\/07\/hotel-riu-guarana-algarve-250x167.jpg 250w, https:\/\/www.riu.com\/blog\/wp-content\/uploads\/2019\/07\/hotel-riu-guarana-algarve-768x512.jpg 768w, https:\/\/www.riu.com\/blog\/wp-content\/uploads\/2019\/07\/hotel-riu-guarana-algarve-700x467.jpg 700w, https:\/\/www.riu.com\/blog\/wp-content\/uploads\/2019\/07\/hotel-riu-guarana-algarve-120x80.jpg 120w\" sizes=\"auto, (max-width: 1000px) 100vw, 1000px\" \/><\/a><\/p>\n<p>\u00bfTe ha gustado nuestra singular perspectiva sobre Portugal? Te invitamos a que seas t\u00fa mismo quien nos cuente m\u00e1s curiosidades sobre este maravilloso pa\u00eds. Si quieres descubrir todo esto en primera persona te animamos a que te alojes en nuestro hotel\u00a0<a href=\"https:\/\/www.riu.com\/es\/hotel\/portugal\/madeira\/hotel-riu-palace-madeira\/index.jsp\" target=\"_blank\" rel=\"noopener noreferrer\"><strong>Riu Madeira<\/strong> <\/a>situado en Madeira. \u00a1Te esperamos!<\/p>\n","protected":false},"excerpt":{"rendered":"Portugal es un destino que esconde muchas curiosidades tras sus calles en cuesta y paisajes de mar y monta\u00f1a. Por eso en RIU queremos que nos acompa\u00f1es por este recorrido en el que te contamos todos los secretos que esconde este maravilloso pa\u00eds para que cuando vayas a visitarlo no te pierdas nada\u00a0 \u00bfTe apuntas a descubrir la magia de Portugal?","protected":false},"author":3,"featured_media":13418,"comment_status":"open","ping_status":"closed","sticky":false,"template":"","format":"standard","meta":{"_acf_changed":false,"footnotes":""},"categories":[42,3],"tags":[],"class_list":["post-13404","post","type-post","status-publish","format-standard","has-post-thumbnail","hentry","category-destino","category-hotels"],"acf":[],"yoast_head":"<!-- This site is optimized with the Yoast SEO plugin v27.2 - https:\/\/yoast.com\/product\/yoast-seo-wordpress\/ -->\n<title>RIU te ense\u00f1a algunas curiosidades de Portugal | Blog RIU.com<\/title>\n<meta name=\"description\" content=\"Portugal es un pa\u00eds que esconde muchas curiosidades en su interior, por eso RIU hace un peque\u00f1o recorrido por aquellas m\u00e1s caracter\u00edsticas e interesantes.\" \/>\n<meta name=\"robots\" content=\"index, follow, max-snippet:-1, max-image-preview:large, max-video-preview:-1\" \/>\n<link rel=\"canonical\" href=\"https:\/\/www.riu.com\/blog\/un-portugal-por-descubrir-de-la-mano-de-riu\/\" \/>\n<meta property=\"og:locale\" content=\"es_ES\" \/>\n<meta property=\"og:type\" content=\"article\" \/>\n<meta property=\"og:title\" content=\"RIU te ense\u00f1a algunas curiosidades de Portugal | Blog RIU.com\" \/>\n<meta property=\"og:description\" content=\"Portugal es un pa\u00eds que esconde muchas curiosidades en su interior, por eso RIU hace un peque\u00f1o recorrido por aquellas m\u00e1s caracter\u00edsticas e interesantes.\" \/>\n<meta property=\"og:url\" content=\"https:\/\/www.riu.com\/blog\/un-portugal-por-descubrir-de-la-mano-de-riu\/\" \/>\n<meta property=\"og:site_name\" content=\"RIU.com | Blog\" \/>\n<meta property=\"article:published_time\" content=\"2019-07-09T06:49:45+00:00\" \/>\n<meta property=\"article:modified_time\" content=\"2023-05-26T14:35:52+00:00\" \/>\n<meta property=\"og:image\" content=\"https:\/\/www.riu.com\/blog\/wp-content\/uploads\/2019\/07\/portugal-riu-vacaciones.jpg\" \/>\n\t<meta property=\"og:image:width\" content=\"724\" \/>\n\t<meta property=\"og:image:height\" content=\"483\" \/>\n\t<meta property=\"og:image:type\" content=\"image\/jpeg\" \/>\n<meta name=\"author\" content=\"Riu Hotels\" \/>\n<meta name=\"twitter:card\" content=\"summary_large_image\" \/>\n<meta name=\"twitter:label1\" content=\"Escrito por\" \/>\n\t<meta name=\"twitter:data1\" content=\"Riu Hotels\" \/>\n\t<meta name=\"twitter:label2\" content=\"Tiempo de lectura\" \/>\n\t<meta name=\"twitter:data2\" content=\"4 minutos\" \/>\n<script type=\"application\/ld+json\" class=\"yoast-schema-graph\">{\"@context\":\"https:\/\/schema.org\",\"@graph\":[{\"@type\":\"NewsArticle\",\"@id\":\"https:\/\/www.riu.com\/blog\/un-portugal-por-descubrir-de-la-mano-de-riu\/#article\",\"isPartOf\":{\"@id\":\"https:\/\/www.riu.com\/blog\/un-portugal-por-descubrir-de-la-mano-de-riu\/\"},\"author\":{\"name\":\"Riu Hotels\",\"@id\":\"https:\/\/www.riu.com\/blog\/de\/#\/schema\/person\/0d2e827ad7e2aee20a09a05bdc3fb45f\"},\"headline\":\"Un Portugal por descubrir de la mano de RIU\",\"datePublished\":\"2019-07-09T06:49:45+00:00\",\"dateModified\":\"2023-05-26T14:35:52+00:00\",\"mainEntityOfPage\":{\"@id\":\"https:\/\/www.riu.com\/blog\/un-portugal-por-descubrir-de-la-mano-de-riu\/\"},\"wordCount\":605,\"commentCount\":0,\"image\":{\"@id\":\"https:\/\/www.riu.com\/blog\/un-portugal-por-descubrir-de-la-mano-de-riu\/#primaryimage\"},\"thumbnailUrl\":\"https:\/\/www.riu.com\/blog\/wp-content\/uploads\/2019\/07\/portugal-riu-vacaciones.jpg\",\"articleSection\":[\"Destino\",\"Hoteles\"],\"inLanguage\":\"es\",\"potentialAction\":[{\"@type\":\"CommentAction\",\"name\":\"Comment\",\"target\":[\"https:\/\/www.riu.com\/blog\/un-portugal-por-descubrir-de-la-mano-de-riu\/#respond\"]}]},{\"@type\":[\"WebPage\",\"ItemPage\"],\"@id\":\"https:\/\/www.riu.com\/blog\/un-portugal-por-descubrir-de-la-mano-de-riu\/\",\"url\":\"https:\/\/www.riu.com\/blog\/un-portugal-por-descubrir-de-la-mano-de-riu\/\",\"name\":\"RIU te ense\u00f1a algunas curiosidades de Portugal | Blog RIU.com\",\"isPartOf\":{\"@id\":\"https:\/\/www.riu.com\/blog\/de\/#website\"},\"primaryImageOfPage\":{\"@id\":\"https:\/\/www.riu.com\/blog\/un-portugal-por-descubrir-de-la-mano-de-riu\/#primaryimage\"},\"image\":{\"@id\":\"https:\/\/www.riu.com\/blog\/un-portugal-por-descubrir-de-la-mano-de-riu\/#primaryimage\"},\"thumbnailUrl\":\"https:\/\/www.riu.com\/blog\/wp-content\/uploads\/2019\/07\/portugal-riu-vacaciones.jpg\",\"datePublished\":\"2019-07-09T06:49:45+00:00\",\"dateModified\":\"2023-05-26T14:35:52+00:00\",\"author\":{\"@id\":\"https:\/\/www.riu.com\/blog\/de\/#\/schema\/person\/0d2e827ad7e2aee20a09a05bdc3fb45f\"},\"description\":\"Portugal es un pa\u00eds que esconde muchas curiosidades en su interior, por eso RIU hace un peque\u00f1o recorrido por aquellas m\u00e1s caracter\u00edsticas e interesantes.\",\"breadcrumb\":{\"@id\":\"https:\/\/www.riu.com\/blog\/un-portugal-por-descubrir-de-la-mano-de-riu\/#breadcrumb\"},\"inLanguage\":\"es\",\"potentialAction\":[{\"@type\":\"ReadAction\",\"target\":[\"https:\/\/www.riu.com\/blog\/un-portugal-por-descubrir-de-la-mano-de-riu\/\"]}]},{\"@type\":\"ImageObject\",\"inLanguage\":\"es\",\"@id\":\"https:\/\/www.riu.com\/blog\/un-portugal-por-descubrir-de-la-mano-de-riu\/#primaryimage\",\"url\":\"https:\/\/www.riu.com\/blog\/wp-content\/uploads\/2019\/07\/portugal-riu-vacaciones.jpg\",\"contentUrl\":\"https:\/\/www.riu.com\/blog\/wp-content\/uploads\/2019\/07\/portugal-riu-vacaciones.jpg\",\"width\":724,\"height\":483,\"caption\":\"Porto, Portugal old town skyline from across the Douro River.\"},{\"@type\":\"BreadcrumbList\",\"@id\":\"https:\/\/www.riu.com\/blog\/un-portugal-por-descubrir-de-la-mano-de-riu\/#breadcrumb\",\"itemListElement\":[{\"@type\":\"ListItem\",\"position\":1,\"name\":\"Portada\",\"item\":\"https:\/\/www.riu.com\/blog\/de\/\"},{\"@type\":\"ListItem\",\"position\":2,\"name\":\"Un Portugal por descubrir de la mano de RIU\"}]},{\"@type\":\"WebSite\",\"@id\":\"https:\/\/www.riu.com\/blog\/de\/#website\",\"url\":\"https:\/\/www.riu.com\/blog\/de\/\",\"name\":\"RIU.com | Blog\",\"description\":\"Blog de Riu Hotels &amp; Resorts | Noticias exclusivas de la cadena Riu Hotels &amp; Resorts | Hoteles en Espa\u00f1a, M\u00e9xico, Jamaica, Rep\u00fablica Dominicana, Portugal, Miami y muchos m\u00e1s.\",\"potentialAction\":[{\"@type\":\"SearchAction\",\"target\":{\"@type\":\"EntryPoint\",\"urlTemplate\":\"https:\/\/www.riu.com\/blog\/de\/?s={search_term_string}\"},\"query-input\":{\"@type\":\"PropertyValueSpecification\",\"valueRequired\":true,\"valueName\":\"search_term_string\"}}],\"inLanguage\":\"es\"},{\"@type\":\"Person\",\"@id\":\"https:\/\/www.riu.com\/blog\/de\/#\/schema\/person\/0d2e827ad7e2aee20a09a05bdc3fb45f\",\"name\":\"Riu Hotels\",\"image\":{\"@type\":\"ImageObject\",\"inLanguage\":\"es\",\"@id\":\"https:\/\/secure.gravatar.com\/avatar\/1845185f5dc0c5d7a3adb797bcd6cae1d3df26e3eead5da96b212485b274bdf3?s=96&d=mm&r=g\",\"url\":\"https:\/\/secure.gravatar.com\/avatar\/1845185f5dc0c5d7a3adb797bcd6cae1d3df26e3eead5da96b212485b274bdf3?s=96&d=mm&r=g\",\"contentUrl\":\"https:\/\/secure.gravatar.com\/avatar\/1845185f5dc0c5d7a3adb797bcd6cae1d3df26e3eead5da96b212485b274bdf3?s=96&d=mm&r=g\",\"caption\":\"Riu Hotels\"},\"url\":\"https:\/\/www.riu.com\/blog\/author\/riu\/\"}]}<\/script>\n<!-- \/ Yoast SEO plugin. -->","yoast_head_json":{"title":"RIU te ense\u00f1a algunas curiosidades de Portugal | Blog RIU.com","description":"Portugal es un pa\u00eds que esconde muchas curiosidades en su interior, por eso RIU hace un peque\u00f1o recorrido por aquellas m\u00e1s caracter\u00edsticas e interesantes.","robots":{"index":"index","follow":"follow","max-snippet":"max-snippet:-1","max-image-preview":"max-image-preview:large","max-video-preview":"max-video-preview:-1"},"canonical":"https:\/\/www.riu.com\/blog\/un-portugal-por-descubrir-de-la-mano-de-riu\/","og_locale":"es_ES","og_type":"article","og_title":"RIU te ense\u00f1a algunas curiosidades de Portugal | Blog RIU.com","og_description":"Portugal es un pa\u00eds que esconde muchas curiosidades en su interior, por eso RIU hace un peque\u00f1o recorrido por aquellas m\u00e1s caracter\u00edsticas e interesantes.","og_url":"https:\/\/www.riu.com\/blog\/un-portugal-por-descubrir-de-la-mano-de-riu\/","og_site_name":"RIU.com | Blog","article_published_time":"2019-07-09T06:49:45+00:00","article_modified_time":"2023-05-26T14:35:52+00:00","og_image":[{"width":724,"height":483,"url":"https:\/\/www.riu.com\/blog\/wp-content\/uploads\/2019\/07\/portugal-riu-vacaciones.jpg","type":"image\/jpeg"}],"author":"Riu Hotels","twitter_card":"summary_large_image","twitter_misc":{"Escrito por":"Riu Hotels","Tiempo de lectura":"4 minutos"},"schema":{"@context":"https:\/\/schema.org","@graph":[{"@type":"NewsArticle","@id":"https:\/\/www.riu.com\/blog\/un-portugal-por-descubrir-de-la-mano-de-riu\/#article","isPartOf":{"@id":"https:\/\/www.riu.com\/blog\/un-portugal-por-descubrir-de-la-mano-de-riu\/"},"author":{"name":"Riu Hotels","@id":"https:\/\/www.riu.com\/blog\/de\/#\/schema\/person\/0d2e827ad7e2aee20a09a05bdc3fb45f"},"headline":"Un Portugal por descubrir de la mano de RIU","datePublished":"2019-07-09T06:49:45+00:00","dateModified":"2023-05-26T14:35:52+00:00","mainEntityOfPage":{"@id":"https:\/\/www.riu.com\/blog\/un-portugal-por-descubrir-de-la-mano-de-riu\/"},"wordCount":605,"commentCount":0,"image":{"@id":"https:\/\/www.riu.com\/blog\/un-portugal-por-descubrir-de-la-mano-de-riu\/#primaryimage"},"thumbnailUrl":"https:\/\/www.riu.com\/blog\/wp-content\/uploads\/2019\/07\/portugal-riu-vacaciones.jpg","articleSection":["Destino","Hoteles"],"inLanguage":"es","potentialAction":[{"@type":"CommentAction","name":"Comment","target":["https:\/\/www.riu.com\/blog\/un-portugal-por-descubrir-de-la-mano-de-riu\/#respond"]}]},{"@type":["WebPage","ItemPage"],"@id":"https:\/\/www.riu.com\/blog\/un-portugal-por-descubrir-de-la-mano-de-riu\/","url":"https:\/\/www.riu.com\/blog\/un-portugal-por-descubrir-de-la-mano-de-riu\/","name":"RIU te ense\u00f1a algunas curiosidades de Portugal | Blog RIU.com","isPartOf":{"@id":"https:\/\/www.riu.com\/blog\/de\/#website"},"primaryImageOfPage":{"@id":"https:\/\/www.riu.com\/blog\/un-portugal-por-descubrir-de-la-mano-de-riu\/#primaryimage"},"image":{"@id":"https:\/\/www.riu.com\/blog\/un-portugal-por-descubrir-de-la-mano-de-riu\/#primaryimage"},"thumbnailUrl":"https:\/\/www.riu.com\/blog\/wp-content\/uploads\/2019\/07\/portugal-riu-vacaciones.jpg","datePublished":"2019-07-09T06:49:45+00:00","dateModified":"2023-05-26T14:35:52+00:00","author":{"@id":"https:\/\/www.riu.com\/blog\/de\/#\/schema\/person\/0d2e827ad7e2aee20a09a05bdc3fb45f"},"description":"Portugal es un pa\u00eds que esconde muchas curiosidades en su interior, por eso RIU hace un peque\u00f1o recorrido por aquellas m\u00e1s caracter\u00edsticas e interesantes.","breadcrumb":{"@id":"https:\/\/www.riu.com\/blog\/un-portugal-por-descubrir-de-la-mano-de-riu\/#breadcrumb"},"inLanguage":"es","potentialAction":[{"@type":"ReadAction","target":["https:\/\/www.riu.com\/blog\/un-portugal-por-descubrir-de-la-mano-de-riu\/"]}]},{"@type":"ImageObject","inLanguage":"es","@id":"https:\/\/www.riu.com\/blog\/un-portugal-por-descubrir-de-la-mano-de-riu\/#primaryimage","url":"https:\/\/www.riu.com\/blog\/wp-content\/uploads\/2019\/07\/portugal-riu-vacaciones.jpg","contentUrl":"https:\/\/www.riu.com\/blog\/wp-content\/uploads\/2019\/07\/portugal-riu-vacaciones.jpg","width":724,"height":483,"caption":"Porto, Portugal old town skyline from across the Douro River."},{"@type":"BreadcrumbList","@id":"https:\/\/www.riu.com\/blog\/un-portugal-por-descubrir-de-la-mano-de-riu\/#breadcrumb","itemListElement":[{"@type":"ListItem","position":1,"name":"Portada","item":"https:\/\/www.riu.com\/blog\/de\/"},{"@type":"ListItem","position":2,"name":"Un Portugal por descubrir de la mano de RIU"}]},{"@type":"WebSite","@id":"https:\/\/www.riu.com\/blog\/de\/#website","url":"https:\/\/www.riu.com\/blog\/de\/","name":"RIU.com | Blog","description":"Blog de Riu Hotels &amp; Resorts | Noticias exclusivas de la cadena Riu Hotels &amp; Resorts | Hoteles en Espa\u00f1a, M\u00e9xico, Jamaica, Rep\u00fablica Dominicana, Portugal, Miami y muchos m\u00e1s.","potentialAction":[{"@type":"SearchAction","target":{"@type":"EntryPoint","urlTemplate":"https:\/\/www.riu.com\/blog\/de\/?s={search_term_string}"},"query-input":{"@type":"PropertyValueSpecification","valueRequired":true,"valueName":"search_term_string"}}],"inLanguage":"es"},{"@type":"Person","@id":"https:\/\/www.riu.com\/blog\/de\/#\/schema\/person\/0d2e827ad7e2aee20a09a05bdc3fb45f","name":"Riu Hotels","image":{"@type":"ImageObject","inLanguage":"es","@id":"https:\/\/secure.gravatar.com\/avatar\/1845185f5dc0c5d7a3adb797bcd6cae1d3df26e3eead5da96b212485b274bdf3?s=96&d=mm&r=g","url":"https:\/\/secure.gravatar.com\/avatar\/1845185f5dc0c5d7a3adb797bcd6cae1d3df26e3eead5da96b212485b274bdf3?s=96&d=mm&r=g","contentUrl":"https:\/\/secure.gravatar.com\/avatar\/1845185f5dc0c5d7a3adb797bcd6cae1d3df26e3eead5da96b212485b274bdf3?s=96&d=mm&r=g","caption":"Riu Hotels"},"url":"https:\/\/www.riu.com\/blog\/author\/riu\/"}]}},"_links":{"self":[{"href":"https:\/\/www.riu.com\/blog\/wp-json\/wp\/v2\/posts\/13404","targetHints":{"allow":["GET"]}}],"collection":[{"href":"https:\/\/www.riu.com\/blog\/wp-json\/wp\/v2\/posts"}],"about":[{"href":"https:\/\/www.riu.com\/blog\/wp-json\/wp\/v2\/types\/post"}],"author":[{"embeddable":true,"href":"https:\/\/www.riu.com\/blog\/wp-json\/wp\/v2\/users\/3"}],"replies":[{"embeddable":true,"href":"https:\/\/www.riu.com\/blog\/wp-json\/wp\/v2\/comments?post=13404"}],"version-history":[{"count":10,"href":"https:\/\/www.riu.com\/blog\/wp-json\/wp\/v2\/posts\/13404\/revisions"}],"predecessor-version":[{"id":28439,"href":"https:\/\/www.riu.com\/blog\/wp-json\/wp\/v2\/posts\/13404\/revisions\/28439"}],"wp:featuredmedia":[{"embeddable":true,"href":"https:\/\/www.riu.com\/blog\/wp-json\/wp\/v2\/media\/13418"}],"wp:attachment":[{"href":"https:\/\/www.riu.com\/blog\/wp-json\/wp\/v2\/media?parent=13404"}],"wp:term":[{"taxonomy":"category","embeddable":true,"href":"https:\/\/www.riu.com\/blog\/wp-json\/wp\/v2\/categories?post=13404"},{"taxonomy":"post_tag","embeddable":true,"href":"https:\/\/www.riu.com\/blog\/wp-json\/wp\/v2\/tags?post=13404"}],"curies":[{"name":"wp","href":"https:\/\/api.w.org\/{rel}","templated":true}]}}