{"id":16135,"date":"2019-10-22T09:29:18","date_gmt":"2019-10-22T07:29:18","guid":{"rendered":"https:\/\/www.riu.com\/blog\/?p=16135"},"modified":"2024-04-04T15:59:49","modified_gmt":"2024-04-04T13:59:49","slug":"asi-fue-la-presentacion-en-sociedad-del-hotel-riu-palace-palmeras","status":"publish","type":"post","link":"https:\/\/www.riu.com\/blog\/asi-fue-la-presentacion-en-sociedad-del-hotel-riu-palace-palmeras\/","title":{"rendered":"As\u00ed fue la presentaci\u00f3n en sociedad del hotel Riu Palace Palmeras"},"content":{"rendered":"<p>Hace unos d\u00edas presentamos con mucho orgullo el nuevo hotel <a href=\"https:\/\/www.laprovincia.es\/gran-canaria\/2019\/10\/03\/riu-palmeras-sube-categoria-inversion\/1214854.html\" target=\"_blank\" rel=\"noopener noreferrer\"><strong>Riu Palace Palmeras<\/strong><\/a> que tras una inversi\u00f3n de 22 millones de euros y una completa reforma cuenta con la categor\u00eda Riu Palace. No se trata de una inauguraci\u00f3n m\u00e1s, ni de una reforma m\u00e1s, porque aunque todos los hoteles de RIU son importantes para la cadena, este tiene un valor especial ya que fue el primero con el que salimos al mercado nacional.<\/p>\n<p><a href=\"https:\/\/www.riu.com\/blog\/wp-content\/uploads\/2019\/10\/riu-palace-palmeras-gran-canaria-1.jpg\" target=\"_blank\" rel=\"noopener noreferrer\"><img loading=\"lazy\" decoding=\"async\" class=\"alignnone wp-image-16294 size-large\" src=\"https:\/\/www.riu.com\/blog\/wp-content\/uploads\/2019\/10\/riu-palace-palmeras-gran-canaria-1-700x467.jpg\" alt=\"El 2 de octubre se inauguraba el hotel Riu Palace Palmeras\" width=\"700\" height=\"467\" srcset=\"https:\/\/www.riu.com\/blog\/wp-content\/uploads\/2019\/10\/riu-palace-palmeras-gran-canaria-1-700x467.jpg 700w, https:\/\/www.riu.com\/blog\/wp-content\/uploads\/2019\/10\/riu-palace-palmeras-gran-canaria-1-250x167.jpg 250w, https:\/\/www.riu.com\/blog\/wp-content\/uploads\/2019\/10\/riu-palace-palmeras-gran-canaria-1-768x512.jpg 768w, https:\/\/www.riu.com\/blog\/wp-content\/uploads\/2019\/10\/riu-palace-palmeras-gran-canaria-1-120x80.jpg 120w\" sizes=\"auto, (max-width: 700px) 100vw, 700px\" \/><\/a><\/p>\n<h2><strong>Supuso el salto de la cadena local a un \u00e1mbito nacional<\/strong><\/h2>\n<p>Hasta entonces, la cadena \u00fanicamente operaba en la isla mallorquina y en el a\u00f1o 1985 aterrizaba con el hotel <strong>Riu Palmeras<\/strong> en la Playa del Ingl\u00e9s, en Gran Canaria. Esto supuso un impulso enorme para la toma de decisiones posteriores, y por supuesto, para la expansi\u00f3n internacional que se producir\u00eda solo cinco a\u00f1os despu\u00e9s. Por ello, podemos afirmar que este establecimiento, adem\u00e1s de ser ic\u00f3nico, ha supuesto un antes y un despu\u00e9s para la cadena. \u00a1Se merece una menci\u00f3n muy especial!<\/p>\n<p>Tanto es as\u00ed, que el pasado 2 de octubre \u00a0se dieron cita en el renovado hotel <em>Luis Garc\u00eda, delegado de la Zona Sur de Gran Canaria; \u00c1gueda Borges, directora de servicios jur\u00eddicos de RIU en Canarias; F\u00e9lix Casado, consejero directivo y m\u00e1ximo responsable de la Zona Atl\u00e1ntica; Maurice Damen, director comercial para Canarias y Madeira; y Lidia de la Nuez, directora del Hotel Riu Palace Palmeras<\/em><em>\u00a0<\/em>junto a los principales medios de comunicaci\u00f3n de la isla.<\/p>\n<h3><strong>F\u00e9lix Casado: \u201cFue el primer hotel de 4 estrellas, adem\u00e1s del primero en Gran Canaria\u201d<\/strong><\/h3>\n<p>Las palabras de F\u00e9lix Casado ofrecieron el momento m\u00e1s especial ya que \u00e9l ha sido testigo de todo lo ocurrido en este hotel. Como \u00e9l mismo recalcaba emocionado \u201cla apertura del Riu Palmeras supuso un antes y un despu\u00e9s para la empresa\u201d. Adem\u00e1s, recordaba con gran cari\u00f1o que \u00e9l llegaba a la isla \u201ccomo director del Riu Palmeras\u201d y que para \u00e9l \u201ces un gran orgullo presentar hoy esta reforma con la que aumenta de categor\u00eda y vuelve a brillar como hace m\u00e1s de 30 a\u00f1os\u201d.<\/p>\n<p><a href=\"https:\/\/www.riu.com\/blog\/wp-content\/uploads\/2019\/10\/personalidades-inauguracion-riu-palace-palmeras-1.jpg\" target=\"_blank\" rel=\"noopener noreferrer\"><img loading=\"lazy\" decoding=\"async\" class=\"alignnone wp-image-16291 size-large\" src=\"https:\/\/www.riu.com\/blog\/wp-content\/uploads\/2019\/10\/personalidades-inauguracion-riu-palace-palmeras-1-700x467.jpg\" alt=\"A la inauguraci\u00f3n acudieron numerosas personalidades de RIU y los medios de la zona\" width=\"700\" height=\"467\" srcset=\"https:\/\/www.riu.com\/blog\/wp-content\/uploads\/2019\/10\/personalidades-inauguracion-riu-palace-palmeras-1-700x467.jpg 700w, https:\/\/www.riu.com\/blog\/wp-content\/uploads\/2019\/10\/personalidades-inauguracion-riu-palace-palmeras-1-250x167.jpg 250w, https:\/\/www.riu.com\/blog\/wp-content\/uploads\/2019\/10\/personalidades-inauguracion-riu-palace-palmeras-1-768x512.jpg 768w, https:\/\/www.riu.com\/blog\/wp-content\/uploads\/2019\/10\/personalidades-inauguracion-riu-palace-palmeras-1-120x80.jpg 120w, https:\/\/www.riu.com\/blog\/wp-content\/uploads\/2019\/10\/personalidades-inauguracion-riu-palace-palmeras-1.jpg 1800w\" sizes=\"auto, (max-width: 700px) 100vw, 700px\" \/><\/a><\/p>\n<p>Durante la jornada se realiz\u00f3 un recorrido por el establecimiento para dar a conocer las estancias y las zonas m\u00e1s destacadas del hotel, junto con una explicaci\u00f3n en cada una de ellas. Posteriormente, frente al nuevo teatro se dispuso todo lo necesario para ofrecer una comida de lujo. Aqu\u00ed pudieron disfrutar de tres estaciones en las que se ofrecieron una gran variedad de mariscos, carnes, embutidos y quesos.<\/p>\n<table>\n<tbody>\n<tr>\n<td width=\"283\"><a href=\"https:\/\/www.riu.com\/blog\/?attachment_id=16288\" target=\"_blank\" rel=\"noopener noreferrer\"><img loading=\"lazy\" decoding=\"async\" class=\"alignnone wp-image-16288 size-large\" src=\"https:\/\/www.riu.com\/blog\/wp-content\/uploads\/2019\/10\/inauguracion-riu-palace-palmeras-grancanaria-1-700x467.jpg\" alt=\"Durante la presentaci\u00f3n se ofreci\u00f3 a los invitados una lujosa comida\" width=\"700\" height=\"467\" srcset=\"https:\/\/www.riu.com\/blog\/wp-content\/uploads\/2019\/10\/inauguracion-riu-palace-palmeras-grancanaria-1-700x467.jpg 700w, https:\/\/www.riu.com\/blog\/wp-content\/uploads\/2019\/10\/inauguracion-riu-palace-palmeras-grancanaria-1-250x167.jpg 250w, https:\/\/www.riu.com\/blog\/wp-content\/uploads\/2019\/10\/inauguracion-riu-palace-palmeras-grancanaria-1-768x512.jpg 768w, https:\/\/www.riu.com\/blog\/wp-content\/uploads\/2019\/10\/inauguracion-riu-palace-palmeras-grancanaria-1-120x80.jpg 120w, https:\/\/www.riu.com\/blog\/wp-content\/uploads\/2019\/10\/inauguracion-riu-palace-palmeras-grancanaria-1.jpg 1800w\" sizes=\"auto, (max-width: 700px) 100vw, 700px\" \/><\/a><\/td>\n<td width=\"283\"><a href=\"https:\/\/www.riu.com\/blog\/wp-content\/uploads\/2019\/10\/inauguracion-riu-palace-palmeras-1.jpg\" target=\"_blank\" rel=\"noopener noreferrer\"><img loading=\"lazy\" decoding=\"async\" class=\"alignnone wp-image-16285 size-large\" src=\"https:\/\/www.riu.com\/blog\/wp-content\/uploads\/2019\/10\/inauguracion-riu-palace-palmeras-1-700x467.jpg\" alt=\"En la inauguraci\u00f3n del Riu Palce Palmeras lo invitaron degustaron ricos platos\" width=\"700\" height=\"467\" srcset=\"https:\/\/www.riu.com\/blog\/wp-content\/uploads\/2019\/10\/inauguracion-riu-palace-palmeras-1-700x467.jpg 700w, https:\/\/www.riu.com\/blog\/wp-content\/uploads\/2019\/10\/inauguracion-riu-palace-palmeras-1-250x167.jpg 250w, https:\/\/www.riu.com\/blog\/wp-content\/uploads\/2019\/10\/inauguracion-riu-palace-palmeras-1-768x512.jpg 768w, https:\/\/www.riu.com\/blog\/wp-content\/uploads\/2019\/10\/inauguracion-riu-palace-palmeras-1-120x80.jpg 120w, https:\/\/www.riu.com\/blog\/wp-content\/uploads\/2019\/10\/inauguracion-riu-palace-palmeras-1.jpg 1800w\" sizes=\"auto, (max-width: 700px) 100vw, 700px\" \/><\/a><\/td>\n<\/tr>\n<\/tbody>\n<\/table>\n<h2><strong>Las novedades m\u00e1s destacabas del hotel Riu Palace Palmeras <\/strong><\/h2>\n<p>El hotel que desde sus inicios ha tenido media pensi\u00f3n ahora ofrece al cliente el Servicio Todo Incluido 24h ya caracter\u00edstico de la cadena. Adem\u00e1s, se ha producido una fuerte ampliaci\u00f3n de la oferta gastron\u00f3mica ya que el hotel cuenta con el restaurante fusi\u00f3n Krystal y con el snack bar Pepe\u2019s Food.<\/p>\n<p>El resto de estancias tambi\u00e9n han experimentado grandes cambios. Aunque se ha mantenido el emblem\u00e1tico edificio en forma semicircular, se han retirado los antiguos bungal\u00f3s y se han sustituido por 40 nuevos cuartos ubicados en el jard\u00edn. Ahora el hotel cuenta con 274 habitaciones que presentan un aire mucho m\u00e1s sofisticado gracias a sus muebles en madera combinados con la decoraci\u00f3n en tonos azulados.<\/p>\n<p><a href=\"https:\/\/www.riu.com\/blog\/wp-content\/uploads\/2019\/10\/1zimmer-riu-palace-palmeras-1.jpg\" target=\"_blank\" rel=\"noopener noreferrer\"><img loading=\"lazy\" decoding=\"async\" class=\"alignnone wp-image-16282 size-large\" src=\"https:\/\/www.riu.com\/blog\/wp-content\/uploads\/2019\/10\/1zimmer-riu-palace-palmeras-1-700x467.jpg\" alt=\"Las nuevas estancias presentan un estilo refinado gracias a la madera y los tonos azules\" width=\"700\" height=\"467\" srcset=\"https:\/\/www.riu.com\/blog\/wp-content\/uploads\/2019\/10\/1zimmer-riu-palace-palmeras-1-700x467.jpg 700w, https:\/\/www.riu.com\/blog\/wp-content\/uploads\/2019\/10\/1zimmer-riu-palace-palmeras-1-250x167.jpg 250w, https:\/\/www.riu.com\/blog\/wp-content\/uploads\/2019\/10\/1zimmer-riu-palace-palmeras-1-768x512.jpg 768w, https:\/\/www.riu.com\/blog\/wp-content\/uploads\/2019\/10\/1zimmer-riu-palace-palmeras-1-120x80.jpg 120w, https:\/\/www.riu.com\/blog\/wp-content\/uploads\/2019\/10\/1zimmer-riu-palace-palmeras-1.jpg 1000w\" sizes=\"auto, (max-width: 700px) 100vw, 700px\" \/><\/a><\/p>\n<p>Con esta reforma se ha querido mimar a este hotel que tantas alegr\u00edas ha dado a la cadena. Como F\u00e9lix Casado dice, esperamos que siga brillando muchos m\u00e1s a\u00f1os junto a la sonrisa de los clientes que deciden pasar aqu\u00ed sus vacaciones. \u00a1El renovado Riu Palace Palmeras est\u00e1 deseando recibirte!<\/p>\n","protected":false},"excerpt":{"rendered":"El pasado 2 de octubre inauguramos con mucha emoci\u00f3n el hotel Riu Palace Palmeras que tantas alegr\u00edas le ha dado a RIU. Tras una inversi\u00f3n de 22 millones de euros el m\u00edtico hotel de la cadena presenta un aspecto totalmente renovado y dispuesto para hacer de tus vacaciones algo inolvidable. \u00a1No te lo pierdas!","protected":false},"author":3,"featured_media":16291,"comment_status":"open","ping_status":"closed","sticky":false,"template":"","format":"standard","meta":{"_acf_changed":false,"footnotes":""},"categories":[3],"tags":[],"class_list":["post-16135","post","type-post","status-publish","format-standard","has-post-thumbnail","hentry","category-hotels"],"acf":[],"yoast_head":"<!-- This site is optimized with the Yoast SEO plugin v27.2 - https:\/\/yoast.com\/product\/yoast-seo-wordpress\/ -->\n<title>La Inauguraci\u00f3n del hotel Riu Palace Palmeras | Blog RIU.com<\/title>\n<meta name=\"description\" content=\"Personalidades importantes de RIU en Canarias y los principales medios de comunicaci\u00f3n de la isla acudieron a la inauguraci\u00f3n del Riu Palace Palmeras.\" \/>\n<meta name=\"robots\" content=\"index, follow, max-snippet:-1, max-image-preview:large, max-video-preview:-1\" \/>\n<link rel=\"canonical\" href=\"https:\/\/www.riu.com\/blog\/asi-fue-la-presentacion-en-sociedad-del-hotel-riu-palace-palmeras\/\" \/>\n<meta property=\"og:locale\" content=\"es_ES\" \/>\n<meta property=\"og:type\" content=\"article\" \/>\n<meta property=\"og:title\" content=\"La Inauguraci\u00f3n del hotel Riu Palace Palmeras | Blog RIU.com\" \/>\n<meta property=\"og:description\" content=\"Personalidades importantes de RIU en Canarias y los principales medios de comunicaci\u00f3n de la isla acudieron a la inauguraci\u00f3n del Riu Palace Palmeras.\" \/>\n<meta property=\"og:url\" content=\"https:\/\/www.riu.com\/blog\/asi-fue-la-presentacion-en-sociedad-del-hotel-riu-palace-palmeras\/\" \/>\n<meta property=\"og:site_name\" content=\"RIU.com | Blog\" \/>\n<meta property=\"article:published_time\" content=\"2019-10-22T07:29:18+00:00\" \/>\n<meta property=\"article:modified_time\" content=\"2024-04-04T13:59:49+00:00\" \/>\n<meta property=\"og:image\" content=\"https:\/\/www.riu.com\/blog\/wp-content\/uploads\/2019\/10\/personalidades-inauguracion-riu-palace-palmeras-1.jpg\" \/>\n\t<meta property=\"og:image:width\" content=\"1800\" \/>\n\t<meta property=\"og:image:height\" content=\"1200\" \/>\n\t<meta property=\"og:image:type\" content=\"image\/jpeg\" \/>\n<meta name=\"author\" content=\"Riu Hotels\" \/>\n<meta name=\"twitter:card\" content=\"summary_large_image\" \/>\n<meta name=\"twitter:label1\" content=\"Escrito por\" \/>\n\t<meta name=\"twitter:data1\" content=\"Riu Hotels\" \/>\n\t<meta name=\"twitter:label2\" content=\"Tiempo de lectura\" \/>\n\t<meta name=\"twitter:data2\" content=\"3 minutos\" \/>\n<script type=\"application\/ld+json\" class=\"yoast-schema-graph\">{\"@context\":\"https:\/\/schema.org\",\"@graph\":[{\"@type\":\"NewsArticle\",\"@id\":\"https:\/\/www.riu.com\/blog\/asi-fue-la-presentacion-en-sociedad-del-hotel-riu-palace-palmeras\/#article\",\"isPartOf\":{\"@id\":\"https:\/\/www.riu.com\/blog\/asi-fue-la-presentacion-en-sociedad-del-hotel-riu-palace-palmeras\/\"},\"author\":{\"name\":\"Riu Hotels\",\"@id\":\"https:\/\/www.riu.com\/blog\/de\/#\/schema\/person\/0d2e827ad7e2aee20a09a05bdc3fb45f\"},\"headline\":\"As\u00ed fue la presentaci\u00f3n en sociedad del hotel Riu Palace Palmeras\",\"datePublished\":\"2019-10-22T07:29:18+00:00\",\"dateModified\":\"2024-04-04T13:59:49+00:00\",\"mainEntityOfPage\":{\"@id\":\"https:\/\/www.riu.com\/blog\/asi-fue-la-presentacion-en-sociedad-del-hotel-riu-palace-palmeras\/\"},\"wordCount\":642,\"commentCount\":0,\"image\":{\"@id\":\"https:\/\/www.riu.com\/blog\/asi-fue-la-presentacion-en-sociedad-del-hotel-riu-palace-palmeras\/#primaryimage\"},\"thumbnailUrl\":\"https:\/\/www.riu.com\/blog\/wp-content\/uploads\/2019\/10\/personalidades-inauguracion-riu-palace-palmeras-1.jpg\",\"articleSection\":[\"Hoteles\"],\"inLanguage\":\"es\",\"potentialAction\":[{\"@type\":\"CommentAction\",\"name\":\"Comment\",\"target\":[\"https:\/\/www.riu.com\/blog\/asi-fue-la-presentacion-en-sociedad-del-hotel-riu-palace-palmeras\/#respond\"]}]},{\"@type\":[\"WebPage\",\"ItemPage\"],\"@id\":\"https:\/\/www.riu.com\/blog\/asi-fue-la-presentacion-en-sociedad-del-hotel-riu-palace-palmeras\/\",\"url\":\"https:\/\/www.riu.com\/blog\/asi-fue-la-presentacion-en-sociedad-del-hotel-riu-palace-palmeras\/\",\"name\":\"La Inauguraci\u00f3n del hotel Riu Palace Palmeras | Blog RIU.com\",\"isPartOf\":{\"@id\":\"https:\/\/www.riu.com\/blog\/de\/#website\"},\"primaryImageOfPage\":{\"@id\":\"https:\/\/www.riu.com\/blog\/asi-fue-la-presentacion-en-sociedad-del-hotel-riu-palace-palmeras\/#primaryimage\"},\"image\":{\"@id\":\"https:\/\/www.riu.com\/blog\/asi-fue-la-presentacion-en-sociedad-del-hotel-riu-palace-palmeras\/#primaryimage\"},\"thumbnailUrl\":\"https:\/\/www.riu.com\/blog\/wp-content\/uploads\/2019\/10\/personalidades-inauguracion-riu-palace-palmeras-1.jpg\",\"datePublished\":\"2019-10-22T07:29:18+00:00\",\"dateModified\":\"2024-04-04T13:59:49+00:00\",\"author\":{\"@id\":\"https:\/\/www.riu.com\/blog\/de\/#\/schema\/person\/0d2e827ad7e2aee20a09a05bdc3fb45f\"},\"description\":\"Personalidades importantes de RIU en Canarias y los principales medios de comunicaci\u00f3n de la isla acudieron a la inauguraci\u00f3n del Riu Palace Palmeras.\",\"breadcrumb\":{\"@id\":\"https:\/\/www.riu.com\/blog\/asi-fue-la-presentacion-en-sociedad-del-hotel-riu-palace-palmeras\/#breadcrumb\"},\"inLanguage\":\"es\",\"potentialAction\":[{\"@type\":\"ReadAction\",\"target\":[\"https:\/\/www.riu.com\/blog\/asi-fue-la-presentacion-en-sociedad-del-hotel-riu-palace-palmeras\/\"]}]},{\"@type\":\"ImageObject\",\"inLanguage\":\"es\",\"@id\":\"https:\/\/www.riu.com\/blog\/asi-fue-la-presentacion-en-sociedad-del-hotel-riu-palace-palmeras\/#primaryimage\",\"url\":\"https:\/\/www.riu.com\/blog\/wp-content\/uploads\/2019\/10\/personalidades-inauguracion-riu-palace-palmeras-1.jpg\",\"contentUrl\":\"https:\/\/www.riu.com\/blog\/wp-content\/uploads\/2019\/10\/personalidades-inauguracion-riu-palace-palmeras-1.jpg\",\"width\":1800,\"height\":1200},{\"@type\":\"BreadcrumbList\",\"@id\":\"https:\/\/www.riu.com\/blog\/asi-fue-la-presentacion-en-sociedad-del-hotel-riu-palace-palmeras\/#breadcrumb\",\"itemListElement\":[{\"@type\":\"ListItem\",\"position\":1,\"name\":\"Portada\",\"item\":\"https:\/\/www.riu.com\/blog\/de\/\"},{\"@type\":\"ListItem\",\"position\":2,\"name\":\"As\u00ed fue la presentaci\u00f3n en sociedad del hotel Riu Palace Palmeras\"}]},{\"@type\":\"WebSite\",\"@id\":\"https:\/\/www.riu.com\/blog\/de\/#website\",\"url\":\"https:\/\/www.riu.com\/blog\/de\/\",\"name\":\"RIU.com | Blog\",\"description\":\"Blog de Riu Hotels &amp; Resorts | Noticias exclusivas de la cadena Riu Hotels &amp; Resorts | Hoteles en Espa\u00f1a, M\u00e9xico, Jamaica, Rep\u00fablica Dominicana, Portugal, Miami y muchos m\u00e1s.\",\"potentialAction\":[{\"@type\":\"SearchAction\",\"target\":{\"@type\":\"EntryPoint\",\"urlTemplate\":\"https:\/\/www.riu.com\/blog\/de\/?s={search_term_string}\"},\"query-input\":{\"@type\":\"PropertyValueSpecification\",\"valueRequired\":true,\"valueName\":\"search_term_string\"}}],\"inLanguage\":\"es\"},{\"@type\":\"Person\",\"@id\":\"https:\/\/www.riu.com\/blog\/de\/#\/schema\/person\/0d2e827ad7e2aee20a09a05bdc3fb45f\",\"name\":\"Riu Hotels\",\"image\":{\"@type\":\"ImageObject\",\"inLanguage\":\"es\",\"@id\":\"https:\/\/secure.gravatar.com\/avatar\/1845185f5dc0c5d7a3adb797bcd6cae1d3df26e3eead5da96b212485b274bdf3?s=96&d=mm&r=g\",\"url\":\"https:\/\/secure.gravatar.com\/avatar\/1845185f5dc0c5d7a3adb797bcd6cae1d3df26e3eead5da96b212485b274bdf3?s=96&d=mm&r=g\",\"contentUrl\":\"https:\/\/secure.gravatar.com\/avatar\/1845185f5dc0c5d7a3adb797bcd6cae1d3df26e3eead5da96b212485b274bdf3?s=96&d=mm&r=g\",\"caption\":\"Riu Hotels\"},\"url\":\"https:\/\/www.riu.com\/blog\/author\/riu\/\"}]}<\/script>\n<!-- \/ Yoast SEO plugin. -->","yoast_head_json":{"title":"La Inauguraci\u00f3n del hotel Riu Palace Palmeras | Blog RIU.com","description":"Personalidades importantes de RIU en Canarias y los principales medios de comunicaci\u00f3n de la isla acudieron a la inauguraci\u00f3n del Riu Palace Palmeras.","robots":{"index":"index","follow":"follow","max-snippet":"max-snippet:-1","max-image-preview":"max-image-preview:large","max-video-preview":"max-video-preview:-1"},"canonical":"https:\/\/www.riu.com\/blog\/asi-fue-la-presentacion-en-sociedad-del-hotel-riu-palace-palmeras\/","og_locale":"es_ES","og_type":"article","og_title":"La Inauguraci\u00f3n del hotel Riu Palace Palmeras | Blog RIU.com","og_description":"Personalidades importantes de RIU en Canarias y los principales medios de comunicaci\u00f3n de la isla acudieron a la inauguraci\u00f3n del Riu Palace Palmeras.","og_url":"https:\/\/www.riu.com\/blog\/asi-fue-la-presentacion-en-sociedad-del-hotel-riu-palace-palmeras\/","og_site_name":"RIU.com | Blog","article_published_time":"2019-10-22T07:29:18+00:00","article_modified_time":"2024-04-04T13:59:49+00:00","og_image":[{"width":1800,"height":1200,"url":"https:\/\/www.riu.com\/blog\/wp-content\/uploads\/2019\/10\/personalidades-inauguracion-riu-palace-palmeras-1.jpg","type":"image\/jpeg"}],"author":"Riu Hotels","twitter_card":"summary_large_image","twitter_misc":{"Escrito por":"Riu Hotels","Tiempo de lectura":"3 minutos"},"schema":{"@context":"https:\/\/schema.org","@graph":[{"@type":"NewsArticle","@id":"https:\/\/www.riu.com\/blog\/asi-fue-la-presentacion-en-sociedad-del-hotel-riu-palace-palmeras\/#article","isPartOf":{"@id":"https:\/\/www.riu.com\/blog\/asi-fue-la-presentacion-en-sociedad-del-hotel-riu-palace-palmeras\/"},"author":{"name":"Riu Hotels","@id":"https:\/\/www.riu.com\/blog\/de\/#\/schema\/person\/0d2e827ad7e2aee20a09a05bdc3fb45f"},"headline":"As\u00ed fue la presentaci\u00f3n en sociedad del hotel Riu Palace Palmeras","datePublished":"2019-10-22T07:29:18+00:00","dateModified":"2024-04-04T13:59:49+00:00","mainEntityOfPage":{"@id":"https:\/\/www.riu.com\/blog\/asi-fue-la-presentacion-en-sociedad-del-hotel-riu-palace-palmeras\/"},"wordCount":642,"commentCount":0,"image":{"@id":"https:\/\/www.riu.com\/blog\/asi-fue-la-presentacion-en-sociedad-del-hotel-riu-palace-palmeras\/#primaryimage"},"thumbnailUrl":"https:\/\/www.riu.com\/blog\/wp-content\/uploads\/2019\/10\/personalidades-inauguracion-riu-palace-palmeras-1.jpg","articleSection":["Hoteles"],"inLanguage":"es","potentialAction":[{"@type":"CommentAction","name":"Comment","target":["https:\/\/www.riu.com\/blog\/asi-fue-la-presentacion-en-sociedad-del-hotel-riu-palace-palmeras\/#respond"]}]},{"@type":["WebPage","ItemPage"],"@id":"https:\/\/www.riu.com\/blog\/asi-fue-la-presentacion-en-sociedad-del-hotel-riu-palace-palmeras\/","url":"https:\/\/www.riu.com\/blog\/asi-fue-la-presentacion-en-sociedad-del-hotel-riu-palace-palmeras\/","name":"La Inauguraci\u00f3n del hotel Riu Palace Palmeras | Blog RIU.com","isPartOf":{"@id":"https:\/\/www.riu.com\/blog\/de\/#website"},"primaryImageOfPage":{"@id":"https:\/\/www.riu.com\/blog\/asi-fue-la-presentacion-en-sociedad-del-hotel-riu-palace-palmeras\/#primaryimage"},"image":{"@id":"https:\/\/www.riu.com\/blog\/asi-fue-la-presentacion-en-sociedad-del-hotel-riu-palace-palmeras\/#primaryimage"},"thumbnailUrl":"https:\/\/www.riu.com\/blog\/wp-content\/uploads\/2019\/10\/personalidades-inauguracion-riu-palace-palmeras-1.jpg","datePublished":"2019-10-22T07:29:18+00:00","dateModified":"2024-04-04T13:59:49+00:00","author":{"@id":"https:\/\/www.riu.com\/blog\/de\/#\/schema\/person\/0d2e827ad7e2aee20a09a05bdc3fb45f"},"description":"Personalidades importantes de RIU en Canarias y los principales medios de comunicaci\u00f3n de la isla acudieron a la inauguraci\u00f3n del Riu Palace Palmeras.","breadcrumb":{"@id":"https:\/\/www.riu.com\/blog\/asi-fue-la-presentacion-en-sociedad-del-hotel-riu-palace-palmeras\/#breadcrumb"},"inLanguage":"es","potentialAction":[{"@type":"ReadAction","target":["https:\/\/www.riu.com\/blog\/asi-fue-la-presentacion-en-sociedad-del-hotel-riu-palace-palmeras\/"]}]},{"@type":"ImageObject","inLanguage":"es","@id":"https:\/\/www.riu.com\/blog\/asi-fue-la-presentacion-en-sociedad-del-hotel-riu-palace-palmeras\/#primaryimage","url":"https:\/\/www.riu.com\/blog\/wp-content\/uploads\/2019\/10\/personalidades-inauguracion-riu-palace-palmeras-1.jpg","contentUrl":"https:\/\/www.riu.com\/blog\/wp-content\/uploads\/2019\/10\/personalidades-inauguracion-riu-palace-palmeras-1.jpg","width":1800,"height":1200},{"@type":"BreadcrumbList","@id":"https:\/\/www.riu.com\/blog\/asi-fue-la-presentacion-en-sociedad-del-hotel-riu-palace-palmeras\/#breadcrumb","itemListElement":[{"@type":"ListItem","position":1,"name":"Portada","item":"https:\/\/www.riu.com\/blog\/de\/"},{"@type":"ListItem","position":2,"name":"As\u00ed fue la presentaci\u00f3n en sociedad del hotel Riu Palace Palmeras"}]},{"@type":"WebSite","@id":"https:\/\/www.riu.com\/blog\/de\/#website","url":"https:\/\/www.riu.com\/blog\/de\/","name":"RIU.com | Blog","description":"Blog de Riu Hotels &amp; Resorts | Noticias exclusivas de la cadena Riu Hotels &amp; Resorts | Hoteles en Espa\u00f1a, M\u00e9xico, Jamaica, Rep\u00fablica Dominicana, Portugal, Miami y muchos m\u00e1s.","potentialAction":[{"@type":"SearchAction","target":{"@type":"EntryPoint","urlTemplate":"https:\/\/www.riu.com\/blog\/de\/?s={search_term_string}"},"query-input":{"@type":"PropertyValueSpecification","valueRequired":true,"valueName":"search_term_string"}}],"inLanguage":"es"},{"@type":"Person","@id":"https:\/\/www.riu.com\/blog\/de\/#\/schema\/person\/0d2e827ad7e2aee20a09a05bdc3fb45f","name":"Riu Hotels","image":{"@type":"ImageObject","inLanguage":"es","@id":"https:\/\/secure.gravatar.com\/avatar\/1845185f5dc0c5d7a3adb797bcd6cae1d3df26e3eead5da96b212485b274bdf3?s=96&d=mm&r=g","url":"https:\/\/secure.gravatar.com\/avatar\/1845185f5dc0c5d7a3adb797bcd6cae1d3df26e3eead5da96b212485b274bdf3?s=96&d=mm&r=g","contentUrl":"https:\/\/secure.gravatar.com\/avatar\/1845185f5dc0c5d7a3adb797bcd6cae1d3df26e3eead5da96b212485b274bdf3?s=96&d=mm&r=g","caption":"Riu Hotels"},"url":"https:\/\/www.riu.com\/blog\/author\/riu\/"}]}},"_links":{"self":[{"href":"https:\/\/www.riu.com\/blog\/wp-json\/wp\/v2\/posts\/16135","targetHints":{"allow":["GET"]}}],"collection":[{"href":"https:\/\/www.riu.com\/blog\/wp-json\/wp\/v2\/posts"}],"about":[{"href":"https:\/\/www.riu.com\/blog\/wp-json\/wp\/v2\/types\/post"}],"author":[{"embeddable":true,"href":"https:\/\/www.riu.com\/blog\/wp-json\/wp\/v2\/users\/3"}],"replies":[{"embeddable":true,"href":"https:\/\/www.riu.com\/blog\/wp-json\/wp\/v2\/comments?post=16135"}],"version-history":[{"count":4,"href":"https:\/\/www.riu.com\/blog\/wp-json\/wp\/v2\/posts\/16135\/revisions"}],"predecessor-version":[{"id":16331,"href":"https:\/\/www.riu.com\/blog\/wp-json\/wp\/v2\/posts\/16135\/revisions\/16331"}],"wp:featuredmedia":[{"embeddable":true,"href":"https:\/\/www.riu.com\/blog\/wp-json\/wp\/v2\/media\/16291"}],"wp:attachment":[{"href":"https:\/\/www.riu.com\/blog\/wp-json\/wp\/v2\/media?parent=16135"}],"wp:term":[{"taxonomy":"category","embeddable":true,"href":"https:\/\/www.riu.com\/blog\/wp-json\/wp\/v2\/categories?post=16135"},{"taxonomy":"post_tag","embeddable":true,"href":"https:\/\/www.riu.com\/blog\/wp-json\/wp\/v2\/tags?post=16135"}],"curies":[{"name":"wp","href":"https:\/\/api.w.org\/{rel}","templated":true}]}}