{"id":17140,"date":"2019-12-10T11:02:15","date_gmt":"2019-12-10T10:02:15","guid":{"rendered":"https:\/\/www.riu.com\/blog\/?p=17140"},"modified":"2019-12-10T11:02:15","modified_gmt":"2019-12-10T10:02:15","slug":"riviera-maya-el-lugar-ideal-para-unas-vacaciones-con-riu","status":"publish","type":"post","link":"https:\/\/www.riu.com\/blog\/riviera-maya-el-lugar-ideal-para-unas-vacaciones-con-riu\/","title":{"rendered":"Riviera Maya: el lugar ideal para unas vacaciones con RIU"},"content":{"rendered":"<p>La Riviera Maya es uno de esos lugares que te trasmite algo especial nada m\u00e1s pisarlo. En concreto, vamos a irnos hasta la poblaci\u00f3n de <strong>Playa del Carmen<\/strong> \u00a1un aut\u00e9ntico para\u00edso! Desde RIU queremos que lo disfrutes al m\u00e1ximo, por eso, te vamos a contar los secretos para vivir una aut\u00e9ntica experiencia en este lugar \u00fanico.<\/p>\n<p><a href=\"https:\/\/www.riu.com\/blog\/wp-content\/uploads\/2019\/12\/playa-carmen-riu.jpg\" target=\"_blank\" rel=\"noopener noreferrer\"><img loading=\"lazy\" decoding=\"async\" class=\"alignnone wp-image-17147 size-large\" src=\"https:\/\/www.riu.com\/blog\/wp-content\/uploads\/2019\/12\/playa-carmen-riu-700x467.jpg\" alt=\"Descubre los secretos de Playa del Carmen con RIU\" width=\"700\" height=\"467\" srcset=\"https:\/\/www.riu.com\/blog\/wp-content\/uploads\/2019\/12\/playa-carmen-riu-700x467.jpg 700w, https:\/\/www.riu.com\/blog\/wp-content\/uploads\/2019\/12\/playa-carmen-riu-250x167.jpg 250w, https:\/\/www.riu.com\/blog\/wp-content\/uploads\/2019\/12\/playa-carmen-riu-768x512.jpg 768w, https:\/\/www.riu.com\/blog\/wp-content\/uploads\/2019\/12\/playa-carmen-riu-120x80.jpg 120w, https:\/\/www.riu.com\/blog\/wp-content\/uploads\/2019\/12\/playa-carmen-riu.jpg 1254w\" sizes=\"auto, (max-width: 700px) 100vw, 700px\" \/><\/a><\/p>\n<ol>\n<li><strong>El Mar Caribe de fondo<\/strong><\/li>\n<\/ol>\n<p>Es innegable que uno de los h\u00e1ndicaps de este lugar es el Mar Caribe del que podr\u00e1s disfrutar todo el tiempo que quieras. Nuestro consejo, es que te sientes sobre la arena blanca de la playa, mires al horizonte y contemples la espectacular puesta de sol que se presentar\u00e1 frente a ti. Si eres madrugador, haz lo mismo y vive el amanecer de Riviera Maya \u00a1es todo un lujo!<\/p>\n<p><a href=\"https:\/\/www.riu.com\/blog\/wp-content\/uploads\/2019\/12\/puesta-sol-riu.jpg\" target=\"_blank\" rel=\"noopener noreferrer\"><img loading=\"lazy\" decoding=\"async\" class=\"alignnone wp-image-17150 size-large\" src=\"https:\/\/www.riu.com\/blog\/wp-content\/uploads\/2019\/12\/puesta-sol-riu-700x457.jpg\" alt=\"Disfruta del amanecer en Playa del Carmen con RIU\" width=\"700\" height=\"457\" srcset=\"https:\/\/www.riu.com\/blog\/wp-content\/uploads\/2019\/12\/puesta-sol-riu-700x457.jpg 700w, https:\/\/www.riu.com\/blog\/wp-content\/uploads\/2019\/12\/puesta-sol-riu-250x163.jpg 250w, https:\/\/www.riu.com\/blog\/wp-content\/uploads\/2019\/12\/puesta-sol-riu-768x501.jpg 768w, https:\/\/www.riu.com\/blog\/wp-content\/uploads\/2019\/12\/puesta-sol-riu-120x78.jpg 120w, https:\/\/www.riu.com\/blog\/wp-content\/uploads\/2019\/12\/puesta-sol-riu.jpg 1268w\" sizes=\"auto, (max-width: 700px) 100vw, 700px\" \/><\/a><\/p>\n<p>Bien es cierto que en esta zona no todo son playas, y es que, otro de nuestros consejos te escapes al anochecer y vayas a caminar por la <strong>Quinta Avenida de Playa del Carmen<\/strong>. Este lugar, es considerado por muchos como el coraz\u00f3n de la ciudad y uno de los recorridos obligatorios. \u00bfPor qu\u00e9? En esta calle peatonal, cercana a la playa, encontrar\u00e1s restaurantes, spas, tiendas, caf\u00e9s y muchos m\u00e1s para pasar un divertido d\u00eda de ocio.<\/p>\n<p><a href=\"https:\/\/www.riu.com\/blog\/wp-content\/uploads\/2019\/12\/quinta-avenida-playa-carmen.jpg\" target=\"_blank\" rel=\"noopener noreferrer\"><img loading=\"lazy\" decoding=\"async\" class=\"alignnone wp-image-17156 size-large\" src=\"https:\/\/www.riu.com\/blog\/wp-content\/uploads\/2019\/12\/quinta-avenida-playa-carmen-700x467.jpg\" alt=\"\" width=\"700\" height=\"467\" srcset=\"https:\/\/www.riu.com\/blog\/wp-content\/uploads\/2019\/12\/quinta-avenida-playa-carmen-700x467.jpg 700w, https:\/\/www.riu.com\/blog\/wp-content\/uploads\/2019\/12\/quinta-avenida-playa-carmen-250x167.jpg 250w, https:\/\/www.riu.com\/blog\/wp-content\/uploads\/2019\/12\/quinta-avenida-playa-carmen-768x512.jpg 768w, https:\/\/www.riu.com\/blog\/wp-content\/uploads\/2019\/12\/quinta-avenida-playa-carmen-120x80.jpg 120w\" sizes=\"auto, (max-width: 700px) 100vw, 700px\" \/><\/a><\/p>\n<ol start=\"2\">\n<li><strong>Su incre\u00edble Navidad<\/strong><\/li>\n<\/ol>\n<p>Como la \u00e9poca navide\u00f1a se acerca, queremos ense\u00f1arte c\u00f3mo se vive la Navidad en este destino por si decides hacer un plan diferente este a\u00f1o. Si quieres vivirla como un aut\u00e9ntico playense tienes que visitar de noche el famoso <strong>Andador de Soldaridad<\/strong> ubicado en una plaza que cada a\u00f1o por estas fechas est\u00e1 presidida por un gran \u00e1rbol y una bonita decoraci\u00f3n. Lo mejor es que viene Santa Claus a ver a los m\u00e1s peque\u00f1os y si quieres puedes regalar juguetes a los ni\u00f1os m\u00e1s desfavorecidos.<\/p>\n<p><img loading=\"lazy\" decoding=\"async\" class=\"alignnone wp-image-17166\" src=\"https:\/\/www.riu.com\/blog\/wp-content\/uploads\/2019\/12\/arbol-andador-soldaridad-riu-1.jpg\" alt=\"Visita el \u00e1rbol de navidad de Andador de Solidaridad\" width=\"705\" height=\"425\" srcset=\"https:\/\/www.riu.com\/blog\/wp-content\/uploads\/2019\/12\/arbol-andador-soldaridad-riu-1.jpg 605w, https:\/\/www.riu.com\/blog\/wp-content\/uploads\/2019\/12\/arbol-andador-soldaridad-riu-1-250x151.jpg 250w, https:\/\/www.riu.com\/blog\/wp-content\/uploads\/2019\/12\/arbol-andador-soldaridad-riu-1-120x72.jpg 120w\" sizes=\"auto, (max-width: 705px) 100vw, 705px\" \/><\/p>\n<p>Aunque por el clima la nieve en esta zona es inexistente, desde RIU te proponemos que hagas tu propio mu\u00f1eco de nieve con la arena caribe\u00f1a \u00a1de lo m\u00e1s original!<\/p>\n<p><a href=\"https:\/\/www.riu.com\/blog\/wp-content\/uploads\/2019\/12\/mu\u00f1eco-arena-navidad-riu-1.jpg\" target=\"_blank\" rel=\"noopener noreferrer\"><img loading=\"lazy\" decoding=\"async\" class=\"alignnone wp-image-17163 size-large\" src=\"https:\/\/www.riu.com\/blog\/wp-content\/uploads\/2019\/12\/mu\u00f1eco-arena-navidad-riu-1-700x464.jpg\" alt=\"Haz tu mu\u00f1eco de arena con RIU para Navidad\" width=\"700\" height=\"464\" srcset=\"https:\/\/www.riu.com\/blog\/wp-content\/uploads\/2019\/12\/mu\u00f1eco-arena-navidad-riu-1-700x464.jpg 700w, https:\/\/www.riu.com\/blog\/wp-content\/uploads\/2019\/12\/mu\u00f1eco-arena-navidad-riu-1-250x166.jpg 250w, https:\/\/www.riu.com\/blog\/wp-content\/uploads\/2019\/12\/mu\u00f1eco-arena-navidad-riu-1-768x509.jpg 768w, https:\/\/www.riu.com\/blog\/wp-content\/uploads\/2019\/12\/mu\u00f1eco-arena-navidad-riu-1-120x79.jpg 120w, https:\/\/www.riu.com\/blog\/wp-content\/uploads\/2019\/12\/mu\u00f1eco-arena-navidad-riu-1.jpg 927w\" sizes=\"auto, (max-width: 700px) 100vw, 700px\" \/><\/a><\/p>\n<p>Sin duda, en cada destino la Navidad es especial si elijes <strong>Riviera Maya<\/strong> como lugar donde pasar estas fechas especiales junto a tu familia ven al reci\u00e9n renovado <a href=\"https:\/\/www.riu.com\/es\/hotel\/mexico\/playa-del-carmen\/hotel-riu-palace-riviera-maya\/index.jsp\" target=\"_blank\" rel=\"noopener noreferrer\"><strong>Riu Palace Riviera Maya<\/strong><\/a> \u00a1a\u00fan est\u00e1s a tiempo de reservar! Adem\u00e1s, tambi\u00e9n puedes tomarte las uvas con nosotros en la incre\u00edble cena de gala celebrada en el hotel. Si lo deseas, luego puedes acercarte a la Quinta Avenida de Playa del Carmen y contemplar el maravilloso juego de colores producido por los fuegos artificiales que se lanzan para despedir el 2019 \u00a1un aut\u00e9ntico espect\u00e1culo!<\/p>\n<ol start=\"3\">\n<li><strong>Una arquitectura reconocida en todo el mundo<\/strong><\/li>\n<\/ol>\n<p>Si vas a <strong>Playa del Carmen<\/strong>, una de las visitas obligadas es hacer una excursi\u00f3n a las zonas arqueol\u00f3gicas Mayas cuyo encanto te dejar\u00e1 maravillado. Por ejemplo, las zonas de Tulum o Chicen Itz\u00e1, ambas declaradas patrimonio de la humanidad por la UNESCO. Adem\u00e1s, la segunda es considerada, desde el a\u00f1o 2007, una de las \u00a1siete maravillas del mundo moderno!<\/p>\n<p><a href=\"https:\/\/www.riu.com\/blog\/wp-content\/uploads\/2019\/12\/ruinas-mayas-riu-rivieramaya.jpg\" target=\"_blank\" rel=\"noopener noreferrer\"><img loading=\"lazy\" decoding=\"async\" class=\"alignnone wp-image-17159 size-large\" src=\"https:\/\/www.riu.com\/blog\/wp-content\/uploads\/2019\/12\/ruinas-mayas-riu-rivieramaya-700x445.jpg\" alt=\"Haz una excursi\u00f3n a las ruinas Mayas con RIU\" width=\"700\" height=\"445\" srcset=\"https:\/\/www.riu.com\/blog\/wp-content\/uploads\/2019\/12\/ruinas-mayas-riu-rivieramaya-700x445.jpg 700w, https:\/\/www.riu.com\/blog\/wp-content\/uploads\/2019\/12\/ruinas-mayas-riu-rivieramaya-250x159.jpg 250w, https:\/\/www.riu.com\/blog\/wp-content\/uploads\/2019\/12\/ruinas-mayas-riu-rivieramaya-768x488.jpg 768w, https:\/\/www.riu.com\/blog\/wp-content\/uploads\/2019\/12\/ruinas-mayas-riu-rivieramaya-120x76.jpg 120w, https:\/\/www.riu.com\/blog\/wp-content\/uploads\/2019\/12\/ruinas-mayas-riu-rivieramaya.jpg 1284w\" sizes=\"auto, (max-width: 700px) 100vw, 700px\" \/><\/a><\/p>\n<p>Haznos caso y d\u00e9jate sorprender por estas obras de arte de la historia Mexicana.<\/p>\n<p>Aunque nosotros hemos destacado tres puntos principales, el destino tiene mucho por ofrecerte, como practicar snorkel en la <strong>Isla de Cozumel<\/strong>, descubrir playas, parques naturales y \u00a1su incre\u00edble naturaleza! Sea por Navidad o por otro motivo RIU te espera en la <strong>Riviera Maya<\/strong> \u00a1no te lo pienses m\u00e1s!<\/p>\n","protected":false},"excerpt":{"rendered":"En RIU siempre nos gusta darte recomendaciones para que cuando viajes a un destino \u00a1no te pierdas nada!. Esta vez te descubrimos la mejor forma de disfrutar de Playa del Carmen en Riviera Maya. Adem\u00e1s, si todav\u00eda no tienes plan para Navidad y quieres hacer algo diferente, te contamos qu\u00e9 se hace para esta \u00e9poca \u00a1en este para\u00edso!","protected":false},"author":3,"featured_media":17150,"comment_status":"open","ping_status":"closed","sticky":false,"template":"","format":"standard","meta":{"_acf_changed":false,"footnotes":""},"categories":[42],"tags":[],"class_list":["post-17140","post","type-post","status-publish","format-standard","has-post-thumbnail","hentry","category-destino"],"acf":[],"yoast_head":"<!-- This site is optimized with the Yoast SEO plugin v27.2 - https:\/\/yoast.com\/product\/yoast-seo-wordpress\/ -->\n<title>Riviera Maya: el lugar ideal para unas vacaciones con RIU | Blog RIU.com<\/title>\n<meta name=\"description\" content=\"RIU te descubre algunas curiosidades de Riviera Maya para que vivas una experiencia \u00fanica cuando visites este paradis\u00edaco destino.\" \/>\n<meta name=\"robots\" content=\"index, follow, max-snippet:-1, max-image-preview:large, max-video-preview:-1\" \/>\n<link rel=\"canonical\" href=\"https:\/\/www.riu.com\/blog\/riviera-maya-el-lugar-ideal-para-unas-vacaciones-con-riu\/\" \/>\n<meta property=\"og:locale\" content=\"es_ES\" \/>\n<meta property=\"og:type\" content=\"article\" \/>\n<meta property=\"og:title\" content=\"Riviera Maya: el lugar ideal para unas vacaciones con RIU | Blog RIU.com\" \/>\n<meta property=\"og:description\" content=\"RIU te descubre algunas curiosidades de Riviera Maya para que vivas una experiencia \u00fanica cuando visites este paradis\u00edaco destino.\" \/>\n<meta property=\"og:url\" content=\"https:\/\/www.riu.com\/blog\/riviera-maya-el-lugar-ideal-para-unas-vacaciones-con-riu\/\" \/>\n<meta property=\"og:site_name\" content=\"RIU.com | Blog\" \/>\n<meta property=\"article:published_time\" content=\"2019-12-10T10:02:15+00:00\" \/>\n<meta property=\"og:image\" content=\"https:\/\/www.riu.com\/blog\/wp-content\/uploads\/2019\/12\/puesta-sol-riu.jpg\" \/>\n\t<meta property=\"og:image:width\" content=\"1268\" \/>\n\t<meta property=\"og:image:height\" content=\"827\" \/>\n\t<meta property=\"og:image:type\" content=\"image\/jpeg\" \/>\n<meta name=\"author\" content=\"Riu Hotels\" \/>\n<meta name=\"twitter:card\" content=\"summary_large_image\" \/>\n<meta name=\"twitter:label1\" content=\"Escrito por\" \/>\n\t<meta name=\"twitter:data1\" content=\"Riu Hotels\" \/>\n\t<meta name=\"twitter:label2\" content=\"Tiempo de lectura\" \/>\n\t<meta name=\"twitter:data2\" content=\"3 minutos\" \/>\n<script type=\"application\/ld+json\" class=\"yoast-schema-graph\">{\"@context\":\"https:\/\/schema.org\",\"@graph\":[{\"@type\":\"NewsArticle\",\"@id\":\"https:\/\/www.riu.com\/blog\/riviera-maya-el-lugar-ideal-para-unas-vacaciones-con-riu\/#article\",\"isPartOf\":{\"@id\":\"https:\/\/www.riu.com\/blog\/riviera-maya-el-lugar-ideal-para-unas-vacaciones-con-riu\/\"},\"author\":{\"name\":\"Riu Hotels\",\"@id\":\"https:\/\/www.riu.com\/blog\/de\/#\/schema\/person\/0d2e827ad7e2aee20a09a05bdc3fb45f\"},\"headline\":\"Riviera Maya: el lugar ideal para unas vacaciones con RIU\",\"datePublished\":\"2019-12-10T10:02:15+00:00\",\"mainEntityOfPage\":{\"@id\":\"https:\/\/www.riu.com\/blog\/riviera-maya-el-lugar-ideal-para-unas-vacaciones-con-riu\/\"},\"wordCount\":598,\"commentCount\":0,\"image\":{\"@id\":\"https:\/\/www.riu.com\/blog\/riviera-maya-el-lugar-ideal-para-unas-vacaciones-con-riu\/#primaryimage\"},\"thumbnailUrl\":\"https:\/\/www.riu.com\/blog\/wp-content\/uploads\/2019\/12\/puesta-sol-riu.jpg\",\"articleSection\":[\"Destino\"],\"inLanguage\":\"es\",\"potentialAction\":[{\"@type\":\"CommentAction\",\"name\":\"Comment\",\"target\":[\"https:\/\/www.riu.com\/blog\/riviera-maya-el-lugar-ideal-para-unas-vacaciones-con-riu\/#respond\"]}]},{\"@type\":[\"WebPage\",\"ItemPage\"],\"@id\":\"https:\/\/www.riu.com\/blog\/riviera-maya-el-lugar-ideal-para-unas-vacaciones-con-riu\/\",\"url\":\"https:\/\/www.riu.com\/blog\/riviera-maya-el-lugar-ideal-para-unas-vacaciones-con-riu\/\",\"name\":\"Riviera Maya: el lugar ideal para unas vacaciones con RIU | Blog RIU.com\",\"isPartOf\":{\"@id\":\"https:\/\/www.riu.com\/blog\/de\/#website\"},\"primaryImageOfPage\":{\"@id\":\"https:\/\/www.riu.com\/blog\/riviera-maya-el-lugar-ideal-para-unas-vacaciones-con-riu\/#primaryimage\"},\"image\":{\"@id\":\"https:\/\/www.riu.com\/blog\/riviera-maya-el-lugar-ideal-para-unas-vacaciones-con-riu\/#primaryimage\"},\"thumbnailUrl\":\"https:\/\/www.riu.com\/blog\/wp-content\/uploads\/2019\/12\/puesta-sol-riu.jpg\",\"datePublished\":\"2019-12-10T10:02:15+00:00\",\"author\":{\"@id\":\"https:\/\/www.riu.com\/blog\/de\/#\/schema\/person\/0d2e827ad7e2aee20a09a05bdc3fb45f\"},\"description\":\"RIU te descubre algunas curiosidades de Riviera Maya para que vivas una experiencia \u00fanica cuando visites este paradis\u00edaco destino.\",\"breadcrumb\":{\"@id\":\"https:\/\/www.riu.com\/blog\/riviera-maya-el-lugar-ideal-para-unas-vacaciones-con-riu\/#breadcrumb\"},\"inLanguage\":\"es\",\"potentialAction\":[{\"@type\":\"ReadAction\",\"target\":[\"https:\/\/www.riu.com\/blog\/riviera-maya-el-lugar-ideal-para-unas-vacaciones-con-riu\/\"]}]},{\"@type\":\"ImageObject\",\"inLanguage\":\"es\",\"@id\":\"https:\/\/www.riu.com\/blog\/riviera-maya-el-lugar-ideal-para-unas-vacaciones-con-riu\/#primaryimage\",\"url\":\"https:\/\/www.riu.com\/blog\/wp-content\/uploads\/2019\/12\/puesta-sol-riu.jpg\",\"contentUrl\":\"https:\/\/www.riu.com\/blog\/wp-content\/uploads\/2019\/12\/puesta-sol-riu.jpg\",\"width\":1268,\"height\":827,\"caption\":\"A lonesome palm tree on the beach of Tulum at sunrise, Quintana Too, Yucatan Peninsula, Mexico.\"},{\"@type\":\"BreadcrumbList\",\"@id\":\"https:\/\/www.riu.com\/blog\/riviera-maya-el-lugar-ideal-para-unas-vacaciones-con-riu\/#breadcrumb\",\"itemListElement\":[{\"@type\":\"ListItem\",\"position\":1,\"name\":\"Portada\",\"item\":\"https:\/\/www.riu.com\/blog\/de\/\"},{\"@type\":\"ListItem\",\"position\":2,\"name\":\"Riviera Maya: el lugar ideal para unas vacaciones con RIU\"}]},{\"@type\":\"WebSite\",\"@id\":\"https:\/\/www.riu.com\/blog\/de\/#website\",\"url\":\"https:\/\/www.riu.com\/blog\/de\/\",\"name\":\"RIU.com | Blog\",\"description\":\"Blog de Riu Hotels &amp; Resorts | Noticias exclusivas de la cadena Riu Hotels &amp; Resorts | Hoteles en Espa\u00f1a, M\u00e9xico, Jamaica, Rep\u00fablica Dominicana, Portugal, Miami y muchos m\u00e1s.\",\"potentialAction\":[{\"@type\":\"SearchAction\",\"target\":{\"@type\":\"EntryPoint\",\"urlTemplate\":\"https:\/\/www.riu.com\/blog\/de\/?s={search_term_string}\"},\"query-input\":{\"@type\":\"PropertyValueSpecification\",\"valueRequired\":true,\"valueName\":\"search_term_string\"}}],\"inLanguage\":\"es\"},{\"@type\":\"Person\",\"@id\":\"https:\/\/www.riu.com\/blog\/de\/#\/schema\/person\/0d2e827ad7e2aee20a09a05bdc3fb45f\",\"name\":\"Riu Hotels\",\"image\":{\"@type\":\"ImageObject\",\"inLanguage\":\"es\",\"@id\":\"https:\/\/secure.gravatar.com\/avatar\/1845185f5dc0c5d7a3adb797bcd6cae1d3df26e3eead5da96b212485b274bdf3?s=96&d=mm&r=g\",\"url\":\"https:\/\/secure.gravatar.com\/avatar\/1845185f5dc0c5d7a3adb797bcd6cae1d3df26e3eead5da96b212485b274bdf3?s=96&d=mm&r=g\",\"contentUrl\":\"https:\/\/secure.gravatar.com\/avatar\/1845185f5dc0c5d7a3adb797bcd6cae1d3df26e3eead5da96b212485b274bdf3?s=96&d=mm&r=g\",\"caption\":\"Riu Hotels\"},\"url\":\"https:\/\/www.riu.com\/blog\/author\/riu\/\"}]}<\/script>\n<!-- \/ Yoast SEO plugin. -->","yoast_head_json":{"title":"Riviera Maya: el lugar ideal para unas vacaciones con RIU | Blog RIU.com","description":"RIU te descubre algunas curiosidades de Riviera Maya para que vivas una experiencia \u00fanica cuando visites este paradis\u00edaco destino.","robots":{"index":"index","follow":"follow","max-snippet":"max-snippet:-1","max-image-preview":"max-image-preview:large","max-video-preview":"max-video-preview:-1"},"canonical":"https:\/\/www.riu.com\/blog\/riviera-maya-el-lugar-ideal-para-unas-vacaciones-con-riu\/","og_locale":"es_ES","og_type":"article","og_title":"Riviera Maya: el lugar ideal para unas vacaciones con RIU | Blog RIU.com","og_description":"RIU te descubre algunas curiosidades de Riviera Maya para que vivas una experiencia \u00fanica cuando visites este paradis\u00edaco destino.","og_url":"https:\/\/www.riu.com\/blog\/riviera-maya-el-lugar-ideal-para-unas-vacaciones-con-riu\/","og_site_name":"RIU.com | Blog","article_published_time":"2019-12-10T10:02:15+00:00","og_image":[{"width":1268,"height":827,"url":"https:\/\/www.riu.com\/blog\/wp-content\/uploads\/2019\/12\/puesta-sol-riu.jpg","type":"image\/jpeg"}],"author":"Riu Hotels","twitter_card":"summary_large_image","twitter_misc":{"Escrito por":"Riu Hotels","Tiempo de lectura":"3 minutos"},"schema":{"@context":"https:\/\/schema.org","@graph":[{"@type":"NewsArticle","@id":"https:\/\/www.riu.com\/blog\/riviera-maya-el-lugar-ideal-para-unas-vacaciones-con-riu\/#article","isPartOf":{"@id":"https:\/\/www.riu.com\/blog\/riviera-maya-el-lugar-ideal-para-unas-vacaciones-con-riu\/"},"author":{"name":"Riu Hotels","@id":"https:\/\/www.riu.com\/blog\/de\/#\/schema\/person\/0d2e827ad7e2aee20a09a05bdc3fb45f"},"headline":"Riviera Maya: el lugar ideal para unas vacaciones con RIU","datePublished":"2019-12-10T10:02:15+00:00","mainEntityOfPage":{"@id":"https:\/\/www.riu.com\/blog\/riviera-maya-el-lugar-ideal-para-unas-vacaciones-con-riu\/"},"wordCount":598,"commentCount":0,"image":{"@id":"https:\/\/www.riu.com\/blog\/riviera-maya-el-lugar-ideal-para-unas-vacaciones-con-riu\/#primaryimage"},"thumbnailUrl":"https:\/\/www.riu.com\/blog\/wp-content\/uploads\/2019\/12\/puesta-sol-riu.jpg","articleSection":["Destino"],"inLanguage":"es","potentialAction":[{"@type":"CommentAction","name":"Comment","target":["https:\/\/www.riu.com\/blog\/riviera-maya-el-lugar-ideal-para-unas-vacaciones-con-riu\/#respond"]}]},{"@type":["WebPage","ItemPage"],"@id":"https:\/\/www.riu.com\/blog\/riviera-maya-el-lugar-ideal-para-unas-vacaciones-con-riu\/","url":"https:\/\/www.riu.com\/blog\/riviera-maya-el-lugar-ideal-para-unas-vacaciones-con-riu\/","name":"Riviera Maya: el lugar ideal para unas vacaciones con RIU | Blog RIU.com","isPartOf":{"@id":"https:\/\/www.riu.com\/blog\/de\/#website"},"primaryImageOfPage":{"@id":"https:\/\/www.riu.com\/blog\/riviera-maya-el-lugar-ideal-para-unas-vacaciones-con-riu\/#primaryimage"},"image":{"@id":"https:\/\/www.riu.com\/blog\/riviera-maya-el-lugar-ideal-para-unas-vacaciones-con-riu\/#primaryimage"},"thumbnailUrl":"https:\/\/www.riu.com\/blog\/wp-content\/uploads\/2019\/12\/puesta-sol-riu.jpg","datePublished":"2019-12-10T10:02:15+00:00","author":{"@id":"https:\/\/www.riu.com\/blog\/de\/#\/schema\/person\/0d2e827ad7e2aee20a09a05bdc3fb45f"},"description":"RIU te descubre algunas curiosidades de Riviera Maya para que vivas una experiencia \u00fanica cuando visites este paradis\u00edaco destino.","breadcrumb":{"@id":"https:\/\/www.riu.com\/blog\/riviera-maya-el-lugar-ideal-para-unas-vacaciones-con-riu\/#breadcrumb"},"inLanguage":"es","potentialAction":[{"@type":"ReadAction","target":["https:\/\/www.riu.com\/blog\/riviera-maya-el-lugar-ideal-para-unas-vacaciones-con-riu\/"]}]},{"@type":"ImageObject","inLanguage":"es","@id":"https:\/\/www.riu.com\/blog\/riviera-maya-el-lugar-ideal-para-unas-vacaciones-con-riu\/#primaryimage","url":"https:\/\/www.riu.com\/blog\/wp-content\/uploads\/2019\/12\/puesta-sol-riu.jpg","contentUrl":"https:\/\/www.riu.com\/blog\/wp-content\/uploads\/2019\/12\/puesta-sol-riu.jpg","width":1268,"height":827,"caption":"A lonesome palm tree on the beach of Tulum at sunrise, Quintana Too, Yucatan Peninsula, Mexico."},{"@type":"BreadcrumbList","@id":"https:\/\/www.riu.com\/blog\/riviera-maya-el-lugar-ideal-para-unas-vacaciones-con-riu\/#breadcrumb","itemListElement":[{"@type":"ListItem","position":1,"name":"Portada","item":"https:\/\/www.riu.com\/blog\/de\/"},{"@type":"ListItem","position":2,"name":"Riviera Maya: el lugar ideal para unas vacaciones con RIU"}]},{"@type":"WebSite","@id":"https:\/\/www.riu.com\/blog\/de\/#website","url":"https:\/\/www.riu.com\/blog\/de\/","name":"RIU.com | Blog","description":"Blog de Riu Hotels &amp; Resorts | Noticias exclusivas de la cadena Riu Hotels &amp; Resorts | Hoteles en Espa\u00f1a, M\u00e9xico, Jamaica, Rep\u00fablica Dominicana, Portugal, Miami y muchos m\u00e1s.","potentialAction":[{"@type":"SearchAction","target":{"@type":"EntryPoint","urlTemplate":"https:\/\/www.riu.com\/blog\/de\/?s={search_term_string}"},"query-input":{"@type":"PropertyValueSpecification","valueRequired":true,"valueName":"search_term_string"}}],"inLanguage":"es"},{"@type":"Person","@id":"https:\/\/www.riu.com\/blog\/de\/#\/schema\/person\/0d2e827ad7e2aee20a09a05bdc3fb45f","name":"Riu Hotels","image":{"@type":"ImageObject","inLanguage":"es","@id":"https:\/\/secure.gravatar.com\/avatar\/1845185f5dc0c5d7a3adb797bcd6cae1d3df26e3eead5da96b212485b274bdf3?s=96&d=mm&r=g","url":"https:\/\/secure.gravatar.com\/avatar\/1845185f5dc0c5d7a3adb797bcd6cae1d3df26e3eead5da96b212485b274bdf3?s=96&d=mm&r=g","contentUrl":"https:\/\/secure.gravatar.com\/avatar\/1845185f5dc0c5d7a3adb797bcd6cae1d3df26e3eead5da96b212485b274bdf3?s=96&d=mm&r=g","caption":"Riu Hotels"},"url":"https:\/\/www.riu.com\/blog\/author\/riu\/"}]}},"_links":{"self":[{"href":"https:\/\/www.riu.com\/blog\/wp-json\/wp\/v2\/posts\/17140","targetHints":{"allow":["GET"]}}],"collection":[{"href":"https:\/\/www.riu.com\/blog\/wp-json\/wp\/v2\/posts"}],"about":[{"href":"https:\/\/www.riu.com\/blog\/wp-json\/wp\/v2\/types\/post"}],"author":[{"embeddable":true,"href":"https:\/\/www.riu.com\/blog\/wp-json\/wp\/v2\/users\/3"}],"replies":[{"embeddable":true,"href":"https:\/\/www.riu.com\/blog\/wp-json\/wp\/v2\/comments?post=17140"}],"version-history":[{"count":5,"href":"https:\/\/www.riu.com\/blog\/wp-json\/wp\/v2\/posts\/17140\/revisions"}],"predecessor-version":[{"id":17215,"href":"https:\/\/www.riu.com\/blog\/wp-json\/wp\/v2\/posts\/17140\/revisions\/17215"}],"wp:featuredmedia":[{"embeddable":true,"href":"https:\/\/www.riu.com\/blog\/wp-json\/wp\/v2\/media\/17150"}],"wp:attachment":[{"href":"https:\/\/www.riu.com\/blog\/wp-json\/wp\/v2\/media?parent=17140"}],"wp:term":[{"taxonomy":"category","embeddable":true,"href":"https:\/\/www.riu.com\/blog\/wp-json\/wp\/v2\/categories?post=17140"},{"taxonomy":"post_tag","embeddable":true,"href":"https:\/\/www.riu.com\/blog\/wp-json\/wp\/v2\/tags?post=17140"}],"curies":[{"name":"wp","href":"https:\/\/api.w.org\/{rel}","templated":true}]}}