{"id":18298,"date":"2020-02-12T16:37:52","date_gmt":"2020-02-12T15:37:52","guid":{"rendered":"https:\/\/www.riu.com\/blog\/?p=18298"},"modified":"2024-04-04T15:59:47","modified_gmt":"2024-04-04T13:59:47","slug":"vive-el-carnaval-2020-en-riu","status":"publish","type":"post","link":"https:\/\/www.riu.com\/blog\/vive-el-carnaval-2020-en-riu\/","title":{"rendered":"Vive el Carnaval 2020 en RIU"},"content":{"rendered":"<p>Llega una de las fechas m\u00e1s esperadas por aquellos amantes del disfraz: el Carnaval. Es una festividad en la que la alegr\u00eda, la m\u00fasica y los bailes invaden las calles de muchos destinos. Como no pod\u00eda ser de otra manera, RIU est\u00e1 presente en varios lugares donde esta celebraci\u00f3n cobra un papel especialmente importante \u00bfquieres descubrir d\u00f3nde?<\/p>\n<p><img loading=\"lazy\" decoding=\"async\" class=\"alignnone wp-image-18354 size-full\" src=\"https:\/\/www.riu.com\/blog\/wp-content\/uploads\/2020\/02\/carnaval-riu.jpg\" alt=\"Celebra el Carnaval 2020 con RIU\" width=\"724\" height=\"483\" srcset=\"https:\/\/www.riu.com\/blog\/wp-content\/uploads\/2020\/02\/carnaval-riu.jpg 724w, https:\/\/www.riu.com\/blog\/wp-content\/uploads\/2020\/02\/carnaval-riu-250x167.jpg 250w, https:\/\/www.riu.com\/blog\/wp-content\/uploads\/2020\/02\/carnaval-riu-700x467.jpg 700w, https:\/\/www.riu.com\/blog\/wp-content\/uploads\/2020\/02\/carnaval-riu-120x80.jpg 120w\" sizes=\"auto, (max-width: 724px) 100vw, 724px\" \/><\/p>\n<h2><strong>Cinco lugares donde pasar el Carnaval con RIU <\/strong><\/h2>\n<h3><strong>1.\u00a0\u00a0\u00a0 <\/strong><strong>Las Palmas de Gran Canaria: 7 de febrero al 1 de marzo <\/strong><\/h3>\n<p>En <strong>Las Palmas de Gran Canaria<\/strong> tienen esta festividad como una de las m\u00e1s importantes del a\u00f1o \u00a1es todo un fen\u00f3meno popular! Los conciertos, comparsas y cabalgatas llenan las calles durante estos d\u00edas, pero, sin duda, uno de los momentos m\u00e1s importantes y que m\u00e1s repercusi\u00f3n tiene es <strong>la Gala de la Reina<\/strong>. Se trata de un concurso en el que cada candidata luce un espectacular disfraz detr\u00e1s del cual hay un gran trabajo a lo largo de todo el a\u00f1o.\u00a0 \u00a1Un gran orgullo para los grancanarios!<\/p>\n<p><img loading=\"lazy\" decoding=\"async\" class=\"alignnone wp-image-18348 size-full\" src=\"https:\/\/www.riu.com\/blog\/wp-content\/uploads\/2020\/02\/carnaval-islas-canarias.jpg\" alt=\"Vive de la mano de RIU el Carnaval Internacional de Maspalomas\" width=\"735\" height=\"476\" srcset=\"https:\/\/www.riu.com\/blog\/wp-content\/uploads\/2020\/02\/carnaval-islas-canarias.jpg 735w, https:\/\/www.riu.com\/blog\/wp-content\/uploads\/2020\/02\/carnaval-islas-canarias-250x162.jpg 250w, https:\/\/www.riu.com\/blog\/wp-content\/uploads\/2020\/02\/carnaval-islas-canarias-700x453.jpg 700w, https:\/\/www.riu.com\/blog\/wp-content\/uploads\/2020\/02\/carnaval-islas-canarias-120x78.jpg 120w\" sizes=\"auto, (max-width: 735px) 100vw, 735px\" \/><\/p>\n<p>Adem\u00e1s, el 5 de marzo da comienzo el Carnaval Internacional de Maspalomas que durar\u00e1 hasta el 15. Este a\u00f1o las calles tomar\u00e1n un color y tono especial ya que la tem\u00e1tica es sobre los musicales de Broadway. Sin duda todo un espect\u00e1culo que podr\u00e1s disfrutar si te alojas en cualquiera de los hoteles que <strong>RIU tiene en <a href=\"https:\/\/www.riu.com\/es\/hotel\/espana\/gran-canaria\/index.jsp\" target=\"_blank\" rel=\"noopener noreferrer\">Gran Canaria<\/a><\/strong>. Tambi\u00e9n puedes hacer una escapada \u00a1hasta Las Palmas!<\/p>\n<h3><strong>2.\u00a0\u00a0\u00a0 <\/strong><strong>Santa Cruz de Tenerife: 25 de enero 1 de marzo <\/strong><\/h3>\n<p>Hace unos d\u00edas que los tinerfe\u00f1os han dado la bienvenida a este esperado evento con su Gala Inaugural. Pero tranquilo \u00a1dura hasta el 1 de marzo! La ciudad entera se disfraza y celebra con bailes, actuaciones y mucha m\u00fasica repartidos por las calles donde personas de todas las edades disfrutan de esta multitudinaria fiesta. Aqu\u00ed tambi\u00e9n es tradicional hacer la elecci\u00f3n de la reina y lo hacen en todas las categor\u00edas: Reina del Carnaval de Santa Cruz de Tenerife, Reina Infantil del Carnaval y Reina del Carnaval de los Mayores. Tu hotel ideal para conocer esta tradici\u00f3n es el<a href=\"https:\/\/www.riu.com\/es\/hotel\/espana\/tenerife\/hotel-riu-garoe\/index.jsp\" target=\"_blank\" rel=\"noopener noreferrer\"><strong> Riu Garoe<\/strong><\/a> \u00a1no te lo pienses!<\/p>\n<p><img loading=\"lazy\" decoding=\"async\" class=\"alignnone wp-image-18357 size-large\" src=\"https:\/\/www.riu.com\/blog\/wp-content\/uploads\/2020\/02\/arnaval-punta-cana-riu-700x349.jpg\" alt=\"Descubre el famoso Carnaval de Santa Cruz de Tenerife con RIU\" width=\"700\" height=\"349\" srcset=\"https:\/\/www.riu.com\/blog\/wp-content\/uploads\/2020\/02\/arnaval-punta-cana-riu-700x350.jpg 700w, https:\/\/www.riu.com\/blog\/wp-content\/uploads\/2020\/02\/arnaval-punta-cana-riu-250x125.jpg 250w, https:\/\/www.riu.com\/blog\/wp-content\/uploads\/2020\/02\/arnaval-punta-cana-riu-768x383.jpg 768w, https:\/\/www.riu.com\/blog\/wp-content\/uploads\/2020\/02\/arnaval-punta-cana-riu-120x60.jpg 120w, https:\/\/www.riu.com\/blog\/wp-content\/uploads\/2020\/02\/arnaval-punta-cana-riu.jpg 837w\" sizes=\"auto, (max-width: 700px) 100vw, 700px\" \/><\/p>\n<h3><strong>3.\u00a0\u00a0\u00a0 <\/strong><strong>Punta Cana: 7 al 8 de febrero<\/strong><\/h3>\n<p>En Punta Cana la fiesta de Carnaval dura tan solo dos d\u00edas, pero \u00a1son intensos! El acto m\u00e1s importante de esta celebraci\u00f3n es el desfile al que se presentan varias compa\u00f1\u00edas de carnaval y llenan las calles de color, cultura y folclore que se trasmiten a los presentes. El desfile se cierra al ritmo de un concierto de bachata y merengue que pone el punto final a esta gran fiesta. \u00a1Ven a vivir con <strong>RIU<\/strong> esta gran experiencia en <a href=\"https:\/\/www.riu.com\/es\/hotel\/republica-dominicana\/punta-cana\/index.jsp\" target=\"_blank\" rel=\"noopener noreferrer\"><strong>Punta Cana<\/strong><\/a>!<\/p>\n<h3><strong>4.\u00a0\u00a0\u00a0 <\/strong><strong>Mazatl\u00e1n: 20 al 25 de febrero<\/strong><\/h3>\n<p>El Carnaval de Mazatl\u00e1n tiene un gran peso en M\u00e9xico y es que es una de las celebraciones m\u00e1s esperadas por muchos de los lugare\u00f1os. Hace ya 122 a\u00f1os que se celebra, y siempre da comienzo cinco d\u00edas antes al <strong>Mi\u00e9rcoles de Ceniza<\/strong>. En estos d\u00edas es habitual ver bandas de m\u00fasica, desfiles, fuegos artificiales, premios, arte y literatura repartidos por todos los rincones. Adem\u00e1s se produce el nombramiento del rey y la reina del Carnaval \u00a1todo un espect\u00e1culo! \u00danete con RIU a esta fiesta aloj\u00e1ndote en el<a href=\"https:\/\/www.riu.com\/es\/hotel\/mexico\/mazatlan\/hotel-riu-emerald-bay\/index.jsp\" target=\"_blank\" rel=\"noopener noreferrer\"> <strong>Riu Emerald Bay<\/strong><\/a>.<\/p>\n<p><img loading=\"lazy\" decoding=\"async\" class=\"alignnone wp-image-18351 size-full\" src=\"https:\/\/www.riu.com\/blog\/wp-content\/uploads\/2020\/02\/carnaval-mazatlan-riu.jpg\" alt=\"En Mazatl\u00e1n vivir\u00e1s un Carnaval inolvidable con RIU\" width=\"724\" height=\"483\" srcset=\"https:\/\/www.riu.com\/blog\/wp-content\/uploads\/2020\/02\/carnaval-mazatlan-riu.jpg 724w, https:\/\/www.riu.com\/blog\/wp-content\/uploads\/2020\/02\/carnaval-mazatlan-riu-250x167.jpg 250w, https:\/\/www.riu.com\/blog\/wp-content\/uploads\/2020\/02\/carnaval-mazatlan-riu-700x467.jpg 700w, https:\/\/www.riu.com\/blog\/wp-content\/uploads\/2020\/02\/carnaval-mazatlan-riu-120x80.jpg 120w\" sizes=\"auto, (max-width: 724px) 100vw, 724px\" \/><\/p>\n<h3><strong>5.\u00a0\u00a0\u00a0 <\/strong><strong>C\u00e1diz: 21 febrero al 1 de marzo <\/strong><\/h3>\n<p>Se trata de uno de los carnavales m\u00e1s sonados de la Pen\u00ednsula, tanto es as\u00ed que es todo un fen\u00f3meno tur\u00edstico que atrae a miles de personas. Durante los d\u00edas que dura la fiesta es t\u00edpico o\u00edr m\u00fasica por las calles de la ciudad y es que todos los gaditanos lo viven con gran emoci\u00f3n. Si por algo se ha hecho famoso este Carnaval es por los grupos de chirigotas que a\u00f1o tras a\u00f1o ponen el toque de humor. Se trata de agrupaciones corales que cantan coplas humor\u00edsticas con rimas, adem\u00e1s, van disfrazados. \u00bfSu objetivo? Hacer re\u00edr \u00a1Es todo un espect\u00e1culo!<\/p>\n<p><img loading=\"lazy\" decoding=\"async\" class=\"alignnone wp-image-18360 size-full\" src=\"https:\/\/www.riu.com\/blog\/wp-content\/uploads\/2020\/02\/cadiz-carnaval-riu.jpg\" alt=\"El Carnaval de C\u00e1diz es famoso por sus chirigotas\" width=\"724\" height=\"483\" srcset=\"https:\/\/www.riu.com\/blog\/wp-content\/uploads\/2020\/02\/cadiz-carnaval-riu.jpg 724w, https:\/\/www.riu.com\/blog\/wp-content\/uploads\/2020\/02\/cadiz-carnaval-riu-250x167.jpg 250w, https:\/\/www.riu.com\/blog\/wp-content\/uploads\/2020\/02\/cadiz-carnaval-riu-700x467.jpg 700w, https:\/\/www.riu.com\/blog\/wp-content\/uploads\/2020\/02\/cadiz-carnaval-riu-120x80.jpg 120w\" sizes=\"auto, (max-width: 724px) 100vw, 724px\" \/><\/p>\n<p>En otros lugares este a\u00f1o el Carnaval da comienzo el viernes 21 de febrero y finaliza el 25. Si eres de los que les gusta disfrazarse \u00a1esta es tu fiesta! \u00bfYa sabes que te vas a poner? En RIU estamos deseando recibirte y celebrar contigo esta gran fiesta anual que a todos nos contagia energ\u00eda.<\/p>\n","protected":false},"excerpt":{"rendered":"El color, la m\u00fasica y la alegr\u00eda son los tres ingredientes indispensables para celebrar la gran fiesta del disfraz esperada por muchos: el Carnaval. Esta gran celebraci\u00f3n est\u00e1 apunto de llegar a muchos destinos donde ya est\u00e1n preparados para recibirla.\u00a0 Desde RIU te ense\u00f1amos cinco lugares donde celebrar el Carnaval \u00bfte apuntas?","protected":false},"author":3,"featured_media":18379,"comment_status":"open","ping_status":"closed","sticky":false,"template":"","format":"standard","meta":{"_acf_changed":false,"footnotes":""},"categories":[3],"tags":[],"class_list":["post-18298","post","type-post","status-publish","format-standard","has-post-thumbnail","hentry","category-hotels"],"acf":[],"yoast_head":"<!-- This site is optimized with the Yoast SEO plugin v27.2 - https:\/\/yoast.com\/product\/yoast-seo-wordpress\/ -->\n<title>Vive el Carnaval 2020 en RIU Hotels &amp; Resorts | Blog RIU.com<\/title>\n<meta name=\"description\" content=\"RIU te ense\u00f1a cinco destinos en los que poder disfrutar de una de las fiestas m\u00e1s esperadas del a\u00f1o por los amantez del disfraz: el Carnaval.\" \/>\n<meta name=\"robots\" content=\"index, follow, max-snippet:-1, max-image-preview:large, max-video-preview:-1\" \/>\n<link rel=\"canonical\" href=\"https:\/\/www.riu.com\/blog\/vive-el-carnaval-2020-en-riu\/\" \/>\n<meta property=\"og:locale\" content=\"es_ES\" \/>\n<meta property=\"og:type\" content=\"article\" \/>\n<meta property=\"og:title\" content=\"Vive el Carnaval 2020 en RIU Hotels &amp; Resorts | Blog RIU.com\" \/>\n<meta property=\"og:description\" content=\"RIU te ense\u00f1a cinco destinos en los que poder disfrutar de una de las fiestas m\u00e1s esperadas del a\u00f1o por los amantez del disfraz: el Carnaval.\" \/>\n<meta property=\"og:url\" content=\"https:\/\/www.riu.com\/blog\/vive-el-carnaval-2020-en-riu\/\" \/>\n<meta property=\"og:site_name\" content=\"RIU.com | Blog\" \/>\n<meta property=\"article:published_time\" content=\"2020-02-12T15:37:52+00:00\" \/>\n<meta property=\"article:modified_time\" content=\"2024-04-04T13:59:47+00:00\" \/>\n<meta property=\"og:image\" content=\"https:\/\/www.riu.com\/blog\/wp-content\/uploads\/2020\/02\/carnaval-riu-1.jpg\" \/>\n\t<meta property=\"og:image:width\" content=\"724\" \/>\n\t<meta property=\"og:image:height\" content=\"483\" \/>\n\t<meta property=\"og:image:type\" content=\"image\/jpeg\" \/>\n<meta name=\"author\" content=\"Riu Hotels\" \/>\n<meta name=\"twitter:card\" content=\"summary_large_image\" \/>\n<meta name=\"twitter:label1\" content=\"Escrito por\" \/>\n\t<meta name=\"twitter:data1\" content=\"Riu Hotels\" \/>\n\t<meta name=\"twitter:label2\" content=\"Tiempo de lectura\" \/>\n\t<meta name=\"twitter:data2\" content=\"4 minutos\" \/>\n<script type=\"application\/ld+json\" class=\"yoast-schema-graph\">{\"@context\":\"https:\/\/schema.org\",\"@graph\":[{\"@type\":\"NewsArticle\",\"@id\":\"https:\/\/www.riu.com\/blog\/vive-el-carnaval-2020-en-riu\/#article\",\"isPartOf\":{\"@id\":\"https:\/\/www.riu.com\/blog\/vive-el-carnaval-2020-en-riu\/\"},\"author\":{\"name\":\"Riu Hotels\",\"@id\":\"https:\/\/www.riu.com\/blog\/de\/#\/schema\/person\/0d2e827ad7e2aee20a09a05bdc3fb45f\"},\"headline\":\"Vive el Carnaval 2020 en RIU\",\"datePublished\":\"2020-02-12T15:37:52+00:00\",\"dateModified\":\"2024-04-04T13:59:47+00:00\",\"mainEntityOfPage\":{\"@id\":\"https:\/\/www.riu.com\/blog\/vive-el-carnaval-2020-en-riu\/\"},\"wordCount\":747,\"commentCount\":0,\"image\":{\"@id\":\"https:\/\/www.riu.com\/blog\/vive-el-carnaval-2020-en-riu\/#primaryimage\"},\"thumbnailUrl\":\"https:\/\/www.riu.com\/blog\/wp-content\/uploads\/2020\/02\/carnaval-riu-1.jpg\",\"articleSection\":[\"Hoteles\"],\"inLanguage\":\"es\",\"potentialAction\":[{\"@type\":\"CommentAction\",\"name\":\"Comment\",\"target\":[\"https:\/\/www.riu.com\/blog\/vive-el-carnaval-2020-en-riu\/#respond\"]}]},{\"@type\":[\"WebPage\",\"ItemPage\"],\"@id\":\"https:\/\/www.riu.com\/blog\/vive-el-carnaval-2020-en-riu\/\",\"url\":\"https:\/\/www.riu.com\/blog\/vive-el-carnaval-2020-en-riu\/\",\"name\":\"Vive el Carnaval 2020 en RIU Hotels & Resorts | Blog RIU.com\",\"isPartOf\":{\"@id\":\"https:\/\/www.riu.com\/blog\/de\/#website\"},\"primaryImageOfPage\":{\"@id\":\"https:\/\/www.riu.com\/blog\/vive-el-carnaval-2020-en-riu\/#primaryimage\"},\"image\":{\"@id\":\"https:\/\/www.riu.com\/blog\/vive-el-carnaval-2020-en-riu\/#primaryimage\"},\"thumbnailUrl\":\"https:\/\/www.riu.com\/blog\/wp-content\/uploads\/2020\/02\/carnaval-riu-1.jpg\",\"datePublished\":\"2020-02-12T15:37:52+00:00\",\"dateModified\":\"2024-04-04T13:59:47+00:00\",\"author\":{\"@id\":\"https:\/\/www.riu.com\/blog\/de\/#\/schema\/person\/0d2e827ad7e2aee20a09a05bdc3fb45f\"},\"description\":\"RIU te ense\u00f1a cinco destinos en los que poder disfrutar de una de las fiestas m\u00e1s esperadas del a\u00f1o por los amantez del disfraz: el Carnaval.\",\"breadcrumb\":{\"@id\":\"https:\/\/www.riu.com\/blog\/vive-el-carnaval-2020-en-riu\/#breadcrumb\"},\"inLanguage\":\"es\",\"potentialAction\":[{\"@type\":\"ReadAction\",\"target\":[\"https:\/\/www.riu.com\/blog\/vive-el-carnaval-2020-en-riu\/\"]}]},{\"@type\":\"ImageObject\",\"inLanguage\":\"es\",\"@id\":\"https:\/\/www.riu.com\/blog\/vive-el-carnaval-2020-en-riu\/#primaryimage\",\"url\":\"https:\/\/www.riu.com\/blog\/wp-content\/uploads\/2020\/02\/carnaval-riu-1.jpg\",\"contentUrl\":\"https:\/\/www.riu.com\/blog\/wp-content\/uploads\/2020\/02\/carnaval-riu-1.jpg\",\"width\":724,\"height\":483,\"caption\":\"confetti, streamers, mask and party blower on wood background\"},{\"@type\":\"BreadcrumbList\",\"@id\":\"https:\/\/www.riu.com\/blog\/vive-el-carnaval-2020-en-riu\/#breadcrumb\",\"itemListElement\":[{\"@type\":\"ListItem\",\"position\":1,\"name\":\"Portada\",\"item\":\"https:\/\/www.riu.com\/blog\/de\/\"},{\"@type\":\"ListItem\",\"position\":2,\"name\":\"Vive el Carnaval 2020 en RIU\"}]},{\"@type\":\"WebSite\",\"@id\":\"https:\/\/www.riu.com\/blog\/de\/#website\",\"url\":\"https:\/\/www.riu.com\/blog\/de\/\",\"name\":\"RIU.com | Blog\",\"description\":\"Blog de Riu Hotels &amp; Resorts | Noticias exclusivas de la cadena Riu Hotels &amp; Resorts | Hoteles en Espa\u00f1a, M\u00e9xico, Jamaica, Rep\u00fablica Dominicana, Portugal, Miami y muchos m\u00e1s.\",\"potentialAction\":[{\"@type\":\"SearchAction\",\"target\":{\"@type\":\"EntryPoint\",\"urlTemplate\":\"https:\/\/www.riu.com\/blog\/de\/?s={search_term_string}\"},\"query-input\":{\"@type\":\"PropertyValueSpecification\",\"valueRequired\":true,\"valueName\":\"search_term_string\"}}],\"inLanguage\":\"es\"},{\"@type\":\"Person\",\"@id\":\"https:\/\/www.riu.com\/blog\/de\/#\/schema\/person\/0d2e827ad7e2aee20a09a05bdc3fb45f\",\"name\":\"Riu Hotels\",\"image\":{\"@type\":\"ImageObject\",\"inLanguage\":\"es\",\"@id\":\"https:\/\/secure.gravatar.com\/avatar\/1845185f5dc0c5d7a3adb797bcd6cae1d3df26e3eead5da96b212485b274bdf3?s=96&d=mm&r=g\",\"url\":\"https:\/\/secure.gravatar.com\/avatar\/1845185f5dc0c5d7a3adb797bcd6cae1d3df26e3eead5da96b212485b274bdf3?s=96&d=mm&r=g\",\"contentUrl\":\"https:\/\/secure.gravatar.com\/avatar\/1845185f5dc0c5d7a3adb797bcd6cae1d3df26e3eead5da96b212485b274bdf3?s=96&d=mm&r=g\",\"caption\":\"Riu Hotels\"},\"url\":\"https:\/\/www.riu.com\/blog\/author\/riu\/\"}]}<\/script>\n<!-- \/ Yoast SEO plugin. -->","yoast_head_json":{"title":"Vive el Carnaval 2020 en RIU Hotels & Resorts | Blog RIU.com","description":"RIU te ense\u00f1a cinco destinos en los que poder disfrutar de una de las fiestas m\u00e1s esperadas del a\u00f1o por los amantez del disfraz: el Carnaval.","robots":{"index":"index","follow":"follow","max-snippet":"max-snippet:-1","max-image-preview":"max-image-preview:large","max-video-preview":"max-video-preview:-1"},"canonical":"https:\/\/www.riu.com\/blog\/vive-el-carnaval-2020-en-riu\/","og_locale":"es_ES","og_type":"article","og_title":"Vive el Carnaval 2020 en RIU Hotels & Resorts | Blog RIU.com","og_description":"RIU te ense\u00f1a cinco destinos en los que poder disfrutar de una de las fiestas m\u00e1s esperadas del a\u00f1o por los amantez del disfraz: el Carnaval.","og_url":"https:\/\/www.riu.com\/blog\/vive-el-carnaval-2020-en-riu\/","og_site_name":"RIU.com | Blog","article_published_time":"2020-02-12T15:37:52+00:00","article_modified_time":"2024-04-04T13:59:47+00:00","og_image":[{"width":724,"height":483,"url":"https:\/\/www.riu.com\/blog\/wp-content\/uploads\/2020\/02\/carnaval-riu-1.jpg","type":"image\/jpeg"}],"author":"Riu Hotels","twitter_card":"summary_large_image","twitter_misc":{"Escrito por":"Riu Hotels","Tiempo de lectura":"4 minutos"},"schema":{"@context":"https:\/\/schema.org","@graph":[{"@type":"NewsArticle","@id":"https:\/\/www.riu.com\/blog\/vive-el-carnaval-2020-en-riu\/#article","isPartOf":{"@id":"https:\/\/www.riu.com\/blog\/vive-el-carnaval-2020-en-riu\/"},"author":{"name":"Riu Hotels","@id":"https:\/\/www.riu.com\/blog\/de\/#\/schema\/person\/0d2e827ad7e2aee20a09a05bdc3fb45f"},"headline":"Vive el Carnaval 2020 en RIU","datePublished":"2020-02-12T15:37:52+00:00","dateModified":"2024-04-04T13:59:47+00:00","mainEntityOfPage":{"@id":"https:\/\/www.riu.com\/blog\/vive-el-carnaval-2020-en-riu\/"},"wordCount":747,"commentCount":0,"image":{"@id":"https:\/\/www.riu.com\/blog\/vive-el-carnaval-2020-en-riu\/#primaryimage"},"thumbnailUrl":"https:\/\/www.riu.com\/blog\/wp-content\/uploads\/2020\/02\/carnaval-riu-1.jpg","articleSection":["Hoteles"],"inLanguage":"es","potentialAction":[{"@type":"CommentAction","name":"Comment","target":["https:\/\/www.riu.com\/blog\/vive-el-carnaval-2020-en-riu\/#respond"]}]},{"@type":["WebPage","ItemPage"],"@id":"https:\/\/www.riu.com\/blog\/vive-el-carnaval-2020-en-riu\/","url":"https:\/\/www.riu.com\/blog\/vive-el-carnaval-2020-en-riu\/","name":"Vive el Carnaval 2020 en RIU Hotels & Resorts | Blog RIU.com","isPartOf":{"@id":"https:\/\/www.riu.com\/blog\/de\/#website"},"primaryImageOfPage":{"@id":"https:\/\/www.riu.com\/blog\/vive-el-carnaval-2020-en-riu\/#primaryimage"},"image":{"@id":"https:\/\/www.riu.com\/blog\/vive-el-carnaval-2020-en-riu\/#primaryimage"},"thumbnailUrl":"https:\/\/www.riu.com\/blog\/wp-content\/uploads\/2020\/02\/carnaval-riu-1.jpg","datePublished":"2020-02-12T15:37:52+00:00","dateModified":"2024-04-04T13:59:47+00:00","author":{"@id":"https:\/\/www.riu.com\/blog\/de\/#\/schema\/person\/0d2e827ad7e2aee20a09a05bdc3fb45f"},"description":"RIU te ense\u00f1a cinco destinos en los que poder disfrutar de una de las fiestas m\u00e1s esperadas del a\u00f1o por los amantez del disfraz: el Carnaval.","breadcrumb":{"@id":"https:\/\/www.riu.com\/blog\/vive-el-carnaval-2020-en-riu\/#breadcrumb"},"inLanguage":"es","potentialAction":[{"@type":"ReadAction","target":["https:\/\/www.riu.com\/blog\/vive-el-carnaval-2020-en-riu\/"]}]},{"@type":"ImageObject","inLanguage":"es","@id":"https:\/\/www.riu.com\/blog\/vive-el-carnaval-2020-en-riu\/#primaryimage","url":"https:\/\/www.riu.com\/blog\/wp-content\/uploads\/2020\/02\/carnaval-riu-1.jpg","contentUrl":"https:\/\/www.riu.com\/blog\/wp-content\/uploads\/2020\/02\/carnaval-riu-1.jpg","width":724,"height":483,"caption":"confetti, streamers, mask and party blower on wood background"},{"@type":"BreadcrumbList","@id":"https:\/\/www.riu.com\/blog\/vive-el-carnaval-2020-en-riu\/#breadcrumb","itemListElement":[{"@type":"ListItem","position":1,"name":"Portada","item":"https:\/\/www.riu.com\/blog\/de\/"},{"@type":"ListItem","position":2,"name":"Vive el Carnaval 2020 en RIU"}]},{"@type":"WebSite","@id":"https:\/\/www.riu.com\/blog\/de\/#website","url":"https:\/\/www.riu.com\/blog\/de\/","name":"RIU.com | Blog","description":"Blog de Riu Hotels &amp; Resorts | Noticias exclusivas de la cadena Riu Hotels &amp; Resorts | Hoteles en Espa\u00f1a, M\u00e9xico, Jamaica, Rep\u00fablica Dominicana, Portugal, Miami y muchos m\u00e1s.","potentialAction":[{"@type":"SearchAction","target":{"@type":"EntryPoint","urlTemplate":"https:\/\/www.riu.com\/blog\/de\/?s={search_term_string}"},"query-input":{"@type":"PropertyValueSpecification","valueRequired":true,"valueName":"search_term_string"}}],"inLanguage":"es"},{"@type":"Person","@id":"https:\/\/www.riu.com\/blog\/de\/#\/schema\/person\/0d2e827ad7e2aee20a09a05bdc3fb45f","name":"Riu Hotels","image":{"@type":"ImageObject","inLanguage":"es","@id":"https:\/\/secure.gravatar.com\/avatar\/1845185f5dc0c5d7a3adb797bcd6cae1d3df26e3eead5da96b212485b274bdf3?s=96&d=mm&r=g","url":"https:\/\/secure.gravatar.com\/avatar\/1845185f5dc0c5d7a3adb797bcd6cae1d3df26e3eead5da96b212485b274bdf3?s=96&d=mm&r=g","contentUrl":"https:\/\/secure.gravatar.com\/avatar\/1845185f5dc0c5d7a3adb797bcd6cae1d3df26e3eead5da96b212485b274bdf3?s=96&d=mm&r=g","caption":"Riu Hotels"},"url":"https:\/\/www.riu.com\/blog\/author\/riu\/"}]}},"_links":{"self":[{"href":"https:\/\/www.riu.com\/blog\/wp-json\/wp\/v2\/posts\/18298","targetHints":{"allow":["GET"]}}],"collection":[{"href":"https:\/\/www.riu.com\/blog\/wp-json\/wp\/v2\/posts"}],"about":[{"href":"https:\/\/www.riu.com\/blog\/wp-json\/wp\/v2\/types\/post"}],"author":[{"embeddable":true,"href":"https:\/\/www.riu.com\/blog\/wp-json\/wp\/v2\/users\/3"}],"replies":[{"embeddable":true,"href":"https:\/\/www.riu.com\/blog\/wp-json\/wp\/v2\/comments?post=18298"}],"version-history":[{"count":5,"href":"https:\/\/www.riu.com\/blog\/wp-json\/wp\/v2\/posts\/18298\/revisions"}],"predecessor-version":[{"id":18394,"href":"https:\/\/www.riu.com\/blog\/wp-json\/wp\/v2\/posts\/18298\/revisions\/18394"}],"wp:featuredmedia":[{"embeddable":true,"href":"https:\/\/www.riu.com\/blog\/wp-json\/wp\/v2\/media\/18379"}],"wp:attachment":[{"href":"https:\/\/www.riu.com\/blog\/wp-json\/wp\/v2\/media?parent=18298"}],"wp:term":[{"taxonomy":"category","embeddable":true,"href":"https:\/\/www.riu.com\/blog\/wp-json\/wp\/v2\/categories?post=18298"},{"taxonomy":"post_tag","embeddable":true,"href":"https:\/\/www.riu.com\/blog\/wp-json\/wp\/v2\/tags?post=18298"}],"curies":[{"name":"wp","href":"https:\/\/api.w.org\/{rel}","templated":true}]}}