{"id":19194,"date":"2020-05-18T17:01:14","date_gmt":"2020-05-18T15:01:14","guid":{"rendered":"https:\/\/www.riu.com\/blog\/?p=19194"},"modified":"2025-08-20T11:00:32","modified_gmt":"2025-08-20T09:00:32","slug":"reabren-dos-hoteles-riu-coronavirus","status":"publish","type":"post","link":"https:\/\/www.riu.com\/blog\/reabren-dos-hoteles-riu-coronavirus\/","title":{"rendered":"Reabren dos hoteles de RIU: Primer paso hacia la recuperaci\u00f3n"},"content":{"rendered":"<div><\/div>\n<div>\n<div id=\"attachment_19195\" style=\"width: 710px\" class=\"wp-caption alignnone\"><img loading=\"lazy\" decoding=\"async\" aria-describedby=\"caption-attachment-19195\" class=\"wp-image-19195 size-large\" src=\"https:\/\/www.riu.com\/blog\/wp-content\/uploads\/2020\/05\/carmen-luis-riu-700x576.jpg\" alt=\"Carmen y Luis Riu comunican a sus empleados la reapertura del hotel Riu Plaza Berlin.\" width=\"700\" height=\"576\" srcset=\"https:\/\/www.riu.com\/blog\/wp-content\/uploads\/2020\/05\/carmen-luis-riu-700x576.jpg 700w, https:\/\/www.riu.com\/blog\/wp-content\/uploads\/2020\/05\/carmen-luis-riu-250x206.jpg 250w, https:\/\/www.riu.com\/blog\/wp-content\/uploads\/2020\/05\/carmen-luis-riu-768x632.jpg 768w, https:\/\/www.riu.com\/blog\/wp-content\/uploads\/2020\/05\/carmen-luis-riu-1536x1265.jpg 1536w, https:\/\/www.riu.com\/blog\/wp-content\/uploads\/2020\/05\/carmen-luis-riu-2048x1686.jpg 2048w, https:\/\/www.riu.com\/blog\/wp-content\/uploads\/2020\/05\/carmen-luis-riu-120x99.jpg 120w\" sizes=\"auto, (max-width: 700px) 100vw, 700px\" \/><p id=\"caption-attachment-19195\" class=\"wp-caption-text\">Carmen y Luis Riu comunican a sus empleados la reapertura de los hoteles Riu Plaza Berlin y Riu Plaza Guadalajara.<\/p><\/div>\n<p>&nbsp;<\/p>\n<\/div>\n<p>Hoy hemos enviado esta carta a los empleados. Quer\u00edamos contarles a todos y en primera persona que se produce el primer gran hito dentro del proceso de recuperaci\u00f3n de nuestra actividad: la reapertura de los hoteles <strong>Riu Plaza Berlin<\/strong> y<strong> Riu Plaza Guadalajara<\/strong>. Y, como las buenas noticias las queremos compartir con todos, os dejo una copia de la carta que Carmen y yo hemos redactado para informar a todos los miembros de RIU Hotels:<\/p>\n<div><\/div>\n<div>\n<p><em>Apreciados colaboradores:<\/em><\/p>\n<p>&nbsp;<\/p>\n<p><em>Si la \u00faltima vez nos comunicamos con todos vosotros para hablar de la gravedad de la situaci\u00f3n ante la que nos encontramos, hoy queremos dirigirnos a todos los empleados para compartir la primera buena noticia que se produce en varias semanas. Estamos preparando la apertura de los dos primeros hoteles tras el cierre total de marzo. El d\u00eda 25 de mayo abrir\u00e1n sus puertas el hotel Riu Plaza Berlin y el hotel Riu Plaza Guadalajara.<\/em><\/p>\n<p>&nbsp;<\/p>\n<p><em>Durante estas \u00faltimas semanas hemos elaborado 17 protocolos de actuaci\u00f3n para conformar el<strong> <a href=\"https:\/\/www.riu.com\/es\/posts\/manual-integral-riu-reapertura-post-covid.jsp\" target=\"_blank\" rel=\"noopener noreferrer\">Manual RIU del hotel post-COVID<\/a>,<\/strong> que guiar\u00e1 el trabajo de cada uno de vosotros en esta primera fase de reapertura. Los hoteles Riu Plaza Berlin y Riu Plaza Guadalajara abrir\u00e1n poniendo en pr\u00e1ctica todas estas medidas, que tienen como principal finalidad asegurar el m\u00e1ximo nivel de seguridad para los hu\u00e9spedes y los empleados.<\/em><\/p>\n<p>&nbsp;<\/p>\n<p><em>La vuelta a la normalidad ser\u00e1 gradual y la apertura de estos hoteles va a suponer un gran reto para todos, y muy especialmente para su equipo de direcci\u00f3n y empleados. Pero no ser\u00e1n solo aperturas, ser\u00e1n adem\u00e1s un s\u00edmbolo de la recuperaci\u00f3n que todos estamos esperando y por este motivo nos parec\u00eda tan importante compartir la noticia con todos.<\/em><\/p>\n<p>&nbsp;<\/p>\n<p><em>Sabemos que, cuando abramos algunos hoteles en destinos donde las autoridades permitan viajar, los gastos ser\u00e1n superiores a los ingresos durante bastantes meses. Pero creemos que abrir hoteles es la mejor forma de incentivar a nuestros clientes para que nos visiten de nuevo.<\/em><\/p>\n<p>&nbsp;<\/p>\n<p><em>Sabemos tambi\u00e9n que las nuevas medidas de seguridad e higiene suponen un cambio muy importante en nuestra manera natural de hacer las cosas. Que la limitaci\u00f3n de la ocupaci\u00f3n, el uso de guantes y mascarillas, y sobre todo, mantener la distancia f\u00edsica con los clientes, va a ser complicado. Ser\u00e1 una realidad a la que nos tendremos que adaptar, por lo menos durante los primeros meses, a pesar de que esto suponga una incomodidad para vosotros y para nuestros hu\u00e9spedes. Creemos que ellos entender\u00e1n el objetivo de estas medidas excepcionales, y que cada uno de vosotros actuar\u00e1 con el compromiso y profesionalidad que os caracteriza.<\/em><\/p>\n<p>&nbsp;<\/p>\n<p><em>En estos momentos estamos preparando e iniciando la formaci\u00f3n para adaptar la operaci\u00f3n de los hoteles a los nuevos protocolos. Esta campa\u00f1a de formaci\u00f3n la hemos bautizado con el nombre \u201cSANO Y SALVO\u201d. Muy pronto se contactar\u00e1 con vosotros para empezar con ella.<\/em><\/p>\n<p>&nbsp;<\/p>\n<p><em>De nuevo queremos agradecer vuestra comprensi\u00f3n en esta situaci\u00f3n tan dif\u00edcil y esperamos de coraz\u00f3n que podamos reabrir cuanto antes los hoteles para que pod\u00e1is regresar a vuestros puestos de trabajo y retomar vuestra vida cotidiana, en la medida de lo posible, tras este par\u00f3n obligado.<\/em><\/p>\n<p>&nbsp;<\/p>\n<p><em>Gracias, cuidaros y \u00e1nimo a todos. \u00a1Ya queda menos!<\/em><\/p>\n<p>&nbsp;<\/p>\n<p><em>Carmen y Luis Riu<\/em><\/p>\n<\/div>\n","protected":false},"excerpt":{"rendered":"Hoy hemos enviado esta carta a los empleados. Quer\u00edamos contarles a todos y en primera persona que se produce el primer gran hito dentro del proceso de recuperaci\u00f3n de nuestra actividad: la reapertura de los hoteles Riu Plaza Berlin y Riu Plaza Guadalajara. Y, como las buenas noticias las queremos compartir con todos, os dejo una copia de la carta que Carmen y yo hemos redactado para informar a todos los miembros de RIU Hotels:","protected":false},"author":101,"featured_media":19217,"comment_status":"open","ping_status":"closed","sticky":false,"template":"","format":"standard","meta":{"_acf_changed":false,"footnotes":""},"categories":[1715],"tags":[],"class_list":["post-19194","post","type-post","status-publish","format-standard","has-post-thumbnail","hentry","category-luis-riu"],"acf":[],"yoast_head":"<!-- This site is optimized with the Yoast SEO plugin v27.2 - https:\/\/yoast.com\/product\/yoast-seo-wordpress\/ -->\n<title>Reabren sus puertas dos hoteles de RIU | Blog RIU.com<\/title>\n<meta name=\"description\" content=\"Carmen y Luis Riu, CEO&#039;s de Riu Hotels &amp; Resorts, mandan un comunicado a sus empleados para informarles de la reapertura de dos hoteles de la cadena.\" \/>\n<meta name=\"robots\" content=\"index, follow, max-snippet:-1, max-image-preview:large, max-video-preview:-1\" \/>\n<link rel=\"canonical\" href=\"https:\/\/www.riu.com\/blog\/reabren-dos-hoteles-riu-coronavirus\/\" \/>\n<meta property=\"og:locale\" content=\"es_ES\" \/>\n<meta property=\"og:type\" content=\"article\" \/>\n<meta property=\"og:title\" content=\"Reabren sus puertas dos hoteles de RIU | Blog RIU.com\" \/>\n<meta property=\"og:description\" content=\"Carmen y Luis Riu, CEO&#039;s de Riu Hotels &amp; Resorts, mandan un comunicado a sus empleados para informarles de la reapertura de dos hoteles de la cadena.\" \/>\n<meta property=\"og:url\" content=\"https:\/\/www.riu.com\/blog\/reabren-dos-hoteles-riu-coronavirus\/\" \/>\n<meta property=\"og:site_name\" content=\"RIU.com | Blog\" \/>\n<meta property=\"article:published_time\" content=\"2020-05-18T15:01:14+00:00\" \/>\n<meta property=\"article:modified_time\" content=\"2025-08-20T09:00:32+00:00\" \/>\n<meta property=\"og:image\" content=\"https:\/\/www.riu.com\/blog\/wp-content\/uploads\/2020\/05\/carmen-luis-riu-reapertura.jpg\" \/>\n\t<meta property=\"og:image:width\" content=\"699\" \/>\n\t<meta property=\"og:image:height\" content=\"400\" \/>\n\t<meta property=\"og:image:type\" content=\"image\/jpeg\" \/>\n<meta name=\"author\" content=\"Luis Riu\" \/>\n<meta name=\"twitter:card\" content=\"summary_large_image\" \/>\n<meta name=\"twitter:label1\" content=\"Escrito por\" \/>\n\t<meta name=\"twitter:data1\" content=\"Luis Riu\" \/>\n\t<meta name=\"twitter:label2\" content=\"Tiempo de lectura\" \/>\n\t<meta name=\"twitter:data2\" content=\"3 minutos\" \/>\n<script type=\"application\/ld+json\" class=\"yoast-schema-graph\">{\"@context\":\"https:\/\/schema.org\",\"@graph\":[{\"@type\":\"NewsArticle\",\"@id\":\"https:\/\/www.riu.com\/blog\/reabren-dos-hoteles-riu-coronavirus\/#article\",\"isPartOf\":{\"@id\":\"https:\/\/www.riu.com\/blog\/reabren-dos-hoteles-riu-coronavirus\/\"},\"author\":{\"name\":\"Luis Riu\",\"@id\":\"https:\/\/www.riu.com\/blog\/de\/#\/schema\/person\/4a3494cae68999c7f07884ee3ee61f8e\"},\"headline\":\"Reabren dos hoteles de RIU: Primer paso hacia la recuperaci\u00f3n\",\"datePublished\":\"2020-05-18T15:01:14+00:00\",\"dateModified\":\"2025-08-20T09:00:32+00:00\",\"mainEntityOfPage\":{\"@id\":\"https:\/\/www.riu.com\/blog\/reabren-dos-hoteles-riu-coronavirus\/\"},\"wordCount\":608,\"commentCount\":15,\"image\":{\"@id\":\"https:\/\/www.riu.com\/blog\/reabren-dos-hoteles-riu-coronavirus\/#primaryimage\"},\"thumbnailUrl\":\"https:\/\/www.riu.com\/blog\/wp-content\/uploads\/2020\/05\/carmen-luis-riu-reapertura.jpg\",\"articleSection\":[\"Luis Riu\"],\"inLanguage\":\"es\",\"potentialAction\":[{\"@type\":\"CommentAction\",\"name\":\"Comment\",\"target\":[\"https:\/\/www.riu.com\/blog\/reabren-dos-hoteles-riu-coronavirus\/#respond\"]}]},{\"@type\":[\"WebPage\",\"ItemPage\"],\"@id\":\"https:\/\/www.riu.com\/blog\/reabren-dos-hoteles-riu-coronavirus\/\",\"url\":\"https:\/\/www.riu.com\/blog\/reabren-dos-hoteles-riu-coronavirus\/\",\"name\":\"Reabren sus puertas dos hoteles de RIU | Blog RIU.com\",\"isPartOf\":{\"@id\":\"https:\/\/www.riu.com\/blog\/de\/#website\"},\"primaryImageOfPage\":{\"@id\":\"https:\/\/www.riu.com\/blog\/reabren-dos-hoteles-riu-coronavirus\/#primaryimage\"},\"image\":{\"@id\":\"https:\/\/www.riu.com\/blog\/reabren-dos-hoteles-riu-coronavirus\/#primaryimage\"},\"thumbnailUrl\":\"https:\/\/www.riu.com\/blog\/wp-content\/uploads\/2020\/05\/carmen-luis-riu-reapertura.jpg\",\"datePublished\":\"2020-05-18T15:01:14+00:00\",\"dateModified\":\"2025-08-20T09:00:32+00:00\",\"author\":{\"@id\":\"https:\/\/www.riu.com\/blog\/de\/#\/schema\/person\/4a3494cae68999c7f07884ee3ee61f8e\"},\"description\":\"Carmen y Luis Riu, CEO's de Riu Hotels & Resorts, mandan un comunicado a sus empleados para informarles de la reapertura de dos hoteles de la cadena.\",\"breadcrumb\":{\"@id\":\"https:\/\/www.riu.com\/blog\/reabren-dos-hoteles-riu-coronavirus\/#breadcrumb\"},\"inLanguage\":\"es\",\"potentialAction\":[{\"@type\":\"ReadAction\",\"target\":[\"https:\/\/www.riu.com\/blog\/reabren-dos-hoteles-riu-coronavirus\/\"]}]},{\"@type\":\"ImageObject\",\"inLanguage\":\"es\",\"@id\":\"https:\/\/www.riu.com\/blog\/reabren-dos-hoteles-riu-coronavirus\/#primaryimage\",\"url\":\"https:\/\/www.riu.com\/blog\/wp-content\/uploads\/2020\/05\/carmen-luis-riu-reapertura.jpg\",\"contentUrl\":\"https:\/\/www.riu.com\/blog\/wp-content\/uploads\/2020\/05\/carmen-luis-riu-reapertura.jpg\",\"width\":699,\"height\":400},{\"@type\":\"BreadcrumbList\",\"@id\":\"https:\/\/www.riu.com\/blog\/reabren-dos-hoteles-riu-coronavirus\/#breadcrumb\",\"itemListElement\":[{\"@type\":\"ListItem\",\"position\":1,\"name\":\"Portada\",\"item\":\"https:\/\/www.riu.com\/blog\/de\/\"},{\"@type\":\"ListItem\",\"position\":2,\"name\":\"Reabren dos hoteles de RIU: Primer paso hacia la recuperaci\u00f3n\"}]},{\"@type\":\"WebSite\",\"@id\":\"https:\/\/www.riu.com\/blog\/de\/#website\",\"url\":\"https:\/\/www.riu.com\/blog\/de\/\",\"name\":\"RIU.com | Blog\",\"description\":\"Blog de Riu Hotels &amp; Resorts | Noticias exclusivas de la cadena Riu Hotels &amp; Resorts | Hoteles en Espa\u00f1a, M\u00e9xico, Jamaica, Rep\u00fablica Dominicana, Portugal, Miami y muchos m\u00e1s.\",\"potentialAction\":[{\"@type\":\"SearchAction\",\"target\":{\"@type\":\"EntryPoint\",\"urlTemplate\":\"https:\/\/www.riu.com\/blog\/de\/?s={search_term_string}\"},\"query-input\":{\"@type\":\"PropertyValueSpecification\",\"valueRequired\":true,\"valueName\":\"search_term_string\"}}],\"inLanguage\":\"es\"},{\"@type\":\"Person\",\"@id\":\"https:\/\/www.riu.com\/blog\/de\/#\/schema\/person\/4a3494cae68999c7f07884ee3ee61f8e\",\"name\":\"Luis Riu\",\"image\":{\"@type\":\"ImageObject\",\"inLanguage\":\"es\",\"@id\":\"https:\/\/secure.gravatar.com\/avatar\/15f66f7173367f2f238abbc00a048e92b570dcebe3060640383006a875c9aa57?s=96&d=mm&r=g\",\"url\":\"https:\/\/secure.gravatar.com\/avatar\/15f66f7173367f2f238abbc00a048e92b570dcebe3060640383006a875c9aa57?s=96&d=mm&r=g\",\"contentUrl\":\"https:\/\/secure.gravatar.com\/avatar\/15f66f7173367f2f238abbc00a048e92b570dcebe3060640383006a875c9aa57?s=96&d=mm&r=g\",\"caption\":\"Luis Riu\"},\"url\":\"https:\/\/www.riu.com\/blog\/author\/luis-riu\/\"}]}<\/script>\n<!-- \/ Yoast SEO plugin. -->","yoast_head_json":{"title":"Reabren sus puertas dos hoteles de RIU | Blog RIU.com","description":"Carmen y Luis Riu, CEO's de Riu Hotels & Resorts, mandan un comunicado a sus empleados para informarles de la reapertura de dos hoteles de la cadena.","robots":{"index":"index","follow":"follow","max-snippet":"max-snippet:-1","max-image-preview":"max-image-preview:large","max-video-preview":"max-video-preview:-1"},"canonical":"https:\/\/www.riu.com\/blog\/reabren-dos-hoteles-riu-coronavirus\/","og_locale":"es_ES","og_type":"article","og_title":"Reabren sus puertas dos hoteles de RIU | Blog RIU.com","og_description":"Carmen y Luis Riu, CEO's de Riu Hotels & Resorts, mandan un comunicado a sus empleados para informarles de la reapertura de dos hoteles de la cadena.","og_url":"https:\/\/www.riu.com\/blog\/reabren-dos-hoteles-riu-coronavirus\/","og_site_name":"RIU.com | Blog","article_published_time":"2020-05-18T15:01:14+00:00","article_modified_time":"2025-08-20T09:00:32+00:00","og_image":[{"width":699,"height":400,"url":"https:\/\/www.riu.com\/blog\/wp-content\/uploads\/2020\/05\/carmen-luis-riu-reapertura.jpg","type":"image\/jpeg"}],"author":"Luis Riu","twitter_card":"summary_large_image","twitter_misc":{"Escrito por":"Luis Riu","Tiempo de lectura":"3 minutos"},"schema":{"@context":"https:\/\/schema.org","@graph":[{"@type":"NewsArticle","@id":"https:\/\/www.riu.com\/blog\/reabren-dos-hoteles-riu-coronavirus\/#article","isPartOf":{"@id":"https:\/\/www.riu.com\/blog\/reabren-dos-hoteles-riu-coronavirus\/"},"author":{"name":"Luis Riu","@id":"https:\/\/www.riu.com\/blog\/de\/#\/schema\/person\/4a3494cae68999c7f07884ee3ee61f8e"},"headline":"Reabren dos hoteles de RIU: Primer paso hacia la recuperaci\u00f3n","datePublished":"2020-05-18T15:01:14+00:00","dateModified":"2025-08-20T09:00:32+00:00","mainEntityOfPage":{"@id":"https:\/\/www.riu.com\/blog\/reabren-dos-hoteles-riu-coronavirus\/"},"wordCount":608,"commentCount":15,"image":{"@id":"https:\/\/www.riu.com\/blog\/reabren-dos-hoteles-riu-coronavirus\/#primaryimage"},"thumbnailUrl":"https:\/\/www.riu.com\/blog\/wp-content\/uploads\/2020\/05\/carmen-luis-riu-reapertura.jpg","articleSection":["Luis Riu"],"inLanguage":"es","potentialAction":[{"@type":"CommentAction","name":"Comment","target":["https:\/\/www.riu.com\/blog\/reabren-dos-hoteles-riu-coronavirus\/#respond"]}]},{"@type":["WebPage","ItemPage"],"@id":"https:\/\/www.riu.com\/blog\/reabren-dos-hoteles-riu-coronavirus\/","url":"https:\/\/www.riu.com\/blog\/reabren-dos-hoteles-riu-coronavirus\/","name":"Reabren sus puertas dos hoteles de RIU | Blog RIU.com","isPartOf":{"@id":"https:\/\/www.riu.com\/blog\/de\/#website"},"primaryImageOfPage":{"@id":"https:\/\/www.riu.com\/blog\/reabren-dos-hoteles-riu-coronavirus\/#primaryimage"},"image":{"@id":"https:\/\/www.riu.com\/blog\/reabren-dos-hoteles-riu-coronavirus\/#primaryimage"},"thumbnailUrl":"https:\/\/www.riu.com\/blog\/wp-content\/uploads\/2020\/05\/carmen-luis-riu-reapertura.jpg","datePublished":"2020-05-18T15:01:14+00:00","dateModified":"2025-08-20T09:00:32+00:00","author":{"@id":"https:\/\/www.riu.com\/blog\/de\/#\/schema\/person\/4a3494cae68999c7f07884ee3ee61f8e"},"description":"Carmen y Luis Riu, CEO's de Riu Hotels & Resorts, mandan un comunicado a sus empleados para informarles de la reapertura de dos hoteles de la cadena.","breadcrumb":{"@id":"https:\/\/www.riu.com\/blog\/reabren-dos-hoteles-riu-coronavirus\/#breadcrumb"},"inLanguage":"es","potentialAction":[{"@type":"ReadAction","target":["https:\/\/www.riu.com\/blog\/reabren-dos-hoteles-riu-coronavirus\/"]}]},{"@type":"ImageObject","inLanguage":"es","@id":"https:\/\/www.riu.com\/blog\/reabren-dos-hoteles-riu-coronavirus\/#primaryimage","url":"https:\/\/www.riu.com\/blog\/wp-content\/uploads\/2020\/05\/carmen-luis-riu-reapertura.jpg","contentUrl":"https:\/\/www.riu.com\/blog\/wp-content\/uploads\/2020\/05\/carmen-luis-riu-reapertura.jpg","width":699,"height":400},{"@type":"BreadcrumbList","@id":"https:\/\/www.riu.com\/blog\/reabren-dos-hoteles-riu-coronavirus\/#breadcrumb","itemListElement":[{"@type":"ListItem","position":1,"name":"Portada","item":"https:\/\/www.riu.com\/blog\/de\/"},{"@type":"ListItem","position":2,"name":"Reabren dos hoteles de RIU: Primer paso hacia la recuperaci\u00f3n"}]},{"@type":"WebSite","@id":"https:\/\/www.riu.com\/blog\/de\/#website","url":"https:\/\/www.riu.com\/blog\/de\/","name":"RIU.com | Blog","description":"Blog de Riu Hotels &amp; Resorts | Noticias exclusivas de la cadena Riu Hotels &amp; Resorts | Hoteles en Espa\u00f1a, M\u00e9xico, Jamaica, Rep\u00fablica Dominicana, Portugal, Miami y muchos m\u00e1s.","potentialAction":[{"@type":"SearchAction","target":{"@type":"EntryPoint","urlTemplate":"https:\/\/www.riu.com\/blog\/de\/?s={search_term_string}"},"query-input":{"@type":"PropertyValueSpecification","valueRequired":true,"valueName":"search_term_string"}}],"inLanguage":"es"},{"@type":"Person","@id":"https:\/\/www.riu.com\/blog\/de\/#\/schema\/person\/4a3494cae68999c7f07884ee3ee61f8e","name":"Luis Riu","image":{"@type":"ImageObject","inLanguage":"es","@id":"https:\/\/secure.gravatar.com\/avatar\/15f66f7173367f2f238abbc00a048e92b570dcebe3060640383006a875c9aa57?s=96&d=mm&r=g","url":"https:\/\/secure.gravatar.com\/avatar\/15f66f7173367f2f238abbc00a048e92b570dcebe3060640383006a875c9aa57?s=96&d=mm&r=g","contentUrl":"https:\/\/secure.gravatar.com\/avatar\/15f66f7173367f2f238abbc00a048e92b570dcebe3060640383006a875c9aa57?s=96&d=mm&r=g","caption":"Luis Riu"},"url":"https:\/\/www.riu.com\/blog\/author\/luis-riu\/"}]}},"_links":{"self":[{"href":"https:\/\/www.riu.com\/blog\/wp-json\/wp\/v2\/posts\/19194","targetHints":{"allow":["GET"]}}],"collection":[{"href":"https:\/\/www.riu.com\/blog\/wp-json\/wp\/v2\/posts"}],"about":[{"href":"https:\/\/www.riu.com\/blog\/wp-json\/wp\/v2\/types\/post"}],"author":[{"embeddable":true,"href":"https:\/\/www.riu.com\/blog\/wp-json\/wp\/v2\/users\/101"}],"replies":[{"embeddable":true,"href":"https:\/\/www.riu.com\/blog\/wp-json\/wp\/v2\/comments?post=19194"}],"version-history":[{"count":18,"href":"https:\/\/www.riu.com\/blog\/wp-json\/wp\/v2\/posts\/19194\/revisions"}],"predecessor-version":[{"id":19226,"href":"https:\/\/www.riu.com\/blog\/wp-json\/wp\/v2\/posts\/19194\/revisions\/19226"}],"wp:featuredmedia":[{"embeddable":true,"href":"https:\/\/www.riu.com\/blog\/wp-json\/wp\/v2\/media\/19217"}],"wp:attachment":[{"href":"https:\/\/www.riu.com\/blog\/wp-json\/wp\/v2\/media?parent=19194"}],"wp:term":[{"taxonomy":"category","embeddable":true,"href":"https:\/\/www.riu.com\/blog\/wp-json\/wp\/v2\/categories?post=19194"},{"taxonomy":"post_tag","embeddable":true,"href":"https:\/\/www.riu.com\/blog\/wp-json\/wp\/v2\/tags?post=19194"}],"curies":[{"name":"wp","href":"https:\/\/api.w.org\/{rel}","templated":true}]}}