{"id":20351,"date":"2020-10-02T12:39:31","date_gmt":"2020-10-02T10:39:31","guid":{"rendered":"https:\/\/www.riu.com\/blog\/?p=20351"},"modified":"2024-04-25T11:13:28","modified_gmt":"2024-04-25T09:13:28","slug":"conoce-a-los-directores-de-riu-plaza","status":"publish","type":"post","link":"https:\/\/www.riu.com\/blog\/conoce-a-los-directores-de-riu-plaza\/","title":{"rendered":"\u00a1Conoce a los directores de Riu Plaza!"},"content":{"rendered":"<p>Como ya sabes estos d\u00edas estamos de celebraci\u00f3n por el 10 aniversario <strong>Riu Plaza<\/strong>. Ya te hemos contado la historia de esta l\u00ednea de hoteles de ciudad y los futuros proyectos a los que haremos frente pr\u00f3ximamente. Hoy queremos dedicar una entrada especial a su equipo, por ello, te vamos a presentar a los directores de los hoteles Riu Plaza, porque ellos son los que hacen posible d\u00eda a d\u00eda que estos establecimientos funcionen a la perfecci\u00f3n. \u00a1No te lo pierdas!<\/p>\n<h2><strong>Riu Plaza Panama \u2013 Javier Gonz\u00e1lez<\/strong><\/h2>\n<p>Javier Gonz\u00e1lez comenz\u00f3 en RIU en el a\u00f1o 2010, pocos d\u00edas antes de la apertura del hotel <a href=\"https:\/\/www.riu.com\/es\/hotel\/panama\/panama-city\/hotel-riu-plaza-panama\/index.jsp\" target=\"_blank\" rel=\"noopener noreferrer\"><strong>Riu Plaza Panama<\/strong><\/a>, el primero de la l\u00ednea Riu Plaza, con el que pon\u00edamos la primera piedra de este gran proyecto. Por lo que, como \u00e9l bien dice, tambi\u00e9n es su cumplea\u00f1os en RIU as\u00ed que \u00a1felicidades Javier!<\/p>\n<p><a href=\"https:\/\/www.riu.com\/blog\/wp-content\/uploads\/2020\/09\/javier-riu-plaza-panama-scaled-e1601633306703.jpeg\" target=\"_blank\" rel=\"noopener noreferrer\"><img loading=\"lazy\" decoding=\"async\" class=\"alignnone wp-image-20371 size-large\" src=\"https:\/\/www.riu.com\/blog\/wp-content\/uploads\/2020\/09\/javier-riu-plaza-panama-scaled-e1601633306703-700x664.jpeg\" alt=\"\" width=\"700\" height=\"664\" srcset=\"https:\/\/www.riu.com\/blog\/wp-content\/uploads\/2020\/09\/javier-riu-plaza-panama-scaled-e1601633306703-700x664.jpeg 700w, https:\/\/www.riu.com\/blog\/wp-content\/uploads\/2020\/09\/javier-riu-plaza-panama-scaled-e1601633306703-250x237.jpeg 250w, https:\/\/www.riu.com\/blog\/wp-content\/uploads\/2020\/09\/javier-riu-plaza-panama-scaled-e1601633306703-768x728.jpeg 768w, https:\/\/www.riu.com\/blog\/wp-content\/uploads\/2020\/09\/javier-riu-plaza-panama-scaled-e1601633306703-1536x1456.jpeg 1536w, https:\/\/www.riu.com\/blog\/wp-content\/uploads\/2020\/09\/javier-riu-plaza-panama-scaled-e1601633306703-120x114.jpeg 120w, https:\/\/www.riu.com\/blog\/wp-content\/uploads\/2020\/09\/javier-riu-plaza-panama-scaled-e1601633306703.jpeg 1708w\" sizes=\"auto, (max-width: 700px) 100vw, 700px\" \/><\/a><\/p>\n<p>Antes de ser director de este hotel ejerci\u00f3 de Adjunto de Direcci\u00f3n de Operaciones y de subdirector en el <strong>Riu Palace Pacifico<\/strong>, en Puerto Vallarta, durante cinco a\u00f1os. Tras esto, trabaj\u00f3 en el hotel <strong>Riu Plaza Guadalajara<\/strong> y despu\u00e9s aterriz\u00f3 en el <strong>Riu Plaza Panama<\/strong>\u00a0como director, puesto que ocupa en la actualidad.<\/p>\n<p>Para Javier \u201ctrabajar en la l\u00ednea <strong>Riu Plaza<\/strong> es profundamente exigente y gratificante al mismo tiempo\u201d adem\u00e1s de que \u201ca nivel profesional ha sido todo un reto y un orgullo\u201d. Tambi\u00e9n ha querido destacar la labor de su equipo del que dice que es \u201cun excelente grupo de profesionales que est\u00e1 siempre al servicio de la variedad de clientes que visitan el Riu Plaza Panama\u201d. Para Javier lo m\u00e1s importante es que \u201cel cliente que visite un hotel de ciudad regrese con la garant\u00eda y la satisfacci\u00f3n completa\u201d y nosotros estamos seguros de que con \u00e9l lo tenemos garantizado.<\/p>\n<h2><strong>Riu Plaza Guadalajara \u2013 Olivier Cramail<\/strong><\/h2>\n<p>Olivier Cramail comenz\u00f3 en RIU en el a\u00f1o 2010 y lo hac\u00eda como gerente de Alimentos y Bebidas en el <strong>Riu Plaza Panama<\/strong>, por lo que forma parte de este gran proyecto desde su inicio. Es m\u00e1s, \u00e9l mismo afirma haber entrado con grandes expectativas de <em>\u201cparticipar en el posicionamiento de una nueva marca en un mercado muy competitivo\u201d.<\/em> Olivier es un gran ejemplo de esfuerzo y constancia, y es que, tras siete a\u00f1os en Panam\u00e1 comienza su nueva etapa en el hotel <a href=\"https:\/\/www.riu.com\/es\/hotel\/mexico\/guadalajara\/hotel-riu-plaza-guadalajara\/index.jsp\" target=\"_blank\" rel=\"noopener noreferrer\"><strong>Riu Plaza Guadalajara<\/strong><\/a> como director, un puesto que ocupa desde hace dos a\u00f1os. Olivier nos cuenta que cuando lleg\u00f3 a su nuevo destino se qued\u00f3 con la boca abierta porque para \u00e9l <em>\u201cfue impresionante ver c\u00f3mo la empresa en menos de un a\u00f1o fue capaz de aprender y de entender\u00a0los errores del primero<\/em>\u201d siendo esto \u201cel <em>resultado de una gran empresa con grandes profesionales\u201d. <\/em>Olivier habla con gran orgullo de la evoluci\u00f3n que ha dado la cadena durante estos diez a\u00f1os de Riu Plaza y se siente muy orgulloso de trabajar para RIU y, por supuesto, nosotros de \u00e9l.<\/p>\n<p><a href=\"https:\/\/www.riu.com\/blog\/wp-content\/uploads\/2020\/09\/olivier-riu-plaza-guadalajara-scaled-e1601633425830.jpg\" target=\"_blank\" rel=\"noopener noreferrer\"><img loading=\"lazy\" decoding=\"async\" class=\"alignnone wp-image-20383 size-large\" src=\"https:\/\/www.riu.com\/blog\/wp-content\/uploads\/2020\/09\/olivier-riu-plaza-guadalajara-scaled-e1601633425830-700x667.jpg\" alt=\"\" width=\"700\" height=\"667\" srcset=\"https:\/\/www.riu.com\/blog\/wp-content\/uploads\/2020\/09\/olivier-riu-plaza-guadalajara-scaled-e1601633425830-700x667.jpg 700w, https:\/\/www.riu.com\/blog\/wp-content\/uploads\/2020\/09\/olivier-riu-plaza-guadalajara-scaled-e1601633425830-250x238.jpg 250w, https:\/\/www.riu.com\/blog\/wp-content\/uploads\/2020\/09\/olivier-riu-plaza-guadalajara-scaled-e1601633425830-768x732.jpg 768w, https:\/\/www.riu.com\/blog\/wp-content\/uploads\/2020\/09\/olivier-riu-plaza-guadalajara-scaled-e1601633425830-1536x1464.jpg 1536w, https:\/\/www.riu.com\/blog\/wp-content\/uploads\/2020\/09\/olivier-riu-plaza-guadalajara-scaled-e1601633425830-120x114.jpg 120w, https:\/\/www.riu.com\/blog\/wp-content\/uploads\/2020\/09\/olivier-riu-plaza-guadalajara-scaled-e1601633425830.jpg 1920w\" sizes=\"auto, (max-width: 700px) 100vw, 700px\" \/><\/a><\/p>\n<h2><strong>Riu Plaza Miami Beach &#8211; Bernardo Naval<\/strong><\/h2>\n<p>Bernardo Naval empezaba su camino en RIU en el a\u00f1o 2012 y lo hac\u00eda como supervisor de la recepci\u00f3n de mercanc\u00eda. Fue tal su \u00e9xito que en dos meses ya hizo las maletas para realizar el mismo trabajo en Bahamas y Jamaica. Podemos decir que Bernardo ha recorrido mundo con RIU y es que tambi\u00e9n estuvo en Cuba y luego ocup\u00f3 el puesto de Adjunto a la Direcci\u00f3n de Operaciones del Caribe durante tres a\u00f1os. En este \u00faltimo afirma que \u201c<em>tuv<\/em><em>e la oportunidad de ver c\u00f3mo funcionan los hoteles en la operaci\u00f3n\u00a0del d\u00eda a d\u00eda, las relaciones interdepartamentales\u00a0y nutrirme de la experiencia de uno de los Top 5 de la empresa por\u00a0antig\u00fcedad, Alejandro S\u00e1nchez del Arco, Director de Operaciones\u201d<\/em>. Posteriormente, y tras ser ascendido a Subdirector General en el <strong>Riu Palace Jamaica<\/strong>, lleg\u00f3 como director en el a\u00f1o 2016 <strong>al <a href=\"https:\/\/www.riu.com\/es\/hotel\/usa\/miami-beach\/hotel-riu-plaza-miami-beach\/index.jsp\" target=\"_blank\" rel=\"noopener noreferrer\">Riu Plaza Miami Beach<\/a><\/strong>.<\/p>\n<p><a href=\"https:\/\/www.riu.com\/blog\/wp-content\/uploads\/2020\/09\/riu-plaza-miami-beach-1.jpg\" target=\"_blank\" rel=\"noopener noreferrer\"><img loading=\"lazy\" decoding=\"async\" class=\"alignnone wp-image-20392 size-large\" src=\"https:\/\/www.riu.com\/blog\/wp-content\/uploads\/2020\/09\/riu-plaza-miami-beach-1-700x538.jpg\" alt=\"\" width=\"700\" height=\"538\" srcset=\"https:\/\/www.riu.com\/blog\/wp-content\/uploads\/2020\/09\/riu-plaza-miami-beach-1-700x538.jpg 700w, https:\/\/www.riu.com\/blog\/wp-content\/uploads\/2020\/09\/riu-plaza-miami-beach-1-250x192.jpg 250w, https:\/\/www.riu.com\/blog\/wp-content\/uploads\/2020\/09\/riu-plaza-miami-beach-1-768x590.jpg 768w, https:\/\/www.riu.com\/blog\/wp-content\/uploads\/2020\/09\/riu-plaza-miami-beach-1-1536x1180.jpg 1536w, https:\/\/www.riu.com\/blog\/wp-content\/uploads\/2020\/09\/riu-plaza-miami-beach-1-120x92.jpg 120w, https:\/\/www.riu.com\/blog\/wp-content\/uploads\/2020\/09\/riu-plaza-miami-beach-1.jpg 1600w\" sizes=\"auto, (max-width: 700px) 100vw, 700px\" \/><\/a><\/p>\n<p>Tras haber tenido experiencia en hoteles vacacionales, recalca que la principal diferencia entre ambos son el tipo de clientes y la exclusiva ubicaci\u00f3n \u201cque brinda m\u00faltiples atractivos a todo tipo de clientes vengan por el motivo que vengan\u201d adem\u00e1s dice que \u201chay que tener mucha flexibilidad pues el cliente es muy heterog\u00e9neo\u00a0y con necesidades muy diferentes\u201d y es que \u201cun d\u00eda podemos tener una boda de blanco y al otro un evento de altos ejecutivos de una de las firmas financieras m\u00e1s importantes del pa\u00eds\u201d.<\/p>\n<p>Bernardo comenz\u00f3 como director a sus 30 a\u00f1os, algo que le ha tra\u00eddo varios momentos anecd\u00f3ticos como por ejemplo cuando los clientes preguntan por \u00e9l para solicitar cualquier cuesti\u00f3n y lo ven tan joven se sorprenden porque no se lo esperan as\u00ed. Para nosotros Bernardo es el ejemplo de que el talento y experiencia no est\u00e1n re\u00f1idos con la edad.<\/p>\n<h2><strong>Riu Plaza Berlin- Manuel Cid<\/strong><\/h2>\n<p>Hace 25 a\u00f1os que la cadena contaba con las manos de Manuel Cid como recepcionista en Lanzarote, tiempo despu\u00e9s ingresa en el programa de formaci\u00f3n de directores de RIU, siendo parte de su quinta promoci\u00f3n, y tras un par de a\u00f1os pasando por varios hoteles y destinos de Canarias, empez\u00f3 como director de producci\u00f3n en el <strong>hotel <a href=\"https:\/\/www.riu.com\/es\/hotel\/espana\/gran-canaria\/hotel-riu-don-miguel\/index.jsp\" target=\"_blank\" rel=\"noopener noreferrer\">Riu Don Miguel<\/a><\/strong>. La recuerda como <em>\u201cuna experiencia excelente en un hotel conocido por su excelente relaci\u00f3n calidad\/precio\u201d.<\/em> Despu\u00e9s pas\u00f3 por otros destinos como Madeira, al que le tiene especial cari\u00f1o porque dice que particip\u00f3<em> \u201cactivamente en la vida social de la isla e hice amistades que siempre llevar\u00e9 conmigo\u201d. <\/em><\/p>\n<p><a href=\"https:\/\/www.riu.com\/blog\/wp-content\/uploads\/2020\/09\/riu-plaza-berlin-manuel.jpg\" target=\"_blank\" rel=\"noopener noreferrer\"><img loading=\"lazy\" decoding=\"async\" class=\"alignnone wp-image-20389 size-full\" src=\"https:\/\/www.riu.com\/blog\/wp-content\/uploads\/2020\/09\/riu-plaza-berlin-manuel.jpg\" alt=\"\" width=\"640\" height=\"640\" srcset=\"https:\/\/www.riu.com\/blog\/wp-content\/uploads\/2020\/09\/riu-plaza-berlin-manuel.jpg 640w, https:\/\/www.riu.com\/blog\/wp-content\/uploads\/2020\/09\/riu-plaza-berlin-manuel-250x250.jpg 250w, https:\/\/www.riu.com\/blog\/wp-content\/uploads\/2020\/09\/riu-plaza-berlin-manuel-150x150.jpg 150w, https:\/\/www.riu.com\/blog\/wp-content\/uploads\/2020\/09\/riu-plaza-berlin-manuel-120x120.jpg 120w\" sizes=\"auto, (max-width: 640px) 100vw, 640px\" \/><\/a><\/p>\n<p>Fue en el a\u00f1o 2017 cuando <em>\u201clleg\u00f3 la posibilidad de dar un cambio de rumbo profesional y tambi\u00e9n personal. La empresa hab\u00eda empezado con la flamante l\u00ednea de hoteles urbanos Riu Plaza y me ofrecieron la oportunidad de dirigir el hotel de Berl\u00edn que llevaba un a\u00f1o y medio abierto y que fue el primero de la cadena en Europa\u201d.<\/em> Tras varios a\u00f1os dedic\u00e1ndose a los destinos de playa, Manuel decide enfrentarse a este nuevo reto en Berl\u00edn y ahora afirma que \u201ces una suerte poder vivir en una ciudad como Berl\u00edn, desde luego es muy diferente a lo vivido anteriormente pero precisamente ah\u00ed est\u00e1 lo interesante\u201d. Desde RIU alabamos su capacidad de adaptaci\u00f3n, porque de cada destino nos ha hablado con gran cari\u00f1o. Para terminar, ha querido animaros a visitar su destino, y como no, el hotel, \u00e9l dice que no os vais a arrepentir, y nosotros, por supuesto \u00a1le creemos!<\/p>\n<h2><strong>Riu Plaza The Gresham Dublin \u2013 Paul McCracken<\/strong><\/h2>\n<p><strong>Paul McCracken<\/strong> ya era director de este hotel cuando lo adquirimos en el a\u00f1o 2017 y pas\u00f3 a ser el<strong>\u00a0<a href=\"https:\/\/www.riu.com\/es\/hotel\/irlanda\/dublin\/hotel-riu-plaza-the-gresham-dublin\/index.jsp\" target=\"_blank\" rel=\"noopener noreferrer\">Riu Plaza The Gresham Dublin<\/a><\/strong>. El d\u00eda que RIU present\u00f3 este establecimiento, \u00e9l realiz\u00f3 un precioso discurso en el que habl\u00f3 de \u201cla nueva era del hotel\u201d que en ese mismo momento tambi\u00e9n celebraba 200 a\u00f1os de aniversario y es que se trata de uno de los hoteles con m\u00e1s historia de la ciudad, ubicado en la ic\u00f3nica Calle O\u2019Conell de Dubl\u00edn.<\/p>\n<p><a href=\"https:\/\/www.riu.com\/blog\/wp-content\/uploads\/2020\/09\/paul-riu-gresham-dublin-scaled.jpg\" target=\"_blank\" rel=\"noopener noreferrer\"><img loading=\"lazy\" decoding=\"async\" class=\"alignnone wp-image-20386 size-large\" src=\"https:\/\/www.riu.com\/blog\/wp-content\/uploads\/2020\/09\/paul-riu-gresham-dublin-700x525.jpg\" alt=\"\" width=\"700\" height=\"525\" srcset=\"https:\/\/www.riu.com\/blog\/wp-content\/uploads\/2020\/09\/paul-riu-gresham-dublin-700x525.jpg 700w, https:\/\/www.riu.com\/blog\/wp-content\/uploads\/2020\/09\/paul-riu-gresham-dublin-250x188.jpg 250w, https:\/\/www.riu.com\/blog\/wp-content\/uploads\/2020\/09\/paul-riu-gresham-dublin-768x576.jpg 768w, https:\/\/www.riu.com\/blog\/wp-content\/uploads\/2020\/09\/paul-riu-gresham-dublin-1536x1152.jpg 1536w, https:\/\/www.riu.com\/blog\/wp-content\/uploads\/2020\/09\/paul-riu-gresham-dublin-2048x1536.jpg 2048w, https:\/\/www.riu.com\/blog\/wp-content\/uploads\/2020\/09\/paul-riu-gresham-dublin-120x90.jpg 120w\" sizes=\"auto, (max-width: 700px) 100vw, 700px\" \/><\/a><\/p>\n<p>En aquel discurso, tambi\u00e9n dijo que tanto \u00e9l como el equipo que forma el hotel\u00a0 estaban \u00abmuy emocionados por esta nueva etapa ya que cuando se anunci\u00f3 que RIU compraba finalmente el hotel sab\u00edamos que el futuro del hotel estaba asegurado\u201d y ahora, tres a\u00f1os despu\u00e9s, sigue con nosotros. Seguramente, si le vend\u00e1semos los ojos sabr\u00eda reconocer y recorrer todos y cada uno de los rincones de este hotel que lleva su sello. Para nosotros, es todo un honor tenerlo dentro del equipo de RIU ya que sabemos que el\u00a0<strong>Riu Plaza The Gresham Dublin\u00a0<\/strong>no puede estar en mejores manos que en las suyas.<\/p>\n<h2><strong>Riu Plaza New York Times Square &#8211; Katharina Doehler<\/strong><\/h2>\n<p>Nuestra querida Katharina Doehler lleva en RIU desde el a\u00f1o 2005 en el hotel <strong>Riu Ocho Rios<\/strong> donde comienza su historia con la cadena con tan s\u00f3lo 23 a\u00f1os. Despu\u00e9s de diez a\u00f1os en esta isla, en la que tambi\u00e9n estuvo en los hoteles <strong>Riu Negril y Riu Montego<\/strong> <strong>Bay<\/strong>, se traslad\u00f3 a Miami para trabajar en el hotel <strong>Riu Plaza Miami Beach<\/strong>. Fue en el a\u00f1o 2016, 11 a\u00f1os despu\u00e9s de su comienzo en la cadena, cuando Katharina lleg\u00f3 a la gran manzana como directora del hotel <strong><a href=\"https:\/\/www.riu.com\/es\/hotel\/usa\/nueva-york\/hotel-riu-plaza-new-york-times-square\/index.jsp\" target=\"_blank\" rel=\"noopener noreferrer\">Riu Plaza New York Times Square<\/a>. <\/strong><\/p>\n<p><a href=\"https:\/\/www.riu.com\/blog\/wp-content\/uploads\/2020\/09\/katharina-riu-plaza-new-york-times-square-e1601634606212.jpg\" target=\"_blank\" rel=\"noopener noreferrer\"><img loading=\"lazy\" decoding=\"async\" class=\"alignnone wp-image-20377 size-large\" src=\"https:\/\/www.riu.com\/blog\/wp-content\/uploads\/2020\/09\/katharina-riu-plaza-new-york-times-square-e1601634606212-700x593.jpg\" alt=\"\" width=\"700\" height=\"593\" srcset=\"https:\/\/www.riu.com\/blog\/wp-content\/uploads\/2020\/09\/katharina-riu-plaza-new-york-times-square-e1601634606212-700x593.jpg 700w, https:\/\/www.riu.com\/blog\/wp-content\/uploads\/2020\/09\/katharina-riu-plaza-new-york-times-square-e1601634606212-250x212.jpg 250w, https:\/\/www.riu.com\/blog\/wp-content\/uploads\/2020\/09\/katharina-riu-plaza-new-york-times-square-e1601634606212-768x650.jpg 768w, https:\/\/www.riu.com\/blog\/wp-content\/uploads\/2020\/09\/katharina-riu-plaza-new-york-times-square-e1601634606212-120x102.jpg 120w, https:\/\/www.riu.com\/blog\/wp-content\/uploads\/2020\/09\/katharina-riu-plaza-new-york-times-square-e1601634606212.jpg 1512w\" sizes=\"auto, (max-width: 700px) 100vw, 700px\" \/><\/a><\/p>\n<p>Durante sus a\u00f1os de experiencia confiesa no poder decidirse entre playa o ciudad y es que seg\u00fan ella misma afirma \u201c<em>uno tiene que valorar ambas y tomar lo mejor de cada mundo. He disfrutado mucho de la playa, el clima, el sol, la vida relajada y el ritmo lento de todo mientras viv\u00eda en el Caribe, pero vivir en la ciudad y tener todo lo que necesitas a un paso de distancia, tampoco est\u00e1 mal\u201d.<\/em> Para ella vivir en Nueva York es como estar en \u201cun set de cine de Hollywood\u201d y es que uno de sus primeros recuerdos reci\u00e9n llegada a la ciudad es \u201ccuando tuvimos una falsa alarma de incendio, el FDNY apareci\u00f3 en minutos, pero no pudieron irse r\u00e1pido porque los hu\u00e9spedes hicieron fila para hacerse fotos con ellos y el cami\u00f3n de bomberos\u201d.<\/p>\n<p>Katharina, que desde sus inicios en RIU ha pisado fuerte, es la \u00fanica directora de la gama <strong>Riu Plaza<\/strong>, por ahora\u2026<\/p>\n<h2><strong>Riu Plaza Espa\u00f1a \u2013 Manel Jaile<\/strong><\/h2>\n<p>En el a\u00f1o 1997 Manel Jaile entraba a formar parte de la cadena RIU como director del hotel <strong>Riu Palace Maspalomas<\/strong> en el que estuvo unos cuatro a\u00f1os. Despu\u00e9s, pas\u00f3 a ser Delegado Zona de la isla de Gran Canaria, \u00e9poca que por cierto recuerda con gran cari\u00f1o y nostalgia. Podemos decir que su experiencia en la cadena ha sido isle\u00f1a ya que es en Canarias donde ha ejercido pr\u00e1cticamente toda su carrera con nosotros. Adem\u00e1s, tambi\u00e9n gestion\u00f3 durante un tiempo Lanzarote y Madeira, ambos como delegado. Tras varios a\u00f1os en los que entreg\u00f3 su esfuerzo y dedicaci\u00f3n a la isla, le ofrecen la oportunidad de ir a Madrid como Delegado y Director General del <strong><a href=\"https:\/\/www.riu.com\/es\/hotel\/espana\/madrid\/hotel-riu-plaza-espana\/index.jsp\" target=\"_blank\" rel=\"noopener noreferrer\">Riu Plaza Espa\u00f1a<\/a> que <a href=\"https:\/\/www.elconfidencial.com\/empresas\/2019-11-24\/24-horas-luis-riu-hotel-resorts-edificio-espana_2335284\/\" target=\"_blank\" rel=\"noopener noreferrer\">abr\u00eda sus puertas el pasado a\u00f1o<\/a>. <\/strong><\/p>\n<p><a href=\"https:\/\/www.riu.com\/blog\/wp-content\/uploads\/2020\/09\/manel-riu-plaza-espana-e1601634041177.jpg\" target=\"_blank\" rel=\"noopener noreferrer\"><img loading=\"lazy\" decoding=\"async\" class=\"alignnone wp-image-20380 size-large\" src=\"https:\/\/www.riu.com\/blog\/wp-content\/uploads\/2020\/09\/manel-riu-plaza-espana-e1601634041177-700x665.jpg\" alt=\"\" width=\"700\" height=\"665\" srcset=\"https:\/\/www.riu.com\/blog\/wp-content\/uploads\/2020\/09\/manel-riu-plaza-espana-e1601634041177-700x665.jpg 700w, https:\/\/www.riu.com\/blog\/wp-content\/uploads\/2020\/09\/manel-riu-plaza-espana-e1601634041177-250x238.jpg 250w, https:\/\/www.riu.com\/blog\/wp-content\/uploads\/2020\/09\/manel-riu-plaza-espana-e1601634041177-768x730.jpg 768w, https:\/\/www.riu.com\/blog\/wp-content\/uploads\/2020\/09\/manel-riu-plaza-espana-e1601634041177-120x114.jpg 120w, https:\/\/www.riu.com\/blog\/wp-content\/uploads\/2020\/09\/manel-riu-plaza-espana-e1601634041177.jpg 1200w\" sizes=\"auto, (max-width: 700px) 100vw, 700px\" \/><\/a><\/p>\n<p>No es la primera vez de Manel en un hotel de ciudad, dado que ya hab\u00eda estado dirigiendo otros hoteles cuando trabaj\u00f3 para otras cadenas hoteleras. Aunque como \u00e9l cuenta, a pesar de esa experiencia previa dirigir el hotel de RIU en Madrid \u201cha supuesto una nueva meta personal para m\u00ed de motivaci\u00f3n y de conocimiento de c\u00f3mo RIU gestiona lo hoteles de ciudad\u201d. Ahora al frente de este gran hotel, podemos decir que vuelve a sus inicios. En Madrid ha vivido ya muchos momentos especiales, el m\u00e1s importante fue en su apertura ya que para \u00e9l supuso una\u201d gran motivaci\u00f3n y adem\u00e1s fue muy emocionante porque la empresa cont\u00f3 conmigo para abrir este gran hotel\u201d. Adem\u00e1s, destaca que se trata de \u201cun inmueble que de cara a la ciudad significa mucho, para los ciudadanos es un monumento hist\u00f3rico que ha recobrado vida\u201d. Manel tambi\u00e9n ha querido resaltar el \u201cgran equipo humano y profesional que se ha creado partiendo de cero\u201d.<\/p>\n<p>Entre risas cuenta que en el hotel \u201cpasan tantas cosas a diario que podr\u00eda haber escrito un libro\u201d, pero que lo que m\u00e1s le ha impactado ha sido la repercusi\u00f3n medi\u00e1tica y el \u00e9xito de la terraza 360 que ha llegado a tener hasta 4.000 visitas al d\u00eda. Sin duda, este exitoso hotel que preside la Plaza de Espa\u00f1a de Madrid es el reflejo del gran director que hay detr\u00e1s y del equipo que le acompa\u00f1a.<\/p>\n<h2><strong>Riu Plaza Fisherman\u2019s Wharf &#8211; Javier Huertas<\/strong><\/h2>\n<p>Nuestra \u00faltima presentaci\u00f3n es la de Javier Huertas. Se trata de nuestro director m\u00e1s nuevo en la l\u00ednea <strong>Riu Plaza,<\/strong> ya que forma parte de este proyecto desde la adquisici\u00f3n del hotel de San Francisco el pasado a\u00f1o \u00a1pero ya es uno m\u00e1s de esta gran familia! Desde su llegada ha tenido que enfrentarse al cambio de marca y para hacerle frente ha tenido que, seg\u00fan \u00e9l mismo afirma, <em>\u201celevar los niveles de calidad a los est\u00e1ndares de Riu Plaza de un hotel que lleva operando casi 44 a\u00f1os de la misma manera y eso en apenas unos pocos meses. Sin el apoyo e implicaci\u00f3n de los corporativos habr\u00eda sido casi imposible. Tanto el equipo de RIU como los empleados del antiguo hotel, han sabido adaptarse a la nueva operaci\u00f3n y estilo de Riu Plaza\u201d. Por el momento su experiencia en un hotel de ciudad ha sido breve, ya que poco tiempo despu\u00e9s de su llegada tuvo que enfrentarse <\/em>a la crisis provocada por la pandemia del COVID-19 que llev\u00f3 al cierre de hotel.<\/p>\n<p><a href=\"https:\/\/www.riu.com\/blog\/wp-content\/uploads\/2020\/09\/javier-riu-san-francisco-scaled.jpg\" target=\"_blank\" rel=\"noopener noreferrer\"><img loading=\"lazy\" decoding=\"async\" class=\"alignnone wp-image-20374 size-large\" src=\"https:\/\/www.riu.com\/blog\/wp-content\/uploads\/2020\/09\/javier-riu-san-francisco-700x525.jpg\" alt=\"\" width=\"700\" height=\"525\" srcset=\"https:\/\/www.riu.com\/blog\/wp-content\/uploads\/2020\/09\/javier-riu-san-francisco-700x525.jpg 700w, https:\/\/www.riu.com\/blog\/wp-content\/uploads\/2020\/09\/javier-riu-san-francisco-250x187.jpg 250w, https:\/\/www.riu.com\/blog\/wp-content\/uploads\/2020\/09\/javier-riu-san-francisco-768x576.jpg 768w, https:\/\/www.riu.com\/blog\/wp-content\/uploads\/2020\/09\/javier-riu-san-francisco-1536x1152.jpg 1536w, https:\/\/www.riu.com\/blog\/wp-content\/uploads\/2020\/09\/javier-riu-san-francisco-2048x1536.jpg 2048w, https:\/\/www.riu.com\/blog\/wp-content\/uploads\/2020\/09\/javier-riu-san-francisco-120x90.jpg 120w\" sizes=\"auto, (max-width: 700px) 100vw, 700px\" \/><\/a><\/p>\n<p>Pero no os pens\u00e9is que su historia termina aqu\u00ed, porque lleva en RIU desde el a\u00f1o 2011 cuando empez\u00f3 en Puerto Vallarta como subdirector, posteriormente, estuvo en Jamaica como subdirector para luego ser director. Para <em>\u00e9l \u201ctrabajar en una cadena en expansi\u00f3n es algo muy estimulante porque el crecimiento de la misma es algo palpable y te hace sentir parte del proyecto\u201d<\/em>. Sin duda, gracias a personas como \u00e9l, los proyectos salen adelante, y sobre todo, gracias a la fuerza que sacan en los momento dif\u00edciles cuando demuestran que los equipos de los hoteles son peque\u00f1as familias que juntas forman RIU.<\/p>\n<p>Desde aqu\u00ed queremos agradecerles a todos el gran esfuerzo que hacen d\u00eda a d\u00eda porque los hoteles puedan salir adelante, y sobre todo su energ\u00eda durante estos dif\u00edciles meses en los que nos encontramos. Ellos, que siempre cuidan de todo el equipo humano del hotel y de todos los que lo visitan, se merecen este peque\u00f1o reconocimiento. \u00a1Feliz aniversario a todos vosotros!<\/p>\n","protected":false},"excerpt":{"rendered":" \r\nComo ya sabes RIU est\u00e1 celebrando el d\u00e9cimo aniversario de la l\u00ednea de hoteles Riu Plaza. Hace diez a\u00f1os que la cadena se iniciaba en este proyecto que no hubiese sido posible sin el equipo humano que lo forma. Es por esto que hoy te presentamos a los directores de nuestros hoteles de ciudad \u00a1no te lo puedes perder!","protected":false},"author":3,"featured_media":20325,"comment_status":"open","ping_status":"closed","sticky":false,"template":"","format":"standard","meta":{"_acf_changed":false,"footnotes":""},"categories":[3,2251],"tags":[],"class_list":["post-20351","post","type-post","status-publish","format-standard","has-post-thumbnail","hentry","category-hotels","category-proudlycommitted"],"acf":[],"yoast_head":"<!-- This site is optimized with the Yoast SEO plugin v27.2 - https:\/\/yoast.com\/product\/yoast-seo-wordpress\/ -->\n<title>Conoce a los directores de Riu Plaza | Blog RIU.com<\/title>\n<meta name=\"description\" content=\"RIU presenta a los directores de los hoteles Riu Plaza y les brinda un peque\u00f1o homenaje por el 10 aniversario de este proyecto.\" \/>\n<meta name=\"robots\" content=\"index, follow, max-snippet:-1, max-image-preview:large, max-video-preview:-1\" \/>\n<link rel=\"canonical\" href=\"https:\/\/www.riu.com\/blog\/conoce-a-los-directores-de-riu-plaza\/\" \/>\n<meta property=\"og:locale\" content=\"es_ES\" \/>\n<meta property=\"og:type\" content=\"article\" \/>\n<meta property=\"og:title\" content=\"Conoce a los directores de Riu Plaza | Blog RIU.com\" \/>\n<meta property=\"og:description\" content=\"RIU presenta a los directores de los hoteles Riu Plaza y les brinda un peque\u00f1o homenaje por el 10 aniversario de este proyecto.\" \/>\n<meta property=\"og:url\" content=\"https:\/\/www.riu.com\/blog\/conoce-a-los-directores-de-riu-plaza\/\" \/>\n<meta property=\"og:site_name\" content=\"RIU.com | Blog\" \/>\n<meta property=\"article:published_time\" content=\"2020-10-02T10:39:31+00:00\" \/>\n<meta property=\"article:modified_time\" content=\"2024-04-25T09:13:28+00:00\" \/>\n<meta property=\"og:image\" content=\"https:\/\/www.riu.com\/blog\/wp-content\/uploads\/2020\/09\/riunewyork.jpg\" \/>\n\t<meta property=\"og:image:width\" content=\"1000\" \/>\n\t<meta property=\"og:image:height\" content=\"667\" \/>\n\t<meta property=\"og:image:type\" content=\"image\/jpeg\" \/>\n<meta name=\"author\" content=\"Riu Hotels\" \/>\n<meta name=\"twitter:card\" content=\"summary_large_image\" \/>\n<meta name=\"twitter:label1\" content=\"Escrito por\" \/>\n\t<meta name=\"twitter:data1\" content=\"Riu Hotels\" \/>\n\t<meta name=\"twitter:label2\" content=\"Tiempo de lectura\" \/>\n\t<meta name=\"twitter:data2\" content=\"12 minutos\" \/>\n<script type=\"application\/ld+json\" class=\"yoast-schema-graph\">{\"@context\":\"https:\/\/schema.org\",\"@graph\":[{\"@type\":\"NewsArticle\",\"@id\":\"https:\/\/www.riu.com\/blog\/conoce-a-los-directores-de-riu-plaza\/#article\",\"isPartOf\":{\"@id\":\"https:\/\/www.riu.com\/blog\/conoce-a-los-directores-de-riu-plaza\/\"},\"author\":{\"name\":\"Riu Hotels\",\"@id\":\"https:\/\/www.riu.com\/blog\/de\/#\/schema\/person\/0d2e827ad7e2aee20a09a05bdc3fb45f\"},\"headline\":\"\u00a1Conoce a los directores de Riu Plaza!\",\"datePublished\":\"2020-10-02T10:39:31+00:00\",\"dateModified\":\"2024-04-25T09:13:28+00:00\",\"mainEntityOfPage\":{\"@id\":\"https:\/\/www.riu.com\/blog\/conoce-a-los-directores-de-riu-plaza\/\"},\"wordCount\":2366,\"commentCount\":1,\"image\":{\"@id\":\"https:\/\/www.riu.com\/blog\/conoce-a-los-directores-de-riu-plaza\/#primaryimage\"},\"thumbnailUrl\":\"https:\/\/www.riu.com\/blog\/wp-content\/uploads\/2020\/09\/riunewyork.jpg\",\"articleSection\":[\"Hoteles\",\"Proudly Committed\"],\"inLanguage\":\"es\",\"potentialAction\":[{\"@type\":\"CommentAction\",\"name\":\"Comment\",\"target\":[\"https:\/\/www.riu.com\/blog\/conoce-a-los-directores-de-riu-plaza\/#respond\"]}]},{\"@type\":[\"WebPage\",\"ItemPage\"],\"@id\":\"https:\/\/www.riu.com\/blog\/conoce-a-los-directores-de-riu-plaza\/\",\"url\":\"https:\/\/www.riu.com\/blog\/conoce-a-los-directores-de-riu-plaza\/\",\"name\":\"Conoce a los directores de Riu Plaza | Blog RIU.com\",\"isPartOf\":{\"@id\":\"https:\/\/www.riu.com\/blog\/de\/#website\"},\"primaryImageOfPage\":{\"@id\":\"https:\/\/www.riu.com\/blog\/conoce-a-los-directores-de-riu-plaza\/#primaryimage\"},\"image\":{\"@id\":\"https:\/\/www.riu.com\/blog\/conoce-a-los-directores-de-riu-plaza\/#primaryimage\"},\"thumbnailUrl\":\"https:\/\/www.riu.com\/blog\/wp-content\/uploads\/2020\/09\/riunewyork.jpg\",\"datePublished\":\"2020-10-02T10:39:31+00:00\",\"dateModified\":\"2024-04-25T09:13:28+00:00\",\"author\":{\"@id\":\"https:\/\/www.riu.com\/blog\/de\/#\/schema\/person\/0d2e827ad7e2aee20a09a05bdc3fb45f\"},\"description\":\"RIU presenta a los directores de los hoteles Riu Plaza y les brinda un peque\u00f1o homenaje por el 10 aniversario de este proyecto.\",\"breadcrumb\":{\"@id\":\"https:\/\/www.riu.com\/blog\/conoce-a-los-directores-de-riu-plaza\/#breadcrumb\"},\"inLanguage\":\"es\",\"potentialAction\":[{\"@type\":\"ReadAction\",\"target\":[\"https:\/\/www.riu.com\/blog\/conoce-a-los-directores-de-riu-plaza\/\"]}]},{\"@type\":\"ImageObject\",\"inLanguage\":\"es\",\"@id\":\"https:\/\/www.riu.com\/blog\/conoce-a-los-directores-de-riu-plaza\/#primaryimage\",\"url\":\"https:\/\/www.riu.com\/blog\/wp-content\/uploads\/2020\/09\/riunewyork.jpg\",\"contentUrl\":\"https:\/\/www.riu.com\/blog\/wp-content\/uploads\/2020\/09\/riunewyork.jpg\",\"width\":1000,\"height\":667},{\"@type\":\"BreadcrumbList\",\"@id\":\"https:\/\/www.riu.com\/blog\/conoce-a-los-directores-de-riu-plaza\/#breadcrumb\",\"itemListElement\":[{\"@type\":\"ListItem\",\"position\":1,\"name\":\"Portada\",\"item\":\"https:\/\/www.riu.com\/blog\/de\/\"},{\"@type\":\"ListItem\",\"position\":2,\"name\":\"\u00a1Conoce a los directores de Riu Plaza!\"}]},{\"@type\":\"WebSite\",\"@id\":\"https:\/\/www.riu.com\/blog\/de\/#website\",\"url\":\"https:\/\/www.riu.com\/blog\/de\/\",\"name\":\"RIU.com | Blog\",\"description\":\"Blog de Riu Hotels &amp; Resorts | Noticias exclusivas de la cadena Riu Hotels &amp; Resorts | Hoteles en Espa\u00f1a, M\u00e9xico, Jamaica, Rep\u00fablica Dominicana, Portugal, Miami y muchos m\u00e1s.\",\"potentialAction\":[{\"@type\":\"SearchAction\",\"target\":{\"@type\":\"EntryPoint\",\"urlTemplate\":\"https:\/\/www.riu.com\/blog\/de\/?s={search_term_string}\"},\"query-input\":{\"@type\":\"PropertyValueSpecification\",\"valueRequired\":true,\"valueName\":\"search_term_string\"}}],\"inLanguage\":\"es\"},{\"@type\":\"Person\",\"@id\":\"https:\/\/www.riu.com\/blog\/de\/#\/schema\/person\/0d2e827ad7e2aee20a09a05bdc3fb45f\",\"name\":\"Riu Hotels\",\"image\":{\"@type\":\"ImageObject\",\"inLanguage\":\"es\",\"@id\":\"https:\/\/secure.gravatar.com\/avatar\/1845185f5dc0c5d7a3adb797bcd6cae1d3df26e3eead5da96b212485b274bdf3?s=96&d=mm&r=g\",\"url\":\"https:\/\/secure.gravatar.com\/avatar\/1845185f5dc0c5d7a3adb797bcd6cae1d3df26e3eead5da96b212485b274bdf3?s=96&d=mm&r=g\",\"contentUrl\":\"https:\/\/secure.gravatar.com\/avatar\/1845185f5dc0c5d7a3adb797bcd6cae1d3df26e3eead5da96b212485b274bdf3?s=96&d=mm&r=g\",\"caption\":\"Riu Hotels\"},\"url\":\"https:\/\/www.riu.com\/blog\/author\/riu\/\"}]}<\/script>\n<!-- \/ Yoast SEO plugin. -->","yoast_head_json":{"title":"Conoce a los directores de Riu Plaza | Blog RIU.com","description":"RIU presenta a los directores de los hoteles Riu Plaza y les brinda un peque\u00f1o homenaje por el 10 aniversario de este proyecto.","robots":{"index":"index","follow":"follow","max-snippet":"max-snippet:-1","max-image-preview":"max-image-preview:large","max-video-preview":"max-video-preview:-1"},"canonical":"https:\/\/www.riu.com\/blog\/conoce-a-los-directores-de-riu-plaza\/","og_locale":"es_ES","og_type":"article","og_title":"Conoce a los directores de Riu Plaza | Blog RIU.com","og_description":"RIU presenta a los directores de los hoteles Riu Plaza y les brinda un peque\u00f1o homenaje por el 10 aniversario de este proyecto.","og_url":"https:\/\/www.riu.com\/blog\/conoce-a-los-directores-de-riu-plaza\/","og_site_name":"RIU.com | Blog","article_published_time":"2020-10-02T10:39:31+00:00","article_modified_time":"2024-04-25T09:13:28+00:00","og_image":[{"width":1000,"height":667,"url":"https:\/\/www.riu.com\/blog\/wp-content\/uploads\/2020\/09\/riunewyork.jpg","type":"image\/jpeg"}],"author":"Riu Hotels","twitter_card":"summary_large_image","twitter_misc":{"Escrito por":"Riu Hotels","Tiempo de lectura":"12 minutos"},"schema":{"@context":"https:\/\/schema.org","@graph":[{"@type":"NewsArticle","@id":"https:\/\/www.riu.com\/blog\/conoce-a-los-directores-de-riu-plaza\/#article","isPartOf":{"@id":"https:\/\/www.riu.com\/blog\/conoce-a-los-directores-de-riu-plaza\/"},"author":{"name":"Riu Hotels","@id":"https:\/\/www.riu.com\/blog\/de\/#\/schema\/person\/0d2e827ad7e2aee20a09a05bdc3fb45f"},"headline":"\u00a1Conoce a los directores de Riu Plaza!","datePublished":"2020-10-02T10:39:31+00:00","dateModified":"2024-04-25T09:13:28+00:00","mainEntityOfPage":{"@id":"https:\/\/www.riu.com\/blog\/conoce-a-los-directores-de-riu-plaza\/"},"wordCount":2366,"commentCount":1,"image":{"@id":"https:\/\/www.riu.com\/blog\/conoce-a-los-directores-de-riu-plaza\/#primaryimage"},"thumbnailUrl":"https:\/\/www.riu.com\/blog\/wp-content\/uploads\/2020\/09\/riunewyork.jpg","articleSection":["Hoteles","Proudly Committed"],"inLanguage":"es","potentialAction":[{"@type":"CommentAction","name":"Comment","target":["https:\/\/www.riu.com\/blog\/conoce-a-los-directores-de-riu-plaza\/#respond"]}]},{"@type":["WebPage","ItemPage"],"@id":"https:\/\/www.riu.com\/blog\/conoce-a-los-directores-de-riu-plaza\/","url":"https:\/\/www.riu.com\/blog\/conoce-a-los-directores-de-riu-plaza\/","name":"Conoce a los directores de Riu Plaza | Blog RIU.com","isPartOf":{"@id":"https:\/\/www.riu.com\/blog\/de\/#website"},"primaryImageOfPage":{"@id":"https:\/\/www.riu.com\/blog\/conoce-a-los-directores-de-riu-plaza\/#primaryimage"},"image":{"@id":"https:\/\/www.riu.com\/blog\/conoce-a-los-directores-de-riu-plaza\/#primaryimage"},"thumbnailUrl":"https:\/\/www.riu.com\/blog\/wp-content\/uploads\/2020\/09\/riunewyork.jpg","datePublished":"2020-10-02T10:39:31+00:00","dateModified":"2024-04-25T09:13:28+00:00","author":{"@id":"https:\/\/www.riu.com\/blog\/de\/#\/schema\/person\/0d2e827ad7e2aee20a09a05bdc3fb45f"},"description":"RIU presenta a los directores de los hoteles Riu Plaza y les brinda un peque\u00f1o homenaje por el 10 aniversario de este proyecto.","breadcrumb":{"@id":"https:\/\/www.riu.com\/blog\/conoce-a-los-directores-de-riu-plaza\/#breadcrumb"},"inLanguage":"es","potentialAction":[{"@type":"ReadAction","target":["https:\/\/www.riu.com\/blog\/conoce-a-los-directores-de-riu-plaza\/"]}]},{"@type":"ImageObject","inLanguage":"es","@id":"https:\/\/www.riu.com\/blog\/conoce-a-los-directores-de-riu-plaza\/#primaryimage","url":"https:\/\/www.riu.com\/blog\/wp-content\/uploads\/2020\/09\/riunewyork.jpg","contentUrl":"https:\/\/www.riu.com\/blog\/wp-content\/uploads\/2020\/09\/riunewyork.jpg","width":1000,"height":667},{"@type":"BreadcrumbList","@id":"https:\/\/www.riu.com\/blog\/conoce-a-los-directores-de-riu-plaza\/#breadcrumb","itemListElement":[{"@type":"ListItem","position":1,"name":"Portada","item":"https:\/\/www.riu.com\/blog\/de\/"},{"@type":"ListItem","position":2,"name":"\u00a1Conoce a los directores de Riu Plaza!"}]},{"@type":"WebSite","@id":"https:\/\/www.riu.com\/blog\/de\/#website","url":"https:\/\/www.riu.com\/blog\/de\/","name":"RIU.com | Blog","description":"Blog de Riu Hotels &amp; Resorts | Noticias exclusivas de la cadena Riu Hotels &amp; Resorts | Hoteles en Espa\u00f1a, M\u00e9xico, Jamaica, Rep\u00fablica Dominicana, Portugal, Miami y muchos m\u00e1s.","potentialAction":[{"@type":"SearchAction","target":{"@type":"EntryPoint","urlTemplate":"https:\/\/www.riu.com\/blog\/de\/?s={search_term_string}"},"query-input":{"@type":"PropertyValueSpecification","valueRequired":true,"valueName":"search_term_string"}}],"inLanguage":"es"},{"@type":"Person","@id":"https:\/\/www.riu.com\/blog\/de\/#\/schema\/person\/0d2e827ad7e2aee20a09a05bdc3fb45f","name":"Riu Hotels","image":{"@type":"ImageObject","inLanguage":"es","@id":"https:\/\/secure.gravatar.com\/avatar\/1845185f5dc0c5d7a3adb797bcd6cae1d3df26e3eead5da96b212485b274bdf3?s=96&d=mm&r=g","url":"https:\/\/secure.gravatar.com\/avatar\/1845185f5dc0c5d7a3adb797bcd6cae1d3df26e3eead5da96b212485b274bdf3?s=96&d=mm&r=g","contentUrl":"https:\/\/secure.gravatar.com\/avatar\/1845185f5dc0c5d7a3adb797bcd6cae1d3df26e3eead5da96b212485b274bdf3?s=96&d=mm&r=g","caption":"Riu Hotels"},"url":"https:\/\/www.riu.com\/blog\/author\/riu\/"}]}},"_links":{"self":[{"href":"https:\/\/www.riu.com\/blog\/wp-json\/wp\/v2\/posts\/20351","targetHints":{"allow":["GET"]}}],"collection":[{"href":"https:\/\/www.riu.com\/blog\/wp-json\/wp\/v2\/posts"}],"about":[{"href":"https:\/\/www.riu.com\/blog\/wp-json\/wp\/v2\/types\/post"}],"author":[{"embeddable":true,"href":"https:\/\/www.riu.com\/blog\/wp-json\/wp\/v2\/users\/3"}],"replies":[{"embeddable":true,"href":"https:\/\/www.riu.com\/blog\/wp-json\/wp\/v2\/comments?post=20351"}],"version-history":[{"count":4,"href":"https:\/\/www.riu.com\/blog\/wp-json\/wp\/v2\/posts\/20351\/revisions"}],"predecessor-version":[{"id":20681,"href":"https:\/\/www.riu.com\/blog\/wp-json\/wp\/v2\/posts\/20351\/revisions\/20681"}],"wp:featuredmedia":[{"embeddable":true,"href":"https:\/\/www.riu.com\/blog\/wp-json\/wp\/v2\/media\/20325"}],"wp:attachment":[{"href":"https:\/\/www.riu.com\/blog\/wp-json\/wp\/v2\/media?parent=20351"}],"wp:term":[{"taxonomy":"category","embeddable":true,"href":"https:\/\/www.riu.com\/blog\/wp-json\/wp\/v2\/categories?post=20351"},{"taxonomy":"post_tag","embeddable":true,"href":"https:\/\/www.riu.com\/blog\/wp-json\/wp\/v2\/tags?post=20351"}],"curies":[{"name":"wp","href":"https:\/\/api.w.org\/{rel}","templated":true}]}}