{"id":2102,"date":"2016-12-13T16:57:14","date_gmt":"2016-12-13T15:57:14","guid":{"rendered":"http:\/\/www.riu.com\/blog\/?p=2102"},"modified":"2016-12-13T16:57:14","modified_gmt":"2016-12-13T15:57:14","slug":"ahora-ya-no-tendras-que-reservar-en-los-restaurantes-tematicos-de-los-hoteles-riu-de-america-2","status":"publish","type":"post","link":"https:\/\/www.riu.com\/blog\/ahora-ya-no-tendras-que-reservar-en-los-restaurantes-tematicos-de-los-hoteles-riu-de-america-2\/","title":{"rendered":"Ahora ya no tendr\u00e1s que reservar en los restaurantes tem\u00e1ticos de los hoteles RIU de Am\u00e9rica"},"content":{"rendered":"<p><a href=\"http:\/\/www.riu.com\/blog\/wp-content\/uploads\/2016\/12\/XMX_12_022-Copiar.jpg\"><img loading=\"lazy\" decoding=\"async\" class=\"alignnone size-large wp-image-2085\" src=\"http:\/\/www.riu.com\/blog\/wp-content\/uploads\/2016\/12\/XMX_12_022-Copiar-1024x682.jpg\" alt=\"xmx_12_022-copiar\" width=\"1024\" height=\"682\" srcset=\"https:\/\/www.riu.com\/blog\/wp-content\/uploads\/2016\/12\/XMX_12_022-Copiar-1024x682.jpg 1024w, https:\/\/www.riu.com\/blog\/wp-content\/uploads\/2016\/12\/XMX_12_022-Copiar-250x166.jpg 250w, https:\/\/www.riu.com\/blog\/wp-content\/uploads\/2016\/12\/XMX_12_022-Copiar-768x511.jpg 768w, https:\/\/www.riu.com\/blog\/wp-content\/uploads\/2016\/12\/XMX_12_022-Copiar-700x466.jpg 700w, https:\/\/www.riu.com\/blog\/wp-content\/uploads\/2016\/12\/XMX_12_022-Copiar-120x80.jpg 120w, https:\/\/www.riu.com\/blog\/wp-content\/uploads\/2016\/12\/XMX_12_022-Copiar-300x200.jpg 300w, https:\/\/www.riu.com\/blog\/wp-content\/uploads\/2016\/12\/XMX_12_022-Copiar.jpg 1280w\" sizes=\"auto, (max-width: 1024px) 100vw, 1024px\" \/><\/a><\/p>\n<p style=\"text-align: justify;\">Hoy vamos a hacerte muy feliz, y es que tenemos algo que contarte. Se trata de algo que muchos nos hab\u00e9is pedido y que hoy, por fin, podemos decir que ya es oficial: a partir de <strong>ahora ya no tendr\u00e1s que reservar en los restaurantes tem\u00e1ticos<\/strong> de los hoteles <a href=\"http:\/\/www.riu.com\/es\/home.jsp?gclid=CMGcmYPE8dACFYgK0woddUAB7Q\" target=\"_blank\">RIU<\/a> de Am\u00e9rica.<\/p>\n<p><a href=\"http:\/\/www.riu.com\/blog\/wp-content\/uploads\/2016\/12\/XLA_16_078-Copiar.jpg\"><img loading=\"lazy\" decoding=\"async\" class=\"alignnone size-large wp-image-2087\" src=\"http:\/\/www.riu.com\/blog\/wp-content\/uploads\/2016\/12\/XLA_16_078-Copiar-1024x682.jpg\" alt=\"xla_16_078-copiar\" width=\"1024\" height=\"682\" srcset=\"https:\/\/www.riu.com\/blog\/wp-content\/uploads\/2016\/12\/XLA_16_078-Copiar-1024x682.jpg 1024w, https:\/\/www.riu.com\/blog\/wp-content\/uploads\/2016\/12\/XLA_16_078-Copiar-250x167.jpg 250w, https:\/\/www.riu.com\/blog\/wp-content\/uploads\/2016\/12\/XLA_16_078-Copiar-768x512.jpg 768w, https:\/\/www.riu.com\/blog\/wp-content\/uploads\/2016\/12\/XLA_16_078-Copiar-700x466.jpg 700w, https:\/\/www.riu.com\/blog\/wp-content\/uploads\/2016\/12\/XLA_16_078-Copiar-120x80.jpg 120w, https:\/\/www.riu.com\/blog\/wp-content\/uploads\/2016\/12\/XLA_16_078-Copiar-300x200.jpg 300w, https:\/\/www.riu.com\/blog\/wp-content\/uploads\/2016\/12\/XLA_16_078-Copiar.jpg 1280w\" sizes=\"auto, (max-width: 1024px) 100vw, 1024px\" \/><\/a><\/p>\n<p style=\"text-align: justify;\">Nuestro mayor objetivo, y por el que siempre nos esforzamos, es conseguir dar a nuestros clientes la mejor experiencia de vacaciones posible. Queremos contarte que <strong>hemos decidido cambiar el sistema de reservas<\/strong> <strong>de los restaurantes de especialidades<\/strong>. Ahora ya no hay que hacer cola para asegurarse una plaza en los restaurantes de especialidades sino que se adjudicar\u00e1n las mesas dependiendo del orden de llegada al comedor.<\/p>\n<p><a href=\"http:\/\/www.riu.com\/blog\/wp-content\/uploads\/2016\/12\/TEQ_09_068-Copiar.jpg\"><img loading=\"lazy\" decoding=\"async\" class=\"alignnone size-large wp-image-2084\" src=\"http:\/\/www.riu.com\/blog\/wp-content\/uploads\/2016\/12\/TEQ_09_068-Copiar-1024x678.jpg\" alt=\"teq_09_068-copiar\" width=\"1024\" height=\"678\" srcset=\"https:\/\/www.riu.com\/blog\/wp-content\/uploads\/2016\/12\/TEQ_09_068-Copiar-1024x678.jpg 1024w, https:\/\/www.riu.com\/blog\/wp-content\/uploads\/2016\/12\/TEQ_09_068-Copiar-250x165.jpg 250w, https:\/\/www.riu.com\/blog\/wp-content\/uploads\/2016\/12\/TEQ_09_068-Copiar-768x508.jpg 768w, https:\/\/www.riu.com\/blog\/wp-content\/uploads\/2016\/12\/TEQ_09_068-Copiar-700x463.jpg 700w, https:\/\/www.riu.com\/blog\/wp-content\/uploads\/2016\/12\/TEQ_09_068-Copiar-120x79.jpg 120w, https:\/\/www.riu.com\/blog\/wp-content\/uploads\/2016\/12\/TEQ_09_068-Copiar-300x200.jpg 300w, https:\/\/www.riu.com\/blog\/wp-content\/uploads\/2016\/12\/TEQ_09_068-Copiar.jpg 1280w\" sizes=\"auto, (max-width: 1024px) 100vw, 1024px\" \/><\/a><\/p>\n<p style=\"text-align: justify;\">Con el fin de querer mejorar nuestros servicios y el nivel de satisfacci\u00f3n de nuestros clientes, por el momento, <strong>los hoteles del Caribe, M\u00e9xico, Panam\u00e1 y Costa Rica son los que han decidido implantar esta nueva normativa <\/strong>en sus restaurantes tem\u00e1ticos.<\/p>\n<p><a href=\"http:\/\/www.riu.com\/blog\/wp-content\/uploads\/2016\/12\/XLA_16_089-Copiar.jpg\"><img loading=\"lazy\" decoding=\"async\" class=\"alignnone size-large wp-image-2088\" src=\"http:\/\/www.riu.com\/blog\/wp-content\/uploads\/2016\/12\/XLA_16_089-Copiar-1024x682.jpg\" alt=\"xla_16_089-copiar\" width=\"1024\" height=\"682\" srcset=\"https:\/\/www.riu.com\/blog\/wp-content\/uploads\/2016\/12\/XLA_16_089-Copiar-1024x682.jpg 1024w, https:\/\/www.riu.com\/blog\/wp-content\/uploads\/2016\/12\/XLA_16_089-Copiar-250x167.jpg 250w, https:\/\/www.riu.com\/blog\/wp-content\/uploads\/2016\/12\/XLA_16_089-Copiar-768x512.jpg 768w, https:\/\/www.riu.com\/blog\/wp-content\/uploads\/2016\/12\/XLA_16_089-Copiar-700x466.jpg 700w, https:\/\/www.riu.com\/blog\/wp-content\/uploads\/2016\/12\/XLA_16_089-Copiar-120x80.jpg 120w, https:\/\/www.riu.com\/blog\/wp-content\/uploads\/2016\/12\/XLA_16_089-Copiar-300x200.jpg 300w, https:\/\/www.riu.com\/blog\/wp-content\/uploads\/2016\/12\/XLA_16_089-Copiar.jpg 1280w\" sizes=\"auto, (max-width: 1024px) 100vw, 1024px\" \/><\/a><\/p>\n<p><a href=\"http:\/\/www.riu.com\/blog\/wp-content\/uploads\/2016\/12\/XPE_12_099-Copiar.jpg\"><img loading=\"lazy\" decoding=\"async\" class=\"alignnone size-large wp-image-2086\" src=\"http:\/\/www.riu.com\/blog\/wp-content\/uploads\/2016\/12\/XPE_12_099-Copiar-1024x682.jpg\" alt=\"xpe_12_099-copiar\" width=\"1024\" height=\"682\" srcset=\"https:\/\/www.riu.com\/blog\/wp-content\/uploads\/2016\/12\/XPE_12_099-Copiar-1024x682.jpg 1024w, https:\/\/www.riu.com\/blog\/wp-content\/uploads\/2016\/12\/XPE_12_099-Copiar-250x167.jpg 250w, https:\/\/www.riu.com\/blog\/wp-content\/uploads\/2016\/12\/XPE_12_099-Copiar-768x512.jpg 768w, https:\/\/www.riu.com\/blog\/wp-content\/uploads\/2016\/12\/XPE_12_099-Copiar-700x466.jpg 700w, https:\/\/www.riu.com\/blog\/wp-content\/uploads\/2016\/12\/XPE_12_099-Copiar-120x80.jpg 120w, https:\/\/www.riu.com\/blog\/wp-content\/uploads\/2016\/12\/XPE_12_099-Copiar-300x200.jpg 300w, https:\/\/www.riu.com\/blog\/wp-content\/uploads\/2016\/12\/XPE_12_099-Copiar.jpg 1280w\" sizes=\"auto, (max-width: 1024px) 100vw, 1024px\" \/><\/a><\/p>\n<p style=\"text-align: justify;\">En los restaurantes de nuestros hoteles RIU vivir\u00e1s una experiencia gastron\u00f3mica que no puedes perderte. Vas a disfrutar de <strong>platos t\u00edpicos provenientes de cualquier parte del mundo<\/strong>: desde delicias mexicanas hasta sofisticadas piezas de sushi. Prueba nuestros restaurantes de <strong>cocina fusi\u00f3n y contempor\u00e1nea<\/strong>, te aseguramos que no te dejar\u00e1n indiferente. \u00a1Te esperamos en nuestros restaurantes!<\/p>\n","protected":false},"excerpt":{"rendered":"Hoy vamos a hacerte muy feliz, y es que tenemos algo que contarte. Se trata de algo que muchos nos hab\u00e9is pedido y que hoy, por fin, podemos decir que ya es oficial: a partir de ahora ya no tendr\u00e1s que reservar en los restaurantes tem\u00e1ticos de los hoteles RIU de Am\u00e9rica. Nuestro mayor objetivo,&#8230;","protected":false},"author":3,"featured_media":2085,"comment_status":"open","ping_status":"closed","sticky":false,"template":"","format":"standard","meta":{"_acf_changed":false,"footnotes":""},"categories":[3],"tags":[],"class_list":["post-2102","post","type-post","status-publish","format-standard","has-post-thumbnail","hentry","category-hotels"],"acf":[],"yoast_head":"<!-- This site is optimized with the Yoast SEO plugin v27.2 - https:\/\/yoast.com\/product\/yoast-seo-wordpress\/ -->\n<title>Ahora ya no tendr\u00e1s que reservar en los restaurantes tem\u00e1ticos de los hoteles RIU de Am\u00e9rica<\/title>\n<meta name=\"description\" content=\"A partir de ahora ya no tendr\u00e1s que reservar en los restaurantes tem\u00e1ticos de los hoteles RIU de Am\u00e9rica.\" \/>\n<meta name=\"robots\" content=\"index, follow, max-snippet:-1, max-image-preview:large, max-video-preview:-1\" \/>\n<link rel=\"canonical\" href=\"https:\/\/www.riu.com\/blog\/ahora-ya-no-tendras-que-reservar-en-los-restaurantes-tematicos-de-los-hoteles-riu-de-america-2\/\" \/>\n<meta property=\"og:locale\" content=\"es_ES\" \/>\n<meta property=\"og:type\" content=\"article\" \/>\n<meta property=\"og:title\" content=\"Ahora ya no tendr\u00e1s que reservar en los restaurantes tem\u00e1ticos de los hoteles RIU de Am\u00e9rica\" \/>\n<meta property=\"og:description\" content=\"A partir de ahora ya no tendr\u00e1s que reservar en los restaurantes tem\u00e1ticos de los hoteles RIU de Am\u00e9rica.\" \/>\n<meta property=\"og:url\" content=\"https:\/\/www.riu.com\/blog\/ahora-ya-no-tendras-que-reservar-en-los-restaurantes-tematicos-de-los-hoteles-riu-de-america-2\/\" \/>\n<meta property=\"og:site_name\" content=\"RIU.com | Blog\" \/>\n<meta property=\"article:published_time\" content=\"2016-12-13T15:57:14+00:00\" \/>\n<meta property=\"og:image\" content=\"https:\/\/www.riu.com\/blog\/wp-content\/uploads\/2016\/12\/XMX_12_022-Copiar.jpg\" \/>\n\t<meta property=\"og:image:width\" content=\"1280\" \/>\n\t<meta property=\"og:image:height\" content=\"852\" \/>\n\t<meta property=\"og:image:type\" content=\"image\/jpeg\" \/>\n<meta name=\"author\" content=\"Riu Hotels\" \/>\n<meta name=\"twitter:card\" content=\"summary_large_image\" \/>\n<meta name=\"twitter:label1\" content=\"Escrito por\" \/>\n\t<meta name=\"twitter:data1\" content=\"Riu Hotels\" \/>\n\t<meta name=\"twitter:label2\" content=\"Tiempo de lectura\" \/>\n\t<meta name=\"twitter:data2\" content=\"1 minuto\" \/>\n<script type=\"application\/ld+json\" class=\"yoast-schema-graph\">{\"@context\":\"https:\/\/schema.org\",\"@graph\":[{\"@type\":\"NewsArticle\",\"@id\":\"https:\/\/www.riu.com\/blog\/ahora-ya-no-tendras-que-reservar-en-los-restaurantes-tematicos-de-los-hoteles-riu-de-america-2\/#article\",\"isPartOf\":{\"@id\":\"https:\/\/www.riu.com\/blog\/ahora-ya-no-tendras-que-reservar-en-los-restaurantes-tematicos-de-los-hoteles-riu-de-america-2\/\"},\"author\":{\"name\":\"Riu Hotels\",\"@id\":\"https:\/\/www.riu.com\/blog\/de\/#\/schema\/person\/0d2e827ad7e2aee20a09a05bdc3fb45f\"},\"headline\":\"Ahora ya no tendr\u00e1s que reservar en los restaurantes tem\u00e1ticos de los hoteles RIU de Am\u00e9rica\",\"datePublished\":\"2016-12-13T15:57:14+00:00\",\"mainEntityOfPage\":{\"@id\":\"https:\/\/www.riu.com\/blog\/ahora-ya-no-tendras-que-reservar-en-los-restaurantes-tematicos-de-los-hoteles-riu-de-america-2\/\"},\"wordCount\":247,\"commentCount\":0,\"image\":{\"@id\":\"https:\/\/www.riu.com\/blog\/ahora-ya-no-tendras-que-reservar-en-los-restaurantes-tematicos-de-los-hoteles-riu-de-america-2\/#primaryimage\"},\"thumbnailUrl\":\"https:\/\/www.riu.com\/blog\/wp-content\/uploads\/2016\/12\/XMX_12_022-Copiar.jpg\",\"articleSection\":[\"Hoteles\"],\"inLanguage\":\"es\",\"potentialAction\":[{\"@type\":\"CommentAction\",\"name\":\"Comment\",\"target\":[\"https:\/\/www.riu.com\/blog\/ahora-ya-no-tendras-que-reservar-en-los-restaurantes-tematicos-de-los-hoteles-riu-de-america-2\/#respond\"]}]},{\"@type\":[\"WebPage\",\"ItemPage\"],\"@id\":\"https:\/\/www.riu.com\/blog\/ahora-ya-no-tendras-que-reservar-en-los-restaurantes-tematicos-de-los-hoteles-riu-de-america-2\/\",\"url\":\"https:\/\/www.riu.com\/blog\/ahora-ya-no-tendras-que-reservar-en-los-restaurantes-tematicos-de-los-hoteles-riu-de-america-2\/\",\"name\":\"Ahora ya no tendr\u00e1s que reservar en los restaurantes tem\u00e1ticos de los hoteles RIU de Am\u00e9rica\",\"isPartOf\":{\"@id\":\"https:\/\/www.riu.com\/blog\/de\/#website\"},\"primaryImageOfPage\":{\"@id\":\"https:\/\/www.riu.com\/blog\/ahora-ya-no-tendras-que-reservar-en-los-restaurantes-tematicos-de-los-hoteles-riu-de-america-2\/#primaryimage\"},\"image\":{\"@id\":\"https:\/\/www.riu.com\/blog\/ahora-ya-no-tendras-que-reservar-en-los-restaurantes-tematicos-de-los-hoteles-riu-de-america-2\/#primaryimage\"},\"thumbnailUrl\":\"https:\/\/www.riu.com\/blog\/wp-content\/uploads\/2016\/12\/XMX_12_022-Copiar.jpg\",\"datePublished\":\"2016-12-13T15:57:14+00:00\",\"author\":{\"@id\":\"https:\/\/www.riu.com\/blog\/de\/#\/schema\/person\/0d2e827ad7e2aee20a09a05bdc3fb45f\"},\"description\":\"A partir de ahora ya no tendr\u00e1s que reservar en los restaurantes tem\u00e1ticos de los hoteles RIU de Am\u00e9rica.\",\"breadcrumb\":{\"@id\":\"https:\/\/www.riu.com\/blog\/ahora-ya-no-tendras-que-reservar-en-los-restaurantes-tematicos-de-los-hoteles-riu-de-america-2\/#breadcrumb\"},\"inLanguage\":\"es\",\"potentialAction\":[{\"@type\":\"ReadAction\",\"target\":[\"https:\/\/www.riu.com\/blog\/ahora-ya-no-tendras-que-reservar-en-los-restaurantes-tematicos-de-los-hoteles-riu-de-america-2\/\"]}]},{\"@type\":\"ImageObject\",\"inLanguage\":\"es\",\"@id\":\"https:\/\/www.riu.com\/blog\/ahora-ya-no-tendras-que-reservar-en-los-restaurantes-tematicos-de-los-hoteles-riu-de-america-2\/#primaryimage\",\"url\":\"https:\/\/www.riu.com\/blog\/wp-content\/uploads\/2016\/12\/XMX_12_022-Copiar.jpg\",\"contentUrl\":\"https:\/\/www.riu.com\/blog\/wp-content\/uploads\/2016\/12\/XMX_12_022-Copiar.jpg\",\"width\":1280,\"height\":852},{\"@type\":\"BreadcrumbList\",\"@id\":\"https:\/\/www.riu.com\/blog\/ahora-ya-no-tendras-que-reservar-en-los-restaurantes-tematicos-de-los-hoteles-riu-de-america-2\/#breadcrumb\",\"itemListElement\":[{\"@type\":\"ListItem\",\"position\":1,\"name\":\"Portada\",\"item\":\"https:\/\/www.riu.com\/blog\/de\/\"},{\"@type\":\"ListItem\",\"position\":2,\"name\":\"Ahora ya no tendr\u00e1s que reservar en los restaurantes tem\u00e1ticos de los hoteles RIU de Am\u00e9rica\"}]},{\"@type\":\"WebSite\",\"@id\":\"https:\/\/www.riu.com\/blog\/de\/#website\",\"url\":\"https:\/\/www.riu.com\/blog\/de\/\",\"name\":\"RIU.com | Blog\",\"description\":\"Blog de Riu Hotels &amp; Resorts | Noticias exclusivas de la cadena Riu Hotels &amp; Resorts | Hoteles en Espa\u00f1a, M\u00e9xico, Jamaica, Rep\u00fablica Dominicana, Portugal, Miami y muchos m\u00e1s.\",\"potentialAction\":[{\"@type\":\"SearchAction\",\"target\":{\"@type\":\"EntryPoint\",\"urlTemplate\":\"https:\/\/www.riu.com\/blog\/de\/?s={search_term_string}\"},\"query-input\":{\"@type\":\"PropertyValueSpecification\",\"valueRequired\":true,\"valueName\":\"search_term_string\"}}],\"inLanguage\":\"es\"},{\"@type\":\"Person\",\"@id\":\"https:\/\/www.riu.com\/blog\/de\/#\/schema\/person\/0d2e827ad7e2aee20a09a05bdc3fb45f\",\"name\":\"Riu Hotels\",\"image\":{\"@type\":\"ImageObject\",\"inLanguage\":\"es\",\"@id\":\"https:\/\/secure.gravatar.com\/avatar\/1845185f5dc0c5d7a3adb797bcd6cae1d3df26e3eead5da96b212485b274bdf3?s=96&d=mm&r=g\",\"url\":\"https:\/\/secure.gravatar.com\/avatar\/1845185f5dc0c5d7a3adb797bcd6cae1d3df26e3eead5da96b212485b274bdf3?s=96&d=mm&r=g\",\"contentUrl\":\"https:\/\/secure.gravatar.com\/avatar\/1845185f5dc0c5d7a3adb797bcd6cae1d3df26e3eead5da96b212485b274bdf3?s=96&d=mm&r=g\",\"caption\":\"Riu Hotels\"},\"url\":\"https:\/\/www.riu.com\/blog\/author\/riu\/\"}]}<\/script>\n<!-- \/ Yoast SEO plugin. -->","yoast_head_json":{"title":"Ahora ya no tendr\u00e1s que reservar en los restaurantes tem\u00e1ticos de los hoteles RIU de Am\u00e9rica","description":"A partir de ahora ya no tendr\u00e1s que reservar en los restaurantes tem\u00e1ticos de los hoteles RIU de Am\u00e9rica.","robots":{"index":"index","follow":"follow","max-snippet":"max-snippet:-1","max-image-preview":"max-image-preview:large","max-video-preview":"max-video-preview:-1"},"canonical":"https:\/\/www.riu.com\/blog\/ahora-ya-no-tendras-que-reservar-en-los-restaurantes-tematicos-de-los-hoteles-riu-de-america-2\/","og_locale":"es_ES","og_type":"article","og_title":"Ahora ya no tendr\u00e1s que reservar en los restaurantes tem\u00e1ticos de los hoteles RIU de Am\u00e9rica","og_description":"A partir de ahora ya no tendr\u00e1s que reservar en los restaurantes tem\u00e1ticos de los hoteles RIU de Am\u00e9rica.","og_url":"https:\/\/www.riu.com\/blog\/ahora-ya-no-tendras-que-reservar-en-los-restaurantes-tematicos-de-los-hoteles-riu-de-america-2\/","og_site_name":"RIU.com | Blog","article_published_time":"2016-12-13T15:57:14+00:00","og_image":[{"width":1280,"height":852,"url":"https:\/\/www.riu.com\/blog\/wp-content\/uploads\/2016\/12\/XMX_12_022-Copiar.jpg","type":"image\/jpeg"}],"author":"Riu Hotels","twitter_card":"summary_large_image","twitter_misc":{"Escrito por":"Riu Hotels","Tiempo de lectura":"1 minuto"},"schema":{"@context":"https:\/\/schema.org","@graph":[{"@type":"NewsArticle","@id":"https:\/\/www.riu.com\/blog\/ahora-ya-no-tendras-que-reservar-en-los-restaurantes-tematicos-de-los-hoteles-riu-de-america-2\/#article","isPartOf":{"@id":"https:\/\/www.riu.com\/blog\/ahora-ya-no-tendras-que-reservar-en-los-restaurantes-tematicos-de-los-hoteles-riu-de-america-2\/"},"author":{"name":"Riu Hotels","@id":"https:\/\/www.riu.com\/blog\/de\/#\/schema\/person\/0d2e827ad7e2aee20a09a05bdc3fb45f"},"headline":"Ahora ya no tendr\u00e1s que reservar en los restaurantes tem\u00e1ticos de los hoteles RIU de Am\u00e9rica","datePublished":"2016-12-13T15:57:14+00:00","mainEntityOfPage":{"@id":"https:\/\/www.riu.com\/blog\/ahora-ya-no-tendras-que-reservar-en-los-restaurantes-tematicos-de-los-hoteles-riu-de-america-2\/"},"wordCount":247,"commentCount":0,"image":{"@id":"https:\/\/www.riu.com\/blog\/ahora-ya-no-tendras-que-reservar-en-los-restaurantes-tematicos-de-los-hoteles-riu-de-america-2\/#primaryimage"},"thumbnailUrl":"https:\/\/www.riu.com\/blog\/wp-content\/uploads\/2016\/12\/XMX_12_022-Copiar.jpg","articleSection":["Hoteles"],"inLanguage":"es","potentialAction":[{"@type":"CommentAction","name":"Comment","target":["https:\/\/www.riu.com\/blog\/ahora-ya-no-tendras-que-reservar-en-los-restaurantes-tematicos-de-los-hoteles-riu-de-america-2\/#respond"]}]},{"@type":["WebPage","ItemPage"],"@id":"https:\/\/www.riu.com\/blog\/ahora-ya-no-tendras-que-reservar-en-los-restaurantes-tematicos-de-los-hoteles-riu-de-america-2\/","url":"https:\/\/www.riu.com\/blog\/ahora-ya-no-tendras-que-reservar-en-los-restaurantes-tematicos-de-los-hoteles-riu-de-america-2\/","name":"Ahora ya no tendr\u00e1s que reservar en los restaurantes tem\u00e1ticos de los hoteles RIU de Am\u00e9rica","isPartOf":{"@id":"https:\/\/www.riu.com\/blog\/de\/#website"},"primaryImageOfPage":{"@id":"https:\/\/www.riu.com\/blog\/ahora-ya-no-tendras-que-reservar-en-los-restaurantes-tematicos-de-los-hoteles-riu-de-america-2\/#primaryimage"},"image":{"@id":"https:\/\/www.riu.com\/blog\/ahora-ya-no-tendras-que-reservar-en-los-restaurantes-tematicos-de-los-hoteles-riu-de-america-2\/#primaryimage"},"thumbnailUrl":"https:\/\/www.riu.com\/blog\/wp-content\/uploads\/2016\/12\/XMX_12_022-Copiar.jpg","datePublished":"2016-12-13T15:57:14+00:00","author":{"@id":"https:\/\/www.riu.com\/blog\/de\/#\/schema\/person\/0d2e827ad7e2aee20a09a05bdc3fb45f"},"description":"A partir de ahora ya no tendr\u00e1s que reservar en los restaurantes tem\u00e1ticos de los hoteles RIU de Am\u00e9rica.","breadcrumb":{"@id":"https:\/\/www.riu.com\/blog\/ahora-ya-no-tendras-que-reservar-en-los-restaurantes-tematicos-de-los-hoteles-riu-de-america-2\/#breadcrumb"},"inLanguage":"es","potentialAction":[{"@type":"ReadAction","target":["https:\/\/www.riu.com\/blog\/ahora-ya-no-tendras-que-reservar-en-los-restaurantes-tematicos-de-los-hoteles-riu-de-america-2\/"]}]},{"@type":"ImageObject","inLanguage":"es","@id":"https:\/\/www.riu.com\/blog\/ahora-ya-no-tendras-que-reservar-en-los-restaurantes-tematicos-de-los-hoteles-riu-de-america-2\/#primaryimage","url":"https:\/\/www.riu.com\/blog\/wp-content\/uploads\/2016\/12\/XMX_12_022-Copiar.jpg","contentUrl":"https:\/\/www.riu.com\/blog\/wp-content\/uploads\/2016\/12\/XMX_12_022-Copiar.jpg","width":1280,"height":852},{"@type":"BreadcrumbList","@id":"https:\/\/www.riu.com\/blog\/ahora-ya-no-tendras-que-reservar-en-los-restaurantes-tematicos-de-los-hoteles-riu-de-america-2\/#breadcrumb","itemListElement":[{"@type":"ListItem","position":1,"name":"Portada","item":"https:\/\/www.riu.com\/blog\/de\/"},{"@type":"ListItem","position":2,"name":"Ahora ya no tendr\u00e1s que reservar en los restaurantes tem\u00e1ticos de los hoteles RIU de Am\u00e9rica"}]},{"@type":"WebSite","@id":"https:\/\/www.riu.com\/blog\/de\/#website","url":"https:\/\/www.riu.com\/blog\/de\/","name":"RIU.com | Blog","description":"Blog de Riu Hotels &amp; Resorts | Noticias exclusivas de la cadena Riu Hotels &amp; Resorts | Hoteles en Espa\u00f1a, M\u00e9xico, Jamaica, Rep\u00fablica Dominicana, Portugal, Miami y muchos m\u00e1s.","potentialAction":[{"@type":"SearchAction","target":{"@type":"EntryPoint","urlTemplate":"https:\/\/www.riu.com\/blog\/de\/?s={search_term_string}"},"query-input":{"@type":"PropertyValueSpecification","valueRequired":true,"valueName":"search_term_string"}}],"inLanguage":"es"},{"@type":"Person","@id":"https:\/\/www.riu.com\/blog\/de\/#\/schema\/person\/0d2e827ad7e2aee20a09a05bdc3fb45f","name":"Riu Hotels","image":{"@type":"ImageObject","inLanguage":"es","@id":"https:\/\/secure.gravatar.com\/avatar\/1845185f5dc0c5d7a3adb797bcd6cae1d3df26e3eead5da96b212485b274bdf3?s=96&d=mm&r=g","url":"https:\/\/secure.gravatar.com\/avatar\/1845185f5dc0c5d7a3adb797bcd6cae1d3df26e3eead5da96b212485b274bdf3?s=96&d=mm&r=g","contentUrl":"https:\/\/secure.gravatar.com\/avatar\/1845185f5dc0c5d7a3adb797bcd6cae1d3df26e3eead5da96b212485b274bdf3?s=96&d=mm&r=g","caption":"Riu Hotels"},"url":"https:\/\/www.riu.com\/blog\/author\/riu\/"}]}},"_links":{"self":[{"href":"https:\/\/www.riu.com\/blog\/wp-json\/wp\/v2\/posts\/2102","targetHints":{"allow":["GET"]}}],"collection":[{"href":"https:\/\/www.riu.com\/blog\/wp-json\/wp\/v2\/posts"}],"about":[{"href":"https:\/\/www.riu.com\/blog\/wp-json\/wp\/v2\/types\/post"}],"author":[{"embeddable":true,"href":"https:\/\/www.riu.com\/blog\/wp-json\/wp\/v2\/users\/3"}],"replies":[{"embeddable":true,"href":"https:\/\/www.riu.com\/blog\/wp-json\/wp\/v2\/comments?post=2102"}],"version-history":[{"count":1,"href":"https:\/\/www.riu.com\/blog\/wp-json\/wp\/v2\/posts\/2102\/revisions"}],"predecessor-version":[{"id":2103,"href":"https:\/\/www.riu.com\/blog\/wp-json\/wp\/v2\/posts\/2102\/revisions\/2103"}],"wp:featuredmedia":[{"embeddable":true,"href":"https:\/\/www.riu.com\/blog\/wp-json\/wp\/v2\/media\/2085"}],"wp:attachment":[{"href":"https:\/\/www.riu.com\/blog\/wp-json\/wp\/v2\/media?parent=2102"}],"wp:term":[{"taxonomy":"category","embeddable":true,"href":"https:\/\/www.riu.com\/blog\/wp-json\/wp\/v2\/categories?post=2102"},{"taxonomy":"post_tag","embeddable":true,"href":"https:\/\/www.riu.com\/blog\/wp-json\/wp\/v2\/tags?post=2102"}],"curies":[{"name":"wp","href":"https:\/\/api.w.org\/{rel}","templated":true}]}}