{"id":2394,"date":"2017-02-24T16:52:33","date_gmt":"2017-02-24T15:52:33","guid":{"rendered":"http:\/\/www.riu.com\/blog\/?p=2394\/"},"modified":"2017-02-24T16:52:33","modified_gmt":"2017-02-24T15:52:33","slug":"jamaica-mes-febrero-recuerda-gran-idolo-la-musica","status":"publish","type":"post","link":"https:\/\/www.riu.com\/blog\/jamaica-mes-febrero-recuerda-gran-idolo-la-musica\/","title":{"rendered":"Jamaica, cada mes de febrero, recuerda a un gran \u00eddolo de la m\u00fasica"},"content":{"rendered":"<p><a href=\"http:\/\/www.riu.com\/blog\/wp-content\/uploads\/2017\/02\/JAMAICA_04_010-1.jpg\"><img loading=\"lazy\" decoding=\"async\" class=\"alignnone size-large wp-image-2396\" src=\"http:\/\/www.riu.com\/blog\/wp-content\/uploads\/2017\/02\/JAMAICA_04_010-1-1024x691.jpg\" alt=\"\" width=\"1024\" height=\"691\" srcset=\"https:\/\/www.riu.com\/blog\/wp-content\/uploads\/2017\/02\/JAMAICA_04_010-1-1024x691.jpg 1024w, https:\/\/www.riu.com\/blog\/wp-content\/uploads\/2017\/02\/JAMAICA_04_010-1-250x169.jpg 250w, https:\/\/www.riu.com\/blog\/wp-content\/uploads\/2017\/02\/JAMAICA_04_010-1-700x473.jpg 700w, https:\/\/www.riu.com\/blog\/wp-content\/uploads\/2017\/02\/JAMAICA_04_010-1-120x81.jpg 120w, https:\/\/www.riu.com\/blog\/wp-content\/uploads\/2017\/02\/JAMAICA_04_010-1-768x519.jpg 768w, https:\/\/www.riu.com\/blog\/wp-content\/uploads\/2017\/02\/JAMAICA_04_010-1-300x203.jpg 300w\" sizes=\"auto, (max-width: 1024px) 100vw, 1024px\" \/><\/a><\/p>\n<p>Cada mes de febrero <strong>Jamaica est\u00e1 de celebraci\u00f3n<\/strong>, \u00bfquieres saber por qu\u00e9?, vamos a darte algunas pistas\u2026 Un artista muy famoso naci\u00f3 el 6 de febrero de 1945 en Nine Mile, Jamaica; fue m\u00fasico, guitarrista y compositor; su caracter\u00edstica m\u00e1s distintiva fueron y son sus rastas, fue y sigue siendo el m\u00e1s conocido y respetado int\u00e9rprete de la m\u00fasica reggae y cre\u00f3 \u00e9xitos tales como \u201cNo woman, No cry\u201d. Te lo hemos puesto muy f\u00e1cil, \u00bfverdad?<strong> Jamaica recuerda al gran Bob Marley al ritmo de la m\u00fasica reggae y el ritmo rastafari.<\/strong><\/p>\n<p><a href=\"http:\/\/www.riu.com\/blog\/wp-content\/uploads\/2017\/02\/JAMAICA_04_008-1.jpg\"><img loading=\"lazy\" decoding=\"async\" class=\"alignnone wp-image-2395\" src=\"http:\/\/www.riu.com\/blog\/wp-content\/uploads\/2017\/02\/JAMAICA_04_008-1.jpg\" alt=\"\" width=\"734\" height=\"490\" srcset=\"https:\/\/www.riu.com\/blog\/wp-content\/uploads\/2017\/02\/JAMAICA_04_008-1.jpg 640w, https:\/\/www.riu.com\/blog\/wp-content\/uploads\/2017\/02\/JAMAICA_04_008-1-250x167.jpg 250w, https:\/\/www.riu.com\/blog\/wp-content\/uploads\/2017\/02\/JAMAICA_04_008-1-120x80.jpg 120w, https:\/\/www.riu.com\/blog\/wp-content\/uploads\/2017\/02\/JAMAICA_04_008-1-300x200.jpg 300w\" sizes=\"auto, (max-width: 734px) 100vw, 734px\" \/><\/a><\/p>\n<p>A\u00f1o tras a\u00f1o, la isla caribe\u00f1a rinde tributo al gran icono jamaiquino con <strong>actividades culturales, deportivas y musicales<\/strong>. De esta forma organizan una gran fiesta en la que <strong>se<\/strong> <strong>celebra el setenta cumplea\u00f1os del artista<\/strong>. Adem\u00e1s los presentes pueden disfrutar de una variedad de <strong>conciertos gratuitos, en los que act\u00faan <\/strong><strong>artistas de\u00a0reggae\u00a0locales e internacionales<\/strong> en el muelle de la capital de\u00a0Jamaica\u00a0(Kingston).<\/p>\n<p><a href=\"http:\/\/www.riu.com\/blog\/wp-content\/uploads\/2017\/02\/JAMAICA_04_014-1.jpg\"><img loading=\"lazy\" decoding=\"async\" class=\"alignnone size-large wp-image-2398\" src=\"http:\/\/www.riu.com\/blog\/wp-content\/uploads\/2017\/02\/JAMAICA_04_014-1-1024x687.jpg\" alt=\"\" width=\"1024\" height=\"687\" srcset=\"https:\/\/www.riu.com\/blog\/wp-content\/uploads\/2017\/02\/JAMAICA_04_014-1-1024x687.jpg 1024w, https:\/\/www.riu.com\/blog\/wp-content\/uploads\/2017\/02\/JAMAICA_04_014-1-250x168.jpg 250w, https:\/\/www.riu.com\/blog\/wp-content\/uploads\/2017\/02\/JAMAICA_04_014-1-700x469.jpg 700w, https:\/\/www.riu.com\/blog\/wp-content\/uploads\/2017\/02\/JAMAICA_04_014-1-120x80.jpg 120w, https:\/\/www.riu.com\/blog\/wp-content\/uploads\/2017\/02\/JAMAICA_04_014-1-768x515.jpg 768w, https:\/\/www.riu.com\/blog\/wp-content\/uploads\/2017\/02\/JAMAICA_04_014-1-300x200.jpg 300w\" sizes=\"auto, (max-width: 1024px) 100vw, 1024px\" \/><\/a><\/p>\n<p>Marley se convirti\u00f3 en todo un s\u00edmbolo de la m\u00fasica. <strong>Expuso su conciencia pol\u00edtica, racial y social a trav\u00e9s de su m\u00fasica y as\u00ed consigui\u00f3 meterse en el coraz\u00f3n de tantas y tantas personas<\/strong>. No es de extra\u00f1ar que Jamaica lo siga recordando con el respeto que este gran artista merece.<\/p>\n<p><a href=\"http:\/\/www.riu.com\/blog\/wp-content\/uploads\/2017\/02\/JAMAICA_04_012-1.jpg\"><img loading=\"lazy\" decoding=\"async\" class=\"alignnone wp-image-2397\" src=\"http:\/\/www.riu.com\/blog\/wp-content\/uploads\/2017\/02\/JAMAICA_04_012-1.jpg\" alt=\"\" width=\"735\" height=\"493\" srcset=\"https:\/\/www.riu.com\/blog\/wp-content\/uploads\/2017\/02\/JAMAICA_04_012-1.jpg 640w, https:\/\/www.riu.com\/blog\/wp-content\/uploads\/2017\/02\/JAMAICA_04_012-1-250x168.jpg 250w, https:\/\/www.riu.com\/blog\/wp-content\/uploads\/2017\/02\/JAMAICA_04_012-1-120x80.jpg 120w, https:\/\/www.riu.com\/blog\/wp-content\/uploads\/2017\/02\/JAMAICA_04_012-1-300x200.jpg 300w\" sizes=\"auto, (max-width: 735px) 100vw, 735px\" \/><\/a><\/p>\n<p>Si est\u00e1s buscando un lugar donde pasar tus vacaciones, no te lo pienses m\u00e1s. <strong><a href=\"http:\/\/www.riu.com\/es\/Paises\/jamaica\/index.jsp\">Jamaica<\/a> te ofrece paisajes ex\u00f3ticos, impresionantes monta\u00f1as, playas paradisiacas, aventura y entretenimiento<\/strong>. En <a href=\"http:\/\/www.riu.com\">RIU Hotels &amp; Resorts<\/a> estamos seguros de que esta isla es tu destino. Elige tu hotel y no te lo pienses m\u00e1s:<\/p>\n<ul>\n<li>ClubHotel Riu Negril<\/li>\n<\/ul>\n<ul>\n<li>Riu Palace Tropical Bay<\/li>\n<\/ul>\n<ul>\n<li>ClubHotel Riu Ocho Rios<\/li>\n<\/ul>\n<ul>\n<li>Riu Montego Bay<\/li>\n<\/ul>\n<ul>\n<li>Riu Palace Jamaica<\/li>\n<\/ul>\n<ul>\n<li>Riu Reggae, este \u00faltimo, con su nombre hace honor a la m\u00fasica reggae.<\/li>\n<\/ul>\n","protected":false},"excerpt":{"rendered":"Cada mes de febrero Jamaica est\u00e1 de celebraci\u00f3n, \u00bfquieres saber por qu\u00e9?, vamos a darte algunas pistas\u2026 Un artista muy famoso naci\u00f3 el 6 de febrero de 1945 en Nine Mile, Jamaica; fue m\u00fasico, guitarrista y compositor; su caracter\u00edstica m\u00e1s distintiva fueron y son sus rastas, fue y sigue siendo el m\u00e1s conocido y respetado&#8230;","protected":false},"author":3,"featured_media":2396,"comment_status":"open","ping_status":"closed","sticky":false,"template":"","format":"standard","meta":{"_acf_changed":false,"footnotes":""},"categories":[42],"tags":[],"class_list":["post-2394","post","type-post","status-publish","format-standard","has-post-thumbnail","hentry","category-destino"],"acf":[],"yoast_head":"<!-- This site is optimized with the Yoast SEO plugin v27.2 - https:\/\/yoast.com\/product\/yoast-seo-wordpress\/ -->\n<title>Jamaica, cada mes de febrero, recuerda a un gran \u00eddolo de la m\u00fasica<\/title>\n<meta name=\"description\" content=\"Cada mes de febrero Jamaica est\u00e1 de celebraci\u00f3n, \u00bfquieres saber por qu\u00e9?, vamos a darte algunas pistas\u2026\" \/>\n<meta name=\"robots\" content=\"index, follow, max-snippet:-1, max-image-preview:large, max-video-preview:-1\" \/>\n<link rel=\"canonical\" href=\"https:\/\/www.riu.com\/blog\/jamaica-mes-febrero-recuerda-gran-idolo-la-musica\/\" \/>\n<meta property=\"og:locale\" content=\"es_ES\" \/>\n<meta property=\"og:type\" content=\"article\" \/>\n<meta property=\"og:title\" content=\"Jamaica, cada mes de febrero, recuerda a un gran \u00eddolo de la m\u00fasica\" \/>\n<meta property=\"og:description\" content=\"Cada mes de febrero Jamaica est\u00e1 de celebraci\u00f3n, \u00bfquieres saber por qu\u00e9?, vamos a darte algunas pistas\u2026\" \/>\n<meta property=\"og:url\" content=\"https:\/\/www.riu.com\/blog\/jamaica-mes-febrero-recuerda-gran-idolo-la-musica\/\" \/>\n<meta property=\"og:site_name\" content=\"RIU.com | Blog\" \/>\n<meta property=\"article:published_time\" content=\"2017-02-24T15:52:33+00:00\" \/>\n<meta property=\"og:image\" content=\"https:\/\/www.riu.com\/blog\/wp-content\/uploads\/2017\/02\/JAMAICA_04_010-1.jpg\" \/>\n\t<meta property=\"og:image:width\" content=\"3726\" \/>\n\t<meta property=\"og:image:height\" content=\"2516\" \/>\n\t<meta property=\"og:image:type\" content=\"image\/jpeg\" \/>\n<meta name=\"author\" content=\"Riu Hotels\" \/>\n<meta name=\"twitter:card\" content=\"summary_large_image\" \/>\n<meta name=\"twitter:label1\" content=\"Escrito por\" \/>\n\t<meta name=\"twitter:data1\" content=\"Riu Hotels\" \/>\n\t<meta name=\"twitter:label2\" content=\"Tiempo de lectura\" \/>\n\t<meta name=\"twitter:data2\" content=\"2 minutos\" \/>\n<script type=\"application\/ld+json\" class=\"yoast-schema-graph\">{\"@context\":\"https:\/\/schema.org\",\"@graph\":[{\"@type\":\"NewsArticle\",\"@id\":\"https:\/\/www.riu.com\/blog\/jamaica-mes-febrero-recuerda-gran-idolo-la-musica\/#article\",\"isPartOf\":{\"@id\":\"https:\/\/www.riu.com\/blog\/jamaica-mes-febrero-recuerda-gran-idolo-la-musica\/\"},\"author\":{\"name\":\"Riu Hotels\",\"@id\":\"https:\/\/www.riu.com\/blog\/de\/#\/schema\/person\/0d2e827ad7e2aee20a09a05bdc3fb45f\"},\"headline\":\"Jamaica, cada mes de febrero, recuerda a un gran \u00eddolo de la m\u00fasica\",\"datePublished\":\"2017-02-24T15:52:33+00:00\",\"mainEntityOfPage\":{\"@id\":\"https:\/\/www.riu.com\/blog\/jamaica-mes-febrero-recuerda-gran-idolo-la-musica\/\"},\"wordCount\":327,\"commentCount\":0,\"image\":{\"@id\":\"https:\/\/www.riu.com\/blog\/jamaica-mes-febrero-recuerda-gran-idolo-la-musica\/#primaryimage\"},\"thumbnailUrl\":\"https:\/\/www.riu.com\/blog\/wp-content\/uploads\/2017\/02\/JAMAICA_04_010-1.jpg\",\"articleSection\":[\"Destino\"],\"inLanguage\":\"es\",\"potentialAction\":[{\"@type\":\"CommentAction\",\"name\":\"Comment\",\"target\":[\"https:\/\/www.riu.com\/blog\/jamaica-mes-febrero-recuerda-gran-idolo-la-musica\/#respond\"]}]},{\"@type\":[\"WebPage\",\"ItemPage\"],\"@id\":\"https:\/\/www.riu.com\/blog\/jamaica-mes-febrero-recuerda-gran-idolo-la-musica\/\",\"url\":\"https:\/\/www.riu.com\/blog\/jamaica-mes-febrero-recuerda-gran-idolo-la-musica\/\",\"name\":\"Jamaica, cada mes de febrero, recuerda a un gran \u00eddolo de la m\u00fasica\",\"isPartOf\":{\"@id\":\"https:\/\/www.riu.com\/blog\/de\/#website\"},\"primaryImageOfPage\":{\"@id\":\"https:\/\/www.riu.com\/blog\/jamaica-mes-febrero-recuerda-gran-idolo-la-musica\/#primaryimage\"},\"image\":{\"@id\":\"https:\/\/www.riu.com\/blog\/jamaica-mes-febrero-recuerda-gran-idolo-la-musica\/#primaryimage\"},\"thumbnailUrl\":\"https:\/\/www.riu.com\/blog\/wp-content\/uploads\/2017\/02\/JAMAICA_04_010-1.jpg\",\"datePublished\":\"2017-02-24T15:52:33+00:00\",\"author\":{\"@id\":\"https:\/\/www.riu.com\/blog\/de\/#\/schema\/person\/0d2e827ad7e2aee20a09a05bdc3fb45f\"},\"description\":\"Cada mes de febrero Jamaica est\u00e1 de celebraci\u00f3n, \u00bfquieres saber por qu\u00e9?, vamos a darte algunas pistas\u2026\",\"breadcrumb\":{\"@id\":\"https:\/\/www.riu.com\/blog\/jamaica-mes-febrero-recuerda-gran-idolo-la-musica\/#breadcrumb\"},\"inLanguage\":\"es\",\"potentialAction\":[{\"@type\":\"ReadAction\",\"target\":[\"https:\/\/www.riu.com\/blog\/jamaica-mes-febrero-recuerda-gran-idolo-la-musica\/\"]}]},{\"@type\":\"ImageObject\",\"inLanguage\":\"es\",\"@id\":\"https:\/\/www.riu.com\/blog\/jamaica-mes-febrero-recuerda-gran-idolo-la-musica\/#primaryimage\",\"url\":\"https:\/\/www.riu.com\/blog\/wp-content\/uploads\/2017\/02\/JAMAICA_04_010-1.jpg\",\"contentUrl\":\"https:\/\/www.riu.com\/blog\/wp-content\/uploads\/2017\/02\/JAMAICA_04_010-1.jpg\",\"width\":3726,\"height\":2516},{\"@type\":\"BreadcrumbList\",\"@id\":\"https:\/\/www.riu.com\/blog\/jamaica-mes-febrero-recuerda-gran-idolo-la-musica\/#breadcrumb\",\"itemListElement\":[{\"@type\":\"ListItem\",\"position\":1,\"name\":\"Portada\",\"item\":\"https:\/\/www.riu.com\/blog\/de\/\"},{\"@type\":\"ListItem\",\"position\":2,\"name\":\"Jamaica, cada mes de febrero, recuerda a un gran \u00eddolo de la m\u00fasica\"}]},{\"@type\":\"WebSite\",\"@id\":\"https:\/\/www.riu.com\/blog\/de\/#website\",\"url\":\"https:\/\/www.riu.com\/blog\/de\/\",\"name\":\"RIU.com | Blog\",\"description\":\"Blog de Riu Hotels &amp; Resorts | Noticias exclusivas de la cadena Riu Hotels &amp; Resorts | Hoteles en Espa\u00f1a, M\u00e9xico, Jamaica, Rep\u00fablica Dominicana, Portugal, Miami y muchos m\u00e1s.\",\"potentialAction\":[{\"@type\":\"SearchAction\",\"target\":{\"@type\":\"EntryPoint\",\"urlTemplate\":\"https:\/\/www.riu.com\/blog\/de\/?s={search_term_string}\"},\"query-input\":{\"@type\":\"PropertyValueSpecification\",\"valueRequired\":true,\"valueName\":\"search_term_string\"}}],\"inLanguage\":\"es\"},{\"@type\":\"Person\",\"@id\":\"https:\/\/www.riu.com\/blog\/de\/#\/schema\/person\/0d2e827ad7e2aee20a09a05bdc3fb45f\",\"name\":\"Riu Hotels\",\"image\":{\"@type\":\"ImageObject\",\"inLanguage\":\"es\",\"@id\":\"https:\/\/secure.gravatar.com\/avatar\/1845185f5dc0c5d7a3adb797bcd6cae1d3df26e3eead5da96b212485b274bdf3?s=96&d=mm&r=g\",\"url\":\"https:\/\/secure.gravatar.com\/avatar\/1845185f5dc0c5d7a3adb797bcd6cae1d3df26e3eead5da96b212485b274bdf3?s=96&d=mm&r=g\",\"contentUrl\":\"https:\/\/secure.gravatar.com\/avatar\/1845185f5dc0c5d7a3adb797bcd6cae1d3df26e3eead5da96b212485b274bdf3?s=96&d=mm&r=g\",\"caption\":\"Riu Hotels\"},\"url\":\"https:\/\/www.riu.com\/blog\/author\/riu\/\"}]}<\/script>\n<!-- \/ Yoast SEO plugin. -->","yoast_head_json":{"title":"Jamaica, cada mes de febrero, recuerda a un gran \u00eddolo de la m\u00fasica","description":"Cada mes de febrero Jamaica est\u00e1 de celebraci\u00f3n, \u00bfquieres saber por qu\u00e9?, vamos a darte algunas pistas\u2026","robots":{"index":"index","follow":"follow","max-snippet":"max-snippet:-1","max-image-preview":"max-image-preview:large","max-video-preview":"max-video-preview:-1"},"canonical":"https:\/\/www.riu.com\/blog\/jamaica-mes-febrero-recuerda-gran-idolo-la-musica\/","og_locale":"es_ES","og_type":"article","og_title":"Jamaica, cada mes de febrero, recuerda a un gran \u00eddolo de la m\u00fasica","og_description":"Cada mes de febrero Jamaica est\u00e1 de celebraci\u00f3n, \u00bfquieres saber por qu\u00e9?, vamos a darte algunas pistas\u2026","og_url":"https:\/\/www.riu.com\/blog\/jamaica-mes-febrero-recuerda-gran-idolo-la-musica\/","og_site_name":"RIU.com | Blog","article_published_time":"2017-02-24T15:52:33+00:00","og_image":[{"width":3726,"height":2516,"url":"https:\/\/www.riu.com\/blog\/wp-content\/uploads\/2017\/02\/JAMAICA_04_010-1.jpg","type":"image\/jpeg"}],"author":"Riu Hotels","twitter_card":"summary_large_image","twitter_misc":{"Escrito por":"Riu Hotels","Tiempo de lectura":"2 minutos"},"schema":{"@context":"https:\/\/schema.org","@graph":[{"@type":"NewsArticle","@id":"https:\/\/www.riu.com\/blog\/jamaica-mes-febrero-recuerda-gran-idolo-la-musica\/#article","isPartOf":{"@id":"https:\/\/www.riu.com\/blog\/jamaica-mes-febrero-recuerda-gran-idolo-la-musica\/"},"author":{"name":"Riu Hotels","@id":"https:\/\/www.riu.com\/blog\/de\/#\/schema\/person\/0d2e827ad7e2aee20a09a05bdc3fb45f"},"headline":"Jamaica, cada mes de febrero, recuerda a un gran \u00eddolo de la m\u00fasica","datePublished":"2017-02-24T15:52:33+00:00","mainEntityOfPage":{"@id":"https:\/\/www.riu.com\/blog\/jamaica-mes-febrero-recuerda-gran-idolo-la-musica\/"},"wordCount":327,"commentCount":0,"image":{"@id":"https:\/\/www.riu.com\/blog\/jamaica-mes-febrero-recuerda-gran-idolo-la-musica\/#primaryimage"},"thumbnailUrl":"https:\/\/www.riu.com\/blog\/wp-content\/uploads\/2017\/02\/JAMAICA_04_010-1.jpg","articleSection":["Destino"],"inLanguage":"es","potentialAction":[{"@type":"CommentAction","name":"Comment","target":["https:\/\/www.riu.com\/blog\/jamaica-mes-febrero-recuerda-gran-idolo-la-musica\/#respond"]}]},{"@type":["WebPage","ItemPage"],"@id":"https:\/\/www.riu.com\/blog\/jamaica-mes-febrero-recuerda-gran-idolo-la-musica\/","url":"https:\/\/www.riu.com\/blog\/jamaica-mes-febrero-recuerda-gran-idolo-la-musica\/","name":"Jamaica, cada mes de febrero, recuerda a un gran \u00eddolo de la m\u00fasica","isPartOf":{"@id":"https:\/\/www.riu.com\/blog\/de\/#website"},"primaryImageOfPage":{"@id":"https:\/\/www.riu.com\/blog\/jamaica-mes-febrero-recuerda-gran-idolo-la-musica\/#primaryimage"},"image":{"@id":"https:\/\/www.riu.com\/blog\/jamaica-mes-febrero-recuerda-gran-idolo-la-musica\/#primaryimage"},"thumbnailUrl":"https:\/\/www.riu.com\/blog\/wp-content\/uploads\/2017\/02\/JAMAICA_04_010-1.jpg","datePublished":"2017-02-24T15:52:33+00:00","author":{"@id":"https:\/\/www.riu.com\/blog\/de\/#\/schema\/person\/0d2e827ad7e2aee20a09a05bdc3fb45f"},"description":"Cada mes de febrero Jamaica est\u00e1 de celebraci\u00f3n, \u00bfquieres saber por qu\u00e9?, vamos a darte algunas pistas\u2026","breadcrumb":{"@id":"https:\/\/www.riu.com\/blog\/jamaica-mes-febrero-recuerda-gran-idolo-la-musica\/#breadcrumb"},"inLanguage":"es","potentialAction":[{"@type":"ReadAction","target":["https:\/\/www.riu.com\/blog\/jamaica-mes-febrero-recuerda-gran-idolo-la-musica\/"]}]},{"@type":"ImageObject","inLanguage":"es","@id":"https:\/\/www.riu.com\/blog\/jamaica-mes-febrero-recuerda-gran-idolo-la-musica\/#primaryimage","url":"https:\/\/www.riu.com\/blog\/wp-content\/uploads\/2017\/02\/JAMAICA_04_010-1.jpg","contentUrl":"https:\/\/www.riu.com\/blog\/wp-content\/uploads\/2017\/02\/JAMAICA_04_010-1.jpg","width":3726,"height":2516},{"@type":"BreadcrumbList","@id":"https:\/\/www.riu.com\/blog\/jamaica-mes-febrero-recuerda-gran-idolo-la-musica\/#breadcrumb","itemListElement":[{"@type":"ListItem","position":1,"name":"Portada","item":"https:\/\/www.riu.com\/blog\/de\/"},{"@type":"ListItem","position":2,"name":"Jamaica, cada mes de febrero, recuerda a un gran \u00eddolo de la m\u00fasica"}]},{"@type":"WebSite","@id":"https:\/\/www.riu.com\/blog\/de\/#website","url":"https:\/\/www.riu.com\/blog\/de\/","name":"RIU.com | Blog","description":"Blog de Riu Hotels &amp; Resorts | Noticias exclusivas de la cadena Riu Hotels &amp; Resorts | Hoteles en Espa\u00f1a, M\u00e9xico, Jamaica, Rep\u00fablica Dominicana, Portugal, Miami y muchos m\u00e1s.","potentialAction":[{"@type":"SearchAction","target":{"@type":"EntryPoint","urlTemplate":"https:\/\/www.riu.com\/blog\/de\/?s={search_term_string}"},"query-input":{"@type":"PropertyValueSpecification","valueRequired":true,"valueName":"search_term_string"}}],"inLanguage":"es"},{"@type":"Person","@id":"https:\/\/www.riu.com\/blog\/de\/#\/schema\/person\/0d2e827ad7e2aee20a09a05bdc3fb45f","name":"Riu Hotels","image":{"@type":"ImageObject","inLanguage":"es","@id":"https:\/\/secure.gravatar.com\/avatar\/1845185f5dc0c5d7a3adb797bcd6cae1d3df26e3eead5da96b212485b274bdf3?s=96&d=mm&r=g","url":"https:\/\/secure.gravatar.com\/avatar\/1845185f5dc0c5d7a3adb797bcd6cae1d3df26e3eead5da96b212485b274bdf3?s=96&d=mm&r=g","contentUrl":"https:\/\/secure.gravatar.com\/avatar\/1845185f5dc0c5d7a3adb797bcd6cae1d3df26e3eead5da96b212485b274bdf3?s=96&d=mm&r=g","caption":"Riu Hotels"},"url":"https:\/\/www.riu.com\/blog\/author\/riu\/"}]}},"_links":{"self":[{"href":"https:\/\/www.riu.com\/blog\/wp-json\/wp\/v2\/posts\/2394","targetHints":{"allow":["GET"]}}],"collection":[{"href":"https:\/\/www.riu.com\/blog\/wp-json\/wp\/v2\/posts"}],"about":[{"href":"https:\/\/www.riu.com\/blog\/wp-json\/wp\/v2\/types\/post"}],"author":[{"embeddable":true,"href":"https:\/\/www.riu.com\/blog\/wp-json\/wp\/v2\/users\/3"}],"replies":[{"embeddable":true,"href":"https:\/\/www.riu.com\/blog\/wp-json\/wp\/v2\/comments?post=2394"}],"version-history":[{"count":1,"href":"https:\/\/www.riu.com\/blog\/wp-json\/wp\/v2\/posts\/2394\/revisions"}],"predecessor-version":[{"id":2399,"href":"https:\/\/www.riu.com\/blog\/wp-json\/wp\/v2\/posts\/2394\/revisions\/2399"}],"wp:featuredmedia":[{"embeddable":true,"href":"https:\/\/www.riu.com\/blog\/wp-json\/wp\/v2\/media\/2396"}],"wp:attachment":[{"href":"https:\/\/www.riu.com\/blog\/wp-json\/wp\/v2\/media?parent=2394"}],"wp:term":[{"taxonomy":"category","embeddable":true,"href":"https:\/\/www.riu.com\/blog\/wp-json\/wp\/v2\/categories?post=2394"},{"taxonomy":"post_tag","embeddable":true,"href":"https:\/\/www.riu.com\/blog\/wp-json\/wp\/v2\/tags?post=2394"}],"curies":[{"name":"wp","href":"https:\/\/api.w.org\/{rel}","templated":true}]}}