{"id":25277,"date":"2022-07-08T11:25:55","date_gmt":"2022-07-08T09:25:55","guid":{"rendered":"https:\/\/www.riu.com\/blog\/?p=25277"},"modified":"2025-08-20T11:00:24","modified_gmt":"2025-08-20T09:00:24","slug":"25-aniversario-hoteles-riu-mexico","status":"publish","type":"post","link":"https:\/\/www.riu.com\/blog\/25-aniversario-hoteles-riu-mexico\/","title":{"rendered":"Luis Riu: \u201cCelebramos el 25 Aniversario de RIU en M\u00e9xico con 22 hoteles y miles de motivos de agradecimiento\u201d"},"content":{"rendered":"<p>Entre mi <strong>primera visita al<\/strong>\u00a0<strong>Caribe mexicano<\/strong>\u00a0<strong>en 1987<\/strong>\u00a0y la apertura del <a href=\"https:\/\/www.riu.com\/es\/hotel\/mexico\/playa-del-carmen\/hotel-riu-yucatan\/\" target=\"_blank\" rel=\"noopener\"><u>Riu Yucatan<\/u><\/a>\u00a0pasaron 10 a\u00f1os e infinidad de cosas, tanto a nivel personal como en la empresa. Lo m\u00edo con el destino fue un flechazo, pero para abrir all\u00ed el primer hotel tuve que esperar. Eso s\u00ed, una vez que iniciamos operaciones, arranc\u00f3 una trayectoria de aprendizaje y \u00e9xito que todav\u00eda hoy, <a href=\"https:\/\/www.riu.com\/es\/25-aniversario-riu-mexico\" target=\"_blank\" rel=\"noopener\"><strong>25 a\u00f1os despu\u00e9s<\/strong><\/a>, sigue con mucha fuerza. <strong>M\u00e9xico es nuestro principal destino a todos los niveles<\/strong>, tanto en n\u00famero de habitaciones, de empleados como en volumen de negocio. Lo que significa M\u00e9xico para RIU es tanto, que tengo miedo de que este art\u00edculo quede peque\u00f1o para reflejarlo. Lo voy a intentar.<\/p>\n<div id=\"attachment_25464\" style=\"width: 710px\" class=\"wp-caption alignnone\"><a href=\"https:\/\/www.riu.com\/blog\/wp-content\/uploads\/2022\/07\/luis-riu-25-aniversario-mexico-scaled.jpg\" target=\"_blank\" rel=\"noopener\"><img loading=\"lazy\" decoding=\"async\" aria-describedby=\"caption-attachment-25464\" class=\"wp-image-25464 size-large\" src=\"https:\/\/www.riu.com\/blog\/wp-content\/uploads\/2022\/07\/luis-riu-25-aniversario-mexico-700x465.jpg\" alt=\"Luis Riu hace balance de los 25 a\u00f1os de presencia de RIU Hotels &amp; Resorts en M\u00e9xico\" width=\"700\" height=\"465\" srcset=\"https:\/\/www.riu.com\/blog\/wp-content\/uploads\/2022\/07\/luis-riu-25-aniversario-mexico-700x465.jpg 700w, https:\/\/www.riu.com\/blog\/wp-content\/uploads\/2022\/07\/luis-riu-25-aniversario-mexico-250x166.jpg 250w, https:\/\/www.riu.com\/blog\/wp-content\/uploads\/2022\/07\/luis-riu-25-aniversario-mexico-768x510.jpg 768w, https:\/\/www.riu.com\/blog\/wp-content\/uploads\/2022\/07\/luis-riu-25-aniversario-mexico-1536x1020.jpg 1536w, https:\/\/www.riu.com\/blog\/wp-content\/uploads\/2022\/07\/luis-riu-25-aniversario-mexico-2048x1360.jpg 2048w, https:\/\/www.riu.com\/blog\/wp-content\/uploads\/2022\/07\/luis-riu-25-aniversario-mexico-120x80.jpg 120w\" sizes=\"auto, (max-width: 700px) 100vw, 700px\" \/><\/a><p id=\"caption-attachment-25464\" class=\"wp-caption-text\">Luis Riu hace balance de los 25 a\u00f1os de presencia de RIU Hotels &amp; Resorts en M\u00e9xico.<\/p><\/div>\n<p>Y es que <a href=\"https:\/\/www.hosteltur.com\/151833_riu-cumple-25-anos-de-presencia-en-mexico.html#:~:text=Riu%20Hotels%20%26%20Resorts%20celebra%20en,primer%20hotel%20en%20el%20pa%C3%ADs.\" target=\"_blank\" rel=\"noopener\"><u>M\u00e9xico aporta a la empresa mucho m\u00e1s que sus cifras<\/u><\/a>. All\u00ed hemos aprendido mucho de nuestros colaboradores y de nuestros proveedores, as\u00ed como tambi\u00e9n de nuestros clientes. Hemos evolucionado el producto y hemos perfeccionado el servicio. <strong>M\u00e9xico es una de las principales potencias tur\u00edsticas del mundo<\/strong> y yo sigo viendo un gran potencial para aprender y mejorar. La celebraci\u00f3n de este aniversario solo se puede hacer en clave de agradecimiento. Y es que miro a M\u00e9xico y es donde veo m\u00e1s trabajo y m\u00e1s oportunidades en el presente, a medio plazo y a largo.<\/p>\n<p><iframe loading=\"lazy\" title=\"25 a\u00f1os operando los mejores hoteles de M\u00e9xico - RIU Hotels &amp; Resorts\" width=\"900\" height=\"506\" src=\"https:\/\/www.youtube.com\/embed\/VsYl54OlmIo?feature=oembed\" frameborder=\"0\" allow=\"accelerometer; autoplay; clipboard-write; encrypted-media; gyroscope; picture-in-picture\" allowfullscreen><\/iframe><\/p>\n<h2>RIU abre su primer hotel en M\u00e9xico en 1997<\/h2>\n<p>El primer viaje que hice a <strong>Canc\u00fan<\/strong>\u00a0fue en 1987 con Isabel, cuando todav\u00eda no nos hab\u00edamos casado. Desde el primer momento vi claro que era un gran destino tur\u00edstico y me quedaron grabadas en la memoria sus playas, su clima, su comida y el encanto de sus pueblos m\u00e1gicos y su gente. Pero poco despu\u00e9s, dentro de la <a href=\"\/blog?p=14205\" target=\"_blank\" rel=\"noopener\"><u>historia de la cadena RIU<\/u><\/a>, cuando tuvimos que tomar la decisi\u00f3n de <strong>d\u00f3nde abrir nuestro primer hotel internacional<\/strong>, la balanza, que en aquel momento sosten\u00eda mi padre, Luis Riu Bertr\u00e1n, se inclin\u00f3 hacia <a href=\"https:\/\/www.riu.com\/es\/hotel\/republica-dominicana\/punta-cana\/index.jsp\" target=\"_blank\" rel=\"noopener\"><u>Punta Cana<\/u><\/a>. All\u00ed abrimos en muy poco tiempo, los hoteles Riu Taino, <a href=\"https:\/\/www.riu.com\/es\/hotel\/republica-dominicana\/punta-cana\/hotel-riu-naiboa\/index.jsp\" target=\"_blank\" rel=\"noopener\"><u>Riu Naiboa<\/u><\/a>\u00a0y <a href=\"https:\/\/www.riu.com\/es\/hotel\/republica-dominicana\/punta-cana\/hotel-riu-palace-macao\/index.jsp\" target=\"_blank\" rel=\"noopener\"><u>Riu Palace Macao<\/u><\/a>. Eso entre los a\u00f1os 1991 y 1995. Y ah\u00ed s\u00ed que me dije que <strong>hab\u00eda llegado por fin el momento de ir a M\u00e9xico<\/strong>.<\/p>\n<div id=\"attachment_25471\" style=\"width: 611px\" class=\"wp-caption alignnone\"><a href=\"https:\/\/www.riu.com\/blog\/wp-content\/uploads\/2022\/07\/luis-riu-catrinas-mexico.jpg\" target=\"_blank\" rel=\"noopener\"><img loading=\"lazy\" decoding=\"async\" aria-describedby=\"caption-attachment-25471\" class=\"wp-image-25471 size-full\" src=\"https:\/\/www.riu.com\/blog\/wp-content\/uploads\/2022\/07\/luis-riu-catrinas-mexico.jpg\" alt=\"Luis Riu en Tlaquepaque junto a las dos catrinas que decoran el lobby del Hotel Riu Palace Mexico desde 1999\" width=\"601\" height=\"861\" srcset=\"https:\/\/www.riu.com\/blog\/wp-content\/uploads\/2022\/07\/luis-riu-catrinas-mexico.jpg 601w, https:\/\/www.riu.com\/blog\/wp-content\/uploads\/2022\/07\/luis-riu-catrinas-mexico-250x358.jpg 250w, https:\/\/www.riu.com\/blog\/wp-content\/uploads\/2022\/07\/luis-riu-catrinas-mexico-120x172.jpg 120w\" sizes=\"auto, (max-width: 601px) 100vw, 601px\" \/><\/a><p id=\"caption-attachment-25471\" class=\"wp-caption-text\">Luis Riu en Tlaquepaque junto a las dos catrinas que decoran el lobby del hotel Riu Palace Mexico desde 1999.<\/p><\/div>\n<p>En aquel entonces nuestros hu\u00e9spedes proven\u00edan sobre todo de Alemania y otros pa\u00edses europeos y por eso <strong>planeamos el primer hotel en <\/strong><a href=\"https:\/\/www.riu.com\/es\/hotel\/mexico\/playa-del-carmen\/index.jsp\" target=\"_blank\" rel=\"noopener\"><strong><u>Playa del Carmen<\/u><\/strong><\/a>. Pensamos, creo que acertadamente, que es un destino m\u00e1s de su gusto, mientras que Canc\u00fan en aquel entonces ya era el favorito de los estadounidenses. Todo el equipo que viaj\u00f3 conmigo a M\u00e9xico tuvo claro que aquello era un acierto total y, de hecho, antes de abrir el Riu Yucatan, ya compramos los terrenos para el <a href=\"https:\/\/www.riu.com\/es\/hotel\/mexico\/playa-del-carmen\/clubhotel-riu-tequila\/\" target=\"_blank\" rel=\"noopener\"><u>Riu Tequila<\/u><\/a>\u00a0y para el <a href=\"https:\/\/www.riu.com\/es\/hotel\/mexico\/playa-del-carmen\/hotel-riu-palace-mexico\/\" target=\"_blank\" rel=\"noopener\"><u>Riu Palace Mexico.<\/u><\/a><\/p>\n<div id=\"attachment_25299\" style=\"width: 710px\" class=\"wp-caption alignnone\"><a href=\"https:\/\/www.riu.com\/blog\/wp-content\/uploads\/2022\/07\/luis-riu-hotel-riu-palace-riviera-maya-scaled.jpg\" target=\"_blank\" rel=\"noopener\"><img loading=\"lazy\" decoding=\"async\" aria-describedby=\"caption-attachment-25299\" class=\"wp-image-25299 size-large\" src=\"https:\/\/www.riu.com\/blog\/wp-content\/uploads\/2022\/07\/luis-riu-hotel-riu-palace-riviera-maya-700x465.jpg\" alt=\"Luis Riu conversa con su equipo durante las obras de construcci\u00f3n del Hotel Riu Palace Riviera Maya\" width=\"700\" height=\"465\" srcset=\"https:\/\/www.riu.com\/blog\/wp-content\/uploads\/2022\/07\/luis-riu-hotel-riu-palace-riviera-maya-700x465.jpg 700w, https:\/\/www.riu.com\/blog\/wp-content\/uploads\/2022\/07\/luis-riu-hotel-riu-palace-riviera-maya-250x166.jpg 250w, https:\/\/www.riu.com\/blog\/wp-content\/uploads\/2022\/07\/luis-riu-hotel-riu-palace-riviera-maya-768x510.jpg 768w, https:\/\/www.riu.com\/blog\/wp-content\/uploads\/2022\/07\/luis-riu-hotel-riu-palace-riviera-maya-1536x1020.jpg 1536w, https:\/\/www.riu.com\/blog\/wp-content\/uploads\/2022\/07\/luis-riu-hotel-riu-palace-riviera-maya-2048x1360.jpg 2048w, https:\/\/www.riu.com\/blog\/wp-content\/uploads\/2022\/07\/luis-riu-hotel-riu-palace-riviera-maya-120x80.jpg 120w\" sizes=\"auto, (max-width: 700px) 100vw, 700px\" \/><\/a><p id=\"caption-attachment-25299\" class=\"wp-caption-text\">Luis Riu conversa con su equipo durante las obras de reforma del hotel Riu Palace Riviera Maya.<\/p><\/div>\n<p>Los turoperadores que nos visitaron tambi\u00e9n lo vieron clar\u00edsimo. Entre la belleza de la playa, el clima, la m\u00fasica, la comida, el servicio excelente\u2026 es que no pod\u00eda fallar. Y as\u00ed fue. <strong>Desde que abrimos aquel primer hotel en 1997, no hemos dejado de crecer en M\u00e9xico<\/strong>.<\/p>\n<div id=\"metaslider-id-25327\" style=\"max-width: 800px;\" class=\"ml-slider-3-107-0 metaslider metaslider-flex metaslider-25327 ml-slider has-dots-nav ms-theme-default\" role=\"region\" aria-label=\"Fotos antoguas es\" data-height=\"610\" data-width=\"800\">\n    <div id=\"metaslider_container_25327\">\n        <div id=\"metaslider_25327\" class=\"flexslider\">\n            <ul class='slides'>\n                <li style=\"display: block; width: 100%;\" class=\"slide-25328 ms-image \" aria-roledescription=\"slide\" data-date=\"2022-07-08 08:34:51\" data-filename=\"hotel-riu-palace-las-americas-cancun-mexico-archivo-scaled-800x610.jpg\" data-slide-type=\"image\"><img loading=\"lazy\" decoding=\"async\" src=\"https:\/\/www.riu.com\/blog\/wp-content\/uploads\/2022\/07\/hotel-riu-palace-las-americas-cancun-mexico-archivo-scaled-800x610.jpg\" height=\"610\" width=\"800\" alt=\"Exteriores del hotel Riu Palace Las Americas en la Zona Hotelera de Canc\u00fan en M\u00e9xico, en sus inicios\" class=\"slider-25327 slide-25328 msDefaultImage\" title=\"hotel-riu-palace-las-americas-cancun-mexico-archivo\" \/><div class=\"caption-wrap\"><div class=\"caption\">Exteriores del hotel Riu Palace Las Americas en la Zona Hotelera de Canc\u00fan en M\u00e9xico, en sus inicios 2004.<\/div><\/div><\/li>\n                <li style=\"display: none; width: 100%;\" class=\"slide-25329 ms-image \" aria-roledescription=\"slide\" data-date=\"2022-07-08 08:34:51\" data-filename=\"hotel-riu-palace-mexico-playa-carmen-archivo-scaled-800x610.jpg\" data-slide-type=\"image\"><img loading=\"lazy\" decoding=\"async\" src=\"https:\/\/www.riu.com\/blog\/wp-content\/uploads\/2022\/07\/hotel-riu-palace-mexico-playa-carmen-archivo-scaled-800x610.jpg\" height=\"610\" width=\"800\" alt=\"Zona de jardines del hotel Riu Palace Mexico tras su apertura en Playa del Carmen\" class=\"slider-25327 slide-25329 msDefaultImage\" title=\"hotel-riu-palace-mexico-playa-carmen-archivo\" \/><div class=\"caption-wrap\"><div class=\"caption\">Zona de jardines del hotel Riu Palace Mexico tras su apertura en Playa del Carmen en 1999.<\/div><\/div><\/li>\n                <li style=\"display: none; width: 100%;\" class=\"slide-25330 ms-image \" aria-roledescription=\"slide\" data-date=\"2022-07-08 08:34:51\" data-filename=\"hotel-riu-tequila-playa-carmen-mexico-entrada-archivo-scaled-800x610.jpg\" data-slide-type=\"image\"><img loading=\"lazy\" decoding=\"async\" src=\"https:\/\/www.riu.com\/blog\/wp-content\/uploads\/2022\/07\/hotel-riu-tequila-playa-carmen-mexico-entrada-archivo-scaled-800x610.jpg\" height=\"610\" width=\"800\" alt=\"Entrada del hotel Riu Tequila en Playa del Carmen, en M\u00e9xico, tras su apertura en 1998.\" class=\"slider-25327 slide-25330 msDefaultImage\" title=\"hotel-riu-tequila-playa-carmen-mexico-entrada-archivo\" \/><div class=\"caption-wrap\"><div class=\"caption\">Entrada del hotel Riu Tequila en Playa del Carmen, en M\u00e9xico, tras su apertura en 1998.<\/div><\/div><\/li>\n                <li style=\"display: none; width: 100%;\" class=\"slide-25331 ms-image \" aria-roledescription=\"slide\" data-date=\"2022-07-08 08:34:51\" data-filename=\"hotel-riu-yucatan-playa-carmen-mexico-entrada-archivo-800x610.jpg\" data-slide-type=\"image\"><img loading=\"lazy\" decoding=\"async\" src=\"https:\/\/www.riu.com\/blog\/wp-content\/uploads\/2022\/07\/hotel-riu-yucatan-playa-carmen-mexico-entrada-archivo-800x610.jpg\" height=\"610\" width=\"800\" alt=\"Entrada del Hotel Riu Yucatan en Playa del Carmen, en M\u00e9xico, tras su apertura en 1997.\" class=\"slider-25327 slide-25331 msDefaultImage\" title=\"hotel-riu-yucatan-playa-carmen-mexico-entrada-archivo\" \/><div class=\"caption-wrap\"><div class=\"caption\">Entrada del Hotel Riu Yucatan en Playa del Carmen, en M\u00e9xico, tras su apertura en 1997.<\/div><\/div><\/li>\n                <li style=\"display: none; width: 100%;\" class=\"slide-25332 ms-image \" aria-roledescription=\"slide\" data-date=\"2022-07-08 08:34:51\" data-filename=\"hotel-riu-cancun-mexico-exteriores-archivo-scaled-800x610.jpg\" data-slide-type=\"image\"><img loading=\"lazy\" decoding=\"async\" src=\"https:\/\/www.riu.com\/blog\/wp-content\/uploads\/2022\/07\/hotel-riu-cancun-mexico-exteriores-archivo-scaled-800x610.jpg\" height=\"610\" width=\"800\" alt=\"Vista exterior del Hotel Riu Cancun en M\u00e9xico en sus inicios en 2003.\" class=\"slider-25327 slide-25332 msDefaultImage\" title=\"hotel-riu-cancun-mexico-exteriores-archivo\" \/><div class=\"caption-wrap\"><div class=\"caption\">Vista exterior del Hotel Riu Cancun en M\u00e9xico en sus inicios en 2003.<\/div><\/div><\/li>\n                <li style=\"display: none; width: 100%;\" class=\"slide-25333 ms-image \" aria-roledescription=\"slide\" data-date=\"2022-07-08 08:34:51\" data-filename=\"hotel-riu-jalisco-mexico-exteriores-archivo-scaled-800x610.jpg\" data-slide-type=\"image\"><img loading=\"lazy\" decoding=\"async\" src=\"https:\/\/www.riu.com\/blog\/wp-content\/uploads\/2022\/07\/hotel-riu-jalisco-mexico-exteriores-archivo-scaled-800x610.jpg\" height=\"610\" width=\"800\" alt=\"Vista exterior del Hotel Riu Jalisco, primer hotel de RIU en la costa del Pac\u00edfico en M\u00e9xico, en sus inicios en 2002.\" class=\"slider-25327 slide-25333 msDefaultImage\" title=\"hotel-riu-jalisco-mexico-exteriores-archivo\" \/><div class=\"caption-wrap\"><div class=\"caption\">Vista exterior del Hotel Riu Jalisco, primer hotel de RIU en la costa del Pac\u00edfico en M\u00e9xico, en sus inicios en 2002.<\/div><\/div><\/li>\n            <\/ul>\n        <\/div>\n        \n    <\/div>\n<\/div>\n<h3>Hotel Riu Yucatan, en Playa del Carmen, una referencia para la expansi\u00f3n<\/h3>\n<p>Ven\u00edamos de desarrollar hoteles en Punta Cana, donde todo fue complejo. No hab\u00eda carretera, ni luz, ni agua corriente\u2026 cada paso que dimos en Dominicana en aquellos primeros a\u00f1os de los 90 supuso un gran esfuerzo. <strong>Llegar a M\u00e9xico fue una maravilla<\/strong>. <strong>Playacar<\/strong>\u00a0estaba completamente urbanizado, asfaltado, con tel\u00e9fono, alcantarillado, alumbrado\u2026 y adem\u00e1s desarrollado con mucho gusto y con visi\u00f3n para convertirse en un gran destino tur\u00edstico. Para nosotros, junto a la <a href=\"https:\/\/www.riu.com\/es\/hotel\/mexico\/cancun\/index.jsp\" target=\"_blank\" rel=\"noopener\"><u>Zona Hotelera de Canc\u00fan<\/u><\/a>, el principal destino en M\u00e9xico.<\/p>\n<div id=\"attachment_25335\" style=\"width: 710px\" class=\"wp-caption alignnone\"><a href=\"https:\/\/www.riu.com\/blog\/wp-content\/uploads\/2022\/07\/luis-riu-eduardo-vadillo-jose-maria-sanchis-scaled.jpg\" target=\"_blank\" rel=\"noopener\"><img loading=\"lazy\" decoding=\"async\" aria-describedby=\"caption-attachment-25335\" class=\"wp-image-25335 size-large\" src=\"https:\/\/www.riu.com\/blog\/wp-content\/uploads\/2022\/07\/luis-riu-eduardo-vadillo-jose-maria-sanchis-700x410.jpg\" alt=\"Luis Riu con Eduardo Vadillo, director de Gabinete T\u00e9cnico y Obra de Am\u00e9rica, y Jos\u00e9 Mar\u00eda Sanch\u00eds, director del Departamento de Arquitectura, Ingenier\u00eda y Obra de Am\u00e9rica\" width=\"700\" height=\"410\" srcset=\"https:\/\/www.riu.com\/blog\/wp-content\/uploads\/2022\/07\/luis-riu-eduardo-vadillo-jose-maria-sanchis-700x410.jpg 700w, https:\/\/www.riu.com\/blog\/wp-content\/uploads\/2022\/07\/luis-riu-eduardo-vadillo-jose-maria-sanchis-250x146.jpg 250w, https:\/\/www.riu.com\/blog\/wp-content\/uploads\/2022\/07\/luis-riu-eduardo-vadillo-jose-maria-sanchis-768x449.jpg 768w, https:\/\/www.riu.com\/blog\/wp-content\/uploads\/2022\/07\/luis-riu-eduardo-vadillo-jose-maria-sanchis-1536x899.jpg 1536w, https:\/\/www.riu.com\/blog\/wp-content\/uploads\/2022\/07\/luis-riu-eduardo-vadillo-jose-maria-sanchis-2048x1198.jpg 2048w, https:\/\/www.riu.com\/blog\/wp-content\/uploads\/2022\/07\/luis-riu-eduardo-vadillo-jose-maria-sanchis-120x70.jpg 120w\" sizes=\"auto, (max-width: 700px) 100vw, 700px\" \/><\/a><p id=\"caption-attachment-25335\" class=\"wp-caption-text\">Luis Riu con Eduardo Vadillo, director de Gabinete T\u00e9cnico y Obra de Am\u00e9rica, y Jos\u00e9 Mar\u00eda Sanch\u00eds, director del Departamento de Arquitectura, Ingenier\u00eda y Obra de Am\u00e9rica.<\/p><\/div>\n<p><strong>El primer All Inclusive lo ofrecimos en Puerto Plata<\/strong>, en el Riu Merengue, pero donde verdaderamente ampliamos, mejoramos y definimos nuestra oferta todo incluido fue en M\u00e9xico. <strong>En el Riu Yucatan hicimos los primeros restaurantes tem\u00e1ticos<\/strong>, fueron el mexicano y el asi\u00e1tico. A partir de ah\u00ed, todos nuestros hoteles ofrecieron diferentes opciones tem\u00e1ticas para las cenas. Y lo mismo sucede con los bares. Todos los clientes son exigentes, pero el cliente mexicano quiere tener sus bebidas de preferencia, adem\u00e1s de opciones para probar las marcas locales, as\u00ed que la carta creci\u00f3 y se sofistic\u00f3 tambi\u00e9n en M\u00e9xico.<\/p>\n<h2>RIU diversifica su oferta en M\u00e9xico con hoteles en nuevas zonas<\/h2>\n<p>Y es que <strong>el cliente mexicano ha sido clave en el \u00e9xito de RIU en M\u00e9xico<\/strong>. Por eso, muy pronto, abrimos el <strong>primer hotel en el Pac\u00edfico<\/strong>: el <a href=\"https:\/\/www.riu.com\/es\/hotel\/mexico\/vallarta-riviera-nayarit\/clubhotel-riu-jalisco\/\" target=\"_blank\" rel=\"noopener\"><u>Riu Jalisco<\/u><\/a>.<\/p>\n<h3>Riviera Nayarit-Vallarta<\/h3>\n<p>Para llegar a <strong>Nuevo Vallarta<\/strong>\u00a0visitamos los destinos m\u00e1s famosos y de preferencia para los viajeros de las grandes ciudades de la Rep\u00fablica. Nos gust\u00f3 mucho la propuesta de Nayarit que estaba apostando fuertemente para desarrollar su oferta y as\u00ed es como inauguramos en 2002 el primer hotel, para continuar creciendo en 2006 y 2008 con el <a href=\"https:\/\/www.riu.com\/es\/hotel\/mexico\/vallarta-riviera-nayarit\/hotel-riu-vallarta\/index.jsp\" target=\"_blank\" rel=\"noopener\"><u>Riu Vallarta<\/u><\/a>\u00a0y el <a href=\"https:\/\/www.riu.com\/es\/hotel\/mexico\/vallarta-riviera-nayarit\/hotel-riu-palace-pacifico\/index.jsp\" target=\"_blank\" rel=\"noopener\"><u>Riu Palace Pacifico<\/u><\/a>. <a href=\"https:\/\/www.riu.com\/es\/hotel\/mexico\/vallarta-riviera-nayarit\/index.jsp\" target=\"_blank\" rel=\"noopener\"><u>Nayarit tiene el encanto del verdadero M\u00e9xico<\/u><\/a>\u00a0con sus pueblitos, playas y naturaleza exuberante. Bueno, y sus mariscos, claro. Es muy atractivo para el mercado nacional, pero tambi\u00e9n para clientes internacionales que buscan esa experiencia menos <em>turistizada<\/em>.<\/p>\n<h3>Canc\u00fan<\/h3>\n<p><strong>Canc\u00fan por su parte es el gran destino tur\u00edstico del pa\u00eds<\/strong>. Atrae cada a\u00f1o a millones de clientes de todo el mundo y no hay playa que lo pueda desbancar. El <strong>cliente de Estados Unidos<\/strong>\u00a0es muy sensible a las distancias desde el aeropuerto y busca acci\u00f3n en sus vacaciones. En el hotel, grandes piscinas con bares, m\u00fasica y actividad; y fuera del hotel, muchas opciones de discotecas, bares, restaurantes y tiendas, as\u00ed como la posibilidad de visitar las pir\u00e1mides mayas de Tulum o diferentes parques tem\u00e1ticos. En todo eso, no hay destino que pueda ganar a Canc\u00fan.<\/p>\n<h3>Los Cabos<\/h3>\n<p>Por su parte, para m\u00ed, <a href=\"https:\/\/www.riu.com\/es\/hotel\/mexico\/los-cabos\/index.jsp\" target=\"_blank\" rel=\"noopener\"><strong><u>Los Cabos<\/u><\/strong><\/a><strong>\u00a0es el lugar m\u00e1s bonito del Pac\u00edfico<\/strong>. El mar de Cort\u00e9s, con su impresionante color azul, el famoso Arco, los barcos que vienen y van constantemente\u2026 es un lugar de ensue\u00f1o. Es un <strong>destino muy popular en Estados Unidos<\/strong>\u00a0y all\u00ed nos la jugamos al 100% con ese mercado. Rompimos nuestra din\u00e1mica m\u00e1s natural de abrir primero un hotel Classic para luego abrir un hotel Riu Palace entrando directamente con el <a href=\"https:\/\/www.riu.com\/es\/hotel\/mexico\/los-cabos\/hotel-riu-palace-cabo-san-lucas\/index.jsp\" target=\"_blank\" rel=\"noopener\"><u>Riu Palace Cabo San Lucas<\/u><\/a>. Y nos sali\u00f3 muy bien. Pero tambi\u00e9n nos dimos cuenta de que ten\u00edamos que ampliar el abanico con una opci\u00f3n m\u00e1s asequible y familiar y por eso construimos el hotel <a href=\"https:\/\/www.riu.com\/es\/hotel\/mexico\/los-cabos\/hotel-riu-santa-fe\/index.jsp\" target=\"_blank\" rel=\"noopener\"><u>Riu Santa Fe<\/u><\/a>. Tambi\u00e9n es un destino muy apreciado por nuestros hu\u00e9spedes mexicanos.<\/p>\n<div id=\"attachment_25339\" style=\"width: 710px\" class=\"wp-caption alignnone\"><a href=\"https:\/\/www.riu.com\/blog\/wp-content\/uploads\/2022\/07\/luis-riu-dj-riu-party-mexico-scaled.jpg\" target=\"_blank\" rel=\"noopener\"><img loading=\"lazy\" decoding=\"async\" aria-describedby=\"caption-attachment-25339\" class=\"wp-image-25339 size-large\" src=\"https:\/\/www.riu.com\/blog\/wp-content\/uploads\/2022\/07\/luis-riu-dj-riu-party-mexico-700x465.jpg\" alt=\"\u00a0Luis Riu, de espaldas, durante una sesi\u00f3n como DJ en una Riu Party celebrada en los hoteles de M\u00e9xico\" width=\"700\" height=\"465\" srcset=\"https:\/\/www.riu.com\/blog\/wp-content\/uploads\/2022\/07\/luis-riu-dj-riu-party-mexico-700x465.jpg 700w, https:\/\/www.riu.com\/blog\/wp-content\/uploads\/2022\/07\/luis-riu-dj-riu-party-mexico-250x166.jpg 250w, https:\/\/www.riu.com\/blog\/wp-content\/uploads\/2022\/07\/luis-riu-dj-riu-party-mexico-768x510.jpg 768w, https:\/\/www.riu.com\/blog\/wp-content\/uploads\/2022\/07\/luis-riu-dj-riu-party-mexico-1536x1020.jpg 1536w, https:\/\/www.riu.com\/blog\/wp-content\/uploads\/2022\/07\/luis-riu-dj-riu-party-mexico-2048x1360.jpg 2048w, https:\/\/www.riu.com\/blog\/wp-content\/uploads\/2022\/07\/luis-riu-dj-riu-party-mexico-120x80.jpg 120w\" sizes=\"auto, (max-width: 700px) 100vw, 700px\" \/><\/a><p id=\"caption-attachment-25339\" class=\"wp-caption-text\">Luis Riu, de espaldas, durante una sesi\u00f3n como DJ en una Riu Party celebrada en los hoteles de M\u00e9xico.<\/p><\/div>\n<p><strong>En Los Cabos fue donde pusimos en marcha las <\/strong><a href=\"https:\/\/www.riu.com\/riu-party\" target=\"_blank\" rel=\"noopener\"><strong><u>Riu Party<\/u><\/strong><\/a>, el mismo a\u00f1o en que inauguramos el tercer hotel en el destino: el <a href=\"https:\/\/www.riu.com\/es\/hotel\/mexico\/los-cabos\/hotel-riu-palace-baja-california\/index.jsp\" target=\"_blank\" rel=\"noopener\"><u>Riu Palace Baja California<\/u><\/a>. Y es que M\u00e9xico ha sido tierra de primeras veces con tantas cosas. Es l\u00f3gico porque es nuestro principal destino internacional y tenemos producto, clientes y uno de los mejores equipos para hacer pruebas de servicios o nuevos dise\u00f1os. Y es que en M\u00e9xico lo que hay es mucho talento, profesionalidad y entusiasmo. Por eso <strong>apostamos por probar all\u00ed antes de estandarizar y exportar a otros destinos<\/strong>.<\/p>\n<div id=\"metaslider-id-22432\" style=\"max-width: 800px;\" class=\"ml-slider-3-107-0 metaslider metaslider-flex metaslider-22432 ml-slider has-dots-nav ms-theme-default\" role=\"region\" aria-label=\"LUSI RIU DJ ES\" data-height=\"610\" data-width=\"800\">\n    <div id=\"metaslider_container_22432\">\n        <div id=\"metaslider_22432\" class=\"flexslider\">\n            <ul class='slides'>\n                <li style=\"display: block; width: 100%;\" class=\"slide-22436 ms-image \" aria-roledescription=\"slide\" data-date=\"2021-07-26 09:30:18\" data-filename=\"fiesta-riu-get-together-party-mexico-1-755x576.jpg\" data-slide-type=\"image\"><img loading=\"lazy\" decoding=\"async\" src=\"https:\/\/www.riu.com\/blog\/wp-content\/uploads\/2021\/07\/fiesta-riu-get-together-party-mexico-1-755x576.jpg\" height=\"610\" width=\"800\" alt=\"Fiesta Riu Get Together Party en el Hotel Riu Tequila en M\u00e9xico, con Luis Riu como DJ\" class=\"slider-22432 slide-22436 msDefaultImage\" title=\"fiesta-riu-get-together-party-mexico\" \/><\/li>\n                <li style=\"display: none; width: 100%;\" class=\"slide-22433 ms-image \" aria-roledescription=\"slide\" data-date=\"2021-07-26 09:30:18\" data-filename=\"luis-riu-dj-mexico-1-755x576.jpg\" data-slide-type=\"image\"><img loading=\"lazy\" decoding=\"async\" src=\"https:\/\/www.riu.com\/blog\/wp-content\/uploads\/2021\/07\/luis-riu-dj-mexico-1-755x576.jpg\" height=\"610\" width=\"800\" alt=\"Ambiente de diversi\u00f3n en la Riu Get Together Party en el Hotel Riu Tequila, en M\u00e9xico\" class=\"slider-22432 slide-22433 msDefaultImage\" title=\"dj-luis-riu-mexico\" \/><\/li>\n                <li style=\"display: none; width: 100%;\" class=\"slide-22434 ms-image \" aria-roledescription=\"slide\" data-date=\"2021-07-26 09:30:18\" data-filename=\"luis-riu-dj-hotel-riu-tequila-scaled-800x610.jpg\" data-slide-type=\"image\"><img loading=\"lazy\" decoding=\"async\" src=\"https:\/\/www.riu.com\/blog\/wp-content\/uploads\/2021\/07\/luis-riu-dj-hotel-riu-tequila-scaled-800x610.jpg\" height=\"610\" width=\"800\" alt=\"Luis Riu, de espaldas, pincha en la Riu Get Together Party en el Riu Tequila, en M\u00e9xico\" class=\"slider-22432 slide-22434 msDefaultImage\" title=\"luis-riu-dj-riu-tequila\" \/><\/li>\n                <li style=\"display: none; width: 100%;\" class=\"slide-22435 ms-image \" aria-roledescription=\"slide\" data-date=\"2021-07-26 09:30:18\" data-filename=\"luis-riu-dj-cascos-2-scaled-800x610.jpg\" data-slide-type=\"image\"><img loading=\"lazy\" decoding=\"async\" src=\"https:\/\/www.riu.com\/blog\/wp-content\/uploads\/2021\/07\/luis-riu-dj-cascos-2-scaled-800x610.jpg\" height=\"610\" width=\"800\" alt=\"Luis Riu con los cascos de DJ en la Riu Get Together Party en el Hotel Riu Tequila, en M\u00e9xico\" class=\"slider-22432 slide-22435 msDefaultImage\" title=\"luis-riu-dj-cascos\" \/><\/li>\n                <li style=\"display: none; width: 100%;\" class=\"slide-22437 ms-image \" aria-roledescription=\"slide\" data-date=\"2021-07-26 09:30:18\" data-filename=\"atmosphere-riu-get-together-party-mexico-3-755x576.jpg\" data-slide-type=\"image\"><img loading=\"lazy\" decoding=\"async\" src=\"https:\/\/www.riu.com\/blog\/wp-content\/uploads\/2021\/07\/atmosphere-riu-get-together-party-mexico-3-755x576.jpg\" height=\"610\" width=\"800\" alt=\"Ambiente de diversi\u00f3n en la Riu Get Together Party en el Hotel Riu Tequila, en M\u00e9xico\" class=\"slider-22432 slide-22437 msDefaultImage\" title=\" ambiente-riu-get-together-party-mexico\" \/><\/li>\n            <\/ul>\n        <\/div>\n        \n    <\/div>\n<\/div>\n<p><iframe loading=\"lazy\" title=\"Riu Party, m\u00fasica en directo y espect\u00e1culo - RIU Hotels &amp; Resorts\" width=\"900\" height=\"506\" src=\"https:\/\/www.youtube.com\/embed\/nvGGxyo68E4?feature=oembed\" frameborder=\"0\" allow=\"accelerometer; autoplay; clipboard-write; encrypted-media; gyroscope; picture-in-picture\" allowfullscreen><\/iframe><\/p>\n<h3>Mazatl\u00e1n<\/h3>\n<p>Y si en Los Cabos la apuesta fue al estadounidense, con <a href=\"https:\/\/www.riu.com\/es\/hotel\/mexico\/mazatlan\/index.jsp\" target=\"_blank\" rel=\"noopener\"><u>Mazatl\u00e1n<\/u><\/a>\u00a0fue toda al <strong>nacional mexicano<\/strong>. La Perla del Pac\u00edfico tiene un sabor muy especial. Es un destino aut\u00e9ntico y hermoso. Abrir en Mazatl\u00e1n fue un tributo a M\u00e9xico, a su tradici\u00f3n de viajes por carretera desde ciudades principales como <a href=\"https:\/\/www.riu.com\/es\/hotel\/mexico\/guadalajara\/index.jsp\" target=\"_blank\" rel=\"noopener\"><u>Guadalajara<\/u><\/a>.<\/p>\n<h3>Guadalajara, sede del primer hotel Riu Plaza en M\u00e9xico<\/h3>\n<p>Y en un viaje inverso, desde nuestros hoteles de Nuevo Vallarta, Mazatl\u00e1n y Canc\u00fan, fue como llegamos a abrir nuestro <a href=\"https:\/\/www.riu.com\/es\/hotel\/mexico\/guadalajara\/hotel-riu-plaza-guadalajara\/index.jsp\" target=\"_blank\" rel=\"noopener\"><u>primer hotel Riu Plaza en M\u00e9xico<\/u><\/a>\u00a0en la <strong>capital de Jalisco y tambi\u00e9n capital cultural del pa\u00eds<\/strong>. En Guadalajara vimos la oportunidad perfecta para ofrecer en la ciudad un hotel moderno, con un enorme espacio para convenciones y eventos de todo tipo. Adem\u00e1s, apostamos por un rascacielos que, junto con el Puente Matute Remus, se ha convertido en un icono de la ciudad.<\/p>\n<div id=\"metaslider-id-25343\" style=\"max-width: 800px;\" class=\"ml-slider-3-107-0 metaslider metaslider-flex metaslider-25343 ml-slider has-dots-nav ms-theme-default\" role=\"region\" aria-label=\"Hoteles ahora ES\" data-height=\"610\" data-width=\"800\">\n    <div id=\"metaslider_container_25343\">\n        <div id=\"metaslider_25343\" class=\"flexslider\">\n            <ul class='slides'>\n                <li style=\"display: block; width: 100%;\" class=\"slide-25410 ms-image \" aria-roledescription=\"slide\" data-date=\"2022-07-08 08:53:01\" data-filename=\"hotel-riu-jalisco-riviera-nayarit-mexico-piscinas-800x610.jpg\" data-slide-type=\"image\"><img loading=\"lazy\" decoding=\"async\" src=\"https:\/\/www.riu.com\/blog\/wp-content\/uploads\/2022\/07\/hotel-riu-jalisco-riviera-nayarit-mexico-piscinas-800x610.jpg\" height=\"610\" width=\"800\" alt=\"Piscinas del hotel Riu Jalisco en Riviera Nayarit, en M\u00e9xico\" class=\"slider-25343 slide-25410 msDefaultImage\" title=\"hotel-riu-jalisco-riviera-nayarit-mexico-piscinas\" \/><\/li>\n                <li style=\"display: none; width: 100%;\" class=\"slide-25411 ms-image \" aria-roledescription=\"slide\" data-date=\"2022-07-08 08:53:01\" data-filename=\"hotel-riu-latino-costa-mujeres-cancun-mexico-vista-general-800x610.jpg\" data-slide-type=\"image\"><img loading=\"lazy\" decoding=\"async\" src=\"https:\/\/www.riu.com\/blog\/wp-content\/uploads\/2022\/07\/hotel-riu-latino-costa-mujeres-cancun-mexico-vista-general-800x610.jpg\" height=\"610\" width=\"800\" alt=\"Vista a\u00e9rea desde el mar del hotel Riu Latino en Costa Mujeres, Canc\u00fan, en M\u00e9xico\" class=\"slider-25343 slide-25411 msDefaultImage\" title=\"hotel-riu-latino-costa-mujeres-cancun-mexico-vista-general\" \/><\/li>\n                <li style=\"display: none; width: 100%;\" class=\"slide-25412 ms-image \" aria-roledescription=\"slide\" data-date=\"2022-07-08 08:53:01\" data-filename=\"hotel-riu-lupita-playa-carmen-mexico-vista-aerea-800x610.jpg\" data-slide-type=\"image\"><img loading=\"lazy\" decoding=\"async\" src=\"https:\/\/www.riu.com\/blog\/wp-content\/uploads\/2022\/07\/hotel-riu-lupita-playa-carmen-mexico-vista-aerea-800x610.jpg\" height=\"610\" width=\"800\" alt=\"Vista desde el aire del hotel Riu Lupita en Playa del Carmen, en M\u00e9xico\" class=\"slider-25343 slide-25412 msDefaultImage\" title=\"hotel-riu-lupita-playa-carmen-mexico-vista-aerea\" \/><\/li>\n                <li style=\"display: none; width: 100%;\" class=\"slide-25413 ms-image \" aria-roledescription=\"slide\" data-date=\"2022-07-08 08:53:01\" data-filename=\"hotel-riu-palace-baja-california-los-cabos-mexico-vista-lateral-800x610.jpg\" data-slide-type=\"image\"><img loading=\"lazy\" decoding=\"async\" src=\"https:\/\/www.riu.com\/blog\/wp-content\/uploads\/2022\/07\/hotel-riu-palace-baja-california-los-cabos-mexico-vista-lateral-800x610.jpg\" height=\"610\" width=\"800\" alt=\"Vista lateral del hotel Riu Palace Baja California en Los Cabos, M\u00e9xico\" class=\"slider-25343 slide-25413 msDefaultImage\" title=\"hotel-riu-palace-baja-california-los-cabos-mexico-vista-lateral\" \/><\/li>\n                <li style=\"display: none; width: 100%;\" class=\"slide-25414 ms-image \" aria-roledescription=\"slide\" data-date=\"2022-07-08 08:53:01\" data-filename=\"hotel-riu-palace-cabo-san-lucas-los-cabos-mexico-general-800x610.jpg\" data-slide-type=\"image\"><img loading=\"lazy\" decoding=\"async\" src=\"https:\/\/www.riu.com\/blog\/wp-content\/uploads\/2022\/07\/hotel-riu-palace-cabo-san-lucas-los-cabos-mexico-general-800x610.jpg\" height=\"610\" width=\"800\" alt=\"Vista general del hotel Riu Palace Cabo San Lucas en Los Cabos, M\u00e9xico\" class=\"slider-25343 slide-25414 msDefaultImage\" title=\"hotel-riu-palace-cabo-san-lucas-los-cabos-mexico-general\" \/><\/li>\n                <li style=\"display: none; width: 100%;\" class=\"slide-25415 ms-image \" aria-roledescription=\"slide\" data-date=\"2022-07-08 08:53:01\" data-filename=\"hotel-riu-palace-costa-mujeres-cancun-vista-general-800x610.jpg\" data-slide-type=\"image\"><img loading=\"lazy\" decoding=\"async\" src=\"https:\/\/www.riu.com\/blog\/wp-content\/uploads\/2022\/07\/hotel-riu-palace-costa-mujeres-cancun-vista-general-800x610.jpg\" height=\"610\" width=\"800\" alt=\"Vista general desde el mar del hotel Riu Palace Costa Mujeres en Canc\u00fan, M\u00e9xico\" class=\"slider-25343 slide-25415 msDefaultImage\" title=\"hotel-riu-palace-costa-mujeres-cancun-vista-general\" \/><\/li>\n                <li style=\"display: none; width: 100%;\" class=\"slide-25416 ms-image \" aria-roledescription=\"slide\" data-date=\"2022-07-08 08:53:01\" data-filename=\"hotel-riu-palace-kukulkan-cancun-piscinas-800x610.jpg\" data-slide-type=\"image\"><img loading=\"lazy\" decoding=\"async\" src=\"https:\/\/www.riu.com\/blog\/wp-content\/uploads\/2022\/07\/hotel-riu-palace-kukulkan-cancun-piscinas-800x610.jpg\" height=\"610\" width=\"800\" alt=\"Zona de piscinas del hotel Riu Palace Kukulkan en Cancun, M\u00e9xico\" class=\"slider-25343 slide-25416 msDefaultImage\" title=\"hotel-riu-palace-kukulkan-cancun-piscinas\" \/><\/li>\n                <li style=\"display: none; width: 100%;\" class=\"slide-25417 ms-image \" aria-roledescription=\"slide\" data-date=\"2022-07-08 08:53:01\" data-filename=\"hotel-riu-palace-las-americas-cancun-mexico-vista-general-800x610.jpg\" data-slide-type=\"image\"><img loading=\"lazy\" decoding=\"async\" src=\"https:\/\/www.riu.com\/blog\/wp-content\/uploads\/2022\/07\/hotel-riu-palace-las-americas-cancun-mexico-vista-general-800x610.jpg\" height=\"610\" width=\"800\" alt=\"Vista general desde el mar del hotel Riu Palace Las Am\u00e9ricas en Canc\u00fan, M\u00e9xico\" class=\"slider-25343 slide-25417 msDefaultImage\" title=\"hotel-riu-palace-las-americas-cancun-mexico-vista-general\" \/><\/li>\n                <li style=\"display: none; width: 100%;\" class=\"slide-25418 ms-image \" aria-roledescription=\"slide\" data-date=\"2022-07-08 08:53:02\" data-filename=\"hotel-riu-palace-mexico-playa-carmen-jardines-800x610.jpg\" data-slide-type=\"image\"><img loading=\"lazy\" decoding=\"async\" src=\"https:\/\/www.riu.com\/blog\/wp-content\/uploads\/2022\/07\/hotel-riu-palace-mexico-playa-carmen-jardines-800x610.jpg\" height=\"610\" width=\"800\" alt=\"Jardines del hotel Riu Palace Mexico en Playa del Carmen\" class=\"slider-25343 slide-25418 msDefaultImage\" title=\"hotel-riu-palace-mexico-playa-carmen-jardines\" \/><\/li>\n                <li style=\"display: none; width: 100%;\" class=\"slide-25419 ms-image \" aria-roledescription=\"slide\" data-date=\"2022-07-08 08:53:02\" data-filename=\"hotel-riu-palace-pacifico-riviera-nayarit-mexico-jardin-piscinas-800x610.jpg\" data-slide-type=\"image\"><img loading=\"lazy\" decoding=\"async\" src=\"https:\/\/www.riu.com\/blog\/wp-content\/uploads\/2022\/07\/hotel-riu-palace-pacifico-riviera-nayarit-mexico-jardin-piscinas-800x610.jpg\" height=\"610\" width=\"800\" alt=\"Jardines y piscinas del hotel Riu Palace Pacifico en Riviera Nayarit, M\u00e9xico\" class=\"slider-25343 slide-25419 msDefaultImage\" title=\"hotel-riu-palace-pacifico-riviera-nayarit-mexico-jardin-piscinas\" \/><\/li>\n                <li style=\"display: none; width: 100%;\" class=\"slide-25420 ms-image \" aria-roledescription=\"slide\" data-date=\"2022-07-08 08:53:02\" data-filename=\"hotel-riu-palace-peninsula-cancun-vista-general-800x610.jpg\" data-slide-type=\"image\"><img loading=\"lazy\" decoding=\"async\" src=\"https:\/\/www.riu.com\/blog\/wp-content\/uploads\/2022\/07\/hotel-riu-palace-peninsula-cancun-vista-general-800x610.jpg\" height=\"610\" width=\"800\" alt=\"Vista general desde el mar del hotel Riu Palace Peninsula en Canc\u00fan, M\u00e9xico\" class=\"slider-25343 slide-25420 msDefaultImage\" title=\"hotel-riu-palace-peninsula-cancun-vista-general\" \/><\/li>\n                <li style=\"display: none; width: 100%;\" class=\"slide-25421 ms-image \" aria-roledescription=\"slide\" data-date=\"2022-07-08 08:53:02\" data-filename=\"hotel-riu-palace-riviera-maya-playa-carmen-mexico-general-800x610.jpg\" data-slide-type=\"image\"><img loading=\"lazy\" decoding=\"async\" src=\"https:\/\/www.riu.com\/blog\/wp-content\/uploads\/2022\/07\/hotel-riu-palace-riviera-maya-playa-carmen-mexico-general-800x610.jpg\" height=\"610\" width=\"800\" alt=\"Instalaciones del hotel Riu Palace Riviera Maya en Playa del Carmen, en M\u00e9xico\" class=\"slider-25343 slide-25421 msDefaultImage\" title=\"hotel-riu-palace-riviera-maya-playa-carmen-mexico-general\" \/><\/li>\n                <li style=\"display: none; width: 100%;\" class=\"slide-25422 ms-image \" aria-roledescription=\"slide\" data-date=\"2022-07-08 08:53:02\" data-filename=\"hotel-riu-playacar-playa-carmen-mexico-piscinas-800x610.jpg\" data-slide-type=\"image\"><img loading=\"lazy\" decoding=\"async\" src=\"https:\/\/www.riu.com\/blog\/wp-content\/uploads\/2022\/07\/hotel-riu-playacar-playa-carmen-mexico-piscinas-800x610.jpg\" height=\"610\" width=\"800\" alt=\"Piscinas del hotel Riu Playacar en Playa del Carmen, en M\u00e9xico\" class=\"slider-25343 slide-25422 msDefaultImage\" title=\"hotel-riu-playacar-playa-carmen-mexico-piscinas\" \/><\/li>\n                <li style=\"display: none; width: 100%;\" class=\"slide-25423 ms-image \" aria-roledescription=\"slide\" data-date=\"2022-07-08 08:53:02\" data-filename=\"hotel-riu-plaza-guadalajara-mexico-rascacielos-800x610.jpg\" data-slide-type=\"image\"><img loading=\"lazy\" decoding=\"async\" src=\"https:\/\/www.riu.com\/blog\/wp-content\/uploads\/2022\/07\/hotel-riu-plaza-guadalajara-mexico-rascacielos-800x610.jpg\" height=\"610\" width=\"800\" alt=\"Rascacielos del hotel Riu Plaza en Guadalajara, primer hotel urbano de la cadena RIU en M\u00e9xico\" class=\"slider-25343 slide-25423 msDefaultImage\" title=\"hotel-riu-plaza-guadalajara-mexico-rascacielos\" \/><\/li>\n                <li style=\"display: none; width: 100%;\" class=\"slide-25424 ms-image \" aria-roledescription=\"slide\" data-date=\"2022-07-08 08:53:02\" data-filename=\"hotel-riu-santa-fe-los-cabos-mexico-zona-central-800x610.jpg\" data-slide-type=\"image\"><img loading=\"lazy\" decoding=\"async\" src=\"https:\/\/www.riu.com\/blog\/wp-content\/uploads\/2022\/07\/hotel-riu-santa-fe-los-cabos-mexico-zona-central-800x610.jpg\" height=\"610\" width=\"800\" alt=\"Espacio central de piscinas en el hotel Riu Santa Fe en Los Cabos, M\u00e9xico\" class=\"slider-25343 slide-25424 msDefaultImage\" title=\"hotel-riu-santa-fe-los-cabos-mexico-zona-central\" \/><\/li>\n                <li style=\"display: none; width: 100%;\" class=\"slide-25425 ms-image \" aria-roledescription=\"slide\" data-date=\"2022-07-08 08:53:02\" data-filename=\"hotel-riu-tequila-playa-carmen-mexico-vista-aerea-800x610.jpg\" data-slide-type=\"image\"><img loading=\"lazy\" decoding=\"async\" src=\"https:\/\/www.riu.com\/blog\/wp-content\/uploads\/2022\/07\/hotel-riu-tequila-playa-carmen-mexico-vista-aerea-800x610.jpg\" height=\"610\" width=\"800\" alt=\"Vista desde el aire del hotel Riu Tequila en Playa del Carmen, M\u00e9xico\" class=\"slider-25343 slide-25425 msDefaultImage\" title=\"hotel-riu-tequila-playa-carmen-mexico-vista-aerea\" \/><\/li>\n                <li style=\"display: none; width: 100%;\" class=\"slide-25426 ms-image \" aria-roledescription=\"slide\" data-date=\"2022-07-08 08:53:03\" data-filename=\"hotel-riu-vallarta-riviera-nayarit-mexico-general-800x610.jpg\" data-slide-type=\"image\"><img loading=\"lazy\" decoding=\"async\" src=\"https:\/\/www.riu.com\/blog\/wp-content\/uploads\/2022\/07\/hotel-riu-vallarta-riviera-nayarit-mexico-general-800x610.jpg\" height=\"610\" width=\"800\" alt=\"Vista frontal del Hotel Riu Vallarta en Riviera Nayarit, en M\u00e9xico\" class=\"slider-25343 slide-25426 msDefaultImage\" title=\"hotel-riu-vallarta-riviera-nayarit-mexico-general\" \/><\/li>\n                <li style=\"display: none; width: 100%;\" class=\"slide-25427 ms-image \" aria-roledescription=\"slide\" data-date=\"2022-07-08 08:53:03\" data-filename=\"hotel-riu-yucatan-playa-carmen-mexico-general-800x610.jpg\" data-slide-type=\"image\"><img loading=\"lazy\" decoding=\"async\" src=\"https:\/\/www.riu.com\/blog\/wp-content\/uploads\/2022\/07\/hotel-riu-yucatan-playa-carmen-mexico-general-800x610.jpg\" height=\"610\" width=\"800\" alt=\"Vista desde el mar del hotel Riu Yucatan en Playa del Carmen, en M\u00e9xico\" class=\"slider-25343 slide-25427 msDefaultImage\" title=\"hotel-riu-yucatan-playa-carmen-mexico-general\" \/><\/li>\n                <li style=\"display: none; width: 100%;\" class=\"slide-25428 ms-image \" aria-roledescription=\"slide\" data-date=\"2022-07-08 08:53:03\" data-filename=\"hotel-riu-cancun-piscinas-800x610.jpg\" data-slide-type=\"image\"><img loading=\"lazy\" decoding=\"async\" src=\"https:\/\/www.riu.com\/blog\/wp-content\/uploads\/2022\/07\/hotel-riu-cancun-piscinas-800x610.jpg\" height=\"610\" width=\"800\" alt=\"Zona de piscinas del hotel Riu Cancun en M\u00e9xico\" class=\"slider-25343 slide-25428 msDefaultImage\" title=\"hotel-riu-cancun-piscinas\" \/><\/li>\n                <li style=\"display: none; width: 100%;\" class=\"slide-25429 ms-image \" aria-roledescription=\"slide\" data-date=\"2022-07-08 08:53:03\" data-filename=\"hotel-riu-caribe-cancun-mexico-piscinas-800x610.jpg\" data-slide-type=\"image\"><img loading=\"lazy\" decoding=\"async\" src=\"https:\/\/www.riu.com\/blog\/wp-content\/uploads\/2022\/07\/hotel-riu-caribe-cancun-mexico-piscinas-800x610.jpg\" height=\"610\" width=\"800\" alt=\"Zona de piscinas del hotel Riu Caribe en Canc\u00fan, M\u00e9xico\" class=\"slider-25343 slide-25429 msDefaultImage\" title=\"hotel-riu-caribe-cancun-mexico-piscinas\" \/><\/li>\n                <li style=\"display: none; width: 100%;\" class=\"slide-25430 ms-image \" aria-roledescription=\"slide\" data-date=\"2022-07-08 08:53:03\" data-filename=\"hotel-riu-dunamar-costa-mujeres-mexico-vista-general-800x610.jpg\" data-slide-type=\"image\"><img loading=\"lazy\" decoding=\"async\" src=\"https:\/\/www.riu.com\/blog\/wp-content\/uploads\/2022\/07\/hotel-riu-dunamar-costa-mujeres-mexico-vista-general-800x610.jpg\" height=\"610\" width=\"800\" alt=\"Vista a\u00e9rea desde el mar del Hotel Riu Dunamar en Costa Mujeres, Canc\u00fan, en M\u00e9xico\" class=\"slider-25343 slide-25430 msDefaultImage\" title=\"hotel-riu-dunamar-costa-mujeres-mexico-vista-general\" \/><\/li>\n                <li style=\"display: none; width: 100%;\" class=\"slide-25431 ms-image \" aria-roledescription=\"slide\" data-date=\"2022-07-08 08:53:03\" data-filename=\"hotel-riu-emerald-bay-mazatlan-mexico-vista-general-800x610.jpg\" data-slide-type=\"image\"><img loading=\"lazy\" decoding=\"async\" src=\"https:\/\/www.riu.com\/blog\/wp-content\/uploads\/2022\/07\/hotel-riu-emerald-bay-mazatlan-mexico-vista-general-800x610.jpg\" height=\"610\" width=\"800\" alt=\"Vista general del Hotel Riu Emerald Bay en Mazatl\u00e1n, M\u00e9xico\" class=\"slider-25343 slide-25431 msDefaultImage\" title=\"hotel-riu-emerald-bay-mazatlan-mexico-vista-general\" \/><\/li>\n            <\/ul>\n        <\/div>\n        \n    <\/div>\n<\/div>\n<h3>Costa Mujeres, la apuesta hotelera m\u00e1s reciente de RIU en M\u00e9xico<\/h3>\n<p>Nos faltar\u00eda hablar de <strong>Costa Mujeres, que ha sido el destino m\u00e1s reciente<\/strong>. Un municipio al norte de Canc\u00fan, con una playa maravillosa y que est\u00e1 funcionando muy, muy bien. All\u00ed abrimos el <a href=\"https:\/\/www.riu.com\/es\/hotel\/mexico\/cancun\/hotel-riu-dunamar\/\" target=\"_blank\" rel=\"noopener\"><u>Riu Dunamar<\/u><\/a>\u00a0en 2018 y <a href=\"\/blog?p=23744\" target=\"_blank\" rel=\"noopener\"><u>este a\u00f1o ya inauguraremos en octubre el tercer hotel del destino<\/u><\/a>.<\/p>\n<div id=\"metaslider-id-25432\" style=\"max-width: 800px;\" class=\"ml-slider-3-107-0 metaslider metaslider-flex metaslider-25432 ml-slider has-dots-nav ms-theme-default\" role=\"region\" aria-label=\"Galeria obras Luis riu es\" data-height=\"610\" data-width=\"800\">\n    <div id=\"metaslider_container_25432\">\n        <div id=\"metaslider_25432\" class=\"flexslider\">\n            <ul class='slides'>\n                <li style=\"display: block; width: 100%;\" class=\"slide-25454 ms-image \" aria-roledescription=\"slide\" data-date=\"2022-07-08 09:06:54\" data-filename=\"luis-riu-obras-riu-palace-riviera-maya-scaled-800x610.jpg\" data-slide-type=\"image\"><img loading=\"lazy\" decoding=\"async\" src=\"https:\/\/www.riu.com\/blog\/wp-content\/uploads\/2022\/07\/luis-riu-obras-riu-palace-riviera-maya-scaled-800x610.jpg\" height=\"610\" width=\"800\" alt=\"Luis Riu con los operarios participantes en las obras del hotel Riu Palace Riviera Maya en M\u00e9xico\" class=\"slider-25432 slide-25454 msDefaultImage\" title=\"luis-riu-obras-riu-palace-riviera-maya\" \/><div class=\"caption-wrap\"><div class=\"caption\">Luis Riu con el equipo directivo de las obras del hotel Riu Palace Riviera Maya en M\u00e9xico<\/div><\/div><\/li>\n                <li style=\"display: none; width: 100%;\" class=\"slide-25455 ms-image \" aria-roledescription=\"slide\" data-date=\"2022-07-08 09:06:54\" data-filename=\"luis-riu-responsables-obra-riu-palace-costa-mujeres-mexico-scaled-800x610.jpg\" data-slide-type=\"image\"><img loading=\"lazy\" decoding=\"async\" src=\"https:\/\/www.riu.com\/blog\/wp-content\/uploads\/2022\/07\/luis-riu-responsables-obra-riu-palace-costa-mujeres-mexico-scaled-800x610.jpg\" height=\"610\" width=\"800\" alt=\"Luis Riu con Otoniel Casillas, de Animaci\u00f3n, Jos\u00e9 Mar\u00eda Sanch\u00eds, m\u00e1ximo responsable de Obras y  Eduardo Vadillo, jede de Obra\" class=\"slider-25432 slide-25455 msDefaultImage\" title=\"luis-riu-responsables-obra-riu-palace-costa-mujeres-mexico\" \/><div class=\"caption-wrap\"><div class=\"caption\">Luis Riu con Otoniel Casillas, de Animaci\u00f3n, Jos\u00e9 Mar\u00eda Sanch\u00eds, m\u00e1ximo responsable de Obras y  Eduardo Vadillo, jefe de Obra.<\/div><\/div><\/li>\n                <li style=\"display: none; width: 100%;\" class=\"slide-25456 ms-image \" aria-roledescription=\"slide\" data-date=\"2022-07-08 09:06:54\" data-filename=\"construccion-hotel-riu-palace-riviera-maya-scaled-800x610.jpg\" data-slide-type=\"image\"><img loading=\"lazy\" decoding=\"async\" src=\"https:\/\/www.riu.com\/blog\/wp-content\/uploads\/2022\/07\/construccion-hotel-riu-palace-riviera-maya-scaled-800x610.jpg\" height=\"610\" width=\"800\" alt=\"Obras de construcci\u00f3n del hotel Riu Palace Riviera Maya en Playa del Carmen, en M\u00e9xico\" class=\"slider-25432 slide-25456 msDefaultImage\" title=\"construccion-hotel-riu-palace-riviera-maya\" \/><\/li>\n                <li style=\"display: none; width: 100%;\" class=\"slide-25457 ms-image \" aria-roledescription=\"slide\" data-date=\"2022-07-08 09:06:54\" data-filename=\"luis-riu-eduardo-vadillo-riu-palace-riviera-maya-scaled-800x610.jpg\" data-slide-type=\"image\"><img loading=\"lazy\" decoding=\"async\" src=\"https:\/\/www.riu.com\/blog\/wp-content\/uploads\/2022\/07\/luis-riu-eduardo-vadillo-riu-palace-riviera-maya-scaled-800x610.jpg\" height=\"610\" width=\"800\" alt=\"Luis Riu y Eduardo Vadillo durante la obra del hotel Riu Palace Riviera Maya en Playa del Carmen, M\u00e9xico.\" class=\"slider-25432 slide-25457 msDefaultImage\" title=\"luis-riu-eduardo-vadillo-riu-palace-riviera-maya\" \/><div class=\"caption-wrap\"><div class=\"caption\">Luis Riu y Eduardo Vadillo durante la obra del hotel Riu Palace Riviera Maya en Playa del Carmen, M\u00e9xico.<\/div><\/div><\/li>\n                <li style=\"display: none; width: 100%;\" class=\"slide-25458 ms-image \" aria-roledescription=\"slide\" data-date=\"2022-07-08 09:06:55\" data-filename=\"luis-riu-final-obras-riu-latino-cancun-scaled-800x610.jpg\" data-slide-type=\"image\"><img loading=\"lazy\" decoding=\"async\" src=\"https:\/\/www.riu.com\/blog\/wp-content\/uploads\/2022\/07\/luis-riu-final-obras-riu-latino-cancun-scaled-800x610.jpg\" height=\"610\" width=\"800\" alt=\"Luis Riu revisa los planos en el final de las obras del hotel Riu Latino en Canc\u00fan, M\u00e9xico, en 2022\" class=\"slider-25432 slide-25458 msDefaultImage\" title=\"luis-riu-final-obras-riu-latino-cancun\" \/><div class=\"caption-wrap\"><div class=\"caption\">Luis Riu revisa los planos en el final de las obras del hotel Riu Latino en Canc\u00fan, M\u00e9xico, en 2022.<\/div><\/div><\/li>\n                <li style=\"display: none; width: 100%;\" class=\"slide-25459 ms-image \" aria-roledescription=\"slide\" data-date=\"2022-07-08 09:06:55\" data-filename=\"luis-riu-obras-riu-latino-cancun-800x610.jpg\" data-slide-type=\"image\"><img loading=\"lazy\" decoding=\"async\" src=\"https:\/\/www.riu.com\/blog\/wp-content\/uploads\/2022\/07\/luis-riu-obras-riu-latino-cancun-800x610.jpg\" height=\"610\" width=\"800\" alt=\"Luis Riu y su equipo en el inicio de la construcci\u00f3n del hotel Riu Latino en Canc\u00fan, M\u00e9xico, en 2020\" class=\"slider-25432 slide-25459 msDefaultImage\" title=\"luis-riu-obras-riu-latino-cancun\" \/><div class=\"caption-wrap\"><div class=\"caption\">Luis Riu y su equipo en el inicio de la construcci\u00f3n del hotel Riu Latino en Canc\u00fan, M\u00e9xico, en 2020.<\/div><\/div><\/li>\n                <li style=\"display: none; width: 100%;\" class=\"slide-25460 ms-image \" aria-roledescription=\"slide\" data-date=\"2022-07-08 09:06:55\" data-filename=\"luis-riu-obras-riu-palace-costa-mujeres-mexico-scaled-800x610.jpg\" data-slide-type=\"image\"><img loading=\"lazy\" decoding=\"async\" src=\"https:\/\/www.riu.com\/blog\/wp-content\/uploads\/2022\/07\/luis-riu-obras-riu-palace-costa-mujeres-mexico-scaled-800x610.jpg\" height=\"610\" width=\"800\" alt=\"Luis Riu con los operarios participantes en las obras del hotel Riu Palace Costa Mujeres en M\u00e9xico en 2018\" class=\"slider-25432 slide-25460 msDefaultImage\" title=\"luis-riu-obras-riu-palace-costa-mujeres-mexico\" \/><div class=\"caption-wrap\"><div class=\"caption\">Luis Riu con los operarios participantes en las obras del hotel Riu Palace Costa Mujeres en M\u00e9xico en 2018.<\/div><\/div><\/li>\n            <\/ul>\n        <\/div>\n        \n    <\/div>\n<\/div>\n<h2>Reconocimiento al equipo de RIU Hotels &amp; Resorts en M\u00e9xico: 25 a\u00f1os de trabajo<\/h2>\n<p>M\u00e9xico es clave para RIU desde hace muchos a\u00f1os. Un destino que nos ha dado much\u00edsimas oportunidades y satisfacciones. Pero lo que no sab\u00edamos es que adem\u00e1s nos iba a salvar durante la \u00e9poca m\u00e1s dif\u00edcil que ha atravesado la industria tur\u00edstica en su historia. Gracias a la pol\u00edtica de apertura que mantuvo el gobierno mexicano, <strong>pudimos abrir y mantener abiertos los hoteles de M\u00e9xico desde los primeros meses de la pandemia de la COVID-19<\/strong>. Y eso es lo que ha permitido a la empresa mantenerse a flote. \u00a0Por eso no nos cansamos de decir que a M\u00e9xico le debemos mucho. Para comenzar, un reconocimiento a su <strong>talento<\/strong>, del que tanto hemos aprendido:<\/p>\n<ul>\n<li>Tenemos los hoteles m\u00e1s seguros de toda Am\u00e9rica, gracias a los profesionales mexicanos, especialmente buenos en estructuras. Jos\u00e9 Mar\u00eda Sanch\u00eds dirige para todo el continente un excelente <strong>equipo de arquitectura, ingenier\u00eda y obra <\/strong>que ha sido responsable de la <strong>construcci\u00f3n y renovaci\u00f3n de casi 50 hoteles<\/strong>.<\/li>\n<li>Tambi\u00e9n tenemos talento mexicano dirigiendo las <strong>\u00e1reas de Servicios T\u00e9cnicos <\/strong>de multitud de hoteles de toda la regi\u00f3n.<\/li>\n<li>Nuestros jefes de producto (Staff) de <strong>Bares, Restaurantes, Animaci\u00f3n, Recepci\u00f3n, Pisos y Cocina <\/strong>en M\u00e9xico son referentes en la empresa y forman a los nuevos profesionales de RIU en multitud de destinos.<\/li>\n<li>No nos olvidamos de los responsables de <strong>Ventas, Call Center internacional, Administraci\u00f3n, Compras, Recursos Humanos\u2026<\/strong>profesionales que desde M\u00e9xico cuidan todos esos aspectos invisibles pero indispensables para la operaci\u00f3n de RIU en todo el continente.<\/li>\n<li><strong>Directores de hotel y de Operaciones <\/strong>que llevan a\u00f1os con nosotros, afrontando un d\u00eda a d\u00eda fren\u00e9tico, pero tambi\u00e9n grandes reformas y nuevas aperturas en un destino que no descansa nunca.<\/li>\n<li>Y no puede faltar una menci\u00f3n a <a href=\"\/blog?p=19797\" target=\"_blank\" rel=\"noopener\"><strong><u>Rafael Exp\u00f3sito<\/u><\/strong><\/a><strong>, que dirigi\u00f3 las Operaciones de todo el pa\u00eds <\/strong>durante 20 a\u00f1os.<\/li>\n<\/ul>\n<div id=\"attachment_19800\" style=\"width: 710px\" class=\"wp-caption alignnone\"><a href=\"https:\/\/www.riu.com\/blog\/wp-content\/uploads\/2020\/08\/luis-riu-rafael-exposito.jpg\" target=\"_blank\" rel=\"noopener noreferrer\"><img loading=\"lazy\" decoding=\"async\" aria-describedby=\"caption-attachment-19800\" class=\"wp-image-19800 size-large\" src=\"https:\/\/www.riu.com\/blog\/wp-content\/uploads\/2020\/08\/luis-riu-rafael-exposito-700x467.jpg\" alt=\"Luis Riu, CEO de RIU Hotels &amp; Resorts, y Rafael Exp\u00f3sito, que se jubil\u00f3 en agosto de 2021 siendo el empleado m\u00e1s antiguo de la cadena en activo\" width=\"700\" height=\"467\" srcset=\"https:\/\/www.riu.com\/blog\/wp-content\/uploads\/2020\/08\/luis-riu-rafael-exposito-700x467.jpg 700w, https:\/\/www.riu.com\/blog\/wp-content\/uploads\/2020\/08\/luis-riu-rafael-exposito-250x167.jpg 250w, https:\/\/www.riu.com\/blog\/wp-content\/uploads\/2020\/08\/luis-riu-rafael-exposito-768x512.jpg 768w, https:\/\/www.riu.com\/blog\/wp-content\/uploads\/2020\/08\/luis-riu-rafael-exposito-120x80.jpg 120w, https:\/\/www.riu.com\/blog\/wp-content\/uploads\/2020\/08\/luis-riu-rafael-exposito.jpg 1000w\" sizes=\"auto, (max-width: 700px) 100vw, 700px\" \/><\/a><p id=\"caption-attachment-19800\" class=\"wp-caption-text\">Luis Riu, CEO de RIU Hotels &amp; Resorts, y Rafael Exp\u00f3sito, director de Operaciones en M\u00e9xico durante 20 a\u00f1os y que se jubil\u00f3 en agosto de 2021 siendo el empleado m\u00e1s antiguo de la cadena en activo.<\/p><\/div>\n<div id=\"attachment_25461\" style=\"width: 710px\" class=\"wp-caption alignnone\"><a href=\"https:\/\/www.riu.com\/blog\/wp-content\/uploads\/2022\/07\/luis-riu-agradecimiento-equipo-mexico-scaled.jpg\" target=\"_blank\" rel=\"noopener\"><img loading=\"lazy\" decoding=\"async\" aria-describedby=\"caption-attachment-25461\" class=\"wp-image-25461 size-large\" src=\"https:\/\/www.riu.com\/blog\/wp-content\/uploads\/2022\/07\/luis-riu-agradecimiento-equipo-mexico-700x465.jpg\" alt=\"Luis Riu, en su agradecimiento al trabajo del equipo de RIU Hotels &amp; Resorts en M\u00e9xico\" width=\"700\" height=\"465\" srcset=\"https:\/\/www.riu.com\/blog\/wp-content\/uploads\/2022\/07\/luis-riu-agradecimiento-equipo-mexico-700x465.jpg 700w, https:\/\/www.riu.com\/blog\/wp-content\/uploads\/2022\/07\/luis-riu-agradecimiento-equipo-mexico-250x166.jpg 250w, https:\/\/www.riu.com\/blog\/wp-content\/uploads\/2022\/07\/luis-riu-agradecimiento-equipo-mexico-768x510.jpg 768w, https:\/\/www.riu.com\/blog\/wp-content\/uploads\/2022\/07\/luis-riu-agradecimiento-equipo-mexico-1536x1020.jpg 1536w, https:\/\/www.riu.com\/blog\/wp-content\/uploads\/2022\/07\/luis-riu-agradecimiento-equipo-mexico-2048x1360.jpg 2048w, https:\/\/www.riu.com\/blog\/wp-content\/uploads\/2022\/07\/luis-riu-agradecimiento-equipo-mexico-120x80.jpg 120w\" sizes=\"auto, (max-width: 700px) 100vw, 700px\" \/><\/a><p id=\"caption-attachment-25461\" class=\"wp-caption-text\">Luis Riu, en su agradecimiento al trabajo del equipo de RIU Hotels &amp; Resorts en M\u00e9xico.<\/p><\/div>\n<p>A todos un inmenso gracias, de coraz\u00f3n.<\/p>\n<p>Y para terminar, una menci\u00f3n muy afectuosa para las <strong>autoridades locales, estatales y federales<\/strong>\u00a0por trabajar de la mano con las empresas para desarrollar su visi\u00f3n del turismo. Tambi\u00e9n a la <strong>CROC<\/strong>, organizaci\u00f3n que desde los hoteles ha trabajado por defender los derechos de los trabajadores siempre con la mejor predisposici\u00f3n para llegar a consensos. Y por \u00faltimo, a nuestros <strong>proveedores<\/strong>, los cuales en un 95% son mexicanos, y que sirven a RIU en otros pa\u00edses de la regi\u00f3n, que han sido capaces siempre de ofrecer calidad y confiabilidad a pesar de que somos un cliente exigente por los vol\u00famenes y los cortos tiempos que manejamos. Gracias a todos. <strong>Ya hemos andado 25 a\u00f1os de camino, pero nos quedan muchos m\u00e1s. \u00a0<\/strong><\/p>\n","protected":false},"excerpt":{"rendered":"El Riu Yucatan, en Playa del Carmen, fue el primer hotel abierto por RIU Hotels &#038; Resorts en M\u00e9xico. La inauguraci\u00f3n tuvo lugar en 1997 y, desde entonces, RIU ha consolidado su presencia en el pa\u00eds con un total de 22 hoteles en activo. Luis Riu, CEO y responsable de Expansi\u00f3n, repasa la historia de estos 25 a\u00f1os.","protected":false},"author":101,"featured_media":25464,"comment_status":"open","ping_status":"closed","sticky":false,"template":"","format":"standard","meta":{"_acf_changed":false,"footnotes":""},"categories":[1715],"tags":[],"class_list":["post-25277","post","type-post","status-publish","format-standard","has-post-thumbnail","hentry","category-luis-riu"],"acf":[],"yoast_head":"<!-- This site is optimized with the Yoast SEO plugin v27.2 - https:\/\/yoast.com\/product\/yoast-seo-wordpress\/ -->\n<title>25 a\u00f1os de RIU en M\u00e9xico: 22 hoteles abiertos | Blog RIU.com<\/title>\n<meta name=\"description\" content=\"RIU celebra el 25 aniversario de la apertura de su primer hotel en M\u00e9xico, el Riu Yucatan. An\u00e1lisis de Luis Riu, CEO de la cadena hotelera.\" \/>\n<meta name=\"robots\" content=\"index, follow, max-snippet:-1, max-image-preview:large, max-video-preview:-1\" \/>\n<link rel=\"canonical\" href=\"https:\/\/www.riu.com\/blog\/25-aniversario-hoteles-riu-mexico\/\" \/>\n<meta property=\"og:locale\" content=\"es_ES\" \/>\n<meta property=\"og:type\" content=\"article\" \/>\n<meta property=\"og:title\" content=\"25 a\u00f1os de RIU en M\u00e9xico: 22 hoteles abiertos | Blog RIU.com\" \/>\n<meta property=\"og:description\" content=\"RIU celebra el 25 aniversario de la apertura de su primer hotel en M\u00e9xico, el Riu Yucatan. An\u00e1lisis de Luis Riu, CEO de la cadena hotelera.\" \/>\n<meta property=\"og:url\" content=\"https:\/\/www.riu.com\/blog\/25-aniversario-hoteles-riu-mexico\/\" \/>\n<meta property=\"og:site_name\" content=\"RIU.com | Blog\" \/>\n<meta property=\"article:published_time\" content=\"2022-07-08T09:25:55+00:00\" \/>\n<meta property=\"article:modified_time\" content=\"2025-08-20T09:00:24+00:00\" \/>\n<meta property=\"og:image\" content=\"https:\/\/www.riu.com\/blog\/wp-content\/uploads\/2022\/07\/luis-riu-25-aniversario-mexico-scaled.jpg\" \/>\n\t<meta property=\"og:image:width\" content=\"2560\" \/>\n\t<meta property=\"og:image:height\" content=\"1700\" \/>\n\t<meta property=\"og:image:type\" content=\"image\/jpeg\" \/>\n<meta name=\"author\" content=\"Luis Riu\" \/>\n<meta name=\"twitter:card\" content=\"summary_large_image\" \/>\n<meta name=\"twitter:label1\" content=\"Escrito por\" \/>\n\t<meta name=\"twitter:data1\" content=\"Luis Riu\" \/>\n\t<meta name=\"twitter:label2\" content=\"Tiempo de lectura\" \/>\n\t<meta name=\"twitter:data2\" content=\"11 minutos\" \/>\n<script type=\"application\/ld+json\" class=\"yoast-schema-graph\">{\"@context\":\"https:\/\/schema.org\",\"@graph\":[{\"@type\":\"NewsArticle\",\"@id\":\"https:\/\/www.riu.com\/blog\/25-aniversario-hoteles-riu-mexico\/#article\",\"isPartOf\":{\"@id\":\"https:\/\/www.riu.com\/blog\/25-aniversario-hoteles-riu-mexico\/\"},\"author\":{\"name\":\"Luis Riu\",\"@id\":\"https:\/\/www.riu.com\/blog\/de\/#\/schema\/person\/4a3494cae68999c7f07884ee3ee61f8e\"},\"headline\":\"Luis Riu: \u201cCelebramos el 25 Aniversario de RIU en M\u00e9xico con 22 hoteles y miles de motivos de agradecimiento\u201d\",\"datePublished\":\"2022-07-08T09:25:55+00:00\",\"dateModified\":\"2025-08-20T09:00:24+00:00\",\"mainEntityOfPage\":{\"@id\":\"https:\/\/www.riu.com\/blog\/25-aniversario-hoteles-riu-mexico\/\"},\"wordCount\":2188,\"commentCount\":5,\"image\":{\"@id\":\"https:\/\/www.riu.com\/blog\/25-aniversario-hoteles-riu-mexico\/#primaryimage\"},\"thumbnailUrl\":\"https:\/\/www.riu.com\/blog\/wp-content\/uploads\/2022\/07\/luis-riu-25-aniversario-mexico-scaled.jpg\",\"articleSection\":[\"Luis Riu\"],\"inLanguage\":\"es\",\"potentialAction\":[{\"@type\":\"CommentAction\",\"name\":\"Comment\",\"target\":[\"https:\/\/www.riu.com\/blog\/25-aniversario-hoteles-riu-mexico\/#respond\"]}]},{\"@type\":[\"WebPage\",\"ItemPage\"],\"@id\":\"https:\/\/www.riu.com\/blog\/25-aniversario-hoteles-riu-mexico\/\",\"url\":\"https:\/\/www.riu.com\/blog\/25-aniversario-hoteles-riu-mexico\/\",\"name\":\"25 a\u00f1os de RIU en M\u00e9xico: 22 hoteles abiertos | Blog RIU.com\",\"isPartOf\":{\"@id\":\"https:\/\/www.riu.com\/blog\/de\/#website\"},\"primaryImageOfPage\":{\"@id\":\"https:\/\/www.riu.com\/blog\/25-aniversario-hoteles-riu-mexico\/#primaryimage\"},\"image\":{\"@id\":\"https:\/\/www.riu.com\/blog\/25-aniversario-hoteles-riu-mexico\/#primaryimage\"},\"thumbnailUrl\":\"https:\/\/www.riu.com\/blog\/wp-content\/uploads\/2022\/07\/luis-riu-25-aniversario-mexico-scaled.jpg\",\"datePublished\":\"2022-07-08T09:25:55+00:00\",\"dateModified\":\"2025-08-20T09:00:24+00:00\",\"author\":{\"@id\":\"https:\/\/www.riu.com\/blog\/de\/#\/schema\/person\/4a3494cae68999c7f07884ee3ee61f8e\"},\"description\":\"RIU celebra el 25 aniversario de la apertura de su primer hotel en M\u00e9xico, el Riu Yucatan. An\u00e1lisis de Luis Riu, CEO de la cadena hotelera.\",\"breadcrumb\":{\"@id\":\"https:\/\/www.riu.com\/blog\/25-aniversario-hoteles-riu-mexico\/#breadcrumb\"},\"inLanguage\":\"es\",\"potentialAction\":[{\"@type\":\"ReadAction\",\"target\":[\"https:\/\/www.riu.com\/blog\/25-aniversario-hoteles-riu-mexico\/\"]}]},{\"@type\":\"ImageObject\",\"inLanguage\":\"es\",\"@id\":\"https:\/\/www.riu.com\/blog\/25-aniversario-hoteles-riu-mexico\/#primaryimage\",\"url\":\"https:\/\/www.riu.com\/blog\/wp-content\/uploads\/2022\/07\/luis-riu-25-aniversario-mexico-scaled.jpg\",\"contentUrl\":\"https:\/\/www.riu.com\/blog\/wp-content\/uploads\/2022\/07\/luis-riu-25-aniversario-mexico-scaled.jpg\",\"width\":2560,\"height\":1700},{\"@type\":\"BreadcrumbList\",\"@id\":\"https:\/\/www.riu.com\/blog\/25-aniversario-hoteles-riu-mexico\/#breadcrumb\",\"itemListElement\":[{\"@type\":\"ListItem\",\"position\":1,\"name\":\"Portada\",\"item\":\"https:\/\/www.riu.com\/blog\/de\/\"},{\"@type\":\"ListItem\",\"position\":2,\"name\":\"Luis Riu: \u201cCelebramos el 25 Aniversario de RIU en M\u00e9xico con 22 hoteles y miles de motivos de agradecimiento\u201d\"}]},{\"@type\":\"WebSite\",\"@id\":\"https:\/\/www.riu.com\/blog\/de\/#website\",\"url\":\"https:\/\/www.riu.com\/blog\/de\/\",\"name\":\"RIU.com | Blog\",\"description\":\"Blog de Riu Hotels &amp; Resorts | Noticias exclusivas de la cadena Riu Hotels &amp; Resorts | Hoteles en Espa\u00f1a, M\u00e9xico, Jamaica, Rep\u00fablica Dominicana, Portugal, Miami y muchos m\u00e1s.\",\"potentialAction\":[{\"@type\":\"SearchAction\",\"target\":{\"@type\":\"EntryPoint\",\"urlTemplate\":\"https:\/\/www.riu.com\/blog\/de\/?s={search_term_string}\"},\"query-input\":{\"@type\":\"PropertyValueSpecification\",\"valueRequired\":true,\"valueName\":\"search_term_string\"}}],\"inLanguage\":\"es\"},{\"@type\":\"Person\",\"@id\":\"https:\/\/www.riu.com\/blog\/de\/#\/schema\/person\/4a3494cae68999c7f07884ee3ee61f8e\",\"name\":\"Luis Riu\",\"image\":{\"@type\":\"ImageObject\",\"inLanguage\":\"es\",\"@id\":\"https:\/\/secure.gravatar.com\/avatar\/15f66f7173367f2f238abbc00a048e92b570dcebe3060640383006a875c9aa57?s=96&d=mm&r=g\",\"url\":\"https:\/\/secure.gravatar.com\/avatar\/15f66f7173367f2f238abbc00a048e92b570dcebe3060640383006a875c9aa57?s=96&d=mm&r=g\",\"contentUrl\":\"https:\/\/secure.gravatar.com\/avatar\/15f66f7173367f2f238abbc00a048e92b570dcebe3060640383006a875c9aa57?s=96&d=mm&r=g\",\"caption\":\"Luis Riu\"},\"url\":\"https:\/\/www.riu.com\/blog\/author\/luis-riu\/\"}]}<\/script>\n<!-- \/ Yoast SEO plugin. -->","yoast_head_json":{"title":"25 a\u00f1os de RIU en M\u00e9xico: 22 hoteles abiertos | Blog RIU.com","description":"RIU celebra el 25 aniversario de la apertura de su primer hotel en M\u00e9xico, el Riu Yucatan. An\u00e1lisis de Luis Riu, CEO de la cadena hotelera.","robots":{"index":"index","follow":"follow","max-snippet":"max-snippet:-1","max-image-preview":"max-image-preview:large","max-video-preview":"max-video-preview:-1"},"canonical":"https:\/\/www.riu.com\/blog\/25-aniversario-hoteles-riu-mexico\/","og_locale":"es_ES","og_type":"article","og_title":"25 a\u00f1os de RIU en M\u00e9xico: 22 hoteles abiertos | Blog RIU.com","og_description":"RIU celebra el 25 aniversario de la apertura de su primer hotel en M\u00e9xico, el Riu Yucatan. An\u00e1lisis de Luis Riu, CEO de la cadena hotelera.","og_url":"https:\/\/www.riu.com\/blog\/25-aniversario-hoteles-riu-mexico\/","og_site_name":"RIU.com | Blog","article_published_time":"2022-07-08T09:25:55+00:00","article_modified_time":"2025-08-20T09:00:24+00:00","og_image":[{"width":2560,"height":1700,"url":"https:\/\/www.riu.com\/blog\/wp-content\/uploads\/2022\/07\/luis-riu-25-aniversario-mexico-scaled.jpg","type":"image\/jpeg"}],"author":"Luis Riu","twitter_card":"summary_large_image","twitter_misc":{"Escrito por":"Luis Riu","Tiempo de lectura":"11 minutos"},"schema":{"@context":"https:\/\/schema.org","@graph":[{"@type":"NewsArticle","@id":"https:\/\/www.riu.com\/blog\/25-aniversario-hoteles-riu-mexico\/#article","isPartOf":{"@id":"https:\/\/www.riu.com\/blog\/25-aniversario-hoteles-riu-mexico\/"},"author":{"name":"Luis Riu","@id":"https:\/\/www.riu.com\/blog\/de\/#\/schema\/person\/4a3494cae68999c7f07884ee3ee61f8e"},"headline":"Luis Riu: \u201cCelebramos el 25 Aniversario de RIU en M\u00e9xico con 22 hoteles y miles de motivos de agradecimiento\u201d","datePublished":"2022-07-08T09:25:55+00:00","dateModified":"2025-08-20T09:00:24+00:00","mainEntityOfPage":{"@id":"https:\/\/www.riu.com\/blog\/25-aniversario-hoteles-riu-mexico\/"},"wordCount":2188,"commentCount":5,"image":{"@id":"https:\/\/www.riu.com\/blog\/25-aniversario-hoteles-riu-mexico\/#primaryimage"},"thumbnailUrl":"https:\/\/www.riu.com\/blog\/wp-content\/uploads\/2022\/07\/luis-riu-25-aniversario-mexico-scaled.jpg","articleSection":["Luis Riu"],"inLanguage":"es","potentialAction":[{"@type":"CommentAction","name":"Comment","target":["https:\/\/www.riu.com\/blog\/25-aniversario-hoteles-riu-mexico\/#respond"]}]},{"@type":["WebPage","ItemPage"],"@id":"https:\/\/www.riu.com\/blog\/25-aniversario-hoteles-riu-mexico\/","url":"https:\/\/www.riu.com\/blog\/25-aniversario-hoteles-riu-mexico\/","name":"25 a\u00f1os de RIU en M\u00e9xico: 22 hoteles abiertos | Blog RIU.com","isPartOf":{"@id":"https:\/\/www.riu.com\/blog\/de\/#website"},"primaryImageOfPage":{"@id":"https:\/\/www.riu.com\/blog\/25-aniversario-hoteles-riu-mexico\/#primaryimage"},"image":{"@id":"https:\/\/www.riu.com\/blog\/25-aniversario-hoteles-riu-mexico\/#primaryimage"},"thumbnailUrl":"https:\/\/www.riu.com\/blog\/wp-content\/uploads\/2022\/07\/luis-riu-25-aniversario-mexico-scaled.jpg","datePublished":"2022-07-08T09:25:55+00:00","dateModified":"2025-08-20T09:00:24+00:00","author":{"@id":"https:\/\/www.riu.com\/blog\/de\/#\/schema\/person\/4a3494cae68999c7f07884ee3ee61f8e"},"description":"RIU celebra el 25 aniversario de la apertura de su primer hotel en M\u00e9xico, el Riu Yucatan. An\u00e1lisis de Luis Riu, CEO de la cadena hotelera.","breadcrumb":{"@id":"https:\/\/www.riu.com\/blog\/25-aniversario-hoteles-riu-mexico\/#breadcrumb"},"inLanguage":"es","potentialAction":[{"@type":"ReadAction","target":["https:\/\/www.riu.com\/blog\/25-aniversario-hoteles-riu-mexico\/"]}]},{"@type":"ImageObject","inLanguage":"es","@id":"https:\/\/www.riu.com\/blog\/25-aniversario-hoteles-riu-mexico\/#primaryimage","url":"https:\/\/www.riu.com\/blog\/wp-content\/uploads\/2022\/07\/luis-riu-25-aniversario-mexico-scaled.jpg","contentUrl":"https:\/\/www.riu.com\/blog\/wp-content\/uploads\/2022\/07\/luis-riu-25-aniversario-mexico-scaled.jpg","width":2560,"height":1700},{"@type":"BreadcrumbList","@id":"https:\/\/www.riu.com\/blog\/25-aniversario-hoteles-riu-mexico\/#breadcrumb","itemListElement":[{"@type":"ListItem","position":1,"name":"Portada","item":"https:\/\/www.riu.com\/blog\/de\/"},{"@type":"ListItem","position":2,"name":"Luis Riu: \u201cCelebramos el 25 Aniversario de RIU en M\u00e9xico con 22 hoteles y miles de motivos de agradecimiento\u201d"}]},{"@type":"WebSite","@id":"https:\/\/www.riu.com\/blog\/de\/#website","url":"https:\/\/www.riu.com\/blog\/de\/","name":"RIU.com | Blog","description":"Blog de Riu Hotels &amp; Resorts | Noticias exclusivas de la cadena Riu Hotels &amp; Resorts | Hoteles en Espa\u00f1a, M\u00e9xico, Jamaica, Rep\u00fablica Dominicana, Portugal, Miami y muchos m\u00e1s.","potentialAction":[{"@type":"SearchAction","target":{"@type":"EntryPoint","urlTemplate":"https:\/\/www.riu.com\/blog\/de\/?s={search_term_string}"},"query-input":{"@type":"PropertyValueSpecification","valueRequired":true,"valueName":"search_term_string"}}],"inLanguage":"es"},{"@type":"Person","@id":"https:\/\/www.riu.com\/blog\/de\/#\/schema\/person\/4a3494cae68999c7f07884ee3ee61f8e","name":"Luis Riu","image":{"@type":"ImageObject","inLanguage":"es","@id":"https:\/\/secure.gravatar.com\/avatar\/15f66f7173367f2f238abbc00a048e92b570dcebe3060640383006a875c9aa57?s=96&d=mm&r=g","url":"https:\/\/secure.gravatar.com\/avatar\/15f66f7173367f2f238abbc00a048e92b570dcebe3060640383006a875c9aa57?s=96&d=mm&r=g","contentUrl":"https:\/\/secure.gravatar.com\/avatar\/15f66f7173367f2f238abbc00a048e92b570dcebe3060640383006a875c9aa57?s=96&d=mm&r=g","caption":"Luis Riu"},"url":"https:\/\/www.riu.com\/blog\/author\/luis-riu\/"}]}},"_links":{"self":[{"href":"https:\/\/www.riu.com\/blog\/wp-json\/wp\/v2\/posts\/25277","targetHints":{"allow":["GET"]}}],"collection":[{"href":"https:\/\/www.riu.com\/blog\/wp-json\/wp\/v2\/posts"}],"about":[{"href":"https:\/\/www.riu.com\/blog\/wp-json\/wp\/v2\/types\/post"}],"author":[{"embeddable":true,"href":"https:\/\/www.riu.com\/blog\/wp-json\/wp\/v2\/users\/101"}],"replies":[{"embeddable":true,"href":"https:\/\/www.riu.com\/blog\/wp-json\/wp\/v2\/comments?post=25277"}],"version-history":[{"count":22,"href":"https:\/\/www.riu.com\/blog\/wp-json\/wp\/v2\/posts\/25277\/revisions"}],"predecessor-version":[{"id":25703,"href":"https:\/\/www.riu.com\/blog\/wp-json\/wp\/v2\/posts\/25277\/revisions\/25703"}],"wp:featuredmedia":[{"embeddable":true,"href":"https:\/\/www.riu.com\/blog\/wp-json\/wp\/v2\/media\/25464"}],"wp:attachment":[{"href":"https:\/\/www.riu.com\/blog\/wp-json\/wp\/v2\/media?parent=25277"}],"wp:term":[{"taxonomy":"category","embeddable":true,"href":"https:\/\/www.riu.com\/blog\/wp-json\/wp\/v2\/categories?post=25277"},{"taxonomy":"post_tag","embeddable":true,"href":"https:\/\/www.riu.com\/blog\/wp-json\/wp\/v2\/tags?post=25277"}],"curies":[{"name":"wp","href":"https:\/\/api.w.org\/{rel}","templated":true}]}}