{"id":2620,"date":"2017-02-28T16:42:10","date_gmt":"2017-02-28T15:42:10","guid":{"rendered":"http:\/\/www.riu.com\/blog\/?p=2620\/"},"modified":"2019-03-22T11:40:12","modified_gmt":"2019-03-22T10:40:12","slug":"proteger-las-tortugas-marinas-riu-projeto-biodiversidade","status":"publish","type":"post","link":"https:\/\/www.riu.com\/blog\/proteger-las-tortugas-marinas-riu-projeto-biodiversidade\/","title":{"rendered":"T\u00fa tambi\u00e9n puedes proteger a las tortugas marinas durante tus vacaciones con RIU y Projeto Biodiversidade"},"content":{"rendered":"<p><a href=\"http:\/\/www.riu.com\/blog\/wp-content\/uploads\/2017\/02\/Projeto-Biodiversidade-3.jpg\"><img loading=\"lazy\" decoding=\"async\" class=\"alignnone wp-image-2623 size-large\" title=\"Tortugas adoptadas por nuestros hu\u00e9spedes\" src=\"http:\/\/www.riu.com\/blog\/wp-content\/uploads\/2017\/02\/Projeto-Biodiversidade-3-1024x768.jpg\" alt=\"Tortugas adoptadas por nuestros hu\u00e9spedes\" width=\"1024\" height=\"768\" srcset=\"https:\/\/www.riu.com\/blog\/wp-content\/uploads\/2017\/02\/Projeto-Biodiversidade-3.jpg 1024w, https:\/\/www.riu.com\/blog\/wp-content\/uploads\/2017\/02\/Projeto-Biodiversidade-3-250x188.jpg 250w, https:\/\/www.riu.com\/blog\/wp-content\/uploads\/2017\/02\/Projeto-Biodiversidade-3-700x525.jpg 700w, https:\/\/www.riu.com\/blog\/wp-content\/uploads\/2017\/02\/Projeto-Biodiversidade-3-120x90.jpg 120w, https:\/\/www.riu.com\/blog\/wp-content\/uploads\/2017\/02\/Projeto-Biodiversidade-3-768x576.jpg 768w, https:\/\/www.riu.com\/blog\/wp-content\/uploads\/2017\/02\/Projeto-Biodiversidade-3-320x240.jpg 320w, https:\/\/www.riu.com\/blog\/wp-content\/uploads\/2017\/02\/Projeto-Biodiversidade-3-300x225.jpg 300w\" sizes=\"auto, (max-width: 1024px) 100vw, 1024px\" \/><\/a><\/p>\n<p>Hoy tenemos algo muy especial que contarte, y es que a nosotros nos encantan este tipo de causas. Por eso nos alegra informarte de que <strong>hemos firmado un acuerdo de colaboraci\u00f3n con la ONG Associa\u00e7\u00e3o Projeto Biodiversidade con el fin de proteger las tortugas marinas<\/strong> en la isla de Sal. \u00a1Esperamos que esta noticia te alegre tanto como a nosotros!\u00a0 Vamos a contarte cu\u00e1les son nuestros planes: <strong>Projeto Biodiversidade nos asesorar\u00e1 y auditar\u00e1 en cuestiones de protecci\u00f3n ambiental<\/strong> y, en especial, sobre las medidas tomadas y a tomar en el futuro en la zona de Ponta Preta y Ponta de Sin\u00f3, donde, como ya sabr\u00e1s, disponemos de nuestros hoteles: <a href=\"http:\/\/www.riu.com\/es\/Paises\/cabo-verde\/isla-de-sal\/clubhotel-riu-funana\/index.jsp\">Riu Funana<\/a> y <a href=\"http:\/\/www.riu.com\/es\/Paises\/cabo-verde\/isla-de-sal\/hotel-riu-palace-cabo-verde\/index.jsp\">Riu Palace Cabo Verde<\/a>. Pero t\u00fa tambi\u00e9n podr\u00e1s ayudarnos, \u00bfquieres saber c\u00f3mo?<\/p>\n<p><strong>Ampliaremos la participaci\u00f3n de nuestros clientes a trav\u00e9s de actividades y divulgaci\u00f3n de materiales informativos<\/strong> para promover un turismo sostenible. Para el desarrollo de estos proyectos, aportaremos una cantidad anual a la asociaci\u00f3n.<\/p>\n<p><a href=\"http:\/\/www.riu.com\/blog\/wp-content\/uploads\/2017\/02\/12036744_1011468118897221_8904114585898511520_n.jpg\"><img loading=\"lazy\" decoding=\"async\" class=\"alignnone wp-image-2621 size-full\" title=\"Nido de tortugas\" src=\"http:\/\/www.riu.com\/blog\/wp-content\/uploads\/2017\/02\/12036744_1011468118897221_8904114585898511520_n.jpg\" alt=\"Nido de tortugas\" width=\"960\" height=\"788\" srcset=\"https:\/\/www.riu.com\/blog\/wp-content\/uploads\/2017\/02\/12036744_1011468118897221_8904114585898511520_n.jpg 960w, https:\/\/www.riu.com\/blog\/wp-content\/uploads\/2017\/02\/12036744_1011468118897221_8904114585898511520_n-250x205.jpg 250w, https:\/\/www.riu.com\/blog\/wp-content\/uploads\/2017\/02\/12036744_1011468118897221_8904114585898511520_n-700x575.jpg 700w, https:\/\/www.riu.com\/blog\/wp-content\/uploads\/2017\/02\/12036744_1011468118897221_8904114585898511520_n-120x99.jpg 120w, https:\/\/www.riu.com\/blog\/wp-content\/uploads\/2017\/02\/12036744_1011468118897221_8904114585898511520_n-768x630.jpg 768w, https:\/\/www.riu.com\/blog\/wp-content\/uploads\/2017\/02\/12036744_1011468118897221_8904114585898511520_n-300x246.jpg 300w\" sizes=\"auto, (max-width: 960px) 100vw, 960px\" \/><\/a><\/p>\n<p>La playa donde est\u00e1n nuestros hoteles es una importante zona para el desove de las tortugas marinas. As\u00ed que es fundamental que exista un control y desarrollo de iniciativas destinadas a paliar el impacto de la actividad tur\u00edstica en la zona y, en especial, para la<strong> protecci\u00f3n\u00a0 directa de las tortugas<\/strong>. A partir de este momento, <strong>Projeto Biodiversidade <\/strong>se convierte en nuestro interlocutor en Cabo Verde en cuanto a temas medioambientales ante las autoridades gubernamentales y otras organizaciones y fundaciones.<\/p>\n<p><a href=\"http:\/\/www.riu.com\/blog\/wp-content\/uploads\/2017\/02\/16649488_1389593994417963_8344078926615683651_n.jpg\"><img loading=\"lazy\" decoding=\"async\" class=\"alignnone wp-image-2622 size-full\" title=\"Tortuga nadando en Cabo Verde\" src=\"http:\/\/www.riu.com\/blog\/wp-content\/uploads\/2017\/02\/16649488_1389593994417963_8344078926615683651_n.jpg\" alt=\"Tortuga nadando en Cabo Verde\" width=\"960\" height=\"639\" srcset=\"https:\/\/www.riu.com\/blog\/wp-content\/uploads\/2017\/02\/16649488_1389593994417963_8344078926615683651_n.jpg 960w, https:\/\/www.riu.com\/blog\/wp-content\/uploads\/2017\/02\/16649488_1389593994417963_8344078926615683651_n-250x166.jpg 250w, https:\/\/www.riu.com\/blog\/wp-content\/uploads\/2017\/02\/16649488_1389593994417963_8344078926615683651_n-700x466.jpg 700w, https:\/\/www.riu.com\/blog\/wp-content\/uploads\/2017\/02\/16649488_1389593994417963_8344078926615683651_n-120x80.jpg 120w, https:\/\/www.riu.com\/blog\/wp-content\/uploads\/2017\/02\/16649488_1389593994417963_8344078926615683651_n-768x511.jpg 768w, https:\/\/www.riu.com\/blog\/wp-content\/uploads\/2017\/02\/16649488_1389593994417963_8344078926615683651_n-300x200.jpg 300w\" sizes=\"auto, (max-width: 960px) 100vw, 960px\" \/><\/a><\/p>\n<p>Tenemos algo m\u00e1s que contarte: <strong>t\u00fa tambi\u00e9n podr\u00e1s participar en las actividades de protecci\u00f3n ambiental<\/strong>. Una vez a la semana se realizar\u00e1n actividades en las que aprender\u00e1s sobre la biodiversidad en la <a href=\"http:\/\/www.riu.com\/es\/Paises\/cabo-verde\/isla-de-sal\/index.jsp\">Isla de Sal<\/a> y tambi\u00e9n, c\u00f3mo ser un turista m\u00e1s sostenible y responsable con el medio ambiente. Incluso, en el departamento de Animaci\u00f3n, <strong>organizar\u00e1n juegos educativos y salidas para los ni\u00f1os<\/strong>. \u00a1An\u00edmate y vive esta experiencia de la mano de <a href=\"http:\/\/www.riu.com\/es\/home.jsp\">RIU<\/a>!<\/p>\n<p><a href=\"http:\/\/www.riu.com\/blog\/wp-content\/uploads\/2017\/02\/Projeto-Biodiversidade-logo.jpg\"><img loading=\"lazy\" decoding=\"async\" class=\"alignnone wp-image-2624 size-large\" title=\"Logo Projeto Biodiversidade\" src=\"http:\/\/www.riu.com\/blog\/wp-content\/uploads\/2017\/02\/Projeto-Biodiversidade-logo-1024x631.jpg\" alt=\"Logo Projeto Biodiversidade\" width=\"1024\" height=\"631\" srcset=\"https:\/\/www.riu.com\/blog\/wp-content\/uploads\/2017\/02\/Projeto-Biodiversidade-logo-1024x631.jpg 1024w, https:\/\/www.riu.com\/blog\/wp-content\/uploads\/2017\/02\/Projeto-Biodiversidade-logo-250x154.jpg 250w, https:\/\/www.riu.com\/blog\/wp-content\/uploads\/2017\/02\/Projeto-Biodiversidade-logo-700x431.jpg 700w, https:\/\/www.riu.com\/blog\/wp-content\/uploads\/2017\/02\/Projeto-Biodiversidade-logo-120x74.jpg 120w, https:\/\/www.riu.com\/blog\/wp-content\/uploads\/2017\/02\/Projeto-Biodiversidade-logo-768x473.jpg 768w, https:\/\/www.riu.com\/blog\/wp-content\/uploads\/2017\/02\/Projeto-Biodiversidade-logo-300x185.jpg 300w, https:\/\/www.riu.com\/blog\/wp-content\/uploads\/2017\/02\/Projeto-Biodiversidade-logo-223x137.jpg 223w, https:\/\/www.riu.com\/blog\/wp-content\/uploads\/2017\/02\/Projeto-Biodiversidade-logo.jpg 2048w\" sizes=\"auto, (max-width: 1024px) 100vw, 1024px\" \/><\/a><\/p>\n<p>&nbsp;<\/p>\n<p>&nbsp;<\/p>\n","protected":false},"excerpt":{"rendered":"Hoy tenemos algo muy especial que contarte, y es que a nosotros nos encantan este tipo de causas. Por eso nos alegra informarte de que hemos firmado un acuerdo de colaboraci\u00f3n con la ONG Associa\u00e7\u00e3o Projeto Biodiversidade con el fin de proteger las tortugas marinas en la isla de Sal. \u00a1Esperamos que esta noticia te&#8230;","protected":false},"author":3,"featured_media":2623,"comment_status":"open","ping_status":"closed","sticky":false,"template":"","format":"standard","meta":{"_acf_changed":false,"footnotes":""},"categories":[42],"tags":[],"class_list":["post-2620","post","type-post","status-publish","format-standard","has-post-thumbnail","hentry","category-destino"],"acf":[],"yoast_head":"<!-- This site is optimized with the Yoast SEO plugin v27.2 - https:\/\/yoast.com\/product\/yoast-seo-wordpress\/ -->\n<title>T\u00fa tambi\u00e9n puedes proteger a las tortugas marinas durante tus vacaciones con RIU y Projeto Biodiversidade<\/title>\n<meta name=\"description\" content=\"Hemos firmado un acuerdo de colaboraci\u00f3n con la ONG Associa\u00e7\u00e3o Projeto Biodiversidade para proteger a las tortugas marinas.\" \/>\n<meta name=\"robots\" content=\"index, follow, max-snippet:-1, max-image-preview:large, max-video-preview:-1\" \/>\n<link rel=\"canonical\" href=\"https:\/\/www.riu.com\/blog\/proteger-las-tortugas-marinas-riu-projeto-biodiversidade\/\" \/>\n<meta property=\"og:locale\" content=\"es_ES\" \/>\n<meta property=\"og:type\" content=\"article\" \/>\n<meta property=\"og:title\" content=\"T\u00fa tambi\u00e9n puedes proteger a las tortugas marinas durante tus vacaciones con RIU y Projeto Biodiversidade\" \/>\n<meta property=\"og:description\" content=\"Hemos firmado un acuerdo de colaboraci\u00f3n con la ONG Associa\u00e7\u00e3o Projeto Biodiversidade para proteger a las tortugas marinas.\" \/>\n<meta property=\"og:url\" content=\"https:\/\/www.riu.com\/blog\/proteger-las-tortugas-marinas-riu-projeto-biodiversidade\/\" \/>\n<meta property=\"og:site_name\" content=\"RIU.com | Blog\" \/>\n<meta property=\"article:published_time\" content=\"2017-02-28T15:42:10+00:00\" \/>\n<meta property=\"article:modified_time\" content=\"2019-03-22T10:40:12+00:00\" \/>\n<meta property=\"og:image\" content=\"https:\/\/www.riu.com\/blog\/wp-content\/uploads\/2017\/02\/Projeto-Biodiversidade-3.jpg\" \/>\n\t<meta property=\"og:image:width\" content=\"1024\" \/>\n\t<meta property=\"og:image:height\" content=\"768\" \/>\n\t<meta property=\"og:image:type\" content=\"image\/jpeg\" \/>\n<meta name=\"author\" content=\"Riu Hotels\" \/>\n<meta name=\"twitter:card\" content=\"summary_large_image\" \/>\n<meta name=\"twitter:label1\" content=\"Escrito por\" \/>\n\t<meta name=\"twitter:data1\" content=\"Riu Hotels\" \/>\n\t<meta name=\"twitter:label2\" content=\"Tiempo de lectura\" \/>\n\t<meta name=\"twitter:data2\" content=\"2 minutos\" \/>\n<script type=\"application\/ld+json\" class=\"yoast-schema-graph\">{\"@context\":\"https:\/\/schema.org\",\"@graph\":[{\"@type\":\"NewsArticle\",\"@id\":\"https:\/\/www.riu.com\/blog\/proteger-las-tortugas-marinas-riu-projeto-biodiversidade\/#article\",\"isPartOf\":{\"@id\":\"https:\/\/www.riu.com\/blog\/proteger-las-tortugas-marinas-riu-projeto-biodiversidade\/\"},\"author\":{\"name\":\"Riu Hotels\",\"@id\":\"https:\/\/www.riu.com\/blog\/de\/#\/schema\/person\/0d2e827ad7e2aee20a09a05bdc3fb45f\"},\"headline\":\"T\u00fa tambi\u00e9n puedes proteger a las tortugas marinas durante tus vacaciones con RIU y Projeto Biodiversidade\",\"datePublished\":\"2017-02-28T15:42:10+00:00\",\"dateModified\":\"2019-03-22T10:40:12+00:00\",\"mainEntityOfPage\":{\"@id\":\"https:\/\/www.riu.com\/blog\/proteger-las-tortugas-marinas-riu-projeto-biodiversidade\/\"},\"wordCount\":357,\"commentCount\":0,\"image\":{\"@id\":\"https:\/\/www.riu.com\/blog\/proteger-las-tortugas-marinas-riu-projeto-biodiversidade\/#primaryimage\"},\"thumbnailUrl\":\"https:\/\/www.riu.com\/blog\/wp-content\/uploads\/2017\/02\/Projeto-Biodiversidade-3.jpg\",\"articleSection\":[\"Destino\"],\"inLanguage\":\"es\",\"potentialAction\":[{\"@type\":\"CommentAction\",\"name\":\"Comment\",\"target\":[\"https:\/\/www.riu.com\/blog\/proteger-las-tortugas-marinas-riu-projeto-biodiversidade\/#respond\"]}]},{\"@type\":[\"WebPage\",\"ItemPage\"],\"@id\":\"https:\/\/www.riu.com\/blog\/proteger-las-tortugas-marinas-riu-projeto-biodiversidade\/\",\"url\":\"https:\/\/www.riu.com\/blog\/proteger-las-tortugas-marinas-riu-projeto-biodiversidade\/\",\"name\":\"T\u00fa tambi\u00e9n puedes proteger a las tortugas marinas durante tus vacaciones con RIU y Projeto Biodiversidade\",\"isPartOf\":{\"@id\":\"https:\/\/www.riu.com\/blog\/de\/#website\"},\"primaryImageOfPage\":{\"@id\":\"https:\/\/www.riu.com\/blog\/proteger-las-tortugas-marinas-riu-projeto-biodiversidade\/#primaryimage\"},\"image\":{\"@id\":\"https:\/\/www.riu.com\/blog\/proteger-las-tortugas-marinas-riu-projeto-biodiversidade\/#primaryimage\"},\"thumbnailUrl\":\"https:\/\/www.riu.com\/blog\/wp-content\/uploads\/2017\/02\/Projeto-Biodiversidade-3.jpg\",\"datePublished\":\"2017-02-28T15:42:10+00:00\",\"dateModified\":\"2019-03-22T10:40:12+00:00\",\"author\":{\"@id\":\"https:\/\/www.riu.com\/blog\/de\/#\/schema\/person\/0d2e827ad7e2aee20a09a05bdc3fb45f\"},\"description\":\"Hemos firmado un acuerdo de colaboraci\u00f3n con la ONG Associa\u00e7\u00e3o Projeto Biodiversidade para proteger a las tortugas marinas.\",\"breadcrumb\":{\"@id\":\"https:\/\/www.riu.com\/blog\/proteger-las-tortugas-marinas-riu-projeto-biodiversidade\/#breadcrumb\"},\"inLanguage\":\"es\",\"potentialAction\":[{\"@type\":\"ReadAction\",\"target\":[\"https:\/\/www.riu.com\/blog\/proteger-las-tortugas-marinas-riu-projeto-biodiversidade\/\"]}]},{\"@type\":\"ImageObject\",\"inLanguage\":\"es\",\"@id\":\"https:\/\/www.riu.com\/blog\/proteger-las-tortugas-marinas-riu-projeto-biodiversidade\/#primaryimage\",\"url\":\"https:\/\/www.riu.com\/blog\/wp-content\/uploads\/2017\/02\/Projeto-Biodiversidade-3.jpg\",\"contentUrl\":\"https:\/\/www.riu.com\/blog\/wp-content\/uploads\/2017\/02\/Projeto-Biodiversidade-3.jpg\",\"width\":1024,\"height\":768},{\"@type\":\"BreadcrumbList\",\"@id\":\"https:\/\/www.riu.com\/blog\/proteger-las-tortugas-marinas-riu-projeto-biodiversidade\/#breadcrumb\",\"itemListElement\":[{\"@type\":\"ListItem\",\"position\":1,\"name\":\"Portada\",\"item\":\"https:\/\/www.riu.com\/blog\/de\/\"},{\"@type\":\"ListItem\",\"position\":2,\"name\":\"T\u00fa tambi\u00e9n puedes proteger a las tortugas marinas durante tus vacaciones con RIU y Projeto Biodiversidade\"}]},{\"@type\":\"WebSite\",\"@id\":\"https:\/\/www.riu.com\/blog\/de\/#website\",\"url\":\"https:\/\/www.riu.com\/blog\/de\/\",\"name\":\"RIU.com | Blog\",\"description\":\"Blog de Riu Hotels &amp; Resorts | Noticias exclusivas de la cadena Riu Hotels &amp; Resorts | Hoteles en Espa\u00f1a, M\u00e9xico, Jamaica, Rep\u00fablica Dominicana, Portugal, Miami y muchos m\u00e1s.\",\"potentialAction\":[{\"@type\":\"SearchAction\",\"target\":{\"@type\":\"EntryPoint\",\"urlTemplate\":\"https:\/\/www.riu.com\/blog\/de\/?s={search_term_string}\"},\"query-input\":{\"@type\":\"PropertyValueSpecification\",\"valueRequired\":true,\"valueName\":\"search_term_string\"}}],\"inLanguage\":\"es\"},{\"@type\":\"Person\",\"@id\":\"https:\/\/www.riu.com\/blog\/de\/#\/schema\/person\/0d2e827ad7e2aee20a09a05bdc3fb45f\",\"name\":\"Riu Hotels\",\"image\":{\"@type\":\"ImageObject\",\"inLanguage\":\"es\",\"@id\":\"https:\/\/secure.gravatar.com\/avatar\/1845185f5dc0c5d7a3adb797bcd6cae1d3df26e3eead5da96b212485b274bdf3?s=96&d=mm&r=g\",\"url\":\"https:\/\/secure.gravatar.com\/avatar\/1845185f5dc0c5d7a3adb797bcd6cae1d3df26e3eead5da96b212485b274bdf3?s=96&d=mm&r=g\",\"contentUrl\":\"https:\/\/secure.gravatar.com\/avatar\/1845185f5dc0c5d7a3adb797bcd6cae1d3df26e3eead5da96b212485b274bdf3?s=96&d=mm&r=g\",\"caption\":\"Riu Hotels\"},\"url\":\"https:\/\/www.riu.com\/blog\/author\/riu\/\"}]}<\/script>\n<!-- \/ Yoast SEO plugin. -->","yoast_head_json":{"title":"T\u00fa tambi\u00e9n puedes proteger a las tortugas marinas durante tus vacaciones con RIU y Projeto Biodiversidade","description":"Hemos firmado un acuerdo de colaboraci\u00f3n con la ONG Associa\u00e7\u00e3o Projeto Biodiversidade para proteger a las tortugas marinas.","robots":{"index":"index","follow":"follow","max-snippet":"max-snippet:-1","max-image-preview":"max-image-preview:large","max-video-preview":"max-video-preview:-1"},"canonical":"https:\/\/www.riu.com\/blog\/proteger-las-tortugas-marinas-riu-projeto-biodiversidade\/","og_locale":"es_ES","og_type":"article","og_title":"T\u00fa tambi\u00e9n puedes proteger a las tortugas marinas durante tus vacaciones con RIU y Projeto Biodiversidade","og_description":"Hemos firmado un acuerdo de colaboraci\u00f3n con la ONG Associa\u00e7\u00e3o Projeto Biodiversidade para proteger a las tortugas marinas.","og_url":"https:\/\/www.riu.com\/blog\/proteger-las-tortugas-marinas-riu-projeto-biodiversidade\/","og_site_name":"RIU.com | Blog","article_published_time":"2017-02-28T15:42:10+00:00","article_modified_time":"2019-03-22T10:40:12+00:00","og_image":[{"width":1024,"height":768,"url":"https:\/\/www.riu.com\/blog\/wp-content\/uploads\/2017\/02\/Projeto-Biodiversidade-3.jpg","type":"image\/jpeg"}],"author":"Riu Hotels","twitter_card":"summary_large_image","twitter_misc":{"Escrito por":"Riu Hotels","Tiempo de lectura":"2 minutos"},"schema":{"@context":"https:\/\/schema.org","@graph":[{"@type":"NewsArticle","@id":"https:\/\/www.riu.com\/blog\/proteger-las-tortugas-marinas-riu-projeto-biodiversidade\/#article","isPartOf":{"@id":"https:\/\/www.riu.com\/blog\/proteger-las-tortugas-marinas-riu-projeto-biodiversidade\/"},"author":{"name":"Riu Hotels","@id":"https:\/\/www.riu.com\/blog\/de\/#\/schema\/person\/0d2e827ad7e2aee20a09a05bdc3fb45f"},"headline":"T\u00fa tambi\u00e9n puedes proteger a las tortugas marinas durante tus vacaciones con RIU y Projeto Biodiversidade","datePublished":"2017-02-28T15:42:10+00:00","dateModified":"2019-03-22T10:40:12+00:00","mainEntityOfPage":{"@id":"https:\/\/www.riu.com\/blog\/proteger-las-tortugas-marinas-riu-projeto-biodiversidade\/"},"wordCount":357,"commentCount":0,"image":{"@id":"https:\/\/www.riu.com\/blog\/proteger-las-tortugas-marinas-riu-projeto-biodiversidade\/#primaryimage"},"thumbnailUrl":"https:\/\/www.riu.com\/blog\/wp-content\/uploads\/2017\/02\/Projeto-Biodiversidade-3.jpg","articleSection":["Destino"],"inLanguage":"es","potentialAction":[{"@type":"CommentAction","name":"Comment","target":["https:\/\/www.riu.com\/blog\/proteger-las-tortugas-marinas-riu-projeto-biodiversidade\/#respond"]}]},{"@type":["WebPage","ItemPage"],"@id":"https:\/\/www.riu.com\/blog\/proteger-las-tortugas-marinas-riu-projeto-biodiversidade\/","url":"https:\/\/www.riu.com\/blog\/proteger-las-tortugas-marinas-riu-projeto-biodiversidade\/","name":"T\u00fa tambi\u00e9n puedes proteger a las tortugas marinas durante tus vacaciones con RIU y Projeto Biodiversidade","isPartOf":{"@id":"https:\/\/www.riu.com\/blog\/de\/#website"},"primaryImageOfPage":{"@id":"https:\/\/www.riu.com\/blog\/proteger-las-tortugas-marinas-riu-projeto-biodiversidade\/#primaryimage"},"image":{"@id":"https:\/\/www.riu.com\/blog\/proteger-las-tortugas-marinas-riu-projeto-biodiversidade\/#primaryimage"},"thumbnailUrl":"https:\/\/www.riu.com\/blog\/wp-content\/uploads\/2017\/02\/Projeto-Biodiversidade-3.jpg","datePublished":"2017-02-28T15:42:10+00:00","dateModified":"2019-03-22T10:40:12+00:00","author":{"@id":"https:\/\/www.riu.com\/blog\/de\/#\/schema\/person\/0d2e827ad7e2aee20a09a05bdc3fb45f"},"description":"Hemos firmado un acuerdo de colaboraci\u00f3n con la ONG Associa\u00e7\u00e3o Projeto Biodiversidade para proteger a las tortugas marinas.","breadcrumb":{"@id":"https:\/\/www.riu.com\/blog\/proteger-las-tortugas-marinas-riu-projeto-biodiversidade\/#breadcrumb"},"inLanguage":"es","potentialAction":[{"@type":"ReadAction","target":["https:\/\/www.riu.com\/blog\/proteger-las-tortugas-marinas-riu-projeto-biodiversidade\/"]}]},{"@type":"ImageObject","inLanguage":"es","@id":"https:\/\/www.riu.com\/blog\/proteger-las-tortugas-marinas-riu-projeto-biodiversidade\/#primaryimage","url":"https:\/\/www.riu.com\/blog\/wp-content\/uploads\/2017\/02\/Projeto-Biodiversidade-3.jpg","contentUrl":"https:\/\/www.riu.com\/blog\/wp-content\/uploads\/2017\/02\/Projeto-Biodiversidade-3.jpg","width":1024,"height":768},{"@type":"BreadcrumbList","@id":"https:\/\/www.riu.com\/blog\/proteger-las-tortugas-marinas-riu-projeto-biodiversidade\/#breadcrumb","itemListElement":[{"@type":"ListItem","position":1,"name":"Portada","item":"https:\/\/www.riu.com\/blog\/de\/"},{"@type":"ListItem","position":2,"name":"T\u00fa tambi\u00e9n puedes proteger a las tortugas marinas durante tus vacaciones con RIU y Projeto Biodiversidade"}]},{"@type":"WebSite","@id":"https:\/\/www.riu.com\/blog\/de\/#website","url":"https:\/\/www.riu.com\/blog\/de\/","name":"RIU.com | Blog","description":"Blog de Riu Hotels &amp; Resorts | Noticias exclusivas de la cadena Riu Hotels &amp; Resorts | Hoteles en Espa\u00f1a, M\u00e9xico, Jamaica, Rep\u00fablica Dominicana, Portugal, Miami y muchos m\u00e1s.","potentialAction":[{"@type":"SearchAction","target":{"@type":"EntryPoint","urlTemplate":"https:\/\/www.riu.com\/blog\/de\/?s={search_term_string}"},"query-input":{"@type":"PropertyValueSpecification","valueRequired":true,"valueName":"search_term_string"}}],"inLanguage":"es"},{"@type":"Person","@id":"https:\/\/www.riu.com\/blog\/de\/#\/schema\/person\/0d2e827ad7e2aee20a09a05bdc3fb45f","name":"Riu Hotels","image":{"@type":"ImageObject","inLanguage":"es","@id":"https:\/\/secure.gravatar.com\/avatar\/1845185f5dc0c5d7a3adb797bcd6cae1d3df26e3eead5da96b212485b274bdf3?s=96&d=mm&r=g","url":"https:\/\/secure.gravatar.com\/avatar\/1845185f5dc0c5d7a3adb797bcd6cae1d3df26e3eead5da96b212485b274bdf3?s=96&d=mm&r=g","contentUrl":"https:\/\/secure.gravatar.com\/avatar\/1845185f5dc0c5d7a3adb797bcd6cae1d3df26e3eead5da96b212485b274bdf3?s=96&d=mm&r=g","caption":"Riu Hotels"},"url":"https:\/\/www.riu.com\/blog\/author\/riu\/"}]}},"_links":{"self":[{"href":"https:\/\/www.riu.com\/blog\/wp-json\/wp\/v2\/posts\/2620","targetHints":{"allow":["GET"]}}],"collection":[{"href":"https:\/\/www.riu.com\/blog\/wp-json\/wp\/v2\/posts"}],"about":[{"href":"https:\/\/www.riu.com\/blog\/wp-json\/wp\/v2\/types\/post"}],"author":[{"embeddable":true,"href":"https:\/\/www.riu.com\/blog\/wp-json\/wp\/v2\/users\/3"}],"replies":[{"embeddable":true,"href":"https:\/\/www.riu.com\/blog\/wp-json\/wp\/v2\/comments?post=2620"}],"version-history":[{"count":1,"href":"https:\/\/www.riu.com\/blog\/wp-json\/wp\/v2\/posts\/2620\/revisions"}],"predecessor-version":[{"id":2625,"href":"https:\/\/www.riu.com\/blog\/wp-json\/wp\/v2\/posts\/2620\/revisions\/2625"}],"wp:featuredmedia":[{"embeddable":true,"href":"https:\/\/www.riu.com\/blog\/wp-json\/wp\/v2\/media\/2623"}],"wp:attachment":[{"href":"https:\/\/www.riu.com\/blog\/wp-json\/wp\/v2\/media?parent=2620"}],"wp:term":[{"taxonomy":"category","embeddable":true,"href":"https:\/\/www.riu.com\/blog\/wp-json\/wp\/v2\/categories?post=2620"},{"taxonomy":"post_tag","embeddable":true,"href":"https:\/\/www.riu.com\/blog\/wp-json\/wp\/v2\/tags?post=2620"}],"curies":[{"name":"wp","href":"https:\/\/api.w.org\/{rel}","templated":true}]}}