{"id":26417,"date":"2022-11-17T09:41:34","date_gmt":"2022-11-17T08:41:34","guid":{"rendered":"https:\/\/www.riu.com\/blog\/?p=26417"},"modified":"2024-04-25T11:11:57","modified_gmt":"2024-04-25T09:11:57","slug":"juventino-ramos-gerente-ventas-regional-riu-pacifico","status":"publish","type":"post","link":"https:\/\/www.riu.com\/blog\/juventino-ramos-gerente-ventas-regional-riu-pacifico\/","title":{"rendered":"Juventino Ramos: \u201cEn RIU, sabes que cuando lo necesites tendr\u00e1s el apoyo de los tuyos. De tu familia\u201d"},"content":{"rendered":"<p>Nayarit es uno de los destinos vacacionales m\u00e1s hermosos de M\u00e9xico, pa\u00eds en el que ya sab\u00e9is que estamos celebrando nuestro 25 \u00ba Aniversario. Precisamente, este a\u00f1o tambi\u00e9n cumplimos dos d\u00e9cadas desde nuestra primera apertura en Bah\u00eda de Banderas, la del Riu Jalisco. Es el momento ideal para que conozc\u00e1is a Juventino Ramos, nayaritense de coraz\u00f3n (Tepic, 1976) y Gerente Regional de Ventas en el Pac\u00edfico para RIU, donde lleva 15 a\u00f1os.<\/p>\n<div id=\"attachment_26420\" style=\"width: 710px\" class=\"wp-caption alignnone\"><img loading=\"lazy\" decoding=\"async\" aria-describedby=\"caption-attachment-26420\" class=\"wp-image-26420 size-large\" src=\"https:\/\/www.riu.com\/blog\/wp-content\/uploads\/2022\/11\/Juventino-Ramos-700x352.png\" alt=\"Juventino Ramos, Gerente Regional de Ventas de RIU en el Pac\u00edfico.\" width=\"700\" height=\"352\" srcset=\"https:\/\/www.riu.com\/blog\/wp-content\/uploads\/2022\/11\/Juventino-Ramos-700x352.png 700w, https:\/\/www.riu.com\/blog\/wp-content\/uploads\/2022\/11\/Juventino-Ramos-250x126.png 250w, https:\/\/www.riu.com\/blog\/wp-content\/uploads\/2022\/11\/Juventino-Ramos-768x386.png 768w, https:\/\/www.riu.com\/blog\/wp-content\/uploads\/2022\/11\/Juventino-Ramos-120x60.png 120w, https:\/\/www.riu.com\/blog\/wp-content\/uploads\/2022\/11\/Juventino-Ramos.png 848w\" sizes=\"auto, (max-width: 700px) 100vw, 700px\" \/><p id=\"caption-attachment-26420\" class=\"wp-caption-text\">Juventino Ramos, Gerente Regional de Ventas de RIU en el Pac\u00edfico.<\/p><\/div>\n<h2><em><strong>&#8211; Se cumplen 25 a\u00f1os desde que RIU lleg\u00f3 a M\u00e9xico y t\u00fa has estado en m\u00e1s de la mitad de este tiempo. \u00bfQu\u00e9 es lo primordial en una empresa como RIU que se define como familiar?<\/strong><\/em><\/h2>\n<p>Para m\u00ed es primordial el compromiso de cada uno de los miembros de nuestros diferentes equipos, durante todos los d\u00edas. Lo que haces no es solo por beneficio personal, sino que surge y existe un sentimiento de pertenencia en cada uno que nos empuja a ser solidarios y comprensivos los unos con los otros. Y al final, en RIU, sabes que cuando lo necesites siempre tendr\u00e1s el apoyo de los tuyos, de tu familia.<\/p>\n<h2><em><strong>&#8211; \u00bfC\u00f3mo definir\u00edas el modelo de trabajo de un hotel de RIU?<\/strong><\/em><\/h2>\n<p>Como colaborador, creo que es una empresa donde si pones de tu parte, tienes motivaci\u00f3n y aprovechas las oportunidades que se te brindan, puedes desarrollar y expresar tus capacidades al m\u00e1ximo.<\/p>\n<p>RIU te da la libertad necesaria para que puedas convertirte en un experto en tu \u00e1rea, as\u00ed como las oportunidades que comentaba antes que te da para crecer profesionalmente.<\/p>\n<div id=\"attachment_26424\" style=\"width: 710px\" class=\"wp-caption alignnone\"><img loading=\"lazy\" decoding=\"async\" aria-describedby=\"caption-attachment-26424\" class=\"wp-image-26424 size-large\" src=\"https:\/\/www.riu.com\/blog\/wp-content\/uploads\/2022\/11\/Foto-animacion-700x390.jpg\" alt=\"La motivaci\u00f3n y ganas de crecimiento son la se\u00f1a de identidad de muchos colaboradores de RIU.\" width=\"700\" height=\"390\" srcset=\"https:\/\/www.riu.com\/blog\/wp-content\/uploads\/2022\/11\/Foto-animacion-700x390.jpg 700w, https:\/\/www.riu.com\/blog\/wp-content\/uploads\/2022\/11\/Foto-animacion-250x139.jpg 250w, https:\/\/www.riu.com\/blog\/wp-content\/uploads\/2022\/11\/Foto-animacion-768x428.jpg 768w, https:\/\/www.riu.com\/blog\/wp-content\/uploads\/2022\/11\/Foto-animacion-120x67.jpg 120w, https:\/\/www.riu.com\/blog\/wp-content\/uploads\/2022\/11\/Foto-animacion.jpg 1300w\" sizes=\"auto, (max-width: 700px) 100vw, 700px\" \/><p id=\"caption-attachment-26424\" class=\"wp-caption-text\">La motivaci\u00f3n y ganas de crecimiento son la se\u00f1a de identidad de muchos colaboradores de RIU.<\/p><\/div>\n<h2><em><strong>&#8211; \u00bfCu\u00e1l ha sido la \u00e9poca de la que guardas mejor recuerdo de tu paso por RIU o qu\u00e9 momento concreto te result\u00f3 m\u00e1s inspirador para tu crecimiento?<\/strong><\/em><\/h2>\n<p>Elegir alg\u00fan momento o recuerdo bonito en estos 15 a\u00f1os es muy complicado, han sido muchos. Pero si tengo que mencionar uno, ser\u00eda cada nueva apertura o reapertura que hemos realizado por remodelaci\u00f3n. Es un ejemplo in situ de c\u00f3mo la empresa, con el paso de los a\u00f1os y d\u00e9cadas, busca superarse cada vez m\u00e1s y m\u00e1s y nos hace part\u00edcipe de ello.<\/p>\n<div id=\"attachment_26427\" style=\"width: 710px\" class=\"wp-caption alignnone\"><img loading=\"lazy\" decoding=\"async\" aria-describedby=\"caption-attachment-26427\" class=\"wp-image-26427 size-large\" src=\"https:\/\/www.riu.com\/blog\/wp-content\/uploads\/2022\/11\/Foto-Riu-Vallarta-700x444.jpg\" alt=\"El Riu Vallarta, en Nayarit, fue renovado en 2019.\" width=\"700\" height=\"444\" srcset=\"https:\/\/www.riu.com\/blog\/wp-content\/uploads\/2022\/11\/Foto-Riu-Vallarta-700x444.jpg 700w, https:\/\/www.riu.com\/blog\/wp-content\/uploads\/2022\/11\/Foto-Riu-Vallarta-250x159.jpg 250w, https:\/\/www.riu.com\/blog\/wp-content\/uploads\/2022\/11\/Foto-Riu-Vallarta-768x487.jpg 768w, https:\/\/www.riu.com\/blog\/wp-content\/uploads\/2022\/11\/Foto-Riu-Vallarta-120x76.jpg 120w, https:\/\/www.riu.com\/blog\/wp-content\/uploads\/2022\/11\/Foto-Riu-Vallarta.jpg 1309w\" sizes=\"auto, (max-width: 700px) 100vw, 700px\" \/><p id=\"caption-attachment-26427\" class=\"wp-caption-text\">El Riu Vallarta, en Nayarit, fue renovado en 2019.<\/p><\/div>\n<h2><em><strong>&#8211; En estos 15 a\u00f1os habr\u00e1s coincidido con cientos, si no miles, de colaboradores de RIU. Si tuvieras que destacar a tres colaboradores que para ti hayan sido ejemplares o que te han dejado huella, \u00bfqui\u00e9nes ser\u00edan?<\/strong><\/em><\/h2>\n<p>Es muy dif\u00edcil, igual que con la pregunta anterior, elegir solo a tres colaboradores. Por proximidad, trato y tambi\u00e9n por supuesto profesionalidad, podr\u00eda destacar a B\u00e1rbara, quien trabaja en el comedor en el Riu Jalisco; y tambi\u00e9n a dos personas que, si bien ya no est\u00e1n en RIU, me marcaron much\u00edsimo durante estos a\u00f1os: Rosy Dom\u00ednguez, quien fue Directora de Grupos Am\u00e9rica; y Sylvia Hofmann, mi antigua jefa directa y en su momento Gerente Regional de Ventas en el Pac\u00edfico. Son tres excelentes personas y grandes profesionales con tambi\u00e9n una larga trayectoria en RIU.<\/p>\n<h2><em><strong>&#8211; T\u00fa has podido ver casi desde el inicio la adaptaci\u00f3n de RIU a M\u00e9xico y a sus distintos destinos \u00bfC\u00f3mo ha adaptado una cadena como RIU su modelo de negocio y su producto a M\u00e9xico?<\/strong><\/em><\/h2>\n<p>El factor principal que ha permitido esta adaptaci\u00f3n ha sido la acertada combinaci\u00f3n de: la oferta de servicios de RIU, que incluye desde su modelo todo incluido a una variedad gastron\u00f3mica enorme o unas instalaciones pensadas al detalle para nuestro hu\u00e9sped; las locaciones y destinos que de forma estudiada y acertada han elegido para poder desarrollar su modelo de negocio; y, para m\u00ed una de las m\u00e1s importantes, el excelente y acogedor servicio que el personal mexicano brinda en todos y cada uno de sus hoteles.<\/p>\n<div id=\"attachment_26430\" style=\"width: 710px\" class=\"wp-caption alignnone\"><img loading=\"lazy\" decoding=\"async\" aria-describedby=\"caption-attachment-26430\" class=\"wp-image-26430 size-large\" src=\"https:\/\/www.riu.com\/blog\/wp-content\/uploads\/2022\/11\/Sonrisa-y-amabilidad-700x394.jpg\" alt=\"La sonrisa y amabilidad son el elemento diferenciador del personal en M\u00e9xico.\" width=\"700\" height=\"394\" srcset=\"https:\/\/www.riu.com\/blog\/wp-content\/uploads\/2022\/11\/Sonrisa-y-amabilidad-700x394.jpg 700w, https:\/\/www.riu.com\/blog\/wp-content\/uploads\/2022\/11\/Sonrisa-y-amabilidad-250x141.jpg 250w, https:\/\/www.riu.com\/blog\/wp-content\/uploads\/2022\/11\/Sonrisa-y-amabilidad-768x432.jpg 768w, https:\/\/www.riu.com\/blog\/wp-content\/uploads\/2022\/11\/Sonrisa-y-amabilidad-120x68.jpg 120w, https:\/\/www.riu.com\/blog\/wp-content\/uploads\/2022\/11\/Sonrisa-y-amabilidad.jpg 1299w\" sizes=\"auto, (max-width: 700px) 100vw, 700px\" \/><p id=\"caption-attachment-26430\" class=\"wp-caption-text\">La sonrisa y amabilidad son el elemento diferenciador del personal en M\u00e9xico.<\/p><\/div>\n<h2><em><strong>&#8211; \u00bfQu\u00e9 crees que RIU ha aprendido de M\u00e9xico en estos 25 a\u00f1os? \u00bfQu\u00e9 nos ha ense\u00f1ado?<\/strong><\/em><\/h2>\n<p>Yo creo que uno de los grandes aprendizajes ha sido que aunque M\u00e9xico es un pa\u00eds tremendamente extenso, con tanta variedad cultural, gastron\u00f3mica e hist\u00f3rica, si se escucha y aprende se puede tener \u00e9xito en todas las regiones, pues cada una cuenta con sus particularidades y tiene miles de atractivos.<\/p>\n<p>Creo que tambi\u00e9n ha podido comprobar de primera mano, y por ello saber valorar, el compromiso de la gente con el trabajo y la empresa, de todos aquellos que conformamos la familia RIU en M\u00e9xico en todas estas regiones.<\/p>\n<p>Luego hay ejemplos que pueden parecer muy banales o muy irrelevantes, pero son clave para entender este aprendizaje. Por ejemplo, nos dimos cuenta de la necesidad de construir aparcamientos en los hoteles, algo que no hac\u00edamos en un inicio. Cuando nos dimos cuenta de la relevancia y peso que estaba empezando a tener el mercado local y nacional, debimos actuar y adaptar nuestras \u00e1reas para todos aquellos que llegaban con su propio coche desde distintos puntos del pa\u00eds.<\/p>\n<h2><em><strong>&#8211; Siguiendo con esta celebraci\u00f3n \u00bfCu\u00e1l es la importancia del mercado local y nacional en los destinos de RIU en M\u00e9xico?<\/strong><\/em><\/h2>\n<p>En algunos destinos es vital y no se podr\u00eda entender la presencia y operaci\u00f3n de RIU sin la participaci\u00f3n del mercado mexicano. Y en otros, aunque no sean los m\u00e1s visitados por ellos, s\u00ed que es verdad que tambi\u00e9n son un puntal important\u00edsimo para cubrir los espacios que de \u00faltimo minuto se pueden tener en la hoteler\u00eda.<\/p>\n<h2><em><strong>&#8211; \u00bfC\u00f3mo ha ido aumentando esa importancia con el paso de los a\u00f1os?<\/strong><\/em><\/h2>\n<p>Cada vez es m\u00e1s su influencia y tambi\u00e9n cada vez nos ha demostrado que podemos contar con este mercado en los momentos m\u00e1s dif\u00edciles. Con el paso de tantos a\u00f1os y el trabajo que se ha hecho, la marca RIU cada vez est\u00e1 mejor posicionada en el pa\u00eds y con muy buena aceptaci\u00f3n.<\/p>\n<p>En cada una de las crisis mundiales o de nuestros pa\u00edses emisores, ha sido el mercado local quien nos ha hecho fuerte y nos ha permitido seguir trabajando. Con la actual crisis del COVID la participaci\u00f3n del mercado mexicano fue vital, tal y como dijo Luis Riu cuando coment\u00f3 que M\u00e9xico fue nuestro bal\u00f3n de ox\u00edgeno en esta crisis tan profunda. No se entender\u00eda RIU sin el cliente mexicano.<\/p>\n","protected":false},"excerpt":{"rendered":"Nayarit es uno de los destinos vacacionales m\u00e1s hermosos de M\u00e9xico, pa\u00eds en el que ya sab\u00e9is que estamos celebrando nuestro 25 \u00ba Aniversario. Precisamente, este a\u00f1o tambi\u00e9n cumplimos dos d\u00e9cadas desde nuestra primera apertura en Bah\u00eda de Banderas, la del Riu Jalisco. Es el momento ideal para que conozc\u00e1is a Juventino Ramos, nayaritense de&#8230;","protected":false},"author":3,"featured_media":26420,"comment_status":"open","ping_status":"closed","sticky":false,"template":"","format":"standard","meta":{"_acf_changed":false,"footnotes":""},"categories":[2251],"tags":[],"class_list":["post-26417","post","type-post","status-publish","format-standard","has-post-thumbnail","hentry","category-proudlycommitted"],"acf":[],"yoast_head":"<!-- This site is optimized with the Yoast SEO plugin v27.2 - https:\/\/yoast.com\/product\/yoast-seo-wordpress\/ -->\n<title>RIU entrevista al Gerente Regional de Ventas de RIU en el Pac\u00edfico<\/title>\n<meta name=\"description\" content=\"RIU Hotels &amp; Resorts presenta a Juventino Ramos, Gerente Regional de Ventas de RIU en el Pac\u00edfico Mexicano.\" \/>\n<meta name=\"robots\" content=\"index, follow, max-snippet:-1, max-image-preview:large, max-video-preview:-1\" \/>\n<link rel=\"canonical\" href=\"https:\/\/www.riu.com\/blog\/juventino-ramos-gerente-ventas-regional-riu-pacifico\/\" \/>\n<meta property=\"og:locale\" content=\"es_ES\" \/>\n<meta property=\"og:type\" content=\"article\" \/>\n<meta property=\"og:title\" content=\"RIU entrevista al Gerente Regional de Ventas de RIU en el Pac\u00edfico\" \/>\n<meta property=\"og:description\" content=\"RIU Hotels &amp; Resorts presenta a Juventino Ramos, Gerente Regional de Ventas de RIU en el Pac\u00edfico Mexicano.\" \/>\n<meta property=\"og:url\" content=\"https:\/\/www.riu.com\/blog\/juventino-ramos-gerente-ventas-regional-riu-pacifico\/\" \/>\n<meta property=\"og:site_name\" content=\"RIU.com | Blog\" \/>\n<meta property=\"article:published_time\" content=\"2022-11-17T08:41:34+00:00\" \/>\n<meta property=\"article:modified_time\" content=\"2024-04-25T09:11:57+00:00\" \/>\n<meta property=\"og:image\" content=\"https:\/\/www.riu.com\/blog\/wp-content\/uploads\/2022\/11\/Juventino-Ramos.png\" \/>\n\t<meta property=\"og:image:width\" content=\"848\" \/>\n\t<meta property=\"og:image:height\" content=\"426\" \/>\n\t<meta property=\"og:image:type\" content=\"image\/png\" \/>\n<meta name=\"author\" content=\"Riu Hotels\" \/>\n<meta name=\"twitter:card\" content=\"summary_large_image\" \/>\n<meta name=\"twitter:label1\" content=\"Escrito por\" \/>\n\t<meta name=\"twitter:data1\" content=\"Riu Hotels\" \/>\n\t<meta name=\"twitter:label2\" content=\"Tiempo de lectura\" \/>\n\t<meta name=\"twitter:data2\" content=\"6 minutos\" \/>\n<script type=\"application\/ld+json\" class=\"yoast-schema-graph\">{\"@context\":\"https:\/\/schema.org\",\"@graph\":[{\"@type\":\"NewsArticle\",\"@id\":\"https:\/\/www.riu.com\/blog\/juventino-ramos-gerente-ventas-regional-riu-pacifico\/#article\",\"isPartOf\":{\"@id\":\"https:\/\/www.riu.com\/blog\/juventino-ramos-gerente-ventas-regional-riu-pacifico\/\"},\"author\":{\"name\":\"Riu Hotels\",\"@id\":\"https:\/\/www.riu.com\/blog\/de\/#\/schema\/person\/0d2e827ad7e2aee20a09a05bdc3fb45f\"},\"headline\":\"Juventino Ramos: \u201cEn RIU, sabes que cuando lo necesites tendr\u00e1s el apoyo de los tuyos. De tu familia\u201d\",\"datePublished\":\"2022-11-17T08:41:34+00:00\",\"dateModified\":\"2024-04-25T09:11:57+00:00\",\"mainEntityOfPage\":{\"@id\":\"https:\/\/www.riu.com\/blog\/juventino-ramos-gerente-ventas-regional-riu-pacifico\/\"},\"wordCount\":1180,\"commentCount\":0,\"image\":{\"@id\":\"https:\/\/www.riu.com\/blog\/juventino-ramos-gerente-ventas-regional-riu-pacifico\/#primaryimage\"},\"thumbnailUrl\":\"https:\/\/www.riu.com\/blog\/wp-content\/uploads\/2022\/11\/Juventino-Ramos.png\",\"articleSection\":[\"Proudly Committed\"],\"inLanguage\":\"es\",\"potentialAction\":[{\"@type\":\"CommentAction\",\"name\":\"Comment\",\"target\":[\"https:\/\/www.riu.com\/blog\/juventino-ramos-gerente-ventas-regional-riu-pacifico\/#respond\"]}]},{\"@type\":[\"WebPage\",\"ItemPage\"],\"@id\":\"https:\/\/www.riu.com\/blog\/juventino-ramos-gerente-ventas-regional-riu-pacifico\/\",\"url\":\"https:\/\/www.riu.com\/blog\/juventino-ramos-gerente-ventas-regional-riu-pacifico\/\",\"name\":\"RIU entrevista al Gerente Regional de Ventas de RIU en el Pac\u00edfico\",\"isPartOf\":{\"@id\":\"https:\/\/www.riu.com\/blog\/de\/#website\"},\"primaryImageOfPage\":{\"@id\":\"https:\/\/www.riu.com\/blog\/juventino-ramos-gerente-ventas-regional-riu-pacifico\/#primaryimage\"},\"image\":{\"@id\":\"https:\/\/www.riu.com\/blog\/juventino-ramos-gerente-ventas-regional-riu-pacifico\/#primaryimage\"},\"thumbnailUrl\":\"https:\/\/www.riu.com\/blog\/wp-content\/uploads\/2022\/11\/Juventino-Ramos.png\",\"datePublished\":\"2022-11-17T08:41:34+00:00\",\"dateModified\":\"2024-04-25T09:11:57+00:00\",\"author\":{\"@id\":\"https:\/\/www.riu.com\/blog\/de\/#\/schema\/person\/0d2e827ad7e2aee20a09a05bdc3fb45f\"},\"description\":\"RIU Hotels & Resorts presenta a Juventino Ramos, Gerente Regional de Ventas de RIU en el Pac\u00edfico Mexicano.\",\"breadcrumb\":{\"@id\":\"https:\/\/www.riu.com\/blog\/juventino-ramos-gerente-ventas-regional-riu-pacifico\/#breadcrumb\"},\"inLanguage\":\"es\",\"potentialAction\":[{\"@type\":\"ReadAction\",\"target\":[\"https:\/\/www.riu.com\/blog\/juventino-ramos-gerente-ventas-regional-riu-pacifico\/\"]}]},{\"@type\":\"ImageObject\",\"inLanguage\":\"es\",\"@id\":\"https:\/\/www.riu.com\/blog\/juventino-ramos-gerente-ventas-regional-riu-pacifico\/#primaryimage\",\"url\":\"https:\/\/www.riu.com\/blog\/wp-content\/uploads\/2022\/11\/Juventino-Ramos.png\",\"contentUrl\":\"https:\/\/www.riu.com\/blog\/wp-content\/uploads\/2022\/11\/Juventino-Ramos.png\",\"width\":848,\"height\":426},{\"@type\":\"BreadcrumbList\",\"@id\":\"https:\/\/www.riu.com\/blog\/juventino-ramos-gerente-ventas-regional-riu-pacifico\/#breadcrumb\",\"itemListElement\":[{\"@type\":\"ListItem\",\"position\":1,\"name\":\"Portada\",\"item\":\"https:\/\/www.riu.com\/blog\/de\/\"},{\"@type\":\"ListItem\",\"position\":2,\"name\":\"Juventino Ramos: \u201cEn RIU, sabes que cuando lo necesites tendr\u00e1s el apoyo de los tuyos. De tu familia\u201d\"}]},{\"@type\":\"WebSite\",\"@id\":\"https:\/\/www.riu.com\/blog\/de\/#website\",\"url\":\"https:\/\/www.riu.com\/blog\/de\/\",\"name\":\"RIU.com | Blog\",\"description\":\"Blog de Riu Hotels &amp; Resorts | Noticias exclusivas de la cadena Riu Hotels &amp; Resorts | Hoteles en Espa\u00f1a, M\u00e9xico, Jamaica, Rep\u00fablica Dominicana, Portugal, Miami y muchos m\u00e1s.\",\"potentialAction\":[{\"@type\":\"SearchAction\",\"target\":{\"@type\":\"EntryPoint\",\"urlTemplate\":\"https:\/\/www.riu.com\/blog\/de\/?s={search_term_string}\"},\"query-input\":{\"@type\":\"PropertyValueSpecification\",\"valueRequired\":true,\"valueName\":\"search_term_string\"}}],\"inLanguage\":\"es\"},{\"@type\":\"Person\",\"@id\":\"https:\/\/www.riu.com\/blog\/de\/#\/schema\/person\/0d2e827ad7e2aee20a09a05bdc3fb45f\",\"name\":\"Riu Hotels\",\"image\":{\"@type\":\"ImageObject\",\"inLanguage\":\"es\",\"@id\":\"https:\/\/secure.gravatar.com\/avatar\/1845185f5dc0c5d7a3adb797bcd6cae1d3df26e3eead5da96b212485b274bdf3?s=96&d=mm&r=g\",\"url\":\"https:\/\/secure.gravatar.com\/avatar\/1845185f5dc0c5d7a3adb797bcd6cae1d3df26e3eead5da96b212485b274bdf3?s=96&d=mm&r=g\",\"contentUrl\":\"https:\/\/secure.gravatar.com\/avatar\/1845185f5dc0c5d7a3adb797bcd6cae1d3df26e3eead5da96b212485b274bdf3?s=96&d=mm&r=g\",\"caption\":\"Riu Hotels\"},\"url\":\"https:\/\/www.riu.com\/blog\/author\/riu\/\"}]}<\/script>\n<!-- \/ Yoast SEO plugin. -->","yoast_head_json":{"title":"RIU entrevista al Gerente Regional de Ventas de RIU en el Pac\u00edfico","description":"RIU Hotels & Resorts presenta a Juventino Ramos, Gerente Regional de Ventas de RIU en el Pac\u00edfico Mexicano.","robots":{"index":"index","follow":"follow","max-snippet":"max-snippet:-1","max-image-preview":"max-image-preview:large","max-video-preview":"max-video-preview:-1"},"canonical":"https:\/\/www.riu.com\/blog\/juventino-ramos-gerente-ventas-regional-riu-pacifico\/","og_locale":"es_ES","og_type":"article","og_title":"RIU entrevista al Gerente Regional de Ventas de RIU en el Pac\u00edfico","og_description":"RIU Hotels & Resorts presenta a Juventino Ramos, Gerente Regional de Ventas de RIU en el Pac\u00edfico Mexicano.","og_url":"https:\/\/www.riu.com\/blog\/juventino-ramos-gerente-ventas-regional-riu-pacifico\/","og_site_name":"RIU.com | Blog","article_published_time":"2022-11-17T08:41:34+00:00","article_modified_time":"2024-04-25T09:11:57+00:00","og_image":[{"width":848,"height":426,"url":"https:\/\/www.riu.com\/blog\/wp-content\/uploads\/2022\/11\/Juventino-Ramos.png","type":"image\/png"}],"author":"Riu Hotels","twitter_card":"summary_large_image","twitter_misc":{"Escrito por":"Riu Hotels","Tiempo de lectura":"6 minutos"},"schema":{"@context":"https:\/\/schema.org","@graph":[{"@type":"NewsArticle","@id":"https:\/\/www.riu.com\/blog\/juventino-ramos-gerente-ventas-regional-riu-pacifico\/#article","isPartOf":{"@id":"https:\/\/www.riu.com\/blog\/juventino-ramos-gerente-ventas-regional-riu-pacifico\/"},"author":{"name":"Riu Hotels","@id":"https:\/\/www.riu.com\/blog\/de\/#\/schema\/person\/0d2e827ad7e2aee20a09a05bdc3fb45f"},"headline":"Juventino Ramos: \u201cEn RIU, sabes que cuando lo necesites tendr\u00e1s el apoyo de los tuyos. De tu familia\u201d","datePublished":"2022-11-17T08:41:34+00:00","dateModified":"2024-04-25T09:11:57+00:00","mainEntityOfPage":{"@id":"https:\/\/www.riu.com\/blog\/juventino-ramos-gerente-ventas-regional-riu-pacifico\/"},"wordCount":1180,"commentCount":0,"image":{"@id":"https:\/\/www.riu.com\/blog\/juventino-ramos-gerente-ventas-regional-riu-pacifico\/#primaryimage"},"thumbnailUrl":"https:\/\/www.riu.com\/blog\/wp-content\/uploads\/2022\/11\/Juventino-Ramos.png","articleSection":["Proudly Committed"],"inLanguage":"es","potentialAction":[{"@type":"CommentAction","name":"Comment","target":["https:\/\/www.riu.com\/blog\/juventino-ramos-gerente-ventas-regional-riu-pacifico\/#respond"]}]},{"@type":["WebPage","ItemPage"],"@id":"https:\/\/www.riu.com\/blog\/juventino-ramos-gerente-ventas-regional-riu-pacifico\/","url":"https:\/\/www.riu.com\/blog\/juventino-ramos-gerente-ventas-regional-riu-pacifico\/","name":"RIU entrevista al Gerente Regional de Ventas de RIU en el Pac\u00edfico","isPartOf":{"@id":"https:\/\/www.riu.com\/blog\/de\/#website"},"primaryImageOfPage":{"@id":"https:\/\/www.riu.com\/blog\/juventino-ramos-gerente-ventas-regional-riu-pacifico\/#primaryimage"},"image":{"@id":"https:\/\/www.riu.com\/blog\/juventino-ramos-gerente-ventas-regional-riu-pacifico\/#primaryimage"},"thumbnailUrl":"https:\/\/www.riu.com\/blog\/wp-content\/uploads\/2022\/11\/Juventino-Ramos.png","datePublished":"2022-11-17T08:41:34+00:00","dateModified":"2024-04-25T09:11:57+00:00","author":{"@id":"https:\/\/www.riu.com\/blog\/de\/#\/schema\/person\/0d2e827ad7e2aee20a09a05bdc3fb45f"},"description":"RIU Hotels & Resorts presenta a Juventino Ramos, Gerente Regional de Ventas de RIU en el Pac\u00edfico Mexicano.","breadcrumb":{"@id":"https:\/\/www.riu.com\/blog\/juventino-ramos-gerente-ventas-regional-riu-pacifico\/#breadcrumb"},"inLanguage":"es","potentialAction":[{"@type":"ReadAction","target":["https:\/\/www.riu.com\/blog\/juventino-ramos-gerente-ventas-regional-riu-pacifico\/"]}]},{"@type":"ImageObject","inLanguage":"es","@id":"https:\/\/www.riu.com\/blog\/juventino-ramos-gerente-ventas-regional-riu-pacifico\/#primaryimage","url":"https:\/\/www.riu.com\/blog\/wp-content\/uploads\/2022\/11\/Juventino-Ramos.png","contentUrl":"https:\/\/www.riu.com\/blog\/wp-content\/uploads\/2022\/11\/Juventino-Ramos.png","width":848,"height":426},{"@type":"BreadcrumbList","@id":"https:\/\/www.riu.com\/blog\/juventino-ramos-gerente-ventas-regional-riu-pacifico\/#breadcrumb","itemListElement":[{"@type":"ListItem","position":1,"name":"Portada","item":"https:\/\/www.riu.com\/blog\/de\/"},{"@type":"ListItem","position":2,"name":"Juventino Ramos: \u201cEn RIU, sabes que cuando lo necesites tendr\u00e1s el apoyo de los tuyos. De tu familia\u201d"}]},{"@type":"WebSite","@id":"https:\/\/www.riu.com\/blog\/de\/#website","url":"https:\/\/www.riu.com\/blog\/de\/","name":"RIU.com | Blog","description":"Blog de Riu Hotels &amp; Resorts | Noticias exclusivas de la cadena Riu Hotels &amp; Resorts | Hoteles en Espa\u00f1a, M\u00e9xico, Jamaica, Rep\u00fablica Dominicana, Portugal, Miami y muchos m\u00e1s.","potentialAction":[{"@type":"SearchAction","target":{"@type":"EntryPoint","urlTemplate":"https:\/\/www.riu.com\/blog\/de\/?s={search_term_string}"},"query-input":{"@type":"PropertyValueSpecification","valueRequired":true,"valueName":"search_term_string"}}],"inLanguage":"es"},{"@type":"Person","@id":"https:\/\/www.riu.com\/blog\/de\/#\/schema\/person\/0d2e827ad7e2aee20a09a05bdc3fb45f","name":"Riu Hotels","image":{"@type":"ImageObject","inLanguage":"es","@id":"https:\/\/secure.gravatar.com\/avatar\/1845185f5dc0c5d7a3adb797bcd6cae1d3df26e3eead5da96b212485b274bdf3?s=96&d=mm&r=g","url":"https:\/\/secure.gravatar.com\/avatar\/1845185f5dc0c5d7a3adb797bcd6cae1d3df26e3eead5da96b212485b274bdf3?s=96&d=mm&r=g","contentUrl":"https:\/\/secure.gravatar.com\/avatar\/1845185f5dc0c5d7a3adb797bcd6cae1d3df26e3eead5da96b212485b274bdf3?s=96&d=mm&r=g","caption":"Riu Hotels"},"url":"https:\/\/www.riu.com\/blog\/author\/riu\/"}]}},"_links":{"self":[{"href":"https:\/\/www.riu.com\/blog\/wp-json\/wp\/v2\/posts\/26417","targetHints":{"allow":["GET"]}}],"collection":[{"href":"https:\/\/www.riu.com\/blog\/wp-json\/wp\/v2\/posts"}],"about":[{"href":"https:\/\/www.riu.com\/blog\/wp-json\/wp\/v2\/types\/post"}],"author":[{"embeddable":true,"href":"https:\/\/www.riu.com\/blog\/wp-json\/wp\/v2\/users\/3"}],"replies":[{"embeddable":true,"href":"https:\/\/www.riu.com\/blog\/wp-json\/wp\/v2\/comments?post=26417"}],"version-history":[{"count":7,"href":"https:\/\/www.riu.com\/blog\/wp-json\/wp\/v2\/posts\/26417\/revisions"}],"predecessor-version":[{"id":26445,"href":"https:\/\/www.riu.com\/blog\/wp-json\/wp\/v2\/posts\/26417\/revisions\/26445"}],"wp:featuredmedia":[{"embeddable":true,"href":"https:\/\/www.riu.com\/blog\/wp-json\/wp\/v2\/media\/26420"}],"wp:attachment":[{"href":"https:\/\/www.riu.com\/blog\/wp-json\/wp\/v2\/media?parent=26417"}],"wp:term":[{"taxonomy":"category","embeddable":true,"href":"https:\/\/www.riu.com\/blog\/wp-json\/wp\/v2\/categories?post=26417"},{"taxonomy":"post_tag","embeddable":true,"href":"https:\/\/www.riu.com\/blog\/wp-json\/wp\/v2\/tags?post=26417"}],"curies":[{"name":"wp","href":"https:\/\/api.w.org\/{rel}","templated":true}]}}