{"id":3183,"date":"2017-06-16T15:50:26","date_gmt":"2017-06-16T13:50:26","guid":{"rendered":"http:\/\/www.riu.com\/blog\/?p=3183\/"},"modified":"2024-04-04T15:00:48","modified_gmt":"2024-04-04T13:00:48","slug":"riu-celebra-dia-mundial-del-medio-ambiente","status":"publish","type":"post","link":"https:\/\/www.riu.com\/blog\/riu-celebra-dia-mundial-del-medio-ambiente\/","title":{"rendered":"RIU celebra el D\u00eda del Medio Ambiente en todos sus hoteles"},"content":{"rendered":"<p>Con motivo del <strong>D\u00eda Mundial del Medio Ambiente<\/strong>, el pasado 5 de junio, todos los hoteles de RIU organizaron actividades para promocionar acciones de protecci\u00f3n al medio ambiente.<\/p>\n<p>El tema principal este a\u00f1o del D\u00eda Mundial del Medio Ambiente ha sido el conectar a las personas con la naturaleza. Los hoteles de RIU han organizado talleres, juegos y actividades enmarcadas en esta tem\u00e1tica.<\/p>\n<p>Adem\u00e1s, aprovechando esta fecha tan especial, RIU ha lanzado una campa\u00f1a de recaudaci\u00f3n \u00a0de fondos que ir\u00e1n destinados a la <a href=\"http:\/\/www.riu.com\/es\/Prensa\/detalle_noticia.jsp?num=180387\" target=\"_blank\" rel=\"noopener noreferrer\"><strong>Planet-for-the-Planet<\/strong><\/a>. Esta ONG fue creada en 2007 por la iniciativa de un ni\u00f1o alem\u00e1n de 9 a\u00f1os. Hoy en d\u00eda, est\u00e1 liderada por miles de ni\u00f1os que desarrollan proyectos de reforestaci\u00f3n en todo el mundo. La recogida de donaciones en todos los hoteles de la compa\u00f1\u00eda se destinar\u00e1n a la plantaci\u00f3n de \u00e1rboles. El objetivo de la ONG es llegar a plantar un bill\u00f3n de \u00e1rboles en todo el mundo para el a\u00f1o 2020.<\/p>\n<p>Para promover esta iniciativa entre los hu\u00e9spedes, cada hotel organiz\u00f3 una serie de actividades.<\/p>\n<p>En el <strong>Riu Palace Madeira<\/strong> los clientes ayudaron a limpiar la playa cercana al hotel y se plantaron \u00e1rboles en los jardines.<\/p>\n<p>[riu_gallery start=\u00bb0&#8243; number=\u00bb6&#8243;]<\/p>\n<p>En el <strong>Riu Playacar<\/strong>, el equipo de animaci\u00f3n realiz\u00f3 actividades con los m\u00e1s peque\u00f1os usando materiales reciclados.<\/p>\n<p>[riu_gallery start=\u00bb6&#8243; number=\u00bb4&#8243;]<\/p>\n<p>En el <strong>Riu Palace Tenerife<\/strong> se realiz\u00f3 un apag\u00f3n como medida para concienciar sobre el ahorro energ\u00e9tico del cuidado del medio ambiente. Los fondos recaudados se destinar\u00e1n a la creaci\u00f3n de un santuario de tortugas.<\/p>\n<p>[riu_gallery start=\u00bb11&#8243; number=\u00bb5&#8243;]<\/p>\n<p>En el <strong>Riu Yucatan<\/strong>, en Riviera Maya, nuestros compa\u00f1eros personalizaron los botes reciclados de yogurt junto a los hu\u00e9spedes para luego plantar los brotes de la palmera Chit, que est\u00e1 en peligro de extinci\u00f3n.<\/p>\n<p>[riu_gallery start=\u00bb16&#8243; number=\u00bb3&#8243;]<\/p>\n<p>En el <strong>Riu Sri Lanka<\/strong> se anim\u00f3 a todos los clientes y empleados a participar en una limpieza exhaustiva de la playa de Ahungalla.<\/p>\n<p>[riu_gallery start=\u00bb19&#8243; number=\u00bb5&#8243;]<\/p>\n<p>En el hotel <strong>Riu Creole<\/strong>, en Mauricio, se imparti\u00f3 una charla a ni\u00f1os de primaria sobre la importancia de cuidar medio ambiente. Adem\u00e1s, la recaudaci\u00f3n se destinar\u00e1 a Le Morne Heritage, encargada de cuidar el parque en el que se ubican los hoteles RIU en la isla.<\/p>\n<p>[riu_gallery start=\u00bb24&#8243; number=\u00bb6&#8243;]<\/p>\n","protected":false},"excerpt":{"rendered":"Con motivo del D\u00eda Mundial del Medio Ambiente, el pasado 5 de junio, todos los hoteles de RIU organizaron actividades para promocionar acciones de protecci\u00f3n al medio ambiente. El tema principal este a\u00f1o del D\u00eda Mundial del Medio Ambiente ha sido el conectar a las personas con la naturaleza. Los hoteles de RIU han organizado&#8230;","protected":false},"author":3,"featured_media":3184,"comment_status":"open","ping_status":"closed","sticky":false,"template":"","format":"standard","meta":{"_acf_changed":false,"footnotes":""},"categories":[2251],"tags":[],"class_list":["post-3183","post","type-post","status-publish","format-standard","has-post-thumbnail","hentry","category-proudlycommitted"],"acf":[],"yoast_head":"<!-- This site is optimized with the Yoast SEO plugin v27.2 - https:\/\/yoast.com\/product\/yoast-seo-wordpress\/ -->\n<title>RIU celebra el D\u00eda Mundial del Medio Ambiente en todos sus hoteles<\/title>\n<meta name=\"description\" content=\"Con motivo del D\u00eda Mundial del Medio Ambiente todos los hoteles de RIU organizaron actividades para promocionar acciones de protecci\u00f3n al medio ambiente.\" \/>\n<meta name=\"robots\" content=\"index, follow, max-snippet:-1, max-image-preview:large, max-video-preview:-1\" \/>\n<link rel=\"canonical\" href=\"https:\/\/www.riu.com\/blog\/riu-celebra-dia-mundial-del-medio-ambiente\/\" \/>\n<meta property=\"og:locale\" content=\"es_ES\" \/>\n<meta property=\"og:type\" content=\"article\" \/>\n<meta property=\"og:title\" content=\"RIU celebra el D\u00eda Mundial del Medio Ambiente en todos sus hoteles\" \/>\n<meta property=\"og:description\" content=\"Con motivo del D\u00eda Mundial del Medio Ambiente todos los hoteles de RIU organizaron actividades para promocionar acciones de protecci\u00f3n al medio ambiente.\" \/>\n<meta property=\"og:url\" content=\"https:\/\/www.riu.com\/blog\/riu-celebra-dia-mundial-del-medio-ambiente\/\" \/>\n<meta property=\"og:site_name\" content=\"RIU.com | Blog\" \/>\n<meta property=\"article:published_time\" content=\"2017-06-16T13:50:26+00:00\" \/>\n<meta property=\"article:modified_time\" content=\"2024-04-04T13:00:48+00:00\" \/>\n<meta property=\"og:image\" content=\"https:\/\/www.riu.com\/blog\/wp-content\/uploads\/2017\/06\/IMG_0201.jpg\" \/>\n\t<meta property=\"og:image:width\" content=\"640\" \/>\n\t<meta property=\"og:image:height\" content=\"480\" \/>\n\t<meta property=\"og:image:type\" content=\"image\/jpeg\" \/>\n<meta name=\"author\" content=\"Riu Hotels\" \/>\n<meta name=\"twitter:card\" content=\"summary_large_image\" \/>\n<meta name=\"twitter:label1\" content=\"Escrito por\" \/>\n\t<meta name=\"twitter:data1\" content=\"Riu Hotels\" \/>\n\t<meta name=\"twitter:label2\" content=\"Tiempo de lectura\" \/>\n\t<meta name=\"twitter:data2\" content=\"2 minutos\" \/>\n<script type=\"application\/ld+json\" class=\"yoast-schema-graph\">{\"@context\":\"https:\/\/schema.org\",\"@graph\":[{\"@type\":\"NewsArticle\",\"@id\":\"https:\/\/www.riu.com\/blog\/riu-celebra-dia-mundial-del-medio-ambiente\/#article\",\"isPartOf\":{\"@id\":\"https:\/\/www.riu.com\/blog\/riu-celebra-dia-mundial-del-medio-ambiente\/\"},\"author\":{\"name\":\"Riu Hotels\",\"@id\":\"https:\/\/www.riu.com\/blog\/de\/#\/schema\/person\/0d2e827ad7e2aee20a09a05bdc3fb45f\"},\"headline\":\"RIU celebra el D\u00eda del Medio Ambiente en todos sus hoteles\",\"datePublished\":\"2017-06-16T13:50:26+00:00\",\"dateModified\":\"2024-04-04T13:00:48+00:00\",\"mainEntityOfPage\":{\"@id\":\"https:\/\/www.riu.com\/blog\/riu-celebra-dia-mundial-del-medio-ambiente\/\"},\"wordCount\":416,\"commentCount\":0,\"image\":{\"@id\":\"https:\/\/www.riu.com\/blog\/riu-celebra-dia-mundial-del-medio-ambiente\/#primaryimage\"},\"thumbnailUrl\":\"https:\/\/www.riu.com\/blog\/wp-content\/uploads\/2017\/06\/IMG_0201.jpg\",\"articleSection\":[\"Proudly Committed\"],\"inLanguage\":\"es\",\"potentialAction\":[{\"@type\":\"CommentAction\",\"name\":\"Comment\",\"target\":[\"https:\/\/www.riu.com\/blog\/riu-celebra-dia-mundial-del-medio-ambiente\/#respond\"]}]},{\"@type\":[\"WebPage\",\"ItemPage\"],\"@id\":\"https:\/\/www.riu.com\/blog\/riu-celebra-dia-mundial-del-medio-ambiente\/\",\"url\":\"https:\/\/www.riu.com\/blog\/riu-celebra-dia-mundial-del-medio-ambiente\/\",\"name\":\"RIU celebra el D\u00eda Mundial del Medio Ambiente en todos sus hoteles\",\"isPartOf\":{\"@id\":\"https:\/\/www.riu.com\/blog\/de\/#website\"},\"primaryImageOfPage\":{\"@id\":\"https:\/\/www.riu.com\/blog\/riu-celebra-dia-mundial-del-medio-ambiente\/#primaryimage\"},\"image\":{\"@id\":\"https:\/\/www.riu.com\/blog\/riu-celebra-dia-mundial-del-medio-ambiente\/#primaryimage\"},\"thumbnailUrl\":\"https:\/\/www.riu.com\/blog\/wp-content\/uploads\/2017\/06\/IMG_0201.jpg\",\"datePublished\":\"2017-06-16T13:50:26+00:00\",\"dateModified\":\"2024-04-04T13:00:48+00:00\",\"author\":{\"@id\":\"https:\/\/www.riu.com\/blog\/de\/#\/schema\/person\/0d2e827ad7e2aee20a09a05bdc3fb45f\"},\"description\":\"Con motivo del D\u00eda Mundial del Medio Ambiente todos los hoteles de RIU organizaron actividades para promocionar acciones de protecci\u00f3n al medio ambiente.\",\"breadcrumb\":{\"@id\":\"https:\/\/www.riu.com\/blog\/riu-celebra-dia-mundial-del-medio-ambiente\/#breadcrumb\"},\"inLanguage\":\"es\",\"potentialAction\":[{\"@type\":\"ReadAction\",\"target\":[\"https:\/\/www.riu.com\/blog\/riu-celebra-dia-mundial-del-medio-ambiente\/\"]}]},{\"@type\":\"ImageObject\",\"inLanguage\":\"es\",\"@id\":\"https:\/\/www.riu.com\/blog\/riu-celebra-dia-mundial-del-medio-ambiente\/#primaryimage\",\"url\":\"https:\/\/www.riu.com\/blog\/wp-content\/uploads\/2017\/06\/IMG_0201.jpg\",\"contentUrl\":\"https:\/\/www.riu.com\/blog\/wp-content\/uploads\/2017\/06\/IMG_0201.jpg\",\"width\":640,\"height\":480},{\"@type\":\"BreadcrumbList\",\"@id\":\"https:\/\/www.riu.com\/blog\/riu-celebra-dia-mundial-del-medio-ambiente\/#breadcrumb\",\"itemListElement\":[{\"@type\":\"ListItem\",\"position\":1,\"name\":\"Portada\",\"item\":\"https:\/\/www.riu.com\/blog\/de\/\"},{\"@type\":\"ListItem\",\"position\":2,\"name\":\"RIU celebra el D\u00eda del Medio Ambiente en todos sus hoteles\"}]},{\"@type\":\"WebSite\",\"@id\":\"https:\/\/www.riu.com\/blog\/de\/#website\",\"url\":\"https:\/\/www.riu.com\/blog\/de\/\",\"name\":\"RIU.com | Blog\",\"description\":\"Blog de Riu Hotels &amp; Resorts | Noticias exclusivas de la cadena Riu Hotels &amp; Resorts | Hoteles en Espa\u00f1a, M\u00e9xico, Jamaica, Rep\u00fablica Dominicana, Portugal, Miami y muchos m\u00e1s.\",\"potentialAction\":[{\"@type\":\"SearchAction\",\"target\":{\"@type\":\"EntryPoint\",\"urlTemplate\":\"https:\/\/www.riu.com\/blog\/de\/?s={search_term_string}\"},\"query-input\":{\"@type\":\"PropertyValueSpecification\",\"valueRequired\":true,\"valueName\":\"search_term_string\"}}],\"inLanguage\":\"es\"},{\"@type\":\"Person\",\"@id\":\"https:\/\/www.riu.com\/blog\/de\/#\/schema\/person\/0d2e827ad7e2aee20a09a05bdc3fb45f\",\"name\":\"Riu Hotels\",\"image\":{\"@type\":\"ImageObject\",\"inLanguage\":\"es\",\"@id\":\"https:\/\/secure.gravatar.com\/avatar\/1845185f5dc0c5d7a3adb797bcd6cae1d3df26e3eead5da96b212485b274bdf3?s=96&d=mm&r=g\",\"url\":\"https:\/\/secure.gravatar.com\/avatar\/1845185f5dc0c5d7a3adb797bcd6cae1d3df26e3eead5da96b212485b274bdf3?s=96&d=mm&r=g\",\"contentUrl\":\"https:\/\/secure.gravatar.com\/avatar\/1845185f5dc0c5d7a3adb797bcd6cae1d3df26e3eead5da96b212485b274bdf3?s=96&d=mm&r=g\",\"caption\":\"Riu Hotels\"},\"url\":\"https:\/\/www.riu.com\/blog\/author\/riu\/\"}]}<\/script>\n<!-- \/ Yoast SEO plugin. -->","yoast_head_json":{"title":"RIU celebra el D\u00eda Mundial del Medio Ambiente en todos sus hoteles","description":"Con motivo del D\u00eda Mundial del Medio Ambiente todos los hoteles de RIU organizaron actividades para promocionar acciones de protecci\u00f3n al medio ambiente.","robots":{"index":"index","follow":"follow","max-snippet":"max-snippet:-1","max-image-preview":"max-image-preview:large","max-video-preview":"max-video-preview:-1"},"canonical":"https:\/\/www.riu.com\/blog\/riu-celebra-dia-mundial-del-medio-ambiente\/","og_locale":"es_ES","og_type":"article","og_title":"RIU celebra el D\u00eda Mundial del Medio Ambiente en todos sus hoteles","og_description":"Con motivo del D\u00eda Mundial del Medio Ambiente todos los hoteles de RIU organizaron actividades para promocionar acciones de protecci\u00f3n al medio ambiente.","og_url":"https:\/\/www.riu.com\/blog\/riu-celebra-dia-mundial-del-medio-ambiente\/","og_site_name":"RIU.com | Blog","article_published_time":"2017-06-16T13:50:26+00:00","article_modified_time":"2024-04-04T13:00:48+00:00","og_image":[{"width":640,"height":480,"url":"https:\/\/www.riu.com\/blog\/wp-content\/uploads\/2017\/06\/IMG_0201.jpg","type":"image\/jpeg"}],"author":"Riu Hotels","twitter_card":"summary_large_image","twitter_misc":{"Escrito por":"Riu Hotels","Tiempo de lectura":"2 minutos"},"schema":{"@context":"https:\/\/schema.org","@graph":[{"@type":"NewsArticle","@id":"https:\/\/www.riu.com\/blog\/riu-celebra-dia-mundial-del-medio-ambiente\/#article","isPartOf":{"@id":"https:\/\/www.riu.com\/blog\/riu-celebra-dia-mundial-del-medio-ambiente\/"},"author":{"name":"Riu Hotels","@id":"https:\/\/www.riu.com\/blog\/de\/#\/schema\/person\/0d2e827ad7e2aee20a09a05bdc3fb45f"},"headline":"RIU celebra el D\u00eda del Medio Ambiente en todos sus hoteles","datePublished":"2017-06-16T13:50:26+00:00","dateModified":"2024-04-04T13:00:48+00:00","mainEntityOfPage":{"@id":"https:\/\/www.riu.com\/blog\/riu-celebra-dia-mundial-del-medio-ambiente\/"},"wordCount":416,"commentCount":0,"image":{"@id":"https:\/\/www.riu.com\/blog\/riu-celebra-dia-mundial-del-medio-ambiente\/#primaryimage"},"thumbnailUrl":"https:\/\/www.riu.com\/blog\/wp-content\/uploads\/2017\/06\/IMG_0201.jpg","articleSection":["Proudly Committed"],"inLanguage":"es","potentialAction":[{"@type":"CommentAction","name":"Comment","target":["https:\/\/www.riu.com\/blog\/riu-celebra-dia-mundial-del-medio-ambiente\/#respond"]}]},{"@type":["WebPage","ItemPage"],"@id":"https:\/\/www.riu.com\/blog\/riu-celebra-dia-mundial-del-medio-ambiente\/","url":"https:\/\/www.riu.com\/blog\/riu-celebra-dia-mundial-del-medio-ambiente\/","name":"RIU celebra el D\u00eda Mundial del Medio Ambiente en todos sus hoteles","isPartOf":{"@id":"https:\/\/www.riu.com\/blog\/de\/#website"},"primaryImageOfPage":{"@id":"https:\/\/www.riu.com\/blog\/riu-celebra-dia-mundial-del-medio-ambiente\/#primaryimage"},"image":{"@id":"https:\/\/www.riu.com\/blog\/riu-celebra-dia-mundial-del-medio-ambiente\/#primaryimage"},"thumbnailUrl":"https:\/\/www.riu.com\/blog\/wp-content\/uploads\/2017\/06\/IMG_0201.jpg","datePublished":"2017-06-16T13:50:26+00:00","dateModified":"2024-04-04T13:00:48+00:00","author":{"@id":"https:\/\/www.riu.com\/blog\/de\/#\/schema\/person\/0d2e827ad7e2aee20a09a05bdc3fb45f"},"description":"Con motivo del D\u00eda Mundial del Medio Ambiente todos los hoteles de RIU organizaron actividades para promocionar acciones de protecci\u00f3n al medio ambiente.","breadcrumb":{"@id":"https:\/\/www.riu.com\/blog\/riu-celebra-dia-mundial-del-medio-ambiente\/#breadcrumb"},"inLanguage":"es","potentialAction":[{"@type":"ReadAction","target":["https:\/\/www.riu.com\/blog\/riu-celebra-dia-mundial-del-medio-ambiente\/"]}]},{"@type":"ImageObject","inLanguage":"es","@id":"https:\/\/www.riu.com\/blog\/riu-celebra-dia-mundial-del-medio-ambiente\/#primaryimage","url":"https:\/\/www.riu.com\/blog\/wp-content\/uploads\/2017\/06\/IMG_0201.jpg","contentUrl":"https:\/\/www.riu.com\/blog\/wp-content\/uploads\/2017\/06\/IMG_0201.jpg","width":640,"height":480},{"@type":"BreadcrumbList","@id":"https:\/\/www.riu.com\/blog\/riu-celebra-dia-mundial-del-medio-ambiente\/#breadcrumb","itemListElement":[{"@type":"ListItem","position":1,"name":"Portada","item":"https:\/\/www.riu.com\/blog\/de\/"},{"@type":"ListItem","position":2,"name":"RIU celebra el D\u00eda del Medio Ambiente en todos sus hoteles"}]},{"@type":"WebSite","@id":"https:\/\/www.riu.com\/blog\/de\/#website","url":"https:\/\/www.riu.com\/blog\/de\/","name":"RIU.com | Blog","description":"Blog de Riu Hotels &amp; Resorts | Noticias exclusivas de la cadena Riu Hotels &amp; Resorts | Hoteles en Espa\u00f1a, M\u00e9xico, Jamaica, Rep\u00fablica Dominicana, Portugal, Miami y muchos m\u00e1s.","potentialAction":[{"@type":"SearchAction","target":{"@type":"EntryPoint","urlTemplate":"https:\/\/www.riu.com\/blog\/de\/?s={search_term_string}"},"query-input":{"@type":"PropertyValueSpecification","valueRequired":true,"valueName":"search_term_string"}}],"inLanguage":"es"},{"@type":"Person","@id":"https:\/\/www.riu.com\/blog\/de\/#\/schema\/person\/0d2e827ad7e2aee20a09a05bdc3fb45f","name":"Riu Hotels","image":{"@type":"ImageObject","inLanguage":"es","@id":"https:\/\/secure.gravatar.com\/avatar\/1845185f5dc0c5d7a3adb797bcd6cae1d3df26e3eead5da96b212485b274bdf3?s=96&d=mm&r=g","url":"https:\/\/secure.gravatar.com\/avatar\/1845185f5dc0c5d7a3adb797bcd6cae1d3df26e3eead5da96b212485b274bdf3?s=96&d=mm&r=g","contentUrl":"https:\/\/secure.gravatar.com\/avatar\/1845185f5dc0c5d7a3adb797bcd6cae1d3df26e3eead5da96b212485b274bdf3?s=96&d=mm&r=g","caption":"Riu Hotels"},"url":"https:\/\/www.riu.com\/blog\/author\/riu\/"}]}},"_links":{"self":[{"href":"https:\/\/www.riu.com\/blog\/wp-json\/wp\/v2\/posts\/3183","targetHints":{"allow":["GET"]}}],"collection":[{"href":"https:\/\/www.riu.com\/blog\/wp-json\/wp\/v2\/posts"}],"about":[{"href":"https:\/\/www.riu.com\/blog\/wp-json\/wp\/v2\/types\/post"}],"author":[{"embeddable":true,"href":"https:\/\/www.riu.com\/blog\/wp-json\/wp\/v2\/users\/3"}],"replies":[{"embeddable":true,"href":"https:\/\/www.riu.com\/blog\/wp-json\/wp\/v2\/comments?post=3183"}],"version-history":[{"count":9,"href":"https:\/\/www.riu.com\/blog\/wp-json\/wp\/v2\/posts\/3183\/revisions"}],"predecessor-version":[{"id":10054,"href":"https:\/\/www.riu.com\/blog\/wp-json\/wp\/v2\/posts\/3183\/revisions\/10054"}],"wp:featuredmedia":[{"embeddable":true,"href":"https:\/\/www.riu.com\/blog\/wp-json\/wp\/v2\/media\/3184"}],"wp:attachment":[{"href":"https:\/\/www.riu.com\/blog\/wp-json\/wp\/v2\/media?parent=3183"}],"wp:term":[{"taxonomy":"category","embeddable":true,"href":"https:\/\/www.riu.com\/blog\/wp-json\/wp\/v2\/categories?post=3183"},{"taxonomy":"post_tag","embeddable":true,"href":"https:\/\/www.riu.com\/blog\/wp-json\/wp\/v2\/tags?post=3183"}],"curies":[{"name":"wp","href":"https:\/\/api.w.org\/{rel}","templated":true}]}}