{"id":33145,"date":"2024-08-01T09:44:12","date_gmt":"2024-08-01T07:44:12","guid":{"rendered":"https:\/\/www.riu.com\/blog\/?p=33145"},"modified":"2024-08-01T11:09:22","modified_gmt":"2024-08-01T09:09:22","slug":"conoce-a-juba-jefe-de-jardineria-del-riu-palace-tropical-bay","status":"publish","type":"post","link":"https:\/\/www.riu.com\/blog\/conoce-a-juba-jefe-de-jardineria-del-riu-palace-tropical-bay\/","title":{"rendered":"Conoce con nosotros a Juba, jefe de jardiner\u00eda del Riu Palace Tropical Bay"},"content":{"rendered":"<p>Para que nuestros hoteles presenten un aspecto frondoso, exuberante y fresco durante tu estancia, hay un gran trabajo detr\u00e1s llevado a cabo por h\u00e9roes silenciosos, que, con pasi\u00f3n y dedicaci\u00f3n, se cercioran de que hasta el m\u00ednimo detalle est\u00e9 cuidado.<\/p>\n<p>En los jardines esta premisa se maximiza, ya que dependemos de factores tambi\u00e9n externos, como puede ser la meteorolog\u00eda o la propia semilla de las plantas.<\/p>\n<p>Hoy te queremos presentar a una de esas personas que hace posible que los espacios verdes de nuestros hoteles en Jamaica luzcan en su m\u00e1ximo esplendor.<\/p>\n<p><a href=\"https:\/\/www.riu.com\/blog\/wp-content\/uploads\/2024\/07\/riu-palace-aquarelle-jubba-1-scaled.jpg\"><img loading=\"lazy\" decoding=\"async\" class=\"alignnone wp-image-33349 size-large\" src=\"https:\/\/www.riu.com\/blog\/wp-content\/uploads\/2024\/07\/riu-palace-aquarelle-jubba-1-700x930.jpg\" alt=\"\" width=\"700\" height=\"930\" srcset=\"https:\/\/www.riu.com\/blog\/wp-content\/uploads\/2024\/07\/riu-palace-aquarelle-jubba-1-700x930.jpg 700w, https:\/\/www.riu.com\/blog\/wp-content\/uploads\/2024\/07\/riu-palace-aquarelle-jubba-1-250x332.jpg 250w, https:\/\/www.riu.com\/blog\/wp-content\/uploads\/2024\/07\/riu-palace-aquarelle-jubba-1-768x1020.jpg 768w, https:\/\/www.riu.com\/blog\/wp-content\/uploads\/2024\/07\/riu-palace-aquarelle-jubba-1-1157x1536.jpg 1157w, https:\/\/www.riu.com\/blog\/wp-content\/uploads\/2024\/07\/riu-palace-aquarelle-jubba-1-1542x2048.jpg 1542w, https:\/\/www.riu.com\/blog\/wp-content\/uploads\/2024\/07\/riu-palace-aquarelle-jubba-1-120x159.jpg 120w, https:\/\/www.riu.com\/blog\/wp-content\/uploads\/2024\/07\/riu-palace-aquarelle-jubba-1-scaled.jpg 1928w\" sizes=\"auto, (max-width: 700px) 100vw, 700px\" \/><\/a><\/p>\n<h1>Como es la preparaci\u00f3n para la apertura de un nuevo hotel<\/h1>\n<p>Dwayne Allen, conocido por sus allegados como Juba, forma parte del equipo del <a href=\"https:\/\/www.riu.com\/es\/hotel\/jamaica\/negril\/hotel-riu-tropical-bay\/\" target=\"_blank\" rel=\"noopener\">Riu Palace Tropical Bay<\/a> desde 2007, donde es jefe de jardiner\u00eda. Sus compa\u00f1eros lo describen como una persona clave y de confianza en cada apertura y reforma que sucede en el destino. Para poder compaginar ambas labores, cuenta con un equipo altamente comprometido que se encarga de los quehaceres del hotel mientras se preparan nuevas aperturas o reformas. Sin ellos, organizar todo no ser\u00eda posible.<\/p>\n<p>El d\u00eda a d\u00eda de Juba consiste, entre otros menesteres, en la creaci\u00f3n y mantenimiento de los jardines, las playas y los paisajes naturales del hotel. Tambi\u00e9n es el encargado de contratar y formar al personal de jardiner\u00eda, garantizando que todos sigan los procedimos de seguridad y asegur\u00e1ndose de que todos los compa\u00f1eros dispongan del equipo necesario para realizar sus tareas diarias.<\/p>\n<div id=\"attachment_33340\" style=\"width: 710px\" class=\"wp-caption alignnone\"><a href=\"https:\/\/www.riu.com\/blog\/wp-content\/uploads\/2024\/07\/riu-palace-tropical-bay-jardin-1-scaled.jpg\"><img loading=\"lazy\" decoding=\"async\" aria-describedby=\"caption-attachment-33340\" class=\"wp-image-33340 size-large\" src=\"https:\/\/www.riu.com\/blog\/wp-content\/uploads\/2024\/07\/riu-palace-tropical-bay-jardin-1-700x525.jpg\" alt=\"Jardines del Riu Palace Tropical Bay.\" width=\"700\" height=\"525\" srcset=\"https:\/\/www.riu.com\/blog\/wp-content\/uploads\/2024\/07\/riu-palace-tropical-bay-jardin-1-700x525.jpg 700w, https:\/\/www.riu.com\/blog\/wp-content\/uploads\/2024\/07\/riu-palace-tropical-bay-jardin-1-250x188.jpg 250w, https:\/\/www.riu.com\/blog\/wp-content\/uploads\/2024\/07\/riu-palace-tropical-bay-jardin-1-768x576.jpg 768w, https:\/\/www.riu.com\/blog\/wp-content\/uploads\/2024\/07\/riu-palace-tropical-bay-jardin-1-1536x1152.jpg 1536w, https:\/\/www.riu.com\/blog\/wp-content\/uploads\/2024\/07\/riu-palace-tropical-bay-jardin-1-2048x1536.jpg 2048w, https:\/\/www.riu.com\/blog\/wp-content\/uploads\/2024\/07\/riu-palace-tropical-bay-jardin-1-120x90.jpg 120w\" sizes=\"auto, (max-width: 700px) 100vw, 700px\" \/><\/a><p id=\"caption-attachment-33340\" class=\"wp-caption-text\">Jardines del Riu Palace Tropical Bay.<\/p><\/div>\n<p>Sin embargo, durante los \u00faltimos 16 meses se ha dedicado en cuerpo y alma al <a href=\"https:\/\/www.riu.com\/es\/hotel\/jamaica\/falmouth\/hotel-riu-palace-aquarelle\/\" target=\"_blank\" rel=\"noopener\">Riu Palace Aquarelle,<\/a> preparando el paisajismo antes de la apertura del hotel que tuvo lugar a principios de mayo. Juba nos cuenta que<em> \u201ca partir de agosto nos prepararemos para la remodelaci\u00f3n de <\/em><a href=\"https:\/\/www.riu.com\/es\/hotel\/jamaica\/negril\/clubhotel-riu-negril\/\" target=\"_blank\" rel=\"noopener\"><em>Riu Negril<\/em><\/a>\u201d. Y es que para una nueva apertura o reforma los equipos deben seguir estrictos protocolos de seguridad. Jubba es el encargado de asegurarse de que todo el equipo los lleva a cabo.<\/p>\n<p>Pero, \u00bfcu\u00e1les son los principales retos a los que se enfrenta durante una nueva apertura o reforma? Juba lo tiene claro: <em>\u201cUno de los principales retos a los que me enfrento cuando trabajo en una nueva apertura o remodelaci\u00f3n son los estrictos plazos establecidos y asegurarme de que los cumplimos. Es muy importante que el recinto est\u00e9 totalmente terminado cuando se abran las puertas para dar la bienvenida a nuestros hu\u00e9spedes.<\/em>\u201d<\/p>\n<p>Otro de los retos es menos controlable: la meteorolog\u00eda. <em>\u201cSi llueve mucho o sopla un viento fuerte, es dif\u00edcil terminar los proyectos necesarios para ese d\u00eda.\u00a0 Tengo que adaptarme r\u00e1pidamente cuando surgen problemas para asegurarme de que cumplimos los plazos\u201d<\/em>, comenta Juba.<\/p>\n<h1>El proyecto del vivero en el Riu Palace Aquarelle<\/h1>\n<p>Ahora que ya conoces a Juba, te vamos a presentar uno de los proyectos que lleva a cabo en Jamaica con un cari\u00f1o especial.<\/p>\n<p><a href=\"https:\/\/www.riu.com\/es\/home.jsp\" target=\"_blank\" rel=\"noopener\">RIU<\/a> cuenta con dos invernaderos en el pa\u00eds caribe\u00f1o: el m\u00e1s grande, localizado en el nuevo hotel de Falmouth y otro m\u00e1s peque\u00f1o en el <a href=\"https:\/\/www.riu.com\/es\/hotel\/jamaica\/ocho-rios\/clubhotel-riu-ocho-rios\/\" target=\"_blank\" rel=\"noopener\">Riu Ocho Rios<\/a>. En el invernadero hay arbustos de la familia Euphorbiaceae de regiones tropicales, especies de la familia verben\u00e1ceas como la Durante Gold, que se utilizan especialmente para l\u00edneas de setos. La planta m\u00e1s com\u00fan es la Ixora, que tiene macizos de flor color rojo. Y obviamente no pueden faltar palmeras. En este caso las m\u00e1s utilizadas en nuestros hoteles de Jamaica son la palmera cocotera (o coco nucifera en lenguaje cient\u00edfico). Actualmente hay 23 tipos de plantas en el vivero que en un futuro brillar\u00e1n con luz propia en los distintos hoteles de la cadena.<\/p>\n<div id=\"metaslider-id-33381\" style=\"width: 100%;\" class=\"ml-slider-3-107-0 metaslider metaslider-flex metaslider-33381 ml-slider has-dots-nav ms-theme-default\" role=\"region\" aria-label=\"Invernadero Riu Palace Aquarelle ES\" data-height=\"300\" data-width=\"700\">\n    <div id=\"metaslider_container_33381\">\n        <div id=\"metaslider_33381\">\n            <ul class='slides'>\n                <li style=\"display: block; width: 100%;\" class=\"slide-33382 ms-image \" aria-roledescription=\"slide\" data-date=\"2024-08-01 09:22:53\" data-filename=\"riu-palace-aquarelle-invernadero-4.jpg\" data-slide-type=\"image\"><img loading=\"lazy\" decoding=\"async\" width=\"1632\" height=\"1229\" src=\"https:\/\/www.riu.com\/blog\/wp-content\/uploads\/2024\/07\/riu-palace-aquarelle-invernadero-4.jpg\" class=\"slider-33381 slide-33382 msDefaultImage\" alt=\"\" rel=\"\" title=\"riu-palace-aquarelle-invernadero-4\" srcset=\"https:\/\/www.riu.com\/blog\/wp-content\/uploads\/2024\/07\/riu-palace-aquarelle-invernadero-4.jpg 1632w, https:\/\/www.riu.com\/blog\/wp-content\/uploads\/2024\/07\/riu-palace-aquarelle-invernadero-4-250x188.jpg 250w, https:\/\/www.riu.com\/blog\/wp-content\/uploads\/2024\/07\/riu-palace-aquarelle-invernadero-4-700x527.jpg 700w, https:\/\/www.riu.com\/blog\/wp-content\/uploads\/2024\/07\/riu-palace-aquarelle-invernadero-4-768x578.jpg 768w, https:\/\/www.riu.com\/blog\/wp-content\/uploads\/2024\/07\/riu-palace-aquarelle-invernadero-4-1536x1157.jpg 1536w, https:\/\/www.riu.com\/blog\/wp-content\/uploads\/2024\/07\/riu-palace-aquarelle-invernadero-4-120x90.jpg 120w\" sizes=\"auto, (max-width: 1632px) 100vw, 1632px\" \/><div class=\"caption-wrap\"><div class=\"caption\"><div>Vista general del invernadero.<\/div><\/div><\/div><\/li>\n                <li style=\"display: none; width: 100%;\" class=\"slide-33383 ms-image \" aria-roledescription=\"slide\" data-date=\"2024-08-01 09:22:53\" data-filename=\"riu-palace-aquarelle-invernadero-ruellia-scaled.jpg\" data-slide-type=\"image\"><img loading=\"lazy\" decoding=\"async\" width=\"1928\" height=\"2560\" src=\"https:\/\/www.riu.com\/blog\/wp-content\/uploads\/2024\/07\/riu-palace-aquarelle-invernadero-ruellia-scaled.jpg\" class=\"slider-33381 slide-33383 msDefaultImage\" alt=\"\" rel=\"\" title=\"riu-palace-aquarelle-invernadero-ruellia\" srcset=\"https:\/\/www.riu.com\/blog\/wp-content\/uploads\/2024\/07\/riu-palace-aquarelle-invernadero-ruellia-scaled.jpg 1928w, https:\/\/www.riu.com\/blog\/wp-content\/uploads\/2024\/07\/riu-palace-aquarelle-invernadero-ruellia-250x332.jpg 250w, https:\/\/www.riu.com\/blog\/wp-content\/uploads\/2024\/07\/riu-palace-aquarelle-invernadero-ruellia-700x930.jpg 700w, https:\/\/www.riu.com\/blog\/wp-content\/uploads\/2024\/07\/riu-palace-aquarelle-invernadero-ruellia-768x1020.jpg 768w, https:\/\/www.riu.com\/blog\/wp-content\/uploads\/2024\/07\/riu-palace-aquarelle-invernadero-ruellia-1157x1536.jpg 1157w, https:\/\/www.riu.com\/blog\/wp-content\/uploads\/2024\/07\/riu-palace-aquarelle-invernadero-ruellia-1542x2048.jpg 1542w, https:\/\/www.riu.com\/blog\/wp-content\/uploads\/2024\/07\/riu-palace-aquarelle-invernadero-ruellia-120x159.jpg 120w\" sizes=\"auto, (max-width: 1928px) 100vw, 1928px\" \/><div class=\"caption-wrap\"><div class=\"caption\"><div>Vista general del invernadero.<\/div><\/div><\/div><\/li>\n                <li style=\"display: none; width: 100%;\" class=\"slide-33384 ms-image \" aria-roledescription=\"slide\" data-date=\"2024-08-01 09:22:53\" data-filename=\"riu-palace-aquarelle-texas-sage-scaled.jpg\" data-slide-type=\"image\"><img loading=\"lazy\" decoding=\"async\" width=\"1928\" height=\"2560\" src=\"https:\/\/www.riu.com\/blog\/wp-content\/uploads\/2024\/07\/riu-palace-aquarelle-texas-sage-scaled.jpg\" class=\"slider-33381 slide-33384 msDefaultImage\" alt=\"\" rel=\"\" title=\"riu-palace-aquarelle-texas-sage\" srcset=\"https:\/\/www.riu.com\/blog\/wp-content\/uploads\/2024\/07\/riu-palace-aquarelle-texas-sage-scaled.jpg 1928w, https:\/\/www.riu.com\/blog\/wp-content\/uploads\/2024\/07\/riu-palace-aquarelle-texas-sage-250x332.jpg 250w, https:\/\/www.riu.com\/blog\/wp-content\/uploads\/2024\/07\/riu-palace-aquarelle-texas-sage-700x930.jpg 700w, https:\/\/www.riu.com\/blog\/wp-content\/uploads\/2024\/07\/riu-palace-aquarelle-texas-sage-768x1020.jpg 768w, https:\/\/www.riu.com\/blog\/wp-content\/uploads\/2024\/07\/riu-palace-aquarelle-texas-sage-1157x1536.jpg 1157w, https:\/\/www.riu.com\/blog\/wp-content\/uploads\/2024\/07\/riu-palace-aquarelle-texas-sage-1542x2048.jpg 1542w, https:\/\/www.riu.com\/blog\/wp-content\/uploads\/2024\/07\/riu-palace-aquarelle-texas-sage-120x159.jpg 120w\" sizes=\"auto, (max-width: 1928px) 100vw, 1928px\" \/><div class=\"caption-wrap\"><div class=\"caption\"><div>Salvia de Texas.<\/div><\/div><\/div><\/li>\n                <li style=\"display: none; width: 100%;\" class=\"slide-33385 ms-image \" aria-roledescription=\"slide\" data-date=\"2024-08-01 09:22:53\" data-filename=\"riu-palace-aquarelle-durantas-y-hibiscus-scaled.jpg\" data-slide-type=\"image\"><img loading=\"lazy\" decoding=\"async\" width=\"1928\" height=\"2560\" src=\"https:\/\/www.riu.com\/blog\/wp-content\/uploads\/2024\/07\/riu-palace-aquarelle-durantas-y-hibiscus-scaled.jpg\" class=\"slider-33381 slide-33385 msDefaultImage\" alt=\"\" rel=\"\" title=\"riu-palace-aquarelle-durantas-y-hibiscus\" srcset=\"https:\/\/www.riu.com\/blog\/wp-content\/uploads\/2024\/07\/riu-palace-aquarelle-durantas-y-hibiscus-scaled.jpg 1928w, https:\/\/www.riu.com\/blog\/wp-content\/uploads\/2024\/07\/riu-palace-aquarelle-durantas-y-hibiscus-250x332.jpg 250w, https:\/\/www.riu.com\/blog\/wp-content\/uploads\/2024\/07\/riu-palace-aquarelle-durantas-y-hibiscus-700x930.jpg 700w, https:\/\/www.riu.com\/blog\/wp-content\/uploads\/2024\/07\/riu-palace-aquarelle-durantas-y-hibiscus-768x1020.jpg 768w, https:\/\/www.riu.com\/blog\/wp-content\/uploads\/2024\/07\/riu-palace-aquarelle-durantas-y-hibiscus-1157x1536.jpg 1157w, https:\/\/www.riu.com\/blog\/wp-content\/uploads\/2024\/07\/riu-palace-aquarelle-durantas-y-hibiscus-1542x2048.jpg 1542w, https:\/\/www.riu.com\/blog\/wp-content\/uploads\/2024\/07\/riu-palace-aquarelle-durantas-y-hibiscus-120x159.jpg 120w\" sizes=\"auto, (max-width: 1928px) 100vw, 1928px\" \/><div class=\"caption-wrap\"><div class=\"caption\"><div>Duranta e hibisco.<\/div><\/div><\/div><\/li>\n                <li style=\"display: none; width: 100%;\" class=\"slide-33386 ms-image \" aria-roledescription=\"slide\" data-date=\"2024-08-01 09:22:53\" data-filename=\"riu-palace-aquarelle-invernadero-scaled.jpg\" data-slide-type=\"image\"><img loading=\"lazy\" decoding=\"async\" width=\"1928\" height=\"2560\" src=\"https:\/\/www.riu.com\/blog\/wp-content\/uploads\/2024\/07\/riu-palace-aquarelle-invernadero-scaled.jpg\" class=\"slider-33381 slide-33386 msDefaultImage\" alt=\"\" rel=\"\" title=\"riu-palace-aquarelle-invernadero\" srcset=\"https:\/\/www.riu.com\/blog\/wp-content\/uploads\/2024\/07\/riu-palace-aquarelle-invernadero-scaled.jpg 1928w, https:\/\/www.riu.com\/blog\/wp-content\/uploads\/2024\/07\/riu-palace-aquarelle-invernadero-250x332.jpg 250w, https:\/\/www.riu.com\/blog\/wp-content\/uploads\/2024\/07\/riu-palace-aquarelle-invernadero-700x930.jpg 700w, https:\/\/www.riu.com\/blog\/wp-content\/uploads\/2024\/07\/riu-palace-aquarelle-invernadero-768x1020.jpg 768w, https:\/\/www.riu.com\/blog\/wp-content\/uploads\/2024\/07\/riu-palace-aquarelle-invernadero-1157x1536.jpg 1157w, https:\/\/www.riu.com\/blog\/wp-content\/uploads\/2024\/07\/riu-palace-aquarelle-invernadero-1542x2048.jpg 1542w, https:\/\/www.riu.com\/blog\/wp-content\/uploads\/2024\/07\/riu-palace-aquarelle-invernadero-120x159.jpg 120w\" sizes=\"auto, (max-width: 1928px) 100vw, 1928px\" \/><div class=\"caption-wrap\"><div class=\"caption\"><div>Vista general del invernadero.<\/div><\/div><\/div><\/li>\n                <li style=\"display: none; width: 100%;\" class=\"slide-33387 ms-image \" aria-roledescription=\"slide\" data-date=\"2024-08-01 09:22:54\" data-filename=\"riu-palace-aquarelle-invernadero-2-scaled.jpg\" data-slide-type=\"image\"><img loading=\"lazy\" decoding=\"async\" width=\"2560\" height=\"1928\" src=\"https:\/\/www.riu.com\/blog\/wp-content\/uploads\/2024\/07\/riu-palace-aquarelle-invernadero-2-scaled.jpg\" class=\"slider-33381 slide-33387 msDefaultImage\" alt=\"\" rel=\"\" title=\"riu-palace-aquarelle-invernadero-2\" srcset=\"https:\/\/www.riu.com\/blog\/wp-content\/uploads\/2024\/07\/riu-palace-aquarelle-invernadero-2-scaled.jpg 2560w, https:\/\/www.riu.com\/blog\/wp-content\/uploads\/2024\/07\/riu-palace-aquarelle-invernadero-2-250x188.jpg 250w, https:\/\/www.riu.com\/blog\/wp-content\/uploads\/2024\/07\/riu-palace-aquarelle-invernadero-2-700x527.jpg 700w, https:\/\/www.riu.com\/blog\/wp-content\/uploads\/2024\/07\/riu-palace-aquarelle-invernadero-2-768x578.jpg 768w, https:\/\/www.riu.com\/blog\/wp-content\/uploads\/2024\/07\/riu-palace-aquarelle-invernadero-2-1536x1157.jpg 1536w, https:\/\/www.riu.com\/blog\/wp-content\/uploads\/2024\/07\/riu-palace-aquarelle-invernadero-2-2048x1542.jpg 2048w, https:\/\/www.riu.com\/blog\/wp-content\/uploads\/2024\/07\/riu-palace-aquarelle-invernadero-2-120x90.jpg 120w\" sizes=\"auto, (max-width: 2560px) 100vw, 2560px\" \/><div class=\"caption-wrap\"><div class=\"caption\"><div>Coco nucifera.<\/div><\/div><\/div><\/li>\n                <li style=\"display: none; width: 100%;\" class=\"slide-33388 ms-image \" aria-roledescription=\"slide\" data-date=\"2024-08-01 09:22:54\" data-filename=\"riu-palace-aquarelle-invernadero-6-scaled.jpg\" data-slide-type=\"image\"><img loading=\"lazy\" decoding=\"async\" width=\"1928\" height=\"2560\" src=\"https:\/\/www.riu.com\/blog\/wp-content\/uploads\/2024\/07\/riu-palace-aquarelle-invernadero-6-scaled.jpg\" class=\"slider-33381 slide-33388 msDefaultImage\" alt=\"\" rel=\"\" title=\"riu-palace-aquarelle-invernadero-6\" srcset=\"https:\/\/www.riu.com\/blog\/wp-content\/uploads\/2024\/07\/riu-palace-aquarelle-invernadero-6-scaled.jpg 1928w, https:\/\/www.riu.com\/blog\/wp-content\/uploads\/2024\/07\/riu-palace-aquarelle-invernadero-6-250x332.jpg 250w, https:\/\/www.riu.com\/blog\/wp-content\/uploads\/2024\/07\/riu-palace-aquarelle-invernadero-6-700x930.jpg 700w, https:\/\/www.riu.com\/blog\/wp-content\/uploads\/2024\/07\/riu-palace-aquarelle-invernadero-6-768x1020.jpg 768w, https:\/\/www.riu.com\/blog\/wp-content\/uploads\/2024\/07\/riu-palace-aquarelle-invernadero-6-1157x1536.jpg 1157w, https:\/\/www.riu.com\/blog\/wp-content\/uploads\/2024\/07\/riu-palace-aquarelle-invernadero-6-1542x2048.jpg 1542w, https:\/\/www.riu.com\/blog\/wp-content\/uploads\/2024\/07\/riu-palace-aquarelle-invernadero-6-120x159.jpg 120w\" sizes=\"auto, (max-width: 1928px) 100vw, 1928px\" \/><div class=\"caption-wrap\"><div class=\"caption\"><div>Delante, de izquierda a derecha: acalifa roja, crot\u00f3n ara\u00f1a and mini ixora.<\/div>\n<div>\u00a0<\/div>\n<div>Detr\u00e1s: adelfa en la izquierda e hibisco en la derecha.<\/div>\n<div>\u00a0<\/div><\/div><\/div><\/li>\n                <li style=\"display: none; width: 100%;\" class=\"slide-33389 ms-image \" aria-roledescription=\"slide\" data-date=\"2024-08-01 09:22:54\" data-filename=\"riu-palace-aquarelle-invernadero-7-scaled.jpg\" data-slide-type=\"image\"><img loading=\"lazy\" decoding=\"async\" width=\"1928\" height=\"2560\" src=\"https:\/\/www.riu.com\/blog\/wp-content\/uploads\/2024\/07\/riu-palace-aquarelle-invernadero-7-scaled.jpg\" class=\"slider-33381 slide-33389 msDefaultImage\" alt=\"\" rel=\"\" title=\"riu-palace-aquarelle-invernadero-7\" srcset=\"https:\/\/www.riu.com\/blog\/wp-content\/uploads\/2024\/07\/riu-palace-aquarelle-invernadero-7-scaled.jpg 1928w, https:\/\/www.riu.com\/blog\/wp-content\/uploads\/2024\/07\/riu-palace-aquarelle-invernadero-7-250x332.jpg 250w, https:\/\/www.riu.com\/blog\/wp-content\/uploads\/2024\/07\/riu-palace-aquarelle-invernadero-7-700x930.jpg 700w, https:\/\/www.riu.com\/blog\/wp-content\/uploads\/2024\/07\/riu-palace-aquarelle-invernadero-7-768x1020.jpg 768w, https:\/\/www.riu.com\/blog\/wp-content\/uploads\/2024\/07\/riu-palace-aquarelle-invernadero-7-1157x1536.jpg 1157w, https:\/\/www.riu.com\/blog\/wp-content\/uploads\/2024\/07\/riu-palace-aquarelle-invernadero-7-1542x2048.jpg 1542w, https:\/\/www.riu.com\/blog\/wp-content\/uploads\/2024\/07\/riu-palace-aquarelle-invernadero-7-120x159.jpg 120w\" sizes=\"auto, (max-width: 1928px) 100vw, 1928px\" \/><div class=\"caption-wrap\"><div class=\"caption\"><div>Acalifa roja y crot\u00f3n ara\u00f1a.<\/div><\/div><\/div><\/li>\n            <\/ul>\n        <\/div>\n        \n    <\/div>\n<\/div>\n<p>Una particularidad del vivero es que todas las especies son sacadas de nuestros hoteles de la zona. De cada planta se saca un gran n\u00famero de esquejes y con ello se pueden suministrar a los hoteles de nueva construcci\u00f3n o que est\u00e1n siendo reformados. Al tener las plantas ya en casa, contribuye a garantizar la terminaci\u00f3n del jard\u00edn en tiempo r\u00e9cord.<\/p>\n<p>Juba nos explica en m\u00e1s detalle el objetivo del proyecto: <em>\u201cla finalidad del invernadero es cultivar las plantas que queremos utilizar para los nuevos jardines y tambi\u00e9n mantener los jardines que ya existen. Construimos el invernadero en Falmouth sin saber que tendr\u00edamos que trasladarlo a un lugar a\u00fan m\u00e1s grande de la propiedad. Ten\u00edamos 60.000 plantas en el invernadero para el nuevo Riu Palace Aquarelle, as\u00ed que pudimos tener un inventario realmente s\u00f3lido justo en nuestro patio trasero para este proyecto.\u201d<\/em><\/p>\n<p>Para poner en marcha el invernadero, Juba tuvo que recorrerse los hoteles de la cadena, que hoy ya son siete, para recoger recortes de todas las plantas que ten\u00edan en sus jardines. \u201c<em>Una vez que tuvimos una cantidad suficiente de recortes, empezamos a preparar las bolsas para la germinaci\u00f3n y la propagaci\u00f3n. Para algunas plantas tuvimos que utilizar polvo de enraizar y otras, simplemente se pueden plantar de forma natural en las bolsas de siembra.\u201d<\/em><\/p>\n<p><a href=\"https:\/\/www.riu.com\/blog\/wp-content\/uploads\/2024\/07\/riu-palace-aquarelle-jubba-1-1.jpg\"><img loading=\"lazy\" decoding=\"async\" class=\"alignnone wp-image-33358 size-large\" src=\"https:\/\/www.riu.com\/blog\/wp-content\/uploads\/2024\/07\/riu-palace-aquarelle-jubba-1-1-700x929.jpg\" alt=\"\" width=\"700\" height=\"929\" srcset=\"https:\/\/www.riu.com\/blog\/wp-content\/uploads\/2024\/07\/riu-palace-aquarelle-jubba-1-1-700x929.jpg 700w, https:\/\/www.riu.com\/blog\/wp-content\/uploads\/2024\/07\/riu-palace-aquarelle-jubba-1-1-250x332.jpg 250w, https:\/\/www.riu.com\/blog\/wp-content\/uploads\/2024\/07\/riu-palace-aquarelle-jubba-1-1-768x1020.jpg 768w, https:\/\/www.riu.com\/blog\/wp-content\/uploads\/2024\/07\/riu-palace-aquarelle-jubba-1-1-1157x1536.jpg 1157w, https:\/\/www.riu.com\/blog\/wp-content\/uploads\/2024\/07\/riu-palace-aquarelle-jubba-1-1-120x159.jpg 120w, https:\/\/www.riu.com\/blog\/wp-content\/uploads\/2024\/07\/riu-palace-aquarelle-jubba-1-1.jpg 1382w\" sizes=\"auto, (max-width: 700px) 100vw, 700px\" \/><\/a><\/p>\n<p>&nbsp;<\/p>\n<p>Juba nos revela cual es el secreto mejor guardado para que los jardines y el invernadero luzca reluciente: amor y cuidado por parte de los empleados de RIU.<\/p>\n<p>Esperamos haberte sorprendido una vez m\u00e1s con este proyecto y ahora cuando nos visites en Jamaica te podr\u00e1s fijar en las bonitas plantas que tenemos en nuestros jardines. Y por supuesto, \u00a1no te olvides de saludar a nuestro querido Juba!<\/p>\n","protected":false},"excerpt":{"rendered":"Para que nuestros hoteles presenten un aspecto frondoso, exuberante y fresco durante tu estancia, hay un gran trabajo detr\u00e1s llevado a cabo por h\u00e9roes silenciosos, que, con pasi\u00f3n y dedicaci\u00f3n, se cercioran de que hasta el m\u00ednimo detalle est\u00e9 cuidado.\r\n\r\nEn los jardines esta premisa se maximiza, ya que dependemos de factores tambi\u00e9n externos, como puede ser la meteorolog\u00eda o la propia semilla de las plantas.\r\n\r\nHoy te queremos presentar a una de esas personas que hace posible que los espacios verdes de nuestros hoteles en Jamaica luzcan en su m\u00e1ximo esplendor.","protected":false},"author":3,"featured_media":33402,"comment_status":"open","ping_status":"closed","sticky":false,"template":"","format":"standard","meta":{"_acf_changed":false,"footnotes":""},"categories":[3],"tags":[],"class_list":["post-33145","post","type-post","status-publish","format-standard","has-post-thumbnail","hentry","category-hotels"],"acf":[],"yoast_head":"<!-- This site is optimized with the Yoast SEO plugin v27.2 - https:\/\/yoast.com\/product\/yoast-seo-wordpress\/ -->\n<title>Conoce el invernadero del Riu Palace Aquarelle | Blog RIU.com<\/title>\n<meta name=\"description\" content=\"Juba, jefe de jardiner\u00eda del Riu Palace Tropical Bay, nos cuenta todos los detalles de nuestro vivero de plantas de Jamaica.\" \/>\n<meta name=\"robots\" content=\"index, follow, max-snippet:-1, max-image-preview:large, max-video-preview:-1\" \/>\n<link rel=\"canonical\" href=\"https:\/\/www.riu.com\/blog\/conoce-a-juba-jefe-de-jardineria-del-riu-palace-tropical-bay\/\" \/>\n<meta property=\"og:locale\" content=\"es_ES\" \/>\n<meta property=\"og:type\" content=\"article\" \/>\n<meta property=\"og:title\" content=\"Conoce el invernadero del Riu Palace Aquarelle | Blog RIU.com\" \/>\n<meta property=\"og:description\" content=\"Juba, jefe de jardiner\u00eda del Riu Palace Tropical Bay, nos cuenta todos los detalles de nuestro vivero de plantas de Jamaica.\" \/>\n<meta property=\"og:url\" content=\"https:\/\/www.riu.com\/blog\/conoce-a-juba-jefe-de-jardineria-del-riu-palace-tropical-bay\/\" \/>\n<meta property=\"og:site_name\" content=\"RIU.com | Blog\" \/>\n<meta property=\"article:published_time\" content=\"2024-08-01T07:44:12+00:00\" \/>\n<meta property=\"article:modified_time\" content=\"2024-08-01T09:09:22+00:00\" \/>\n<meta property=\"og:image\" content=\"https:\/\/www.riu.com\/blog\/wp-content\/uploads\/2024\/08\/riu-palace-aquarelle-portada-reducida.jpg\" \/>\n\t<meta property=\"og:image:width\" content=\"2150\" \/>\n\t<meta property=\"og:image:height\" content=\"992\" \/>\n\t<meta property=\"og:image:type\" content=\"image\/jpeg\" \/>\n<meta name=\"author\" content=\"Riu Hotels\" \/>\n<meta name=\"twitter:card\" content=\"summary_large_image\" \/>\n<meta name=\"twitter:label1\" content=\"Escrito por\" \/>\n\t<meta name=\"twitter:data1\" content=\"Riu Hotels\" \/>\n\t<meta name=\"twitter:label2\" content=\"Tiempo de lectura\" \/>\n\t<meta name=\"twitter:data2\" content=\"5 minutos\" \/>\n<script type=\"application\/ld+json\" class=\"yoast-schema-graph\">{\"@context\":\"https:\/\/schema.org\",\"@graph\":[{\"@type\":\"NewsArticle\",\"@id\":\"https:\/\/www.riu.com\/blog\/conoce-a-juba-jefe-de-jardineria-del-riu-palace-tropical-bay\/#article\",\"isPartOf\":{\"@id\":\"https:\/\/www.riu.com\/blog\/conoce-a-juba-jefe-de-jardineria-del-riu-palace-tropical-bay\/\"},\"author\":{\"name\":\"Riu Hotels\",\"@id\":\"https:\/\/www.riu.com\/blog\/de\/#\/schema\/person\/0d2e827ad7e2aee20a09a05bdc3fb45f\"},\"headline\":\"Conoce con nosotros a Juba, jefe de jardiner\u00eda del Riu Palace Tropical Bay\",\"datePublished\":\"2024-08-01T07:44:12+00:00\",\"dateModified\":\"2024-08-01T09:09:22+00:00\",\"mainEntityOfPage\":{\"@id\":\"https:\/\/www.riu.com\/blog\/conoce-a-juba-jefe-de-jardineria-del-riu-palace-tropical-bay\/\"},\"wordCount\":962,\"commentCount\":0,\"image\":{\"@id\":\"https:\/\/www.riu.com\/blog\/conoce-a-juba-jefe-de-jardineria-del-riu-palace-tropical-bay\/#primaryimage\"},\"thumbnailUrl\":\"https:\/\/www.riu.com\/blog\/wp-content\/uploads\/2024\/08\/riu-palace-aquarelle-portada-reducida.jpg\",\"articleSection\":[\"Hoteles\"],\"inLanguage\":\"es\",\"potentialAction\":[{\"@type\":\"CommentAction\",\"name\":\"Comment\",\"target\":[\"https:\/\/www.riu.com\/blog\/conoce-a-juba-jefe-de-jardineria-del-riu-palace-tropical-bay\/#respond\"]}]},{\"@type\":[\"WebPage\",\"ItemPage\"],\"@id\":\"https:\/\/www.riu.com\/blog\/conoce-a-juba-jefe-de-jardineria-del-riu-palace-tropical-bay\/\",\"url\":\"https:\/\/www.riu.com\/blog\/conoce-a-juba-jefe-de-jardineria-del-riu-palace-tropical-bay\/\",\"name\":\"Conoce el invernadero del Riu Palace Aquarelle | Blog RIU.com\",\"isPartOf\":{\"@id\":\"https:\/\/www.riu.com\/blog\/de\/#website\"},\"primaryImageOfPage\":{\"@id\":\"https:\/\/www.riu.com\/blog\/conoce-a-juba-jefe-de-jardineria-del-riu-palace-tropical-bay\/#primaryimage\"},\"image\":{\"@id\":\"https:\/\/www.riu.com\/blog\/conoce-a-juba-jefe-de-jardineria-del-riu-palace-tropical-bay\/#primaryimage\"},\"thumbnailUrl\":\"https:\/\/www.riu.com\/blog\/wp-content\/uploads\/2024\/08\/riu-palace-aquarelle-portada-reducida.jpg\",\"datePublished\":\"2024-08-01T07:44:12+00:00\",\"dateModified\":\"2024-08-01T09:09:22+00:00\",\"author\":{\"@id\":\"https:\/\/www.riu.com\/blog\/de\/#\/schema\/person\/0d2e827ad7e2aee20a09a05bdc3fb45f\"},\"description\":\"Juba, jefe de jardiner\u00eda del Riu Palace Tropical Bay, nos cuenta todos los detalles de nuestro vivero de plantas de Jamaica.\",\"breadcrumb\":{\"@id\":\"https:\/\/www.riu.com\/blog\/conoce-a-juba-jefe-de-jardineria-del-riu-palace-tropical-bay\/#breadcrumb\"},\"inLanguage\":\"es\",\"potentialAction\":[{\"@type\":\"ReadAction\",\"target\":[\"https:\/\/www.riu.com\/blog\/conoce-a-juba-jefe-de-jardineria-del-riu-palace-tropical-bay\/\"]}]},{\"@type\":\"ImageObject\",\"inLanguage\":\"es\",\"@id\":\"https:\/\/www.riu.com\/blog\/conoce-a-juba-jefe-de-jardineria-del-riu-palace-tropical-bay\/#primaryimage\",\"url\":\"https:\/\/www.riu.com\/blog\/wp-content\/uploads\/2024\/08\/riu-palace-aquarelle-portada-reducida.jpg\",\"contentUrl\":\"https:\/\/www.riu.com\/blog\/wp-content\/uploads\/2024\/08\/riu-palace-aquarelle-portada-reducida.jpg\",\"width\":2150,\"height\":992},{\"@type\":\"BreadcrumbList\",\"@id\":\"https:\/\/www.riu.com\/blog\/conoce-a-juba-jefe-de-jardineria-del-riu-palace-tropical-bay\/#breadcrumb\",\"itemListElement\":[{\"@type\":\"ListItem\",\"position\":1,\"name\":\"Portada\",\"item\":\"https:\/\/www.riu.com\/blog\/de\/\"},{\"@type\":\"ListItem\",\"position\":2,\"name\":\"Conoce con nosotros a Juba, jefe de jardiner\u00eda del Riu Palace Tropical Bay\"}]},{\"@type\":\"WebSite\",\"@id\":\"https:\/\/www.riu.com\/blog\/de\/#website\",\"url\":\"https:\/\/www.riu.com\/blog\/de\/\",\"name\":\"RIU.com | Blog\",\"description\":\"Blog de Riu Hotels &amp; Resorts | Noticias exclusivas de la cadena Riu Hotels &amp; Resorts | Hoteles en Espa\u00f1a, M\u00e9xico, Jamaica, Rep\u00fablica Dominicana, Portugal, Miami y muchos m\u00e1s.\",\"potentialAction\":[{\"@type\":\"SearchAction\",\"target\":{\"@type\":\"EntryPoint\",\"urlTemplate\":\"https:\/\/www.riu.com\/blog\/de\/?s={search_term_string}\"},\"query-input\":{\"@type\":\"PropertyValueSpecification\",\"valueRequired\":true,\"valueName\":\"search_term_string\"}}],\"inLanguage\":\"es\"},{\"@type\":\"Person\",\"@id\":\"https:\/\/www.riu.com\/blog\/de\/#\/schema\/person\/0d2e827ad7e2aee20a09a05bdc3fb45f\",\"name\":\"Riu Hotels\",\"image\":{\"@type\":\"ImageObject\",\"inLanguage\":\"es\",\"@id\":\"https:\/\/secure.gravatar.com\/avatar\/1845185f5dc0c5d7a3adb797bcd6cae1d3df26e3eead5da96b212485b274bdf3?s=96&d=mm&r=g\",\"url\":\"https:\/\/secure.gravatar.com\/avatar\/1845185f5dc0c5d7a3adb797bcd6cae1d3df26e3eead5da96b212485b274bdf3?s=96&d=mm&r=g\",\"contentUrl\":\"https:\/\/secure.gravatar.com\/avatar\/1845185f5dc0c5d7a3adb797bcd6cae1d3df26e3eead5da96b212485b274bdf3?s=96&d=mm&r=g\",\"caption\":\"Riu Hotels\"},\"url\":\"https:\/\/www.riu.com\/blog\/author\/riu\/\"}]}<\/script>\n<!-- \/ Yoast SEO plugin. -->","yoast_head_json":{"title":"Conoce el invernadero del Riu Palace Aquarelle | Blog RIU.com","description":"Juba, jefe de jardiner\u00eda del Riu Palace Tropical Bay, nos cuenta todos los detalles de nuestro vivero de plantas de Jamaica.","robots":{"index":"index","follow":"follow","max-snippet":"max-snippet:-1","max-image-preview":"max-image-preview:large","max-video-preview":"max-video-preview:-1"},"canonical":"https:\/\/www.riu.com\/blog\/conoce-a-juba-jefe-de-jardineria-del-riu-palace-tropical-bay\/","og_locale":"es_ES","og_type":"article","og_title":"Conoce el invernadero del Riu Palace Aquarelle | Blog RIU.com","og_description":"Juba, jefe de jardiner\u00eda del Riu Palace Tropical Bay, nos cuenta todos los detalles de nuestro vivero de plantas de Jamaica.","og_url":"https:\/\/www.riu.com\/blog\/conoce-a-juba-jefe-de-jardineria-del-riu-palace-tropical-bay\/","og_site_name":"RIU.com | Blog","article_published_time":"2024-08-01T07:44:12+00:00","article_modified_time":"2024-08-01T09:09:22+00:00","og_image":[{"width":2150,"height":992,"url":"https:\/\/www.riu.com\/blog\/wp-content\/uploads\/2024\/08\/riu-palace-aquarelle-portada-reducida.jpg","type":"image\/jpeg"}],"author":"Riu Hotels","twitter_card":"summary_large_image","twitter_misc":{"Escrito por":"Riu Hotels","Tiempo de lectura":"5 minutos"},"schema":{"@context":"https:\/\/schema.org","@graph":[{"@type":"NewsArticle","@id":"https:\/\/www.riu.com\/blog\/conoce-a-juba-jefe-de-jardineria-del-riu-palace-tropical-bay\/#article","isPartOf":{"@id":"https:\/\/www.riu.com\/blog\/conoce-a-juba-jefe-de-jardineria-del-riu-palace-tropical-bay\/"},"author":{"name":"Riu Hotels","@id":"https:\/\/www.riu.com\/blog\/de\/#\/schema\/person\/0d2e827ad7e2aee20a09a05bdc3fb45f"},"headline":"Conoce con nosotros a Juba, jefe de jardiner\u00eda del Riu Palace Tropical Bay","datePublished":"2024-08-01T07:44:12+00:00","dateModified":"2024-08-01T09:09:22+00:00","mainEntityOfPage":{"@id":"https:\/\/www.riu.com\/blog\/conoce-a-juba-jefe-de-jardineria-del-riu-palace-tropical-bay\/"},"wordCount":962,"commentCount":0,"image":{"@id":"https:\/\/www.riu.com\/blog\/conoce-a-juba-jefe-de-jardineria-del-riu-palace-tropical-bay\/#primaryimage"},"thumbnailUrl":"https:\/\/www.riu.com\/blog\/wp-content\/uploads\/2024\/08\/riu-palace-aquarelle-portada-reducida.jpg","articleSection":["Hoteles"],"inLanguage":"es","potentialAction":[{"@type":"CommentAction","name":"Comment","target":["https:\/\/www.riu.com\/blog\/conoce-a-juba-jefe-de-jardineria-del-riu-palace-tropical-bay\/#respond"]}]},{"@type":["WebPage","ItemPage"],"@id":"https:\/\/www.riu.com\/blog\/conoce-a-juba-jefe-de-jardineria-del-riu-palace-tropical-bay\/","url":"https:\/\/www.riu.com\/blog\/conoce-a-juba-jefe-de-jardineria-del-riu-palace-tropical-bay\/","name":"Conoce el invernadero del Riu Palace Aquarelle | Blog RIU.com","isPartOf":{"@id":"https:\/\/www.riu.com\/blog\/de\/#website"},"primaryImageOfPage":{"@id":"https:\/\/www.riu.com\/blog\/conoce-a-juba-jefe-de-jardineria-del-riu-palace-tropical-bay\/#primaryimage"},"image":{"@id":"https:\/\/www.riu.com\/blog\/conoce-a-juba-jefe-de-jardineria-del-riu-palace-tropical-bay\/#primaryimage"},"thumbnailUrl":"https:\/\/www.riu.com\/blog\/wp-content\/uploads\/2024\/08\/riu-palace-aquarelle-portada-reducida.jpg","datePublished":"2024-08-01T07:44:12+00:00","dateModified":"2024-08-01T09:09:22+00:00","author":{"@id":"https:\/\/www.riu.com\/blog\/de\/#\/schema\/person\/0d2e827ad7e2aee20a09a05bdc3fb45f"},"description":"Juba, jefe de jardiner\u00eda del Riu Palace Tropical Bay, nos cuenta todos los detalles de nuestro vivero de plantas de Jamaica.","breadcrumb":{"@id":"https:\/\/www.riu.com\/blog\/conoce-a-juba-jefe-de-jardineria-del-riu-palace-tropical-bay\/#breadcrumb"},"inLanguage":"es","potentialAction":[{"@type":"ReadAction","target":["https:\/\/www.riu.com\/blog\/conoce-a-juba-jefe-de-jardineria-del-riu-palace-tropical-bay\/"]}]},{"@type":"ImageObject","inLanguage":"es","@id":"https:\/\/www.riu.com\/blog\/conoce-a-juba-jefe-de-jardineria-del-riu-palace-tropical-bay\/#primaryimage","url":"https:\/\/www.riu.com\/blog\/wp-content\/uploads\/2024\/08\/riu-palace-aquarelle-portada-reducida.jpg","contentUrl":"https:\/\/www.riu.com\/blog\/wp-content\/uploads\/2024\/08\/riu-palace-aquarelle-portada-reducida.jpg","width":2150,"height":992},{"@type":"BreadcrumbList","@id":"https:\/\/www.riu.com\/blog\/conoce-a-juba-jefe-de-jardineria-del-riu-palace-tropical-bay\/#breadcrumb","itemListElement":[{"@type":"ListItem","position":1,"name":"Portada","item":"https:\/\/www.riu.com\/blog\/de\/"},{"@type":"ListItem","position":2,"name":"Conoce con nosotros a Juba, jefe de jardiner\u00eda del Riu Palace Tropical Bay"}]},{"@type":"WebSite","@id":"https:\/\/www.riu.com\/blog\/de\/#website","url":"https:\/\/www.riu.com\/blog\/de\/","name":"RIU.com | Blog","description":"Blog de Riu Hotels &amp; Resorts | Noticias exclusivas de la cadena Riu Hotels &amp; Resorts | Hoteles en Espa\u00f1a, M\u00e9xico, Jamaica, Rep\u00fablica Dominicana, Portugal, Miami y muchos m\u00e1s.","potentialAction":[{"@type":"SearchAction","target":{"@type":"EntryPoint","urlTemplate":"https:\/\/www.riu.com\/blog\/de\/?s={search_term_string}"},"query-input":{"@type":"PropertyValueSpecification","valueRequired":true,"valueName":"search_term_string"}}],"inLanguage":"es"},{"@type":"Person","@id":"https:\/\/www.riu.com\/blog\/de\/#\/schema\/person\/0d2e827ad7e2aee20a09a05bdc3fb45f","name":"Riu Hotels","image":{"@type":"ImageObject","inLanguage":"es","@id":"https:\/\/secure.gravatar.com\/avatar\/1845185f5dc0c5d7a3adb797bcd6cae1d3df26e3eead5da96b212485b274bdf3?s=96&d=mm&r=g","url":"https:\/\/secure.gravatar.com\/avatar\/1845185f5dc0c5d7a3adb797bcd6cae1d3df26e3eead5da96b212485b274bdf3?s=96&d=mm&r=g","contentUrl":"https:\/\/secure.gravatar.com\/avatar\/1845185f5dc0c5d7a3adb797bcd6cae1d3df26e3eead5da96b212485b274bdf3?s=96&d=mm&r=g","caption":"Riu Hotels"},"url":"https:\/\/www.riu.com\/blog\/author\/riu\/"}]}},"_links":{"self":[{"href":"https:\/\/www.riu.com\/blog\/wp-json\/wp\/v2\/posts\/33145","targetHints":{"allow":["GET"]}}],"collection":[{"href":"https:\/\/www.riu.com\/blog\/wp-json\/wp\/v2\/posts"}],"about":[{"href":"https:\/\/www.riu.com\/blog\/wp-json\/wp\/v2\/types\/post"}],"author":[{"embeddable":true,"href":"https:\/\/www.riu.com\/blog\/wp-json\/wp\/v2\/users\/3"}],"replies":[{"embeddable":true,"href":"https:\/\/www.riu.com\/blog\/wp-json\/wp\/v2\/comments?post=33145"}],"version-history":[{"count":15,"href":"https:\/\/www.riu.com\/blog\/wp-json\/wp\/v2\/posts\/33145\/revisions"}],"predecessor-version":[{"id":33412,"href":"https:\/\/www.riu.com\/blog\/wp-json\/wp\/v2\/posts\/33145\/revisions\/33412"}],"wp:featuredmedia":[{"embeddable":true,"href":"https:\/\/www.riu.com\/blog\/wp-json\/wp\/v2\/media\/33402"}],"wp:attachment":[{"href":"https:\/\/www.riu.com\/blog\/wp-json\/wp\/v2\/media?parent=33145"}],"wp:term":[{"taxonomy":"category","embeddable":true,"href":"https:\/\/www.riu.com\/blog\/wp-json\/wp\/v2\/categories?post=33145"},{"taxonomy":"post_tag","embeddable":true,"href":"https:\/\/www.riu.com\/blog\/wp-json\/wp\/v2\/tags?post=33145"}],"curies":[{"name":"wp","href":"https:\/\/api.w.org\/{rel}","templated":true}]}}