{"id":39579,"date":"2025-10-23T16:08:36","date_gmt":"2025-10-23T14:08:36","guid":{"rendered":"https:\/\/www.riu.com\/blog\/?p=39579"},"modified":"2026-02-25T12:58:06","modified_gmt":"2026-02-25T11:58:06","slug":"como-lidera-riu-hotels-la-sostenibilidad-turistica-en-mexico-2024","status":"publish","type":"post","link":"https:\/\/www.riu.com\/blog\/como-lidera-riu-hotels-la-sostenibilidad-turistica-en-mexico-2024\/","title":{"rendered":"\u00bfC\u00f3mo impulsa RIU Hotels el desarrollo social y la sostenibilidad en M\u00e9xico hacia 2026?"},"content":{"rendered":"\n<p><strong>RIU Hotels &amp; Resorts<\/strong> ha consolidado en 2024 una <strong>estrategia de sostenibilidad transversal<\/strong> en M\u00e9xico, fundamentada en la inversi\u00f3n social y ambiental. A trav\u00e9s de alianzas con <strong>14 fundaciones locales<\/strong> y 19 actuaciones concretas, la cadena hotelera busca transformar las comunidades donde opera, con objetivos fijados hasta el a\u00f1o <strong>2026<\/strong>.<\/p>\n\n\n\n<figure class=\"wp-block-image size-large\"><img loading=\"lazy\" decoding=\"async\" width=\"1600\" height=\"671\" src=\"https:\/\/www.riu.com\/blog\/wp-content\/uploads\/2025\/10\/proudly-committed-mexico-1600x671.jpg\" alt=\"Imagen del pin de la campa\u00f1a de Sostenibilidad de RIU, Proudly Committed\" class=\"wp-image-39640\" srcset=\"https:\/\/www.riu.com\/blog\/wp-content\/uploads\/2025\/10\/proudly-committed-mexico-1600x671.jpg 1600w, https:\/\/www.riu.com\/blog\/wp-content\/uploads\/2025\/10\/proudly-committed-mexico-600x252.jpg 600w, https:\/\/www.riu.com\/blog\/wp-content\/uploads\/2025\/10\/proudly-committed-mexico-768x322.jpg 768w, https:\/\/www.riu.com\/blog\/wp-content\/uploads\/2025\/10\/proudly-committed-mexico-1536x644.jpg 1536w, https:\/\/www.riu.com\/blog\/wp-content\/uploads\/2025\/10\/proudly-committed-mexico-2048x858.jpg 2048w\" sizes=\"auto, (max-width: 1600px) 100vw, 1600px\" \/><\/figure>\n\n\n\n<h2 class=\"wp-block-heading\">\u00bfCu\u00e1l es el impacto social de RIU en las comunidades mexicanas?<\/h2>\n\n\n\n<p>En <strong>RIU Hotels &amp; Resorts<\/strong>, creemos que el verdadero lujo debe extenderse a la preservaci\u00f3n de la cultura y la belleza natural de los destinos. Nuestra filosof\u00eda de responsabilidad social ha evolucionado hacia un compromiso integrado en el ADN de cada departamento.<\/p>\n\n\n\n<p>Actualmente, trabajamos codo con codo con aliados locales para generar un impacto tangible. Un pilar fundamental es nuestra relaci\u00f3n con la <a href=\"https:\/\/fundacionaitana.org\/\" target=\"_blank\" rel=\"noreferrer noopener\"><strong>Fundaci\u00f3n Aitana<\/strong><\/a> en Quintana Roo, donde tras una d\u00e9cada de colaboraci\u00f3n, hemos destinado casi <strong>23 millones de pesos<\/strong> para apoyar a ni\u00f1os y j\u00f3venes en tratamientos contra el c\u00e1ncer.<\/p>\n\n\n\n<figure class=\"wp-block-image size-full\"><img loading=\"lazy\" decoding=\"async\" width=\"1280\" height=\"853\" src=\"https:\/\/www.riu.com\/blog\/wp-content\/uploads\/2025\/10\/save-the-childre-riu.jpg\" alt=\"Foto grupal en un aula de Save the Children donde aparecen La directora de RSC de RIU en M\u00e9xico, la presidenta honoraria del Sistema DIF Quintana Roo y la presidenta del municipio de Benito Ju\u00e1rez en apoyo a Save the Children.\" class=\"wp-image-40022\" srcset=\"https:\/\/www.riu.com\/blog\/wp-content\/uploads\/2025\/10\/save-the-childre-riu.jpg 1280w, https:\/\/www.riu.com\/blog\/wp-content\/uploads\/2025\/10\/save-the-childre-riu-600x400.jpg 600w, https:\/\/www.riu.com\/blog\/wp-content\/uploads\/2025\/10\/save-the-childre-riu-768x512.jpg 768w\" sizes=\"auto, (max-width: 1280px) 100vw, 1280px\" \/><figcaption class=\"wp-element-caption\">La directora de RSC de RIU en M\u00e9xico, la presidenta honoraria del Sistema DIF Quintana Roo y la presidenta del municipio de Benito Ju\u00e1rez en apoyo a Save the Children.<\/figcaption><\/figure>\n\n\n\n<div class=\"wp-block-group is-nowrap is-layout-flex wp-container-core-group-is-layout-ad2f72ca wp-block-group-is-layout-flex\">\n<h2 class=\"wp-block-heading\">Inversi\u00f3n y Alianzas Estrat\u00e9gicas (KPIs)<\/h2>\n<\/div>\n\n\n\n<figure class=\"wp-block-table\"><table class=\"has-fixed-layout\"><tbody><tr><th>Indicador<\/th><th>Dato Clave<\/th><th>Impacto \/ Destino<\/th><\/tr><tr><td><strong>Aliados Sociales<\/strong><\/td><td>14 Fundaciones<\/td><td>Cobertura Nacional en M\u00e9xico<\/td><\/tr><tr><td><strong>Actuaciones Directas<\/strong><\/td><td>19 Proyectos<\/td><td>Educaci\u00f3n, Salud y Medio Ambiente<\/td><\/tr><tr><td><strong>Inversi\u00f3n Fundaci\u00f3n Aitana<\/strong><\/td><td>23 MDP<\/td><td>Tratamientos oncol\u00f3gicos (10+ a\u00f1os)<\/td><\/tr><tr><td><strong>Estrategia Sostenible<\/strong><\/td><td>Horizonte 2026<\/td><td>Eficiencia energ\u00e9tica y gesti\u00f3n de residuos<\/td><\/tr><\/tbody><\/table><\/figure>\n\n\n\n<h2 class=\"wp-block-heading\">\u00bfEn qu\u00e9 regiones de M\u00e9xico act\u00faa la red de colaboraci\u00f3n de RIU?<\/h2>\n\n\n\n<figure class=\"wp-block-gallery has-nested-images columns-default is-cropped wp-block-gallery-1 is-layout-flex wp-block-gallery-is-layout-flex\">\n<figure data-wp-context=\"{&quot;imageId&quot;:&quot;69ee2a7dbb807&quot;}\" data-wp-interactive=\"core\/image\" data-wp-key=\"69ee2a7dbb807\" class=\"wp-block-image size-large wp-lightbox-container\"><img loading=\"lazy\" decoding=\"async\" width=\"1081\" height=\"720\" data-wp-class--hide=\"state.isContentHidden\" data-wp-class--show=\"state.isContentVisible\" data-wp-init=\"callbacks.setButtonStyles\" data-wp-on--click=\"actions.showLightbox\" data-wp-on--load=\"callbacks.setButtonStyles\" data-wp-on-window--resize=\"callbacks.setButtonStyles\" data-id=\"39627\" src=\"https:\/\/www.riu.com\/blog\/wp-content\/uploads\/2025\/10\/ninos-programa-riu-mexico.jpg\" alt=\"Parte de una de las aulas de la Fundaci\u00f3n Aitana, en M\u00e9xico\" class=\"wp-image-39627\" srcset=\"https:\/\/www.riu.com\/blog\/wp-content\/uploads\/2025\/10\/ninos-programa-riu-mexico.jpg 1081w, https:\/\/www.riu.com\/blog\/wp-content\/uploads\/2025\/10\/ninos-programa-riu-mexico-600x400.jpg 600w, https:\/\/www.riu.com\/blog\/wp-content\/uploads\/2025\/10\/ninos-programa-riu-mexico-768x512.jpg 768w\" sizes=\"auto, (max-width: 1081px) 100vw, 1081px\" \/><button\n\t\t\tclass=\"lightbox-trigger\"\n\t\t\ttype=\"button\"\n\t\t\taria-haspopup=\"dialog\"\n\t\t\taria-label=\"Agrandar\"\n\t\t\tdata-wp-init=\"callbacks.initTriggerButton\"\n\t\t\tdata-wp-on--click=\"actions.showLightbox\"\n\t\t\tdata-wp-style--right=\"state.imageButtonRight\"\n\t\t\tdata-wp-style--top=\"state.imageButtonTop\"\n\t\t>\n\t\t\t<svg xmlns=\"http:\/\/www.w3.org\/2000\/svg\" width=\"12\" height=\"12\" fill=\"none\" viewBox=\"0 0 12 12\">\n\t\t\t\t<path fill=\"#fff\" d=\"M2 0a2 2 0 0 0-2 2v2h1.5V2a.5.5 0 0 1 .5-.5h2V0H2Zm2 10.5H2a.5.5 0 0 1-.5-.5V8H0v2a2 2 0 0 0 2 2h2v-1.5ZM8 12v-1.5h2a.5.5 0 0 0 .5-.5V8H12v2a2 2 0 0 1-2 2H8Zm2-12a2 2 0 0 1 2 2v2h-1.5V2a.5.5 0 0 0-.5-.5H8V0h2Z\" \/>\n\t\t\t<\/svg>\n\t\t<\/button><\/figure>\n\n\n\n<figure data-wp-context=\"{&quot;imageId&quot;:&quot;69ee2a7dbbff1&quot;}\" data-wp-interactive=\"core\/image\" data-wp-key=\"69ee2a7dbbff1\" class=\"wp-block-image size-large wp-lightbox-container\"><img loading=\"lazy\" decoding=\"async\" width=\"1079\" height=\"720\" data-wp-class--hide=\"state.isContentHidden\" data-wp-class--show=\"state.isContentVisible\" data-wp-init=\"callbacks.setButtonStyles\" data-wp-on--click=\"actions.showLightbox\" data-wp-on--load=\"callbacks.setButtonStyles\" data-wp-on-window--resize=\"callbacks.setButtonStyles\" data-id=\"39624\" src=\"https:\/\/www.riu.com\/blog\/wp-content\/uploads\/2025\/10\/ludoteca-programa-ninos-mexico-riu.jpg\" alt=\"Aula de la Fundaci\u00f3n Aitana en M\u00e9xico, donde se ven juguetes e infograf\u00edas\" class=\"wp-image-39624\" srcset=\"https:\/\/www.riu.com\/blog\/wp-content\/uploads\/2025\/10\/ludoteca-programa-ninos-mexico-riu.jpg 1079w, https:\/\/www.riu.com\/blog\/wp-content\/uploads\/2025\/10\/ludoteca-programa-ninos-mexico-riu-600x400.jpg 600w, https:\/\/www.riu.com\/blog\/wp-content\/uploads\/2025\/10\/ludoteca-programa-ninos-mexico-riu-768x512.jpg 768w\" sizes=\"auto, (max-width: 1079px) 100vw, 1079px\" \/><button\n\t\t\tclass=\"lightbox-trigger\"\n\t\t\ttype=\"button\"\n\t\t\taria-haspopup=\"dialog\"\n\t\t\taria-label=\"Agrandar\"\n\t\t\tdata-wp-init=\"callbacks.initTriggerButton\"\n\t\t\tdata-wp-on--click=\"actions.showLightbox\"\n\t\t\tdata-wp-style--right=\"state.imageButtonRight\"\n\t\t\tdata-wp-style--top=\"state.imageButtonTop\"\n\t\t>\n\t\t\t<svg xmlns=\"http:\/\/www.w3.org\/2000\/svg\" width=\"12\" height=\"12\" fill=\"none\" viewBox=\"0 0 12 12\">\n\t\t\t\t<path fill=\"#fff\" d=\"M2 0a2 2 0 0 0-2 2v2h1.5V2a.5.5 0 0 1 .5-.5h2V0H2Zm2 10.5H2a.5.5 0 0 1-.5-.5V8H0v2a2 2 0 0 0 2 2h2v-1.5ZM8 12v-1.5h2a.5.5 0 0 0 .5-.5V8H12v2a2 2 0 0 1-2 2H8Zm2-12a2 2 0 0 1 2 2v2h-1.5V2a.5.5 0 0 0-.5-.5H8V0h2Z\" \/>\n\t\t\t<\/svg>\n\t\t<\/button><\/figure>\n<\/figure>\n\n\n\n<p>Nuestra red de apoyo se distribuye estrat\u00e9gicamente para atender las necesidades espec\u00edficas de cada ecosistema y comunidad:<\/p>\n\n\n\n<ul class=\"wp-block-list\">\n<li><strong>Los Cabos:<\/strong> Nos enfocamos en la juventud con <strong>Los Ni\u00f1os del Capit\u00e1n<\/strong> y <strong>Amigo de los Ni\u00f1os<\/strong>.<\/li>\n\n\n\n<li><strong>Quintana Roo:<\/strong> Colaboramos con <a href=\"https:\/\/oceanus.org.mx\/\" target=\"_blank\" rel=\"noreferrer noopener\"><strong>Oceanus<\/strong><\/a> en la conservaci\u00f3n de oc\u00e9anos y con <a href=\"https:\/\/www.savethechildren.mx\/\" target=\"_blank\" rel=\"noreferrer noopener\"><strong>Save the Children M\u00e9xico<\/strong><\/a> para el desarrollo infantil.<\/li>\n\n\n\n<li><strong>Mazatl\u00e1n:<\/strong> Impulsamos la educaci\u00f3n mediante alianzas con <strong>Proeduca Sinaloa<\/strong> y <strong>Back to Back Mexico<\/strong>.<\/li>\n\n\n\n<li><strong>Nayarit:<\/strong> Protegemos la biodiversidad marina con <a href=\"https:\/\/www.ecobac.org\/\" target=\"_blank\" rel=\"noreferrer noopener\"><strong>ECOBAC<\/strong><\/a> y <strong>CEMBAB<\/strong>, adem\u00e1s de apoyar a ni\u00f1os con c\u00e1ncer a trav\u00e9s de <strong>CANICA<\/strong>.<\/li>\n\n\n\n<li><strong>Guadalajara:<\/strong> Invertimos en tejido social con <strong>Corporativa de Fundaciones<\/strong> y en reforestaci\u00f3n con <strong>Bosque Urbano Extra<\/strong>.<\/li>\n<\/ul>\n\n\n\n<figure class=\"wp-block-gallery has-nested-images columns-default is-cropped wp-block-gallery-2 is-layout-flex wp-block-gallery-is-layout-flex\">\n<figure data-wp-context=\"{&quot;imageId&quot;:&quot;69ee2a7dbca2a&quot;}\" data-wp-interactive=\"core\/image\" data-wp-key=\"69ee2a7dbca2a\" class=\"wp-block-image size-large wp-lightbox-container\"><img loading=\"lazy\" decoding=\"async\" width=\"1024\" height=\"768\" data-wp-class--hide=\"state.isContentHidden\" data-wp-class--show=\"state.isContentVisible\" data-wp-init=\"callbacks.setButtonStyles\" data-wp-on--click=\"actions.showLightbox\" data-wp-on--load=\"callbacks.setButtonStyles\" data-wp-on-window--resize=\"callbacks.setButtonStyles\" data-id=\"39606\" src=\"https:\/\/www.riu.com\/blog\/wp-content\/uploads\/2025\/10\/equipo-ECOBAC-rescate-ballenas.jpeg\" alt=\"ECOBAC (Ecolog\u00eda y Conservaci\u00f3n de Ballenas) y CEMBAB (Conservaci\u00f3n de Especies Maravillosas de Bah\u00eda de Banderas).\" class=\"wp-image-39606\" srcset=\"https:\/\/www.riu.com\/blog\/wp-content\/uploads\/2025\/10\/equipo-ECOBAC-rescate-ballenas.jpeg 1024w, https:\/\/www.riu.com\/blog\/wp-content\/uploads\/2025\/10\/equipo-ECOBAC-rescate-ballenas-600x450.jpeg 600w, https:\/\/www.riu.com\/blog\/wp-content\/uploads\/2025\/10\/equipo-ECOBAC-rescate-ballenas-768x576.jpeg 768w\" sizes=\"auto, (max-width: 1024px) 100vw, 1024px\" \/><button\n\t\t\tclass=\"lightbox-trigger\"\n\t\t\ttype=\"button\"\n\t\t\taria-haspopup=\"dialog\"\n\t\t\taria-label=\"Agrandar\"\n\t\t\tdata-wp-init=\"callbacks.initTriggerButton\"\n\t\t\tdata-wp-on--click=\"actions.showLightbox\"\n\t\t\tdata-wp-style--right=\"state.imageButtonRight\"\n\t\t\tdata-wp-style--top=\"state.imageButtonTop\"\n\t\t>\n\t\t\t<svg xmlns=\"http:\/\/www.w3.org\/2000\/svg\" width=\"12\" height=\"12\" fill=\"none\" viewBox=\"0 0 12 12\">\n\t\t\t\t<path fill=\"#fff\" d=\"M2 0a2 2 0 0 0-2 2v2h1.5V2a.5.5 0 0 1 .5-.5h2V0H2Zm2 10.5H2a.5.5 0 0 1-.5-.5V8H0v2a2 2 0 0 0 2 2h2v-1.5ZM8 12v-1.5h2a.5.5 0 0 0 .5-.5V8H12v2a2 2 0 0 1-2 2H8Zm2-12a2 2 0 0 1 2 2v2h-1.5V2a.5.5 0 0 0-.5-.5H8V0h2Z\" \/>\n\t\t\t<\/svg>\n\t\t<\/button><figcaption class=\"wp-element-caption\"><strong>ECOBAC<\/strong> <\/figcaption><\/figure>\n\n\n\n<figure data-wp-context=\"{&quot;imageId&quot;:&quot;69ee2a7dbd16d&quot;}\" data-wp-interactive=\"core\/image\" data-wp-key=\"69ee2a7dbd16d\" class=\"wp-block-image size-large wp-lightbox-container\"><img loading=\"lazy\" decoding=\"async\" width=\"1600\" height=\"1063\" data-wp-class--hide=\"state.isContentHidden\" data-wp-class--show=\"state.isContentVisible\" data-wp-init=\"callbacks.setButtonStyles\" data-wp-on--click=\"actions.showLightbox\" data-wp-on--load=\"callbacks.setButtonStyles\" data-wp-on-window--resize=\"callbacks.setButtonStyles\" data-id=\"39603\" src=\"https:\/\/www.riu.com\/blog\/wp-content\/uploads\/2025\/10\/ECOBAC-ballena-mexico-1600x1063.jpg\" alt=\"ECOBAC (Ecolog\u00eda y Conservaci\u00f3n de Ballenas) y CEMBAB (Conservaci\u00f3n de Especies Maravillosas de Bah\u00eda de Banderas).\" class=\"wp-image-39603\" srcset=\"https:\/\/www.riu.com\/blog\/wp-content\/uploads\/2025\/10\/ECOBAC-ballena-mexico-1600x1063.jpg 1600w, https:\/\/www.riu.com\/blog\/wp-content\/uploads\/2025\/10\/ECOBAC-ballena-mexico-600x399.jpg 600w, https:\/\/www.riu.com\/blog\/wp-content\/uploads\/2025\/10\/ECOBAC-ballena-mexico-768x510.jpg 768w, https:\/\/www.riu.com\/blog\/wp-content\/uploads\/2025\/10\/ECOBAC-ballena-mexico-1536x1020.jpg 1536w, https:\/\/www.riu.com\/blog\/wp-content\/uploads\/2025\/10\/ECOBAC-ballena-mexico-2048x1360.jpg 2048w\" sizes=\"auto, (max-width: 1600px) 100vw, 1600px\" \/><button\n\t\t\tclass=\"lightbox-trigger\"\n\t\t\ttype=\"button\"\n\t\t\taria-haspopup=\"dialog\"\n\t\t\taria-label=\"Agrandar\"\n\t\t\tdata-wp-init=\"callbacks.initTriggerButton\"\n\t\t\tdata-wp-on--click=\"actions.showLightbox\"\n\t\t\tdata-wp-style--right=\"state.imageButtonRight\"\n\t\t\tdata-wp-style--top=\"state.imageButtonTop\"\n\t\t>\n\t\t\t<svg xmlns=\"http:\/\/www.w3.org\/2000\/svg\" width=\"12\" height=\"12\" fill=\"none\" viewBox=\"0 0 12 12\">\n\t\t\t\t<path fill=\"#fff\" d=\"M2 0a2 2 0 0 0-2 2v2h1.5V2a.5.5 0 0 1 .5-.5h2V0H2Zm2 10.5H2a.5.5 0 0 1-.5-.5V8H0v2a2 2 0 0 0 2 2h2v-1.5ZM8 12v-1.5h2a.5.5 0 0 0 .5-.5V8H12v2a2 2 0 0 1-2 2H8Zm2-12a2 2 0 0 1 2 2v2h-1.5V2a.5.5 0 0 0-.5-.5H8V0h2Z\" \/>\n\t\t\t<\/svg>\n\t\t<\/button><figcaption class=\"wp-element-caption\"><strong>ECOBAC<\/strong> <\/figcaption><\/figure>\n\n\n\n<figure data-wp-context=\"{&quot;imageId&quot;:&quot;69ee2a7dbd815&quot;}\" data-wp-interactive=\"core\/image\" data-wp-key=\"69ee2a7dbd815\" class=\"wp-block-image size-large wp-lightbox-container\"><img loading=\"lazy\" decoding=\"async\" width=\"1600\" height=\"1200\" data-wp-class--hide=\"state.isContentHidden\" data-wp-class--show=\"state.isContentVisible\" data-wp-init=\"callbacks.setButtonStyles\" data-wp-on--click=\"actions.showLightbox\" data-wp-on--load=\"callbacks.setButtonStyles\" data-wp-on-window--resize=\"callbacks.setButtonStyles\" data-id=\"39634\" src=\"https:\/\/www.riu.com\/blog\/wp-content\/uploads\/2025\/10\/MXPVRBAND01_2024_FO_Nido-06-1600x1200.jpg\" alt=\"CEMBAB (Conservaci\u00f3n de Especies Maravillosas de Bah\u00eda de Banderas).\" class=\"wp-image-39634\" srcset=\"https:\/\/www.riu.com\/blog\/wp-content\/uploads\/2025\/10\/MXPVRBAND01_2024_FO_Nido-06-1600x1200.jpg 1600w, https:\/\/www.riu.com\/blog\/wp-content\/uploads\/2025\/10\/MXPVRBAND01_2024_FO_Nido-06-600x450.jpg 600w, https:\/\/www.riu.com\/blog\/wp-content\/uploads\/2025\/10\/MXPVRBAND01_2024_FO_Nido-06-768x576.jpg 768w, https:\/\/www.riu.com\/blog\/wp-content\/uploads\/2025\/10\/MXPVRBAND01_2024_FO_Nido-06-1536x1152.jpg 1536w, https:\/\/www.riu.com\/blog\/wp-content\/uploads\/2025\/10\/MXPVRBAND01_2024_FO_Nido-06-2048x1536.jpg 2048w\" sizes=\"auto, (max-width: 1600px) 100vw, 1600px\" \/><button\n\t\t\tclass=\"lightbox-trigger\"\n\t\t\ttype=\"button\"\n\t\t\taria-haspopup=\"dialog\"\n\t\t\taria-label=\"Agrandar\"\n\t\t\tdata-wp-init=\"callbacks.initTriggerButton\"\n\t\t\tdata-wp-on--click=\"actions.showLightbox\"\n\t\t\tdata-wp-style--right=\"state.imageButtonRight\"\n\t\t\tdata-wp-style--top=\"state.imageButtonTop\"\n\t\t>\n\t\t\t<svg xmlns=\"http:\/\/www.w3.org\/2000\/svg\" width=\"12\" height=\"12\" fill=\"none\" viewBox=\"0 0 12 12\">\n\t\t\t\t<path fill=\"#fff\" d=\"M2 0a2 2 0 0 0-2 2v2h1.5V2a.5.5 0 0 1 .5-.5h2V0H2Zm2 10.5H2a.5.5 0 0 1-.5-.5V8H0v2a2 2 0 0 0 2 2h2v-1.5ZM8 12v-1.5h2a.5.5 0 0 0 .5-.5V8H12v2a2 2 0 0 1-2 2H8Zm2-12a2 2 0 0 1 2 2v2h-1.5V2a.5.5 0 0 0-.5-.5H8V0h2Z\" \/>\n\t\t\t<\/svg>\n\t\t<\/button><figcaption class=\"wp-element-caption\"><strong>CEMBAB<\/strong> <\/figcaption><\/figure>\n<\/figure>\n\n\n\n<figure class=\"wp-block-gallery has-nested-images columns-default is-cropped wp-block-gallery-3 is-layout-flex wp-block-gallery-is-layout-flex\">\n<figure data-wp-context=\"{&quot;imageId&quot;:&quot;69ee2a7dbdfdb&quot;}\" data-wp-interactive=\"core\/image\" data-wp-key=\"69ee2a7dbdfdb\" class=\"wp-block-image size-large wp-lightbox-container\"><img loading=\"lazy\" decoding=\"async\" width=\"1080\" height=\"1080\" data-wp-class--hide=\"state.isContentHidden\" data-wp-class--show=\"state.isContentVisible\" data-wp-init=\"callbacks.setButtonStyles\" data-wp-on--click=\"actions.showLightbox\" data-wp-on--load=\"callbacks.setButtonStyles\" data-wp-on-window--resize=\"callbacks.setButtonStyles\" data-id=\"39621\" src=\"https:\/\/www.riu.com\/blog\/wp-content\/uploads\/2025\/10\/programa-riu-canica-ninos-mexico.jpg\" alt=\"CANICA, (Centro de apoyo a ni\u00f1os con C\u00e1ncer)\" class=\"wp-image-39621\" srcset=\"https:\/\/www.riu.com\/blog\/wp-content\/uploads\/2025\/10\/programa-riu-canica-ninos-mexico.jpg 1080w, https:\/\/www.riu.com\/blog\/wp-content\/uploads\/2025\/10\/programa-riu-canica-ninos-mexico-600x600.jpg 600w, https:\/\/www.riu.com\/blog\/wp-content\/uploads\/2025\/10\/programa-riu-canica-ninos-mexico-150x150.jpg 150w, https:\/\/www.riu.com\/blog\/wp-content\/uploads\/2025\/10\/programa-riu-canica-ninos-mexico-768x768.jpg 768w\" sizes=\"auto, (max-width: 1080px) 100vw, 1080px\" \/><button\n\t\t\tclass=\"lightbox-trigger\"\n\t\t\ttype=\"button\"\n\t\t\taria-haspopup=\"dialog\"\n\t\t\taria-label=\"Agrandar\"\n\t\t\tdata-wp-init=\"callbacks.initTriggerButton\"\n\t\t\tdata-wp-on--click=\"actions.showLightbox\"\n\t\t\tdata-wp-style--right=\"state.imageButtonRight\"\n\t\t\tdata-wp-style--top=\"state.imageButtonTop\"\n\t\t>\n\t\t\t<svg xmlns=\"http:\/\/www.w3.org\/2000\/svg\" width=\"12\" height=\"12\" fill=\"none\" viewBox=\"0 0 12 12\">\n\t\t\t\t<path fill=\"#fff\" d=\"M2 0a2 2 0 0 0-2 2v2h1.5V2a.5.5 0 0 1 .5-.5h2V0H2Zm2 10.5H2a.5.5 0 0 1-.5-.5V8H0v2a2 2 0 0 0 2 2h2v-1.5ZM8 12v-1.5h2a.5.5 0 0 0 .5-.5V8H12v2a2 2 0 0 1-2 2H8Zm2-12a2 2 0 0 1 2 2v2h-1.5V2a.5.5 0 0 0-.5-.5H8V0h2Z\" \/>\n\t\t\t<\/svg>\n\t\t<\/button><figcaption class=\"wp-element-caption\">CANICA<\/figcaption><\/figure>\n\n\n\n<figure data-wp-context=\"{&quot;imageId&quot;:&quot;69ee2a7dbe64f&quot;}\" data-wp-interactive=\"core\/image\" data-wp-key=\"69ee2a7dbe64f\" class=\"wp-block-image size-large wp-lightbox-container\"><img loading=\"lazy\" decoding=\"async\" width=\"1080\" height=\"566\" data-wp-class--hide=\"state.isContentHidden\" data-wp-class--show=\"state.isContentVisible\" data-wp-init=\"callbacks.setButtonStyles\" data-wp-on--click=\"actions.showLightbox\" data-wp-on--load=\"callbacks.setButtonStyles\" data-wp-on-window--resize=\"callbacks.setButtonStyles\" data-id=\"39618\" src=\"https:\/\/www.riu.com\/blog\/wp-content\/uploads\/2025\/10\/Canica-ninos-riu-programa-mexico.jpg\" alt=\"CANICA, (Centro de apoyo a ni\u00f1os con C\u00e1ncer)\" class=\"wp-image-39618\" srcset=\"https:\/\/www.riu.com\/blog\/wp-content\/uploads\/2025\/10\/Canica-ninos-riu-programa-mexico.jpg 1080w, https:\/\/www.riu.com\/blog\/wp-content\/uploads\/2025\/10\/Canica-ninos-riu-programa-mexico-600x314.jpg 600w, https:\/\/www.riu.com\/blog\/wp-content\/uploads\/2025\/10\/Canica-ninos-riu-programa-mexico-768x402.jpg 768w\" sizes=\"auto, (max-width: 1080px) 100vw, 1080px\" \/><button\n\t\t\tclass=\"lightbox-trigger\"\n\t\t\ttype=\"button\"\n\t\t\taria-haspopup=\"dialog\"\n\t\t\taria-label=\"Agrandar\"\n\t\t\tdata-wp-init=\"callbacks.initTriggerButton\"\n\t\t\tdata-wp-on--click=\"actions.showLightbox\"\n\t\t\tdata-wp-style--right=\"state.imageButtonRight\"\n\t\t\tdata-wp-style--top=\"state.imageButtonTop\"\n\t\t>\n\t\t\t<svg xmlns=\"http:\/\/www.w3.org\/2000\/svg\" width=\"12\" height=\"12\" fill=\"none\" viewBox=\"0 0 12 12\">\n\t\t\t\t<path fill=\"#fff\" d=\"M2 0a2 2 0 0 0-2 2v2h1.5V2a.5.5 0 0 1 .5-.5h2V0H2Zm2 10.5H2a.5.5 0 0 1-.5-.5V8H0v2a2 2 0 0 0 2 2h2v-1.5ZM8 12v-1.5h2a.5.5 0 0 0 .5-.5V8H12v2a2 2 0 0 1-2 2H8Zm2-12a2 2 0 0 1 2 2v2h-1.5V2a.5.5 0 0 0-.5-.5H8V0h2Z\" \/>\n\t\t\t<\/svg>\n\t\t<\/button><figcaption class=\"wp-element-caption\">CANICA<\/figcaption><\/figure>\n<\/figure>\n\n\n\n<figure class=\"wp-block-gallery has-nested-images columns-default is-cropped wp-block-gallery-4 is-layout-flex wp-block-gallery-is-layout-flex\">\n<figure data-wp-context=\"{&quot;imageId&quot;:&quot;69ee2a7dbede5&quot;}\" data-wp-interactive=\"core\/image\" data-wp-key=\"69ee2a7dbede5\" class=\"wp-block-image size-large wp-lightbox-container\"><img loading=\"lazy\" decoding=\"async\" width=\"1600\" height=\"1066\" data-wp-class--hide=\"state.isContentHidden\" data-wp-class--show=\"state.isContentVisible\" data-wp-init=\"callbacks.setButtonStyles\" data-wp-on--click=\"actions.showLightbox\" data-wp-on--load=\"callbacks.setButtonStyles\" data-wp-on-window--resize=\"callbacks.setButtonStyles\" data-id=\"39615\" src=\"https:\/\/www.riu.com\/blog\/wp-content\/uploads\/2025\/10\/arboles-riu-guadalajara.jpeg\" alt=\"Bosque Urbano Extra.\" class=\"wp-image-39615\" srcset=\"https:\/\/www.riu.com\/blog\/wp-content\/uploads\/2025\/10\/arboles-riu-guadalajara.jpeg 1600w, https:\/\/www.riu.com\/blog\/wp-content\/uploads\/2025\/10\/arboles-riu-guadalajara-600x400.jpeg 600w, https:\/\/www.riu.com\/blog\/wp-content\/uploads\/2025\/10\/arboles-riu-guadalajara-768x512.jpeg 768w, https:\/\/www.riu.com\/blog\/wp-content\/uploads\/2025\/10\/arboles-riu-guadalajara-1536x1023.jpeg 1536w\" sizes=\"auto, (max-width: 1600px) 100vw, 1600px\" \/><button\n\t\t\tclass=\"lightbox-trigger\"\n\t\t\ttype=\"button\"\n\t\t\taria-haspopup=\"dialog\"\n\t\t\taria-label=\"Agrandar\"\n\t\t\tdata-wp-init=\"callbacks.initTriggerButton\"\n\t\t\tdata-wp-on--click=\"actions.showLightbox\"\n\t\t\tdata-wp-style--right=\"state.imageButtonRight\"\n\t\t\tdata-wp-style--top=\"state.imageButtonTop\"\n\t\t>\n\t\t\t<svg xmlns=\"http:\/\/www.w3.org\/2000\/svg\" width=\"12\" height=\"12\" fill=\"none\" viewBox=\"0 0 12 12\">\n\t\t\t\t<path fill=\"#fff\" d=\"M2 0a2 2 0 0 0-2 2v2h1.5V2a.5.5 0 0 1 .5-.5h2V0H2Zm2 10.5H2a.5.5 0 0 1-.5-.5V8H0v2a2 2 0 0 0 2 2h2v-1.5ZM8 12v-1.5h2a.5.5 0 0 0 .5-.5V8H12v2a2 2 0 0 1-2 2H8Zm2-12a2 2 0 0 1 2 2v2h-1.5V2a.5.5 0 0 0-.5-.5H8V0h2Z\" \/>\n\t\t\t<\/svg>\n\t\t<\/button><\/figure>\n\n\n\n<figure data-wp-context=\"{&quot;imageId&quot;:&quot;69ee2a7dbf535&quot;}\" data-wp-interactive=\"core\/image\" data-wp-key=\"69ee2a7dbf535\" class=\"wp-block-image size-large wp-lightbox-container\"><img loading=\"lazy\" decoding=\"async\" width=\"1600\" height=\"1200\" data-wp-class--hide=\"state.isContentHidden\" data-wp-class--show=\"state.isContentVisible\" data-wp-init=\"callbacks.setButtonStyles\" data-wp-on--click=\"actions.showLightbox\" data-wp-on--load=\"callbacks.setButtonStyles\" data-wp-on-window--resize=\"callbacks.setButtonStyles\" data-id=\"39609\" src=\"https:\/\/www.riu.com\/blog\/wp-content\/uploads\/2025\/10\/guadalajara-riu-arboles.jpeg\" alt=\"Bosque Urbano Extra.\" class=\"wp-image-39609\" srcset=\"https:\/\/www.riu.com\/blog\/wp-content\/uploads\/2025\/10\/guadalajara-riu-arboles.jpeg 1600w, https:\/\/www.riu.com\/blog\/wp-content\/uploads\/2025\/10\/guadalajara-riu-arboles-600x450.jpeg 600w, https:\/\/www.riu.com\/blog\/wp-content\/uploads\/2025\/10\/guadalajara-riu-arboles-768x576.jpeg 768w, https:\/\/www.riu.com\/blog\/wp-content\/uploads\/2025\/10\/guadalajara-riu-arboles-1536x1152.jpeg 1536w\" sizes=\"auto, (max-width: 1600px) 100vw, 1600px\" \/><button\n\t\t\tclass=\"lightbox-trigger\"\n\t\t\ttype=\"button\"\n\t\t\taria-haspopup=\"dialog\"\n\t\t\taria-label=\"Agrandar\"\n\t\t\tdata-wp-init=\"callbacks.initTriggerButton\"\n\t\t\tdata-wp-on--click=\"actions.showLightbox\"\n\t\t\tdata-wp-style--right=\"state.imageButtonRight\"\n\t\t\tdata-wp-style--top=\"state.imageButtonTop\"\n\t\t>\n\t\t\t<svg xmlns=\"http:\/\/www.w3.org\/2000\/svg\" width=\"12\" height=\"12\" fill=\"none\" viewBox=\"0 0 12 12\">\n\t\t\t\t<path fill=\"#fff\" d=\"M2 0a2 2 0 0 0-2 2v2h1.5V2a.5.5 0 0 1 .5-.5h2V0H2Zm2 10.5H2a.5.5 0 0 1-.5-.5V8H0v2a2 2 0 0 0 2 2h2v-1.5ZM8 12v-1.5h2a.5.5 0 0 0 .5-.5V8H12v2a2 2 0 0 1-2 2H8Zm2-12a2 2 0 0 1 2 2v2h-1.5V2a.5.5 0 0 0-.5-.5H8V0h2Z\" \/>\n\t\t\t<\/svg>\n\t\t<\/button><\/figure>\n\n\n\n<figure data-wp-context=\"{&quot;imageId&quot;:&quot;69ee2a7dbfb5a&quot;}\" data-wp-interactive=\"core\/image\" data-wp-key=\"69ee2a7dbfb5a\" class=\"wp-block-image size-large wp-lightbox-container\"><img loading=\"lazy\" decoding=\"async\" width=\"1600\" height=\"1066\" data-wp-class--hide=\"state.isContentHidden\" data-wp-class--show=\"state.isContentVisible\" data-wp-init=\"callbacks.setButtonStyles\" data-wp-on--click=\"actions.showLightbox\" data-wp-on--load=\"callbacks.setButtonStyles\" data-wp-on-window--resize=\"callbacks.setButtonStyles\" data-id=\"39612\" src=\"https:\/\/www.riu.com\/blog\/wp-content\/uploads\/2025\/10\/riu-guadalajara-arboles.jpeg\" alt=\"Bosque Urbano Extra.\" class=\"wp-image-39612\" srcset=\"https:\/\/www.riu.com\/blog\/wp-content\/uploads\/2025\/10\/riu-guadalajara-arboles.jpeg 1600w, https:\/\/www.riu.com\/blog\/wp-content\/uploads\/2025\/10\/riu-guadalajara-arboles-600x400.jpeg 600w, https:\/\/www.riu.com\/blog\/wp-content\/uploads\/2025\/10\/riu-guadalajara-arboles-768x512.jpeg 768w, https:\/\/www.riu.com\/blog\/wp-content\/uploads\/2025\/10\/riu-guadalajara-arboles-1536x1023.jpeg 1536w\" sizes=\"auto, (max-width: 1600px) 100vw, 1600px\" \/><button\n\t\t\tclass=\"lightbox-trigger\"\n\t\t\ttype=\"button\"\n\t\t\taria-haspopup=\"dialog\"\n\t\t\taria-label=\"Agrandar\"\n\t\t\tdata-wp-init=\"callbacks.initTriggerButton\"\n\t\t\tdata-wp-on--click=\"actions.showLightbox\"\n\t\t\tdata-wp-style--right=\"state.imageButtonRight\"\n\t\t\tdata-wp-style--top=\"state.imageButtonTop\"\n\t\t>\n\t\t\t<svg xmlns=\"http:\/\/www.w3.org\/2000\/svg\" width=\"12\" height=\"12\" fill=\"none\" viewBox=\"0 0 12 12\">\n\t\t\t\t<path fill=\"#fff\" d=\"M2 0a2 2 0 0 0-2 2v2h1.5V2a.5.5 0 0 1 .5-.5h2V0H2Zm2 10.5H2a.5.5 0 0 1-.5-.5V8H0v2a2 2 0 0 0 2 2h2v-1.5ZM8 12v-1.5h2a.5.5 0 0 0 .5-.5V8H12v2a2 2 0 0 1-2 2H8Zm2-12a2 2 0 0 1 2 2v2h-1.5V2a.5.5 0 0 0-.5-.5H8V0h2Z\" \/>\n\t\t\t<\/svg>\n\t\t<\/button><\/figure>\n<\/figure>\n\n\n\n<h2 class=\"wp-block-heading\">\u00bfC\u00f3mo protege RIU a la infancia a nivel nacional?<\/h2>\n\n\n\n<p>Aunque no operamos hoteles en la capital, en la <strong>Ciudad de M\u00e9xico<\/strong> colaboramos con <a href=\"http:\/\/www.ecpatmexico.org\/\" target=\"_blank\" rel=\"noreferrer noopener\"><strong>ECPAT M\u00e9xico<\/strong><\/a>. Esta alianza es vital para la lucha contra la explotaci\u00f3n sexual comercial de menores, aline\u00e1ndonos con los principios de <a href=\"https:\/\/www.thecode.org\/\" target=\"_blank\" rel=\"noreferrer noopener\"><strong>THE CODE<\/strong><\/a>.<\/p>\n\n\n\n<p>Capacitamos a nuestro personal para prevenir riesgos y asegurar que el turismo sea un entorno seguro. Asimismo, trabajamos con <strong>Dr. Sonrisas<\/strong> para brindar apoyo emocional a ni\u00f1os en situaciones vulnerables, combatiendo problem\u00e1ticas complejas desde una escala nacional.<\/p>\n\n\n\n<blockquote class=\"wp-block-quote is-layout-flow wp-block-quote-is-layout-flow\">\n<blockquote class=\"wp-block-quote is-layout-flow wp-block-quote-is-layout-flow\">\n<p class=\"has-text-align-center\">\u00abEl turismo del futuro es sostenible o no ser\u00e1. En RIU, estamos convencidos de que la constancia y la visi\u00f3n a largo plazo son las \u00fanicas v\u00edas para construir un M\u00e9xico m\u00e1s resiliente.\u00bb<\/p>\n<\/blockquote>\n<\/blockquote>\n\n\n\n<h3 class=\"wp-block-heading\">\u00a1\u00danete a nuestro compromiso!<\/h3>\n\n\n\n<p>Si quieres conocer m\u00e1s sobre nuestras iniciativas de sostenibilidad o c\u00f3mo disfrutar de unas vacaciones responsables, te invitamos a explorar nuestros destinos. <a href=\"https:\/\/www.riu.com\/es\/hotels\" target=\"_blank\" rel=\"noreferrer noopener\"><strong>Reserva tu estancia aqu\u00ed<\/strong><\/a> y s\u00e9 parte del cambio.<\/p>\n\n\n\n<figure class=\"wp-block-image size-large\"><img loading=\"lazy\" decoding=\"async\" width=\"1534\" height=\"1150\" src=\"https:\/\/www.riu.com\/blog\/wp-content\/uploads\/2025\/10\/Hotel-Riu-Karamboa_1.jpg\" alt=\"\" class=\"wp-image-39588\" srcset=\"https:\/\/www.riu.com\/blog\/wp-content\/uploads\/2025\/10\/Hotel-Riu-Karamboa_1.jpg 1534w, https:\/\/www.riu.com\/blog\/wp-content\/uploads\/2025\/10\/Hotel-Riu-Karamboa_1-600x450.jpg 600w, https:\/\/www.riu.com\/blog\/wp-content\/uploads\/2025\/10\/Hotel-Riu-Karamboa_1-768x576.jpg 768w\" sizes=\"auto, (max-width: 1534px) 100vw, 1534px\" \/><\/figure>\n\n\n\n<h2 class=\"wp-block-heading\">Preguntas Frecuentes (FAQs)<\/h2>\n\n\n\n<p><strong>1. \u00bfCu\u00e1l es el objetivo principal de la estrategia de sostenibilidad de RIU en M\u00e9xico?<\/strong> Establecer una gesti\u00f3n transversal que integre la eficiencia energ\u00e9tica, la gesti\u00f3n de residuos y el apoyo social, con metas claras hacia el a\u00f1o 2026.<\/p>\n\n\n\n<p><strong>2. \u00bfCu\u00e1nto ha invertido RIU en la lucha contra el c\u00e1ncer infantil en Quintana Roo?<\/strong> RIU ha destinado casi 23 millones de pesos en los \u00faltimos 10 a\u00f1os espec\u00edficamente a la Fundaci\u00f3n Aitana para tratamientos y medicamentos.<\/p>\n\n\n\n<p><strong>3. \u00bfC\u00f3mo garantiza RIU la protecci\u00f3n de menores en sus hoteles?<\/strong> A trav\u00e9s de la alianza con ECPAT y la implementaci\u00f3n de \u00abThe Code\u00bb, RIU capacita a sus colaboradores en protocolos de prevenci\u00f3n, identificaci\u00f3n y reporte de situaciones de riesgo.<\/p>\n\n\n\n<p><strong>4. \u00bfQu\u00e9 acciones ambientales realiza RIU en las costas mexicanas?<\/strong> Colabora activamente con organizaciones como Oceanus para la restauraci\u00f3n de arrecifes y ECOBAC para la conservaci\u00f3n de ballenas en el Pac\u00edfico.<\/p>\n","protected":false},"excerpt":{"rendered":"RIU Hotels &amp; Resorts ha consolidado en 2024 una estrategia de sostenibilidad transversal en M\u00e9xico, fundamentada en la inversi\u00f3n social y ambiental. A trav\u00e9s de alianzas con 14 fundaciones locales y 19 actuaciones concretas, la cadena hotelera busca transformar las comunidades donde opera, con objetivos fijados hasta el a\u00f1o 2026. \u00bfCu\u00e1l es el impacto social&#8230;","protected":false},"author":3,"featured_media":39642,"comment_status":"open","ping_status":"closed","sticky":false,"template":"","format":"standard","meta":{"_acf_changed":false,"footnotes":""},"categories":[2251],"tags":[],"class_list":["post-39579","post","type-post","status-publish","format-standard","has-post-thumbnail","hentry","category-proudlycommitted"],"acf":[],"yoast_head":"<!-- This site is optimized with the Yoast SEO plugin v27.2 - https:\/\/yoast.com\/product\/yoast-seo-wordpress\/ -->\n<title>RIU Hotels: Estrategia de Sostenibilidad y Compromiso en M\u00e9xico 2024<\/title>\n<meta name=\"description\" content=\"Conoce la estrategia de sostenibilidad de RIU en M\u00e9xico para 2026. Alianzas con 14 fundaciones, inversi\u00f3n en salud infantil y protecci\u00f3n del medio ambiente.\" \/>\n<meta name=\"robots\" content=\"index, follow, max-snippet:-1, max-image-preview:large, max-video-preview:-1\" \/>\n<link rel=\"canonical\" href=\"https:\/\/www.riu.com\/blog\/como-lidera-riu-hotels-la-sostenibilidad-turistica-en-mexico-2024\/\" \/>\n<meta property=\"og:locale\" content=\"es_ES\" \/>\n<meta property=\"og:type\" content=\"article\" \/>\n<meta property=\"og:title\" content=\"RIU Hotels: Estrategia de Sostenibilidad y Compromiso en M\u00e9xico 2024\" \/>\n<meta property=\"og:description\" content=\"Conoce la estrategia de sostenibilidad de RIU en M\u00e9xico para 2026. Alianzas con 14 fundaciones, inversi\u00f3n en salud infantil y protecci\u00f3n del medio ambiente.\" \/>\n<meta property=\"og:url\" content=\"https:\/\/www.riu.com\/blog\/como-lidera-riu-hotels-la-sostenibilidad-turistica-en-mexico-2024\/\" \/>\n<meta property=\"og:site_name\" content=\"RIU.com | Blog\" \/>\n<meta property=\"article:published_time\" content=\"2025-10-23T14:08:36+00:00\" \/>\n<meta property=\"article:modified_time\" content=\"2026-02-25T11:58:06+00:00\" \/>\n<meta property=\"og:image\" content=\"https:\/\/www.riu.com\/blog\/wp-content\/uploads\/2025\/10\/proudly-committed-mexico.jpg\" \/>\n\t<meta property=\"og:image:width\" content=\"3817\" \/>\n\t<meta property=\"og:image:height\" content=\"1600\" \/>\n\t<meta property=\"og:image:type\" content=\"image\/jpeg\" \/>\n<meta name=\"author\" content=\"Riu Hotels\" \/>\n<meta name=\"twitter:card\" content=\"summary_large_image\" \/>\n<meta name=\"twitter:label1\" content=\"Escrito por\" \/>\n\t<meta name=\"twitter:data1\" content=\"Riu Hotels\" \/>\n\t<meta name=\"twitter:label2\" content=\"Tiempo de lectura\" \/>\n\t<meta name=\"twitter:data2\" content=\"4 minutos\" \/>\n<script type=\"application\/ld+json\" class=\"yoast-schema-graph\">{\"@context\":\"https:\/\/schema.org\",\"@graph\":[{\"@type\":\"NewsArticle\",\"@id\":\"https:\/\/www.riu.com\/blog\/como-lidera-riu-hotels-la-sostenibilidad-turistica-en-mexico-2024\/#article\",\"isPartOf\":{\"@id\":\"https:\/\/www.riu.com\/blog\/como-lidera-riu-hotels-la-sostenibilidad-turistica-en-mexico-2024\/\"},\"author\":{\"name\":\"Riu Hotels\",\"@id\":\"https:\/\/www.riu.com\/blog\/de\/#\/schema\/person\/0d2e827ad7e2aee20a09a05bdc3fb45f\"},\"headline\":\"\u00bfC\u00f3mo impulsa RIU Hotels el desarrollo social y la sostenibilidad en M\u00e9xico hacia 2026?\",\"datePublished\":\"2025-10-23T14:08:36+00:00\",\"dateModified\":\"2026-02-25T11:58:06+00:00\",\"mainEntityOfPage\":{\"@id\":\"https:\/\/www.riu.com\/blog\/como-lidera-riu-hotels-la-sostenibilidad-turistica-en-mexico-2024\/\"},\"wordCount\":726,\"commentCount\":0,\"image\":{\"@id\":\"https:\/\/www.riu.com\/blog\/como-lidera-riu-hotels-la-sostenibilidad-turistica-en-mexico-2024\/#primaryimage\"},\"thumbnailUrl\":\"https:\/\/www.riu.com\/blog\/wp-content\/uploads\/2025\/10\/proudly-committed-mexico.jpg\",\"articleSection\":[\"Proudly Committed\"],\"inLanguage\":\"es\",\"potentialAction\":[{\"@type\":\"CommentAction\",\"name\":\"Comment\",\"target\":[\"https:\/\/www.riu.com\/blog\/como-lidera-riu-hotels-la-sostenibilidad-turistica-en-mexico-2024\/#respond\"]}]},{\"@type\":[\"WebPage\",\"ItemPage\"],\"@id\":\"https:\/\/www.riu.com\/blog\/como-lidera-riu-hotels-la-sostenibilidad-turistica-en-mexico-2024\/\",\"url\":\"https:\/\/www.riu.com\/blog\/como-lidera-riu-hotels-la-sostenibilidad-turistica-en-mexico-2024\/\",\"name\":\"RIU Hotels: Estrategia de Sostenibilidad y Compromiso en M\u00e9xico 2024\",\"isPartOf\":{\"@id\":\"https:\/\/www.riu.com\/blog\/de\/#website\"},\"primaryImageOfPage\":{\"@id\":\"https:\/\/www.riu.com\/blog\/como-lidera-riu-hotels-la-sostenibilidad-turistica-en-mexico-2024\/#primaryimage\"},\"image\":{\"@id\":\"https:\/\/www.riu.com\/blog\/como-lidera-riu-hotels-la-sostenibilidad-turistica-en-mexico-2024\/#primaryimage\"},\"thumbnailUrl\":\"https:\/\/www.riu.com\/blog\/wp-content\/uploads\/2025\/10\/proudly-committed-mexico.jpg\",\"datePublished\":\"2025-10-23T14:08:36+00:00\",\"dateModified\":\"2026-02-25T11:58:06+00:00\",\"author\":{\"@id\":\"https:\/\/www.riu.com\/blog\/de\/#\/schema\/person\/0d2e827ad7e2aee20a09a05bdc3fb45f\"},\"description\":\"Conoce la estrategia de sostenibilidad de RIU en M\u00e9xico para 2026. Alianzas con 14 fundaciones, inversi\u00f3n en salud infantil y protecci\u00f3n del medio ambiente.\",\"breadcrumb\":{\"@id\":\"https:\/\/www.riu.com\/blog\/como-lidera-riu-hotels-la-sostenibilidad-turistica-en-mexico-2024\/#breadcrumb\"},\"inLanguage\":\"es\",\"potentialAction\":[{\"@type\":\"ReadAction\",\"target\":[\"https:\/\/www.riu.com\/blog\/como-lidera-riu-hotels-la-sostenibilidad-turistica-en-mexico-2024\/\"]}]},{\"@type\":\"ImageObject\",\"inLanguage\":\"es\",\"@id\":\"https:\/\/www.riu.com\/blog\/como-lidera-riu-hotels-la-sostenibilidad-turistica-en-mexico-2024\/#primaryimage\",\"url\":\"https:\/\/www.riu.com\/blog\/wp-content\/uploads\/2025\/10\/proudly-committed-mexico.jpg\",\"contentUrl\":\"https:\/\/www.riu.com\/blog\/wp-content\/uploads\/2025\/10\/proudly-committed-mexico.jpg\",\"width\":3817,\"height\":1600,\"caption\":\"Proudly Committed, M\u00e9xico\"},{\"@type\":\"BreadcrumbList\",\"@id\":\"https:\/\/www.riu.com\/blog\/como-lidera-riu-hotels-la-sostenibilidad-turistica-en-mexico-2024\/#breadcrumb\",\"itemListElement\":[{\"@type\":\"ListItem\",\"position\":1,\"name\":\"Portada\",\"item\":\"https:\/\/www.riu.com\/blog\/de\/\"},{\"@type\":\"ListItem\",\"position\":2,\"name\":\"\u00bfC\u00f3mo impulsa RIU Hotels el desarrollo social y la sostenibilidad en M\u00e9xico hacia 2026?\"}]},{\"@type\":\"WebSite\",\"@id\":\"https:\/\/www.riu.com\/blog\/de\/#website\",\"url\":\"https:\/\/www.riu.com\/blog\/de\/\",\"name\":\"RIU.com | Blog\",\"description\":\"Blog de Riu Hotels &amp; Resorts | Noticias exclusivas de la cadena Riu Hotels &amp; Resorts | Hoteles en Espa\u00f1a, M\u00e9xico, Jamaica, Rep\u00fablica Dominicana, Portugal, Miami y muchos m\u00e1s.\",\"potentialAction\":[{\"@type\":\"SearchAction\",\"target\":{\"@type\":\"EntryPoint\",\"urlTemplate\":\"https:\/\/www.riu.com\/blog\/de\/?s={search_term_string}\"},\"query-input\":{\"@type\":\"PropertyValueSpecification\",\"valueRequired\":true,\"valueName\":\"search_term_string\"}}],\"inLanguage\":\"es\"},{\"@type\":\"Person\",\"@id\":\"https:\/\/www.riu.com\/blog\/de\/#\/schema\/person\/0d2e827ad7e2aee20a09a05bdc3fb45f\",\"name\":\"Riu Hotels\",\"image\":{\"@type\":\"ImageObject\",\"inLanguage\":\"es\",\"@id\":\"https:\/\/secure.gravatar.com\/avatar\/1845185f5dc0c5d7a3adb797bcd6cae1d3df26e3eead5da96b212485b274bdf3?s=96&d=mm&r=g\",\"url\":\"https:\/\/secure.gravatar.com\/avatar\/1845185f5dc0c5d7a3adb797bcd6cae1d3df26e3eead5da96b212485b274bdf3?s=96&d=mm&r=g\",\"contentUrl\":\"https:\/\/secure.gravatar.com\/avatar\/1845185f5dc0c5d7a3adb797bcd6cae1d3df26e3eead5da96b212485b274bdf3?s=96&d=mm&r=g\",\"caption\":\"Riu Hotels\"},\"url\":\"https:\/\/www.riu.com\/blog\/author\/riu\/\"}]}<\/script>\n<!-- \/ Yoast SEO plugin. -->","yoast_head_json":{"title":"RIU Hotels: Estrategia de Sostenibilidad y Compromiso en M\u00e9xico 2024","description":"Conoce la estrategia de sostenibilidad de RIU en M\u00e9xico para 2026. Alianzas con 14 fundaciones, inversi\u00f3n en salud infantil y protecci\u00f3n del medio ambiente.","robots":{"index":"index","follow":"follow","max-snippet":"max-snippet:-1","max-image-preview":"max-image-preview:large","max-video-preview":"max-video-preview:-1"},"canonical":"https:\/\/www.riu.com\/blog\/como-lidera-riu-hotels-la-sostenibilidad-turistica-en-mexico-2024\/","og_locale":"es_ES","og_type":"article","og_title":"RIU Hotels: Estrategia de Sostenibilidad y Compromiso en M\u00e9xico 2024","og_description":"Conoce la estrategia de sostenibilidad de RIU en M\u00e9xico para 2026. Alianzas con 14 fundaciones, inversi\u00f3n en salud infantil y protecci\u00f3n del medio ambiente.","og_url":"https:\/\/www.riu.com\/blog\/como-lidera-riu-hotels-la-sostenibilidad-turistica-en-mexico-2024\/","og_site_name":"RIU.com | Blog","article_published_time":"2025-10-23T14:08:36+00:00","article_modified_time":"2026-02-25T11:58:06+00:00","og_image":[{"width":3817,"height":1600,"url":"https:\/\/www.riu.com\/blog\/wp-content\/uploads\/2025\/10\/proudly-committed-mexico.jpg","type":"image\/jpeg"}],"author":"Riu Hotels","twitter_card":"summary_large_image","twitter_misc":{"Escrito por":"Riu Hotels","Tiempo de lectura":"4 minutos"},"schema":{"@context":"https:\/\/schema.org","@graph":[{"@type":"NewsArticle","@id":"https:\/\/www.riu.com\/blog\/como-lidera-riu-hotels-la-sostenibilidad-turistica-en-mexico-2024\/#article","isPartOf":{"@id":"https:\/\/www.riu.com\/blog\/como-lidera-riu-hotels-la-sostenibilidad-turistica-en-mexico-2024\/"},"author":{"name":"Riu Hotels","@id":"https:\/\/www.riu.com\/blog\/de\/#\/schema\/person\/0d2e827ad7e2aee20a09a05bdc3fb45f"},"headline":"\u00bfC\u00f3mo impulsa RIU Hotels el desarrollo social y la sostenibilidad en M\u00e9xico hacia 2026?","datePublished":"2025-10-23T14:08:36+00:00","dateModified":"2026-02-25T11:58:06+00:00","mainEntityOfPage":{"@id":"https:\/\/www.riu.com\/blog\/como-lidera-riu-hotels-la-sostenibilidad-turistica-en-mexico-2024\/"},"wordCount":726,"commentCount":0,"image":{"@id":"https:\/\/www.riu.com\/blog\/como-lidera-riu-hotels-la-sostenibilidad-turistica-en-mexico-2024\/#primaryimage"},"thumbnailUrl":"https:\/\/www.riu.com\/blog\/wp-content\/uploads\/2025\/10\/proudly-committed-mexico.jpg","articleSection":["Proudly Committed"],"inLanguage":"es","potentialAction":[{"@type":"CommentAction","name":"Comment","target":["https:\/\/www.riu.com\/blog\/como-lidera-riu-hotels-la-sostenibilidad-turistica-en-mexico-2024\/#respond"]}]},{"@type":["WebPage","ItemPage"],"@id":"https:\/\/www.riu.com\/blog\/como-lidera-riu-hotels-la-sostenibilidad-turistica-en-mexico-2024\/","url":"https:\/\/www.riu.com\/blog\/como-lidera-riu-hotels-la-sostenibilidad-turistica-en-mexico-2024\/","name":"RIU Hotels: Estrategia de Sostenibilidad y Compromiso en M\u00e9xico 2024","isPartOf":{"@id":"https:\/\/www.riu.com\/blog\/de\/#website"},"primaryImageOfPage":{"@id":"https:\/\/www.riu.com\/blog\/como-lidera-riu-hotels-la-sostenibilidad-turistica-en-mexico-2024\/#primaryimage"},"image":{"@id":"https:\/\/www.riu.com\/blog\/como-lidera-riu-hotels-la-sostenibilidad-turistica-en-mexico-2024\/#primaryimage"},"thumbnailUrl":"https:\/\/www.riu.com\/blog\/wp-content\/uploads\/2025\/10\/proudly-committed-mexico.jpg","datePublished":"2025-10-23T14:08:36+00:00","dateModified":"2026-02-25T11:58:06+00:00","author":{"@id":"https:\/\/www.riu.com\/blog\/de\/#\/schema\/person\/0d2e827ad7e2aee20a09a05bdc3fb45f"},"description":"Conoce la estrategia de sostenibilidad de RIU en M\u00e9xico para 2026. Alianzas con 14 fundaciones, inversi\u00f3n en salud infantil y protecci\u00f3n del medio ambiente.","breadcrumb":{"@id":"https:\/\/www.riu.com\/blog\/como-lidera-riu-hotels-la-sostenibilidad-turistica-en-mexico-2024\/#breadcrumb"},"inLanguage":"es","potentialAction":[{"@type":"ReadAction","target":["https:\/\/www.riu.com\/blog\/como-lidera-riu-hotels-la-sostenibilidad-turistica-en-mexico-2024\/"]}]},{"@type":"ImageObject","inLanguage":"es","@id":"https:\/\/www.riu.com\/blog\/como-lidera-riu-hotels-la-sostenibilidad-turistica-en-mexico-2024\/#primaryimage","url":"https:\/\/www.riu.com\/blog\/wp-content\/uploads\/2025\/10\/proudly-committed-mexico.jpg","contentUrl":"https:\/\/www.riu.com\/blog\/wp-content\/uploads\/2025\/10\/proudly-committed-mexico.jpg","width":3817,"height":1600,"caption":"Proudly Committed, M\u00e9xico"},{"@type":"BreadcrumbList","@id":"https:\/\/www.riu.com\/blog\/como-lidera-riu-hotels-la-sostenibilidad-turistica-en-mexico-2024\/#breadcrumb","itemListElement":[{"@type":"ListItem","position":1,"name":"Portada","item":"https:\/\/www.riu.com\/blog\/de\/"},{"@type":"ListItem","position":2,"name":"\u00bfC\u00f3mo impulsa RIU Hotels el desarrollo social y la sostenibilidad en M\u00e9xico hacia 2026?"}]},{"@type":"WebSite","@id":"https:\/\/www.riu.com\/blog\/de\/#website","url":"https:\/\/www.riu.com\/blog\/de\/","name":"RIU.com | Blog","description":"Blog de Riu Hotels &amp; Resorts | Noticias exclusivas de la cadena Riu Hotels &amp; Resorts | Hoteles en Espa\u00f1a, M\u00e9xico, Jamaica, Rep\u00fablica Dominicana, Portugal, Miami y muchos m\u00e1s.","potentialAction":[{"@type":"SearchAction","target":{"@type":"EntryPoint","urlTemplate":"https:\/\/www.riu.com\/blog\/de\/?s={search_term_string}"},"query-input":{"@type":"PropertyValueSpecification","valueRequired":true,"valueName":"search_term_string"}}],"inLanguage":"es"},{"@type":"Person","@id":"https:\/\/www.riu.com\/blog\/de\/#\/schema\/person\/0d2e827ad7e2aee20a09a05bdc3fb45f","name":"Riu Hotels","image":{"@type":"ImageObject","inLanguage":"es","@id":"https:\/\/secure.gravatar.com\/avatar\/1845185f5dc0c5d7a3adb797bcd6cae1d3df26e3eead5da96b212485b274bdf3?s=96&d=mm&r=g","url":"https:\/\/secure.gravatar.com\/avatar\/1845185f5dc0c5d7a3adb797bcd6cae1d3df26e3eead5da96b212485b274bdf3?s=96&d=mm&r=g","contentUrl":"https:\/\/secure.gravatar.com\/avatar\/1845185f5dc0c5d7a3adb797bcd6cae1d3df26e3eead5da96b212485b274bdf3?s=96&d=mm&r=g","caption":"Riu Hotels"},"url":"https:\/\/www.riu.com\/blog\/author\/riu\/"}]}},"_links":{"self":[{"href":"https:\/\/www.riu.com\/blog\/wp-json\/wp\/v2\/posts\/39579","targetHints":{"allow":["GET"]}}],"collection":[{"href":"https:\/\/www.riu.com\/blog\/wp-json\/wp\/v2\/posts"}],"about":[{"href":"https:\/\/www.riu.com\/blog\/wp-json\/wp\/v2\/types\/post"}],"author":[{"embeddable":true,"href":"https:\/\/www.riu.com\/blog\/wp-json\/wp\/v2\/users\/3"}],"replies":[{"embeddable":true,"href":"https:\/\/www.riu.com\/blog\/wp-json\/wp\/v2\/comments?post=39579"}],"version-history":[{"count":10,"href":"https:\/\/www.riu.com\/blog\/wp-json\/wp\/v2\/posts\/39579\/revisions"}],"predecessor-version":[{"id":41237,"href":"https:\/\/www.riu.com\/blog\/wp-json\/wp\/v2\/posts\/39579\/revisions\/41237"}],"wp:featuredmedia":[{"embeddable":true,"href":"https:\/\/www.riu.com\/blog\/wp-json\/wp\/v2\/media\/39642"}],"wp:attachment":[{"href":"https:\/\/www.riu.com\/blog\/wp-json\/wp\/v2\/media?parent=39579"}],"wp:term":[{"taxonomy":"category","embeddable":true,"href":"https:\/\/www.riu.com\/blog\/wp-json\/wp\/v2\/categories?post=39579"},{"taxonomy":"post_tag","embeddable":true,"href":"https:\/\/www.riu.com\/blog\/wp-json\/wp\/v2\/tags?post=39579"}],"curies":[{"name":"wp","href":"https:\/\/api.w.org\/{rel}","templated":true}]}}