{"id":45460,"date":"2026-09-03T12:55:02","date_gmt":"2026-09-03T10:55:02","guid":{"rendered":"https:\/\/www.riu.com\/blog\/?p=45460"},"modified":"2026-09-03T12:55:16","modified_gmt":"2026-09-03T10:55:16","slug":"riu-africa-avanza-salud-infantil-cabo-verde","status":"publish","type":"post","link":"https:\/\/www.riu.com\/blog\/riu-africa-avanza-salud-infantil-cabo-verde\/","title":{"rendered":"Nuestro compromiso con Cabo Verde: Atenci\u00f3n m\u00e9dica para los ni\u00f1os y ni\u00f1as de Sal y Boa Vista"},"content":{"rendered":"\n<p class=\"wp-block-paragraph\">En <strong>RIU Hotels &amp; Resorts<\/strong>, financiamos dos <strong>Consultorios Solidarios de Sa\u00fade Infantil (CSSI)<\/strong> en las islas de Sal y Boa Vista (Cabo Verde) en alianza con la ONGD <strong>\u00c1frica Avanza<\/strong> y la <strong>Funda\u00e7\u00e3o Bem Estar, quien los gestiona<\/strong>. Estas infraestructuras sanitarias ofrecen atenci\u00f3n m\u00e9dica gratuita, universal y permanente a miles de ni\u00f1os y ni\u00f1as de entre 0 y 13 a\u00f1os, integrando y reforzando la red p\u00fablica de salud del archipi\u00e9lago caboverdiano.<\/p>\n\n\n\n<h2 class=\"wp-block-heading\">\u00bfPor qu\u00e9 Cabo Verde es un destino estrat\u00e9gico y social para RIU Hotels?<\/h2>\n\n\n\n<p class=\"wp-block-paragraph\">Desde que aterrizamos por primera vez en la paradisiaca Isla de Sal en el a\u00f1o 2005, Cabo Verde se ha convertido en un destino muy especial para la cadena. Actualmente, el archipi\u00e9lago representa <strong>casi el 10% de nuestra oferta hotelera global<\/strong>, contando con seis establecimientos donde compartimos d\u00eda a d\u00eda la calidez de esta tierra.<\/p>\n\n\n\n<figure data-wp-context=\"{&quot;galleryId&quot;:&quot;6a9964afaeebf&quot;}\" data-wp-interactive=\"core\/gallery\" class=\"wp-block-gallery has-nested-images columns-default is-cropped wp-block-gallery-1 is-layout-flex wp-block-gallery-is-layout-flex\">\n<figure data-wp-context=\"{&quot;imageId&quot;:&quot;6a9964afb12fa&quot;}\" data-wp-interactive=\"core\/image\" data-wp-key=\"6a9964afb12fa\" class=\"wp-block-image size-large wp-lightbox-container\"><img loading=\"lazy\" decoding=\"async\" width=\"6240\" height=\"4160\" data-wp-class--hide=\"state.isContentHidden\" data-wp-class--show=\"state.isContentVisible\" data-wp-init=\"callbacks.setButtonStyles\" data-wp-on--click=\"actions.showLightbox\" data-wp-on--load=\"callbacks.setButtonStyles\" data-wp-on--pointerdown=\"actions.preloadImage\" data-wp-on--pointerenter=\"actions.preloadImageWithDelay\" data-wp-on--pointerleave=\"actions.cancelPreload\" data-wp-on-window--resize=\"callbacks.setButtonStyles\" data-id=\"45486\" src=\"https:\/\/www.riu.com\/blog\/wp-content\/uploads\/2026\/09\/rueda-prensa-anual-cabo-verde.jpg\" alt=\"Rueda de prensa anual de presentaci\u00f3n de resultado de RIU en Cabo Verde. \" class=\"wp-image-45486\"\/><button\n\t\t\tclass=\"lightbox-trigger\"\n\t\t\ttype=\"button\"\n\t\t\taria-haspopup=\"dialog\"\n\t\t\tdata-wp-bind--aria-label=\"state.thisImage.triggerButtonAriaLabel\"\n\t\t\tdata-wp-init=\"callbacks.initTriggerButton\"\n\t\t\tdata-wp-on--click=\"actions.showLightbox\"\n\t\t\tdata-wp-style--right=\"state.thisImage.buttonRight\"\n\t\t\tdata-wp-style--top=\"state.thisImage.buttonTop\"\n\t\t>\n\t\t\t<svg xmlns=\"http:\/\/www.w3.org\/2000\/svg\" width=\"12\" height=\"12\" fill=\"none\" viewBox=\"0 0 12 12\">\n\t\t\t\t<path fill=\"#fff\" d=\"M2 0a2 2 0 0 0-2 2v2h1.5V2a.5.5 0 0 1 .5-.5h2V0H2Zm2 10.5H2a.5.5 0 0 1-.5-.5V8H0v2a2 2 0 0 0 2 2h2v-1.5ZM8 12v-1.5h2a.5.5 0 0 0 .5-.5V8H12v2a2 2 0 0 1-2 2H8Zm2-12a2 2 0 0 1 2 2v2h-1.5V2a.5.5 0 0 0-.5-.5H8V0h2Z\" \/>\n\t\t\t<\/svg>\n\t\t<\/button><\/figure>\n\n\n\n<figure data-wp-context=\"{&quot;imageId&quot;:&quot;6a9964afb1b4b&quot;}\" data-wp-interactive=\"core\/image\" data-wp-key=\"6a9964afb1b4b\" class=\"wp-block-image size-large wp-lightbox-container\"><img loading=\"lazy\" decoding=\"async\" width=\"6240\" height=\"4160\" data-wp-class--hide=\"state.isContentHidden\" data-wp-class--show=\"state.isContentVisible\" data-wp-init=\"callbacks.setButtonStyles\" data-wp-on--click=\"actions.showLightbox\" data-wp-on--load=\"callbacks.setButtonStyles\" data-wp-on--pointerdown=\"actions.preloadImage\" data-wp-on--pointerenter=\"actions.preloadImageWithDelay\" data-wp-on--pointerleave=\"actions.cancelPreload\" data-wp-on-window--resize=\"callbacks.setButtonStyles\" data-id=\"45489\" src=\"https:\/\/www.riu.com\/blog\/wp-content\/uploads\/2026\/09\/catalina-alemany-directora-sostenibilidad.jpg\" alt=\"Catalina Alemany, directora de Sostenibilidad de RIU. \" class=\"wp-image-45489\"\/><button\n\t\t\tclass=\"lightbox-trigger\"\n\t\t\ttype=\"button\"\n\t\t\taria-haspopup=\"dialog\"\n\t\t\tdata-wp-bind--aria-label=\"state.thisImage.triggerButtonAriaLabel\"\n\t\t\tdata-wp-init=\"callbacks.initTriggerButton\"\n\t\t\tdata-wp-on--click=\"actions.showLightbox\"\n\t\t\tdata-wp-style--right=\"state.thisImage.buttonRight\"\n\t\t\tdata-wp-style--top=\"state.thisImage.buttonTop\"\n\t\t>\n\t\t\t<svg xmlns=\"http:\/\/www.w3.org\/2000\/svg\" width=\"12\" height=\"12\" fill=\"none\" viewBox=\"0 0 12 12\">\n\t\t\t\t<path fill=\"#fff\" d=\"M2 0a2 2 0 0 0-2 2v2h1.5V2a.5.5 0 0 1 .5-.5h2V0H2Zm2 10.5H2a.5.5 0 0 1-.5-.5V8H0v2a2 2 0 0 0 2 2h2v-1.5ZM8 12v-1.5h2a.5.5 0 0 0 .5-.5V8H12v2a2 2 0 0 1-2 2H8Zm2-12a2 2 0 0 1 2 2v2h-1.5V2a.5.5 0 0 0-.5-.5H8V0h2Z\" \/>\n\t\t\t<\/svg>\n\t\t<\/button><\/figure>\n\n\n\n<figure data-wp-context=\"{&quot;imageId&quot;:&quot;6a9964afb238d&quot;}\" data-wp-interactive=\"core\/image\" data-wp-key=\"6a9964afb238d\" class=\"wp-block-image size-large wp-lightbox-container\"><img loading=\"lazy\" decoding=\"async\" width=\"6240\" height=\"4160\" data-wp-class--hide=\"state.isContentHidden\" data-wp-class--show=\"state.isContentVisible\" data-wp-init=\"callbacks.setButtonStyles\" data-wp-on--click=\"actions.showLightbox\" data-wp-on--load=\"callbacks.setButtonStyles\" data-wp-on--pointerdown=\"actions.preloadImage\" data-wp-on--pointerenter=\"actions.preloadImageWithDelay\" data-wp-on--pointerleave=\"actions.cancelPreload\" data-wp-on-window--resize=\"callbacks.setButtonStyles\" data-id=\"45483\" src=\"https:\/\/www.riu.com\/blog\/wp-content\/uploads\/2026\/09\/rueda-de-prensa-anual-cabo-verde.jpg\" alt=\"Celebraci\u00f3n de la rueda de prensa Anual de RIU en Cabo Verde. \" class=\"wp-image-45483\"\/><button\n\t\t\tclass=\"lightbox-trigger\"\n\t\t\ttype=\"button\"\n\t\t\taria-haspopup=\"dialog\"\n\t\t\tdata-wp-bind--aria-label=\"state.thisImage.triggerButtonAriaLabel\"\n\t\t\tdata-wp-init=\"callbacks.initTriggerButton\"\n\t\t\tdata-wp-on--click=\"actions.showLightbox\"\n\t\t\tdata-wp-style--right=\"state.thisImage.buttonRight\"\n\t\t\tdata-wp-style--top=\"state.thisImage.buttonTop\"\n\t\t>\n\t\t\t<svg xmlns=\"http:\/\/www.w3.org\/2000\/svg\" width=\"12\" height=\"12\" fill=\"none\" viewBox=\"0 0 12 12\">\n\t\t\t\t<path fill=\"#fff\" d=\"M2 0a2 2 0 0 0-2 2v2h1.5V2a.5.5 0 0 1 .5-.5h2V0H2Zm2 10.5H2a.5.5 0 0 1-.5-.5V8H0v2a2 2 0 0 0 2 2h2v-1.5ZM8 12v-1.5h2a.5.5 0 0 0 .5-.5V8H12v2a2 2 0 0 1-2 2H8Zm2-12a2 2 0 0 1 2 2v2h-1.5V2a.5.5 0 0 0-.5-.5H8V0h2Z\" \/>\n\t\t\t<\/svg>\n\t\t<\/button><\/figure>\n<\/figure>\n\n\n\n<p class=\"wp-block-paragraph\">Para RIU las personas y los entornos donde se ubican los hoteles son una prioridad. En Cabo Verde, <strong>el 90% de la plantilla de nuestros hoteles es de origen caboverdiano<\/strong>, lo que demuestra que nuestro crecimiento debe ir de la mano del bienestar de la comunidad. Bajo el marco de nuestra estrategia global de sostenibilidad <strong><a href=\"https:\/\/www.riu.com\/es\/proudly-committed\" target=\"_blank\" rel=\"noreferrer noopener\">Proudly Committed<\/a><\/strong>, volcamos un esfuerzo prioritario en las \u00e1reas de Infancia y Salud, impulsando proyectos sociales de impacto real como los que mantenemos junto a \u00c1frica Avanza en el pa\u00eds.<\/p>\n\n\n\n<h2 class=\"wp-block-heading\">El Consultorio Solidario de Sal: Nuestro primer gran hito en salud infantil<\/h2>\n\n\n\n<p class=\"wp-block-paragraph\">En el a\u00f1o 2023 dimos un paso decisivo con la apertura del primer <strong>Consultorio Solidario de Sa\u00fade Infantil en la Isla de Sal<\/strong>, ubicado en el Centro Comunit\u00e1rio de Ch\u00e3 de Matias (Espargos). Este centro naci\u00f3 con la meta de proporcionar seguimiento, control m\u00e9dico y atenci\u00f3n sanitaria gratuita a un censo estimado de <strong>10.000 ni\u00f1os y ni\u00f1as de 0 a 13 a\u00f1os<\/strong>.<\/p>\n\n\n\n<figure class=\"wp-block-image size-full\"><img loading=\"lazy\" decoding=\"async\" width=\"1920\" height=\"1080\" src=\"https:\/\/www.riu.com\/blog\/wp-content\/uploads\/2026\/09\/doctora-consultorio-solidario-salud-infantil-1.jpeg\" alt=\"Doctora Manuela Lima con una paciente en el Consultorio de Salud Infantil en Isla de Sal. \" class=\"wp-image-45477\"\/><figcaption class=\"wp-element-caption\">El Consultorio Solidario de Sa\u00fade Infantil en la Isla de Sal abri\u00f3 sus puertas en 2023. <\/figcaption><\/figure>\n\n\n\n<p class=\"wp-block-paragraph\">El proyecto combina la atenci\u00f3n primaria presencial en la isla con el soporte de <strong>misiones m\u00e9dicas especializadas de <\/strong><a href=\"https:\/\/africaavanza.org\/novedad-consultorio-pediatrico-solidario-para-cabo-verde\/\" target=\"_blank\" rel=\"noreferrer noopener\"><strong>\u00c1frica Avanza<\/strong> <\/a>e institutos sanitarios en Espa\u00f1a. Desde su puesta en marcha, el centro <strong>ha superado con \u00e9xito las 10.000 consultas m\u00e9dicas<\/strong>, derivando casos complejos a los hospitales p\u00fablicos de la red nacional cuando ha sido necesario y garantizando un control de salud preventivo continuo.<\/p>\n\n\n\n<figure data-wp-context=\"{&quot;galleryId&quot;:&quot;6a9964afb3b0b&quot;}\" data-wp-interactive=\"core\/gallery\" class=\"wp-block-gallery has-nested-images columns-default is-cropped wp-block-gallery-2 is-layout-flex wp-block-gallery-is-layout-flex\">\n<figure data-wp-context=\"{&quot;imageId&quot;:&quot;6a9964afb438d&quot;}\" data-wp-interactive=\"core\/image\" data-wp-key=\"6a9964afb438d\" class=\"wp-block-image size-large wp-lightbox-container\"><img loading=\"lazy\" decoding=\"async\" width=\"4032\" height=\"3024\" data-wp-class--hide=\"state.isContentHidden\" data-wp-class--show=\"state.isContentVisible\" data-wp-init=\"callbacks.setButtonStyles\" data-wp-on--click=\"actions.showLightbox\" data-wp-on--load=\"callbacks.setButtonStyles\" data-wp-on--pointerdown=\"actions.preloadImage\" data-wp-on--pointerenter=\"actions.preloadImageWithDelay\" data-wp-on--pointerleave=\"actions.cancelPreload\" data-wp-on-window--resize=\"callbacks.setButtonStyles\" data-id=\"45471\" src=\"https:\/\/www.riu.com\/blog\/wp-content\/uploads\/2026\/09\/consultorio-solidario-infantil-isla-de-sal.jpg\" alt=\"Consulta de la doctora Manuela Lima en Isla de Sal\" class=\"wp-image-45471\"\/><button\n\t\t\tclass=\"lightbox-trigger\"\n\t\t\ttype=\"button\"\n\t\t\taria-haspopup=\"dialog\"\n\t\t\tdata-wp-bind--aria-label=\"state.thisImage.triggerButtonAriaLabel\"\n\t\t\tdata-wp-init=\"callbacks.initTriggerButton\"\n\t\t\tdata-wp-on--click=\"actions.showLightbox\"\n\t\t\tdata-wp-style--right=\"state.thisImage.buttonRight\"\n\t\t\tdata-wp-style--top=\"state.thisImage.buttonTop\"\n\t\t>\n\t\t\t<svg xmlns=\"http:\/\/www.w3.org\/2000\/svg\" width=\"12\" height=\"12\" fill=\"none\" viewBox=\"0 0 12 12\">\n\t\t\t\t<path fill=\"#fff\" d=\"M2 0a2 2 0 0 0-2 2v2h1.5V2a.5.5 0 0 1 .5-.5h2V0H2Zm2 10.5H2a.5.5 0 0 1-.5-.5V8H0v2a2 2 0 0 0 2 2h2v-1.5ZM8 12v-1.5h2a.5.5 0 0 0 .5-.5V8H12v2a2 2 0 0 1-2 2H8Zm2-12a2 2 0 0 1 2 2v2h-1.5V2a.5.5 0 0 0-.5-.5H8V0h2Z\" \/>\n\t\t\t<\/svg>\n\t\t<\/button><\/figure>\n\n\n\n<figure data-wp-context=\"{&quot;imageId&quot;:&quot;6a9964afb4ce7&quot;}\" data-wp-interactive=\"core\/image\" data-wp-key=\"6a9964afb4ce7\" class=\"wp-block-image size-large wp-lightbox-container\"><img loading=\"lazy\" decoding=\"async\" width=\"4032\" height=\"3024\" data-wp-class--hide=\"state.isContentHidden\" data-wp-class--show=\"state.isContentVisible\" data-wp-init=\"callbacks.setButtonStyles\" data-wp-on--click=\"actions.showLightbox\" data-wp-on--load=\"callbacks.setButtonStyles\" data-wp-on--pointerdown=\"actions.preloadImage\" data-wp-on--pointerenter=\"actions.preloadImageWithDelay\" data-wp-on--pointerleave=\"actions.cancelPreload\" data-wp-on-window--resize=\"callbacks.setButtonStyles\" data-id=\"45474\" src=\"https:\/\/www.riu.com\/blog\/wp-content\/uploads\/2026\/09\/isla-de-sal-consultorio-doctora.jpg\" alt=\"La doctora Manuela Lima con un paciente en en consultorio de Isla de Sal. \" class=\"wp-image-45474\"\/><button\n\t\t\tclass=\"lightbox-trigger\"\n\t\t\ttype=\"button\"\n\t\t\taria-haspopup=\"dialog\"\n\t\t\tdata-wp-bind--aria-label=\"state.thisImage.triggerButtonAriaLabel\"\n\t\t\tdata-wp-init=\"callbacks.initTriggerButton\"\n\t\t\tdata-wp-on--click=\"actions.showLightbox\"\n\t\t\tdata-wp-style--right=\"state.thisImage.buttonRight\"\n\t\t\tdata-wp-style--top=\"state.thisImage.buttonTop\"\n\t\t>\n\t\t\t<svg xmlns=\"http:\/\/www.w3.org\/2000\/svg\" width=\"12\" height=\"12\" fill=\"none\" viewBox=\"0 0 12 12\">\n\t\t\t\t<path fill=\"#fff\" d=\"M2 0a2 2 0 0 0-2 2v2h1.5V2a.5.5 0 0 1 .5-.5h2V0H2Zm2 10.5H2a.5.5 0 0 1-.5-.5V8H0v2a2 2 0 0 0 2 2h2v-1.5ZM8 12v-1.5h2a.5.5 0 0 0 .5-.5V8H12v2a2 2 0 0 1-2 2H8Zm2-12a2 2 0 0 1 2 2v2h-1.5V2a.5.5 0 0 0-.5-.5H8V0h2Z\" \/>\n\t\t\t<\/svg>\n\t\t<\/button><\/figure>\n<\/figure>\n\n\n\n<h2 class=\"wp-block-heading\"><strong>\u00bfC\u00f3mo funciona el nuevo Consultorio Solidario de Sa\u00fade Infantil en Boa Vista?<\/strong><\/h2>\n\n\n\n<p class=\"wp-block-paragraph\">Tras el \u00e9xito consolidado en Sal, en mayo de 2026 extendimos este modelo de asistencia integral a la Isla de Boa Vista. <a href=\"https:\/\/www.mallorcadiario.com\/riu-y-africa-avanza-abren-un-nuevo-consultorio-de-salud-infantil-en-cabo-verde\">El nuevo centro se ubica en las instalaciones del <strong>Posto Sanit\u00e1rio &#8211; Ch\u00e3 de Salinas<\/strong>,<\/a> en el Bairro Boa Esperan\u00e7a, dando <a href=\"https:\/\/forbes.es\/ultima-hora\/984763\/riu-destina-casi-100-000-euros-a-la-apertura-de-consultorio-infantil-en-cabo-verde-con-viabilidad-hasta-2029\/\" target=\"_blank\" rel=\"noreferrer noopener\">cobertura sanitaria gratuita a menores de entre 0 y 13 a\u00f1os.<\/a><\/p>\n\n\n\n<figure data-wp-context=\"{&quot;galleryId&quot;:&quot;6a9964afb51d4&quot;}\" data-wp-interactive=\"core\/gallery\" class=\"wp-block-gallery has-nested-images columns-default is-cropped wp-block-gallery-3 is-layout-flex wp-block-gallery-is-layout-flex\">\n<figure data-wp-context=\"{&quot;imageId&quot;:&quot;6a9964afb57de&quot;}\" data-wp-interactive=\"core\/image\" data-wp-key=\"6a9964afb57de\" class=\"wp-block-image size-large wp-lightbox-container\"><img loading=\"lazy\" decoding=\"async\" width=\"6240\" height=\"4160\" data-wp-class--hide=\"state.isContentHidden\" data-wp-class--show=\"state.isContentVisible\" data-wp-init=\"callbacks.setButtonStyles\" data-wp-on--click=\"actions.showLightbox\" data-wp-on--load=\"callbacks.setButtonStyles\" data-wp-on--pointerdown=\"actions.preloadImage\" data-wp-on--pointerenter=\"actions.preloadImageWithDelay\" data-wp-on--pointerleave=\"actions.cancelPreload\" data-wp-on-window--resize=\"callbacks.setButtonStyles\" data-id=\"45524\" src=\"https:\/\/www.riu.com\/blog\/wp-content\/uploads\/2026\/09\/Consultorio-solidario-de-salud-infantil-boa-vista.jpg\" alt=\"Fachada del edificio donde se ubica el Consultorio Solidario de Salud Infantil en Boa Vista. \" class=\"wp-image-45524\"\/><button\n\t\t\tclass=\"lightbox-trigger\"\n\t\t\ttype=\"button\"\n\t\t\taria-haspopup=\"dialog\"\n\t\t\tdata-wp-bind--aria-label=\"state.thisImage.triggerButtonAriaLabel\"\n\t\t\tdata-wp-init=\"callbacks.initTriggerButton\"\n\t\t\tdata-wp-on--click=\"actions.showLightbox\"\n\t\t\tdata-wp-style--right=\"state.thisImage.buttonRight\"\n\t\t\tdata-wp-style--top=\"state.thisImage.buttonTop\"\n\t\t>\n\t\t\t<svg xmlns=\"http:\/\/www.w3.org\/2000\/svg\" width=\"12\" height=\"12\" fill=\"none\" viewBox=\"0 0 12 12\">\n\t\t\t\t<path fill=\"#fff\" d=\"M2 0a2 2 0 0 0-2 2v2h1.5V2a.5.5 0 0 1 .5-.5h2V0H2Zm2 10.5H2a.5.5 0 0 1-.5-.5V8H0v2a2 2 0 0 0 2 2h2v-1.5ZM8 12v-1.5h2a.5.5 0 0 0 .5-.5V8H12v2a2 2 0 0 1-2 2H8Zm2-12a2 2 0 0 1 2 2v2h-1.5V2a.5.5 0 0 0-.5-.5H8V0h2Z\" \/>\n\t\t\t<\/svg>\n\t\t<\/button><\/figure>\n\n\n\n<figure data-wp-context=\"{&quot;imageId&quot;:&quot;6a9964afb5ee8&quot;}\" data-wp-interactive=\"core\/image\" data-wp-key=\"6a9964afb5ee8\" class=\"wp-block-image size-large wp-lightbox-container\"><img loading=\"lazy\" decoding=\"async\" width=\"6240\" height=\"4160\" data-wp-class--hide=\"state.isContentHidden\" data-wp-class--show=\"state.isContentVisible\" data-wp-init=\"callbacks.setButtonStyles\" data-wp-on--click=\"actions.showLightbox\" data-wp-on--load=\"callbacks.setButtonStyles\" data-wp-on--pointerdown=\"actions.preloadImage\" data-wp-on--pointerenter=\"actions.preloadImageWithDelay\" data-wp-on--pointerleave=\"actions.cancelPreload\" data-wp-on-window--resize=\"callbacks.setButtonStyles\" data-id=\"45521\" src=\"https:\/\/www.riu.com\/blog\/wp-content\/uploads\/2026\/09\/Consultorio-solidario-de-salud-infantil-en-boa-vista.jpg\" alt=\"Sala de espera del Consultorio Solidario de Salud Infantil en Boa Vista. \" class=\"wp-image-45521\"\/><button\n\t\t\tclass=\"lightbox-trigger\"\n\t\t\ttype=\"button\"\n\t\t\taria-haspopup=\"dialog\"\n\t\t\tdata-wp-bind--aria-label=\"state.thisImage.triggerButtonAriaLabel\"\n\t\t\tdata-wp-init=\"callbacks.initTriggerButton\"\n\t\t\tdata-wp-on--click=\"actions.showLightbox\"\n\t\t\tdata-wp-style--right=\"state.thisImage.buttonRight\"\n\t\t\tdata-wp-style--top=\"state.thisImage.buttonTop\"\n\t\t>\n\t\t\t<svg xmlns=\"http:\/\/www.w3.org\/2000\/svg\" width=\"12\" height=\"12\" fill=\"none\" viewBox=\"0 0 12 12\">\n\t\t\t\t<path fill=\"#fff\" d=\"M2 0a2 2 0 0 0-2 2v2h1.5V2a.5.5 0 0 1 .5-.5h2V0H2Zm2 10.5H2a.5.5 0 0 1-.5-.5V8H0v2a2 2 0 0 0 2 2h2v-1.5ZM8 12v-1.5h2a.5.5 0 0 0 .5-.5V8H12v2a2 2 0 0 1-2 2H8Zm2-12a2 2 0 0 1 2 2v2h-1.5V2a.5.5 0 0 0-.5-.5H8V0h2Z\" \/>\n\t\t\t<\/svg>\n\t\t<\/button><\/figure>\n<\/figure>\n\n\n\n<p class=\"wp-block-paragraph\">El funcionamiento del consultorio se apoya en pilares operativos clave:<\/p>\n\n\n\n<ul class=\"wp-block-list\">\n<li><strong>Direcci\u00f3n m\u00e9dica local:<\/strong> La gesti\u00f3n m\u00e9dica est\u00e1 liderada por la doctora caboverdiana <strong>Manuela Santos Lima<\/strong>, garantizando una atenci\u00f3n cercana e integrada en la comunidad.<\/li>\n\n\n\n<li><strong>Soporte especializado:<\/strong> Seguimiento t\u00e9cnico continuo en coordinaci\u00f3n con el equipo en Espa\u00f1a de cuatro m\u00e9dicos pediatras y una enfermera pedi\u00e1trica, todos voluntarios de <strong>\u00c1frica Avanza<\/strong> y la <strong>Funda\u00e7\u00e3o Bem Estar<\/strong>.<\/li>\n\n\n\n<li><strong>Innovaci\u00f3n en gesti\u00f3n:<\/strong> Se ha implementado un <strong>software de historial cl\u00ednico digital avanzado<\/strong>, permitiendo un registro estandarizado y un seguimiento personalizado del desarrollo de cada paciente.<\/li>\n\n\n\n<li><strong>Resultados en su fase inicial:<\/strong> En sus primeras semanas de funcionamiento, el centro ha atendido ya a <strong>373 ni\u00f1os y ni\u00f1as<\/strong>, acumulando <strong>457 consultas m\u00e9dicas efectuadas<\/strong>.<\/li>\n<\/ul>\n\n\n\n<h3 class=\"wp-block-heading\"><strong>Tabla de datos resumidos de impacto e inversi\u00f3n sanitaria en Cabo Verde<\/strong><\/h3>\n\n\n\n<figure class=\"wp-block-table\"><table class=\"has-fixed-layout\"><tbody><tr><td><strong>Concepto \/ Indicador<\/strong><\/td><td><strong>Consultorio Isla de Sal<\/strong><\/td><td><strong>Consultorio Isla de Boa Vista<\/strong><\/td><\/tr><tr><td><strong>A\u00f1o de inicio de operaciones<\/strong><\/td><td>2023<\/td><td>2026<\/td><\/tr><tr><td><strong>Poblaci\u00f3n infantil objetivo<\/strong><\/td><td>~10.000 ni\u00f1os y ni\u00f1as (0-13 a\u00f1os)<\/td><td>4.000 Ni\u00f1os y ni\u00f1as residentes de 0 a 13 a\u00f1os<\/td><\/tr><tr><td><strong>Atenciones realizadas<\/strong><\/td><td>+10.000 consultas registradas (4.342 ni\u00f1os\/ni\u00f1s inscritas)<\/td><td><strong>457 <\/strong>consultas registradas (<strong>373 <\/strong>ni\u00f1os y ni\u00f1as)<\/td><\/tr><tr><td><strong>Ubicaci\u00f3n de la sede<\/strong><\/td><td>Ch\u00e3 de Matias (Espargos)<\/td><td>Posto Sanit\u00e1rio &#8211; Ch\u00e3 de Salinas (Boa Esperan\u00e7a). Sal Rei<\/td><\/tr><\/tbody><\/table><\/figure>\n\n\n\n<p class=\"wp-block-paragraph\"><strong>\u00a1Acomp\u00e1\u00f1anos a seguir transformando destinos!<\/strong><\/p>\n\n\n\n<p class=\"wp-block-paragraph\">En RIU estamos convencidos de que el turismo debe ser un motor de prosperidad y salud para las comunidades que nos acogen. Te invitamos a conocer m\u00e1s sobre nuestras iniciativas de sostenibilidad social y ambiental visitando nuestra secci\u00f3n <strong>Proudly Committed<\/strong> o descubriendo nuestros hoteles en Cabo Verde en <a href=\"https:\/\/www.riu.com\">www.riu.com<\/a>.<\/p>\n\n\n\n<p class=\"wp-block-paragraph\"><strong>Preguntas Frecuentes (FAQs)<\/strong><\/p>\n\n\n\n<div class=\"schema-faq wp-block-yoast-faq-block\"><div class=\"schema-faq-section\" id=\"faq-question-1788418261391\"><strong class=\"schema-faq-question\"><strong>\u00bfQu\u00e9 son los Consultorios Solidarios de Sa\u00fade Infantil de RIU y \u00c1frica Avanza?<\/strong> <\/strong> <p class=\"schema-faq-answer\">Son centros sanitarios permanentes creados por la alianza entre RIU Hotels, la ONGD \u00c1frica Avanza y la Funda\u00e7\u00e3o Bem Estar para proporcionar atenci\u00f3n m\u00e9dica gratuita, primaria y especializada a la poblaci\u00f3n infantil en Cabo Verde.<\/p> <\/div> <div class=\"schema-faq-section\" id=\"faq-question-1788418277764\"><strong class=\"schema-faq-question\"><strong>\u00bfEn qu\u00e9 islas de Cabo Verde est\u00e1n presentes estos consultorios m\u00e9dicos?<\/strong> <\/strong> <p class=\"schema-faq-answer\">Actualmente est\u00e1n operativos en dos islas: en la <strong>Isla de Sal<\/strong> (Centro Comunit\u00e1rio de Ch\u00e3 de Matias, Espargos, abierto en 2023) y en la <strong>Isla de Boa Vista<\/strong> (Posto Sanit\u00e1rio de Ch\u00e3 de Salinas, Bairro Boa Esperan\u00e7a, Sal Rei, inaugurado en 2026).<\/p> <\/div> <div class=\"schema-faq-section\" id=\"faq-question-1788418296806\"><strong class=\"schema-faq-question\"><strong>\u00bfA qui\u00e9n va dirigida la atenci\u00f3n sanitaria de estos centros?<\/strong><\/strong> <p class=\"schema-faq-answer\">A todos los ni\u00f1os y ni\u00f1as de las comunidades locales de entre 0 y 13 a\u00f1os, de manera universal y 100% gratuita.<\/p> <\/div> <div class=\"schema-faq-section\" id=\"faq-question-1788418316200\"><strong class=\"schema-faq-question\"><strong>\u00bfC\u00f3mo se financia el mantenimiento de los consultorios m\u00e9dicos?<\/strong> <\/strong> <p class=\"schema-faq-answer\">RIU Hotels &amp; Resorts asume la viabilidad econ\u00f3mica y operativa de los consultorios a trav\u00e9s de su estrategia de sostenibilidad <em>Proudly Committed<\/em>, garantizando fondos presupuestarios continuos para salarios, equipamiento m\u00e9dico y licencias hasta al menos 2029.<\/p> <\/div> <div class=\"schema-faq-section\" id=\"faq-question-1788418325196\"><strong class=\"schema-faq-question\"><strong>\u00bfQu\u00e9 papel juega el Ministerio de Salud de Cabo Verde en el proyecto?<\/strong> <\/strong> <p class=\"schema-faq-answer\">Los consultorios est\u00e1n alineados y coordinados con el Ministerio de Salud de Cabo Verde, mediante protocolos de colaboraci\u00f3n mutua y derivando los casos complejos a la red de hospitales p\u00fablicos del pa\u00eds.<\/p> <\/div> <div class=\"schema-faq-section\" id=\"faq-question-1788418336135\"><strong class=\"schema-faq-question\"><strong>\u00bfCu\u00e1l es la implicaci\u00f3n de RIU Hotels con la comunidad de Cabo Verde?<\/strong><\/strong> <p class=\"schema-faq-answer\">Cabo Verde representa casi el 10% de la oferta de RIU. Adem\u00e1s de sus proyectos de sanidad infantil y biodiversidad, el 90% de los trabajadores de los seis hoteles de la cadena en el pa\u00eds son de origen caboverdiano.<\/p> <\/div> <div class=\"schema-faq-section\" id=\"faq-question-1788418355964\"><strong class=\"schema-faq-question\"><strong>\u00bfQu\u00e9 labores realiza \u00c1frica Avanza m\u00e1s all\u00e1 de la atenci\u00f3n en los consultorios? <\/strong><\/strong> <p class=\"schema-faq-answer\">\u00c1frica Avanza desarrolla una labor social integral en Cabo Verde que va mucho m\u00e1s all\u00e1 de la atenci\u00f3n en consultas m\u00e9dicas. El proyecto incluye actividades de formaci\u00f3n y sensibilizaci\u00f3n con la Comunidad, a trav\u00e9s de \u00a0charlas de prevenci\u00f3n y educaci\u00f3n sanitaria dirigidas a a padres, jardines de infancia, escuelas y asociaciones locales. Tambi\u00e9n incluye \u00a0el despliegue de un consultorio m\u00f3vil para llegar a las comunidades m\u00e1s alejadas. Adem\u00e1s, la ONGD coordina otros proyectos clave en el pa\u00eds como <em>M\u00e9dicos Solidarios para Cabo Verde<\/em>, dedicado a misiones m\u00e9dicas y quir\u00fargicas especializadas, y el programa <em>+Sa\u00fade +Muller<\/em>, enfocado en la prevenci\u00f3n del c\u00e1ncer de cuello de \u00fatero en mujeres<\/p> <\/div> <\/div>\n","protected":false},"excerpt":{"rendered":"En RIU Hotels &amp; Resorts, financiamos dos Consultorios Solidarios de Sa\u00fade Infantil (CSSI) en las islas de Sal y Boa Vista (Cabo Verde) en alianza con la ONGD \u00c1frica Avanza y la Funda\u00e7\u00e3o Bem Estar, quien los gestiona. Estas infraestructuras sanitarias ofrecen atenci\u00f3n m\u00e9dica gratuita, universal y permanente a miles de ni\u00f1os y ni\u00f1as de&#8230;","protected":false},"author":3,"featured_media":45468,"comment_status":"open","ping_status":"closed","sticky":false,"template":"","format":"standard","meta":{"_acf_changed":false,"footnotes":""},"categories":[2251],"tags":[],"class_list":["post-45460","post","type-post","status-publish","format-standard","has-post-thumbnail","hentry","category-proudlycommitted"],"acf":[],"yoast_head":"<!-- This site is optimized with the Yoast SEO plugin v28.1 - https:\/\/yoast.com\/product\/yoast-seo-wordpress\/ -->\n<title>RIU Hotels y \u00c1frica Avanza: Salud Infantil en Cabo Verde 2026<\/title>\n<meta name=\"description\" content=\"Descubre c\u00f3mo en RIU impulsamos la salud infantil gratuita en Cabo Verde con \u00c1frica Avanza. \u00a1Conoce nuestros proyectos de sostenibilidad social!\" \/>\n<meta name=\"robots\" content=\"index, follow, max-snippet:-1, max-image-preview:large, max-video-preview:-1\" \/>\n<link rel=\"canonical\" href=\"https:\/\/www.riu.com\/blog\/riu-africa-avanza-salud-infantil-cabo-verde\/\" \/>\n<meta property=\"og:locale\" content=\"es_ES\" \/>\n<meta property=\"og:type\" content=\"article\" \/>\n<meta property=\"og:title\" content=\"RIU Hotels y \u00c1frica Avanza: Salud Infantil en Cabo Verde 2026\" \/>\n<meta property=\"og:description\" content=\"Descubre c\u00f3mo en RIU impulsamos la salud infantil gratuita en Cabo Verde con \u00c1frica Avanza. \u00a1Conoce nuestros proyectos de sostenibilidad social!\" \/>\n<meta property=\"og:url\" content=\"https:\/\/www.riu.com\/blog\/riu-africa-avanza-salud-infantil-cabo-verde\/\" \/>\n<meta property=\"og:site_name\" content=\"RIU.com | Blog\" \/>\n<meta property=\"article:published_time\" content=\"2026-09-03T10:55:02+00:00\" \/>\n<meta property=\"article:modified_time\" content=\"2026-09-03T10:55:16+00:00\" \/>\n<meta property=\"og:image\" content=\"https:\/\/www.riu.com\/blog\/wp-content\/uploads\/2026\/09\/salud-infantl-riu-isla-sal.jpeg\" \/>\n\t<meta property=\"og:image:width\" content=\"1920\" \/>\n\t<meta property=\"og:image:height\" content=\"1080\" \/>\n\t<meta property=\"og:image:type\" content=\"image\/jpeg\" \/>\n<meta name=\"author\" content=\"Riu Hotels\" \/>\n<meta name=\"twitter:card\" content=\"summary_large_image\" \/>\n<meta name=\"twitter:label1\" content=\"Escrito por\" \/>\n\t<meta name=\"twitter:data1\" content=\"Riu Hotels\" \/>\n\t<meta name=\"twitter:label2\" content=\"Tiempo de lectura\" \/>\n\t<meta name=\"twitter:data2\" content=\"7 minutos\" \/>\n<script type=\"application\/ld+json\" class=\"yoast-schema-graph\">{\"@context\":\"https:\\\/\\\/schema.org\",\"@graph\":[{\"@type\":\"NewsArticle\",\"@id\":\"https:\\\/\\\/www.riu.com\\\/blog\\\/riu-africa-avanza-salud-infantil-cabo-verde\\\/#article\",\"isPartOf\":{\"@id\":\"https:\\\/\\\/www.riu.com\\\/blog\\\/riu-africa-avanza-salud-infantil-cabo-verde\\\/\"},\"author\":{\"name\":\"Riu Hotels\",\"@id\":\"https:\\\/\\\/www.riu.com\\\/blog\\\/de\\\/#\\\/schema\\\/person\\\/37a64b13d864caf556d86f6ef0da8e10\"},\"headline\":\"Nuestro compromiso con Cabo Verde: Atenci\u00f3n m\u00e9dica para los ni\u00f1os y ni\u00f1as de Sal y Boa Vista\",\"datePublished\":\"2026-09-03T10:55:02+00:00\",\"dateModified\":\"2026-09-03T10:55:16+00:00\",\"mainEntityOfPage\":{\"@id\":\"https:\\\/\\\/www.riu.com\\\/blog\\\/riu-africa-avanza-salud-infantil-cabo-verde\\\/\"},\"wordCount\":1203,\"commentCount\":0,\"image\":{\"@id\":\"https:\\\/\\\/www.riu.com\\\/blog\\\/riu-africa-avanza-salud-infantil-cabo-verde\\\/#primaryimage\"},\"thumbnailUrl\":\"https:\\\/\\\/www.riu.com\\\/blog\\\/wp-content\\\/uploads\\\/2026\\\/09\\\/salud-infantl-riu-isla-sal.jpeg\",\"articleSection\":[\"Proudly Committed\"],\"inLanguage\":\"es\",\"potentialAction\":[{\"@type\":\"CommentAction\",\"name\":\"Comment\",\"target\":[\"https:\\\/\\\/www.riu.com\\\/blog\\\/riu-africa-avanza-salud-infantil-cabo-verde\\\/#respond\"]}]},{\"@type\":[\"WebPage\",\"ItemPage\",\"FAQPage\"],\"@id\":\"https:\\\/\\\/www.riu.com\\\/blog\\\/riu-africa-avanza-salud-infantil-cabo-verde\\\/\",\"url\":\"https:\\\/\\\/www.riu.com\\\/blog\\\/riu-africa-avanza-salud-infantil-cabo-verde\\\/\",\"name\":\"RIU Hotels y \u00c1frica Avanza: Salud Infantil en Cabo Verde 2026\",\"isPartOf\":{\"@id\":\"https:\\\/\\\/www.riu.com\\\/blog\\\/de\\\/#website\"},\"primaryImageOfPage\":{\"@id\":\"https:\\\/\\\/www.riu.com\\\/blog\\\/riu-africa-avanza-salud-infantil-cabo-verde\\\/#primaryimage\"},\"image\":{\"@id\":\"https:\\\/\\\/www.riu.com\\\/blog\\\/riu-africa-avanza-salud-infantil-cabo-verde\\\/#primaryimage\"},\"thumbnailUrl\":\"https:\\\/\\\/www.riu.com\\\/blog\\\/wp-content\\\/uploads\\\/2026\\\/09\\\/salud-infantl-riu-isla-sal.jpeg\",\"datePublished\":\"2026-09-03T10:55:02+00:00\",\"dateModified\":\"2026-09-03T10:55:16+00:00\",\"author\":{\"@id\":\"https:\\\/\\\/www.riu.com\\\/blog\\\/de\\\/#\\\/schema\\\/person\\\/37a64b13d864caf556d86f6ef0da8e10\"},\"description\":\"Descubre c\u00f3mo en RIU impulsamos la salud infantil gratuita en Cabo Verde con \u00c1frica Avanza. \u00a1Conoce nuestros proyectos de sostenibilidad social!\",\"breadcrumb\":{\"@id\":\"https:\\\/\\\/www.riu.com\\\/blog\\\/riu-africa-avanza-salud-infantil-cabo-verde\\\/#breadcrumb\"},\"mainEntity\":[{\"@id\":\"https:\\\/\\\/www.riu.com\\\/blog\\\/riu-africa-avanza-salud-infantil-cabo-verde\\\/#faq-question-1788418261391\"},{\"@id\":\"https:\\\/\\\/www.riu.com\\\/blog\\\/riu-africa-avanza-salud-infantil-cabo-verde\\\/#faq-question-1788418277764\"},{\"@id\":\"https:\\\/\\\/www.riu.com\\\/blog\\\/riu-africa-avanza-salud-infantil-cabo-verde\\\/#faq-question-1788418296806\"},{\"@id\":\"https:\\\/\\\/www.riu.com\\\/blog\\\/riu-africa-avanza-salud-infantil-cabo-verde\\\/#faq-question-1788418316200\"},{\"@id\":\"https:\\\/\\\/www.riu.com\\\/blog\\\/riu-africa-avanza-salud-infantil-cabo-verde\\\/#faq-question-1788418325196\"},{\"@id\":\"https:\\\/\\\/www.riu.com\\\/blog\\\/riu-africa-avanza-salud-infantil-cabo-verde\\\/#faq-question-1788418336135\"},{\"@id\":\"https:\\\/\\\/www.riu.com\\\/blog\\\/riu-africa-avanza-salud-infantil-cabo-verde\\\/#faq-question-1788418355964\"}],\"inLanguage\":\"es\",\"potentialAction\":[{\"@type\":\"ReadAction\",\"target\":[\"https:\\\/\\\/www.riu.com\\\/blog\\\/riu-africa-avanza-salud-infantil-cabo-verde\\\/\"]}]},{\"@type\":\"ImageObject\",\"inLanguage\":\"es\",\"@id\":\"https:\\\/\\\/www.riu.com\\\/blog\\\/riu-africa-avanza-salud-infantil-cabo-verde\\\/#primaryimage\",\"url\":\"https:\\\/\\\/www.riu.com\\\/blog\\\/wp-content\\\/uploads\\\/2026\\\/09\\\/salud-infantl-riu-isla-sal.jpeg\",\"contentUrl\":\"https:\\\/\\\/www.riu.com\\\/blog\\\/wp-content\\\/uploads\\\/2026\\\/09\\\/salud-infantl-riu-isla-sal.jpeg\",\"width\":1920,\"height\":1080},{\"@type\":\"BreadcrumbList\",\"@id\":\"https:\\\/\\\/www.riu.com\\\/blog\\\/riu-africa-avanza-salud-infantil-cabo-verde\\\/#breadcrumb\",\"itemListElement\":[{\"@type\":\"ListItem\",\"position\":1,\"name\":\"Portada\",\"item\":\"https:\\\/\\\/www.riu.com\\\/blog\\\/de\\\/\"},{\"@type\":\"ListItem\",\"position\":2,\"name\":\"Nuestro compromiso con Cabo Verde: Atenci\u00f3n m\u00e9dica para los ni\u00f1os y ni\u00f1as de Sal y Boa Vista\"}]},{\"@type\":\"WebSite\",\"@id\":\"https:\\\/\\\/www.riu.com\\\/blog\\\/de\\\/#website\",\"url\":\"https:\\\/\\\/www.riu.com\\\/blog\\\/de\\\/\",\"name\":\"RIU.com | Blog\",\"description\":\"Blog de RIU Hotels &amp; Resorts | Noticias exclusivas de la cadena Riu Hotels &amp; Resorts | Hoteles en Espa\u00f1a, M\u00e9xico, Jamaica, Rep\u00fablica Dominicana, Portugal, Miami y muchos m\u00e1s.\",\"potentialAction\":[{\"@type\":\"SearchAction\",\"target\":{\"@type\":\"EntryPoint\",\"urlTemplate\":\"https:\\\/\\\/www.riu.com\\\/blog\\\/de\\\/?s={search_term_string}\"},\"query-input\":{\"@type\":\"PropertyValueSpecification\",\"valueRequired\":true,\"valueName\":\"search_term_string\"}}],\"inLanguage\":\"es\"},{\"@type\":\"Person\",\"@id\":\"https:\\\/\\\/www.riu.com\\\/blog\\\/de\\\/#\\\/schema\\\/person\\\/37a64b13d864caf556d86f6ef0da8e10\",\"name\":\"Riu Hotels\",\"image\":{\"@type\":\"ImageObject\",\"inLanguage\":\"es\",\"@id\":\"https:\\\/\\\/secure.gravatar.com\\\/avatar\\\/1845185f5dc0c5d7a3adb797bcd6cae1d3df26e3eead5da96b212485b274bdf3?s=96&d=mm&r=g\",\"url\":\"https:\\\/\\\/secure.gravatar.com\\\/avatar\\\/1845185f5dc0c5d7a3adb797bcd6cae1d3df26e3eead5da96b212485b274bdf3?s=96&d=mm&r=g\",\"contentUrl\":\"https:\\\/\\\/secure.gravatar.com\\\/avatar\\\/1845185f5dc0c5d7a3adb797bcd6cae1d3df26e3eead5da96b212485b274bdf3?s=96&d=mm&r=g\",\"caption\":\"Riu Hotels\"},\"url\":\"https:\\\/\\\/www.riu.com\\\/blog\\\/author\\\/riu\\\/\"},{\"@type\":\"Question\",\"@id\":\"https:\\\/\\\/www.riu.com\\\/blog\\\/riu-africa-avanza-salud-infantil-cabo-verde\\\/#faq-question-1788418261391\",\"position\":1,\"url\":\"https:\\\/\\\/www.riu.com\\\/blog\\\/riu-africa-avanza-salud-infantil-cabo-verde\\\/#faq-question-1788418261391\",\"name\":\"\u00bfQu\u00e9 son los Consultorios Solidarios de Sa\u00fade Infantil de RIU y \u00c1frica Avanza?\",\"answerCount\":1,\"acceptedAnswer\":{\"@type\":\"Answer\",\"text\":\"Son centros sanitarios permanentes creados por la alianza entre RIU Hotels, la ONGD \u00c1frica Avanza y la Funda\u00e7\u00e3o Bem Estar para proporcionar atenci\u00f3n m\u00e9dica gratuita, primaria y especializada a la poblaci\u00f3n infantil en Cabo Verde.\",\"inLanguage\":\"es\"},\"inLanguage\":\"es\"},{\"@type\":\"Question\",\"@id\":\"https:\\\/\\\/www.riu.com\\\/blog\\\/riu-africa-avanza-salud-infantil-cabo-verde\\\/#faq-question-1788418277764\",\"position\":2,\"url\":\"https:\\\/\\\/www.riu.com\\\/blog\\\/riu-africa-avanza-salud-infantil-cabo-verde\\\/#faq-question-1788418277764\",\"name\":\"\u00bfEn qu\u00e9 islas de Cabo Verde est\u00e1n presentes estos consultorios m\u00e9dicos?\",\"answerCount\":1,\"acceptedAnswer\":{\"@type\":\"Answer\",\"text\":\"Actualmente est\u00e1n operativos en dos islas: en la <strong>Isla de Sal<\\\/strong> (Centro Comunit\u00e1rio de Ch\u00e3 de Matias, Espargos, abierto en 2023) y en la <strong>Isla de Boa Vista<\\\/strong> (Posto Sanit\u00e1rio de Ch\u00e3 de Salinas, Bairro Boa Esperan\u00e7a, Sal Rei, inaugurado en 2026).\",\"inLanguage\":\"es\"},\"inLanguage\":\"es\"},{\"@type\":\"Question\",\"@id\":\"https:\\\/\\\/www.riu.com\\\/blog\\\/riu-africa-avanza-salud-infantil-cabo-verde\\\/#faq-question-1788418296806\",\"position\":3,\"url\":\"https:\\\/\\\/www.riu.com\\\/blog\\\/riu-africa-avanza-salud-infantil-cabo-verde\\\/#faq-question-1788418296806\",\"name\":\"\u00bfA qui\u00e9n va dirigida la atenci\u00f3n sanitaria de estos centros?\",\"answerCount\":1,\"acceptedAnswer\":{\"@type\":\"Answer\",\"text\":\"A todos los ni\u00f1os y ni\u00f1as de las comunidades locales de entre 0 y 13 a\u00f1os, de manera universal y 100% gratuita.\",\"inLanguage\":\"es\"},\"inLanguage\":\"es\"},{\"@type\":\"Question\",\"@id\":\"https:\\\/\\\/www.riu.com\\\/blog\\\/riu-africa-avanza-salud-infantil-cabo-verde\\\/#faq-question-1788418316200\",\"position\":4,\"url\":\"https:\\\/\\\/www.riu.com\\\/blog\\\/riu-africa-avanza-salud-infantil-cabo-verde\\\/#faq-question-1788418316200\",\"name\":\"\u00bfC\u00f3mo se financia el mantenimiento de los consultorios m\u00e9dicos?\",\"answerCount\":1,\"acceptedAnswer\":{\"@type\":\"Answer\",\"text\":\"RIU Hotels &amp; Resorts asume la viabilidad econ\u00f3mica y operativa de los consultorios a trav\u00e9s de su estrategia de sostenibilidad <em>Proudly Committed<\\\/em>, garantizando fondos presupuestarios continuos para salarios, equipamiento m\u00e9dico y licencias hasta al menos 2029.\",\"inLanguage\":\"es\"},\"inLanguage\":\"es\"},{\"@type\":\"Question\",\"@id\":\"https:\\\/\\\/www.riu.com\\\/blog\\\/riu-africa-avanza-salud-infantil-cabo-verde\\\/#faq-question-1788418325196\",\"position\":5,\"url\":\"https:\\\/\\\/www.riu.com\\\/blog\\\/riu-africa-avanza-salud-infantil-cabo-verde\\\/#faq-question-1788418325196\",\"name\":\"\u00bfQu\u00e9 papel juega el Ministerio de Salud de Cabo Verde en el proyecto?\",\"answerCount\":1,\"acceptedAnswer\":{\"@type\":\"Answer\",\"text\":\"Los consultorios est\u00e1n alineados y coordinados con el Ministerio de Salud de Cabo Verde, mediante protocolos de colaboraci\u00f3n mutua y derivando los casos complejos a la red de hospitales p\u00fablicos del pa\u00eds.\",\"inLanguage\":\"es\"},\"inLanguage\":\"es\"},{\"@type\":\"Question\",\"@id\":\"https:\\\/\\\/www.riu.com\\\/blog\\\/riu-africa-avanza-salud-infantil-cabo-verde\\\/#faq-question-1788418336135\",\"position\":6,\"url\":\"https:\\\/\\\/www.riu.com\\\/blog\\\/riu-africa-avanza-salud-infantil-cabo-verde\\\/#faq-question-1788418336135\",\"name\":\"\u00bfCu\u00e1l es la implicaci\u00f3n de RIU Hotels con la comunidad de Cabo Verde?\",\"answerCount\":1,\"acceptedAnswer\":{\"@type\":\"Answer\",\"text\":\"Cabo Verde representa casi el 10% de la oferta de RIU. Adem\u00e1s de sus proyectos de sanidad infantil y biodiversidad, el 90% de los trabajadores de los seis hoteles de la cadena en el pa\u00eds son de origen caboverdiano.\",\"inLanguage\":\"es\"},\"inLanguage\":\"es\"},{\"@type\":\"Question\",\"@id\":\"https:\\\/\\\/www.riu.com\\\/blog\\\/riu-africa-avanza-salud-infantil-cabo-verde\\\/#faq-question-1788418355964\",\"position\":7,\"url\":\"https:\\\/\\\/www.riu.com\\\/blog\\\/riu-africa-avanza-salud-infantil-cabo-verde\\\/#faq-question-1788418355964\",\"name\":\"\u00bfQu\u00e9 labores realiza \u00c1frica Avanza m\u00e1s all\u00e1 de la atenci\u00f3n en los consultorios?\",\"answerCount\":1,\"acceptedAnswer\":{\"@type\":\"Answer\",\"text\":\"\u00c1frica Avanza desarrolla una labor social integral en Cabo Verde que va mucho m\u00e1s all\u00e1 de la atenci\u00f3n en consultas m\u00e9dicas. El proyecto incluye actividades de formaci\u00f3n y sensibilizaci\u00f3n con la Comunidad, a trav\u00e9s de \u00a0charlas de prevenci\u00f3n y educaci\u00f3n sanitaria dirigidas a a padres, jardines de infancia, escuelas y asociaciones locales. Tambi\u00e9n incluye \u00a0el despliegue de un consultorio m\u00f3vil para llegar a las comunidades m\u00e1s alejadas. Adem\u00e1s, la ONGD coordina otros proyectos clave en el pa\u00eds como <em>M\u00e9dicos Solidarios para Cabo Verde<\\\/em>, dedicado a misiones m\u00e9dicas y quir\u00fargicas especializadas, y el programa <em>+Sa\u00fade +Muller<\\\/em>, enfocado en la prevenci\u00f3n del c\u00e1ncer de cuello de \u00fatero en mujeres\",\"inLanguage\":\"es\"},\"inLanguage\":\"es\"}]}<\/script>\n<!-- \/ Yoast SEO plugin. -->","yoast_head_json":{"title":"RIU Hotels y \u00c1frica Avanza: Salud Infantil en Cabo Verde 2026","description":"Descubre c\u00f3mo en RIU impulsamos la salud infantil gratuita en Cabo Verde con \u00c1frica Avanza. \u00a1Conoce nuestros proyectos de sostenibilidad social!","robots":{"index":"index","follow":"follow","max-snippet":"max-snippet:-1","max-image-preview":"max-image-preview:large","max-video-preview":"max-video-preview:-1"},"canonical":"https:\/\/www.riu.com\/blog\/riu-africa-avanza-salud-infantil-cabo-verde\/","og_locale":"es_ES","og_type":"article","og_title":"RIU Hotels y \u00c1frica Avanza: Salud Infantil en Cabo Verde 2026","og_description":"Descubre c\u00f3mo en RIU impulsamos la salud infantil gratuita en Cabo Verde con \u00c1frica Avanza. \u00a1Conoce nuestros proyectos de sostenibilidad social!","og_url":"https:\/\/www.riu.com\/blog\/riu-africa-avanza-salud-infantil-cabo-verde\/","og_site_name":"RIU.com | Blog","article_published_time":"2026-09-03T10:55:02+00:00","article_modified_time":"2026-09-03T10:55:16+00:00","og_image":[{"width":1920,"height":1080,"url":"https:\/\/www.riu.com\/blog\/wp-content\/uploads\/2026\/09\/salud-infantl-riu-isla-sal.jpeg","type":"image\/jpeg"}],"author":"Riu Hotels","twitter_card":"summary_large_image","twitter_misc":{"Escrito por":"Riu Hotels","Tiempo de lectura":"7 minutos"},"schema":{"@context":"https:\/\/schema.org","@graph":[{"@type":"NewsArticle","@id":"https:\/\/www.riu.com\/blog\/riu-africa-avanza-salud-infantil-cabo-verde\/#article","isPartOf":{"@id":"https:\/\/www.riu.com\/blog\/riu-africa-avanza-salud-infantil-cabo-verde\/"},"author":{"name":"Riu Hotels","@id":"https:\/\/www.riu.com\/blog\/de\/#\/schema\/person\/37a64b13d864caf556d86f6ef0da8e10"},"headline":"Nuestro compromiso con Cabo Verde: Atenci\u00f3n m\u00e9dica para los ni\u00f1os y ni\u00f1as de Sal y Boa Vista","datePublished":"2026-09-03T10:55:02+00:00","dateModified":"2026-09-03T10:55:16+00:00","mainEntityOfPage":{"@id":"https:\/\/www.riu.com\/blog\/riu-africa-avanza-salud-infantil-cabo-verde\/"},"wordCount":1203,"commentCount":0,"image":{"@id":"https:\/\/www.riu.com\/blog\/riu-africa-avanza-salud-infantil-cabo-verde\/#primaryimage"},"thumbnailUrl":"https:\/\/www.riu.com\/blog\/wp-content\/uploads\/2026\/09\/salud-infantl-riu-isla-sal.jpeg","articleSection":["Proudly Committed"],"inLanguage":"es","potentialAction":[{"@type":"CommentAction","name":"Comment","target":["https:\/\/www.riu.com\/blog\/riu-africa-avanza-salud-infantil-cabo-verde\/#respond"]}]},{"@type":["WebPage","ItemPage","FAQPage"],"@id":"https:\/\/www.riu.com\/blog\/riu-africa-avanza-salud-infantil-cabo-verde\/","url":"https:\/\/www.riu.com\/blog\/riu-africa-avanza-salud-infantil-cabo-verde\/","name":"RIU Hotels y \u00c1frica Avanza: Salud Infantil en Cabo Verde 2026","isPartOf":{"@id":"https:\/\/www.riu.com\/blog\/de\/#website"},"primaryImageOfPage":{"@id":"https:\/\/www.riu.com\/blog\/riu-africa-avanza-salud-infantil-cabo-verde\/#primaryimage"},"image":{"@id":"https:\/\/www.riu.com\/blog\/riu-africa-avanza-salud-infantil-cabo-verde\/#primaryimage"},"thumbnailUrl":"https:\/\/www.riu.com\/blog\/wp-content\/uploads\/2026\/09\/salud-infantl-riu-isla-sal.jpeg","datePublished":"2026-09-03T10:55:02+00:00","dateModified":"2026-09-03T10:55:16+00:00","author":{"@id":"https:\/\/www.riu.com\/blog\/de\/#\/schema\/person\/37a64b13d864caf556d86f6ef0da8e10"},"description":"Descubre c\u00f3mo en RIU impulsamos la salud infantil gratuita en Cabo Verde con \u00c1frica Avanza. \u00a1Conoce nuestros proyectos de sostenibilidad social!","breadcrumb":{"@id":"https:\/\/www.riu.com\/blog\/riu-africa-avanza-salud-infantil-cabo-verde\/#breadcrumb"},"mainEntity":[{"@id":"https:\/\/www.riu.com\/blog\/riu-africa-avanza-salud-infantil-cabo-verde\/#faq-question-1788418261391"},{"@id":"https:\/\/www.riu.com\/blog\/riu-africa-avanza-salud-infantil-cabo-verde\/#faq-question-1788418277764"},{"@id":"https:\/\/www.riu.com\/blog\/riu-africa-avanza-salud-infantil-cabo-verde\/#faq-question-1788418296806"},{"@id":"https:\/\/www.riu.com\/blog\/riu-africa-avanza-salud-infantil-cabo-verde\/#faq-question-1788418316200"},{"@id":"https:\/\/www.riu.com\/blog\/riu-africa-avanza-salud-infantil-cabo-verde\/#faq-question-1788418325196"},{"@id":"https:\/\/www.riu.com\/blog\/riu-africa-avanza-salud-infantil-cabo-verde\/#faq-question-1788418336135"},{"@id":"https:\/\/www.riu.com\/blog\/riu-africa-avanza-salud-infantil-cabo-verde\/#faq-question-1788418355964"}],"inLanguage":"es","potentialAction":[{"@type":"ReadAction","target":["https:\/\/www.riu.com\/blog\/riu-africa-avanza-salud-infantil-cabo-verde\/"]}]},{"@type":"ImageObject","inLanguage":"es","@id":"https:\/\/www.riu.com\/blog\/riu-africa-avanza-salud-infantil-cabo-verde\/#primaryimage","url":"https:\/\/www.riu.com\/blog\/wp-content\/uploads\/2026\/09\/salud-infantl-riu-isla-sal.jpeg","contentUrl":"https:\/\/www.riu.com\/blog\/wp-content\/uploads\/2026\/09\/salud-infantl-riu-isla-sal.jpeg","width":1920,"height":1080},{"@type":"BreadcrumbList","@id":"https:\/\/www.riu.com\/blog\/riu-africa-avanza-salud-infantil-cabo-verde\/#breadcrumb","itemListElement":[{"@type":"ListItem","position":1,"name":"Portada","item":"https:\/\/www.riu.com\/blog\/de\/"},{"@type":"ListItem","position":2,"name":"Nuestro compromiso con Cabo Verde: Atenci\u00f3n m\u00e9dica para los ni\u00f1os y ni\u00f1as de Sal y Boa Vista"}]},{"@type":"WebSite","@id":"https:\/\/www.riu.com\/blog\/de\/#website","url":"https:\/\/www.riu.com\/blog\/de\/","name":"RIU.com | Blog","description":"Blog de RIU Hotels &amp; Resorts | Noticias exclusivas de la cadena Riu Hotels &amp; Resorts | Hoteles en Espa\u00f1a, M\u00e9xico, Jamaica, Rep\u00fablica Dominicana, Portugal, Miami y muchos m\u00e1s.","potentialAction":[{"@type":"SearchAction","target":{"@type":"EntryPoint","urlTemplate":"https:\/\/www.riu.com\/blog\/de\/?s={search_term_string}"},"query-input":{"@type":"PropertyValueSpecification","valueRequired":true,"valueName":"search_term_string"}}],"inLanguage":"es"},{"@type":"Person","@id":"https:\/\/www.riu.com\/blog\/de\/#\/schema\/person\/37a64b13d864caf556d86f6ef0da8e10","name":"Riu Hotels","image":{"@type":"ImageObject","inLanguage":"es","@id":"https:\/\/secure.gravatar.com\/avatar\/1845185f5dc0c5d7a3adb797bcd6cae1d3df26e3eead5da96b212485b274bdf3?s=96&d=mm&r=g","url":"https:\/\/secure.gravatar.com\/avatar\/1845185f5dc0c5d7a3adb797bcd6cae1d3df26e3eead5da96b212485b274bdf3?s=96&d=mm&r=g","contentUrl":"https:\/\/secure.gravatar.com\/avatar\/1845185f5dc0c5d7a3adb797bcd6cae1d3df26e3eead5da96b212485b274bdf3?s=96&d=mm&r=g","caption":"Riu Hotels"},"url":"https:\/\/www.riu.com\/blog\/author\/riu\/"},{"@type":"Question","@id":"https:\/\/www.riu.com\/blog\/riu-africa-avanza-salud-infantil-cabo-verde\/#faq-question-1788418261391","position":1,"url":"https:\/\/www.riu.com\/blog\/riu-africa-avanza-salud-infantil-cabo-verde\/#faq-question-1788418261391","name":"\u00bfQu\u00e9 son los Consultorios Solidarios de Sa\u00fade Infantil de RIU y \u00c1frica Avanza?","answerCount":1,"acceptedAnswer":{"@type":"Answer","text":"Son centros sanitarios permanentes creados por la alianza entre RIU Hotels, la ONGD \u00c1frica Avanza y la Funda\u00e7\u00e3o Bem Estar para proporcionar atenci\u00f3n m\u00e9dica gratuita, primaria y especializada a la poblaci\u00f3n infantil en Cabo Verde.","inLanguage":"es"},"inLanguage":"es"},{"@type":"Question","@id":"https:\/\/www.riu.com\/blog\/riu-africa-avanza-salud-infantil-cabo-verde\/#faq-question-1788418277764","position":2,"url":"https:\/\/www.riu.com\/blog\/riu-africa-avanza-salud-infantil-cabo-verde\/#faq-question-1788418277764","name":"\u00bfEn qu\u00e9 islas de Cabo Verde est\u00e1n presentes estos consultorios m\u00e9dicos?","answerCount":1,"acceptedAnswer":{"@type":"Answer","text":"Actualmente est\u00e1n operativos en dos islas: en la <strong>Isla de Sal<\/strong> (Centro Comunit\u00e1rio de Ch\u00e3 de Matias, Espargos, abierto en 2023) y en la <strong>Isla de Boa Vista<\/strong> (Posto Sanit\u00e1rio de Ch\u00e3 de Salinas, Bairro Boa Esperan\u00e7a, Sal Rei, inaugurado en 2026).","inLanguage":"es"},"inLanguage":"es"},{"@type":"Question","@id":"https:\/\/www.riu.com\/blog\/riu-africa-avanza-salud-infantil-cabo-verde\/#faq-question-1788418296806","position":3,"url":"https:\/\/www.riu.com\/blog\/riu-africa-avanza-salud-infantil-cabo-verde\/#faq-question-1788418296806","name":"\u00bfA qui\u00e9n va dirigida la atenci\u00f3n sanitaria de estos centros?","answerCount":1,"acceptedAnswer":{"@type":"Answer","text":"A todos los ni\u00f1os y ni\u00f1as de las comunidades locales de entre 0 y 13 a\u00f1os, de manera universal y 100% gratuita.","inLanguage":"es"},"inLanguage":"es"},{"@type":"Question","@id":"https:\/\/www.riu.com\/blog\/riu-africa-avanza-salud-infantil-cabo-verde\/#faq-question-1788418316200","position":4,"url":"https:\/\/www.riu.com\/blog\/riu-africa-avanza-salud-infantil-cabo-verde\/#faq-question-1788418316200","name":"\u00bfC\u00f3mo se financia el mantenimiento de los consultorios m\u00e9dicos?","answerCount":1,"acceptedAnswer":{"@type":"Answer","text":"RIU Hotels &amp; Resorts asume la viabilidad econ\u00f3mica y operativa de los consultorios a trav\u00e9s de su estrategia de sostenibilidad <em>Proudly Committed<\/em>, garantizando fondos presupuestarios continuos para salarios, equipamiento m\u00e9dico y licencias hasta al menos 2029.","inLanguage":"es"},"inLanguage":"es"},{"@type":"Question","@id":"https:\/\/www.riu.com\/blog\/riu-africa-avanza-salud-infantil-cabo-verde\/#faq-question-1788418325196","position":5,"url":"https:\/\/www.riu.com\/blog\/riu-africa-avanza-salud-infantil-cabo-verde\/#faq-question-1788418325196","name":"\u00bfQu\u00e9 papel juega el Ministerio de Salud de Cabo Verde en el proyecto?","answerCount":1,"acceptedAnswer":{"@type":"Answer","text":"Los consultorios est\u00e1n alineados y coordinados con el Ministerio de Salud de Cabo Verde, mediante protocolos de colaboraci\u00f3n mutua y derivando los casos complejos a la red de hospitales p\u00fablicos del pa\u00eds.","inLanguage":"es"},"inLanguage":"es"},{"@type":"Question","@id":"https:\/\/www.riu.com\/blog\/riu-africa-avanza-salud-infantil-cabo-verde\/#faq-question-1788418336135","position":6,"url":"https:\/\/www.riu.com\/blog\/riu-africa-avanza-salud-infantil-cabo-verde\/#faq-question-1788418336135","name":"\u00bfCu\u00e1l es la implicaci\u00f3n de RIU Hotels con la comunidad de Cabo Verde?","answerCount":1,"acceptedAnswer":{"@type":"Answer","text":"Cabo Verde representa casi el 10% de la oferta de RIU. Adem\u00e1s de sus proyectos de sanidad infantil y biodiversidad, el 90% de los trabajadores de los seis hoteles de la cadena en el pa\u00eds son de origen caboverdiano.","inLanguage":"es"},"inLanguage":"es"},{"@type":"Question","@id":"https:\/\/www.riu.com\/blog\/riu-africa-avanza-salud-infantil-cabo-verde\/#faq-question-1788418355964","position":7,"url":"https:\/\/www.riu.com\/blog\/riu-africa-avanza-salud-infantil-cabo-verde\/#faq-question-1788418355964","name":"\u00bfQu\u00e9 labores realiza \u00c1frica Avanza m\u00e1s all\u00e1 de la atenci\u00f3n en los consultorios?","answerCount":1,"acceptedAnswer":{"@type":"Answer","text":"\u00c1frica Avanza desarrolla una labor social integral en Cabo Verde que va mucho m\u00e1s all\u00e1 de la atenci\u00f3n en consultas m\u00e9dicas. El proyecto incluye actividades de formaci\u00f3n y sensibilizaci\u00f3n con la Comunidad, a trav\u00e9s de \u00a0charlas de prevenci\u00f3n y educaci\u00f3n sanitaria dirigidas a a padres, jardines de infancia, escuelas y asociaciones locales. Tambi\u00e9n incluye \u00a0el despliegue de un consultorio m\u00f3vil para llegar a las comunidades m\u00e1s alejadas. Adem\u00e1s, la ONGD coordina otros proyectos clave en el pa\u00eds como <em>M\u00e9dicos Solidarios para Cabo Verde<\/em>, dedicado a misiones m\u00e9dicas y quir\u00fargicas especializadas, y el programa <em>+Sa\u00fade +Muller<\/em>, enfocado en la prevenci\u00f3n del c\u00e1ncer de cuello de \u00fatero en mujeres","inLanguage":"es"},"inLanguage":"es"}]}},"_links":{"self":[{"href":"https:\/\/www.riu.com\/blog\/wp-json\/wp\/v2\/posts\/45460","targetHints":{"allow":["GET"]}}],"collection":[{"href":"https:\/\/www.riu.com\/blog\/wp-json\/wp\/v2\/posts"}],"about":[{"href":"https:\/\/www.riu.com\/blog\/wp-json\/wp\/v2\/types\/post"}],"author":[{"embeddable":true,"href":"https:\/\/www.riu.com\/blog\/wp-json\/wp\/v2\/users\/3"}],"replies":[{"embeddable":true,"href":"https:\/\/www.riu.com\/blog\/wp-json\/wp\/v2\/comments?post=45460"}],"version-history":[{"count":5,"href":"https:\/\/www.riu.com\/blog\/wp-json\/wp\/v2\/posts\/45460\/revisions"}],"predecessor-version":[{"id":45551,"href":"https:\/\/www.riu.com\/blog\/wp-json\/wp\/v2\/posts\/45460\/revisions\/45551"}],"wp:featuredmedia":[{"embeddable":true,"href":"https:\/\/www.riu.com\/blog\/wp-json\/wp\/v2\/media\/45468"}],"wp:attachment":[{"href":"https:\/\/www.riu.com\/blog\/wp-json\/wp\/v2\/media?parent=45460"}],"wp:term":[{"taxonomy":"category","embeddable":true,"href":"https:\/\/www.riu.com\/blog\/wp-json\/wp\/v2\/categories?post=45460"},{"taxonomy":"post_tag","embeddable":true,"href":"https:\/\/www.riu.com\/blog\/wp-json\/wp\/v2\/tags?post=45460"}],"curies":[{"name":"wp","href":"https:\/\/api.w.org\/{rel}","templated":true}]}}