{"id":4673,"date":"2018-02-13T10:41:05","date_gmt":"2018-02-13T09:41:05","guid":{"rendered":"http:\/\/www.riu.com\/blog\/?p=4673"},"modified":"2019-03-22T13:10:20","modified_gmt":"2019-03-22T12:10:20","slug":"menos-de-dos-meses-reapertura-del-reformado-clubhotel-riu-chiclana","status":"publish","type":"post","link":"https:\/\/www.riu.com\/blog\/menos-de-dos-meses-reapertura-del-reformado-clubhotel-riu-chiclana\/","title":{"rendered":"\u00a1Faltan menos de dos meses para la reapertura del reformado ClubHotel Riu Chiclana!"},"content":{"rendered":"<p>En RIU no paramos de darte buenas noticias: en menos de dos meses abrir\u00e1 sus puertas totalmente reformado\u2026 \u00a1el ClubHotel Riu Chiclana! Situado en un destino tan maravilloso como es Andaluc\u00eda, nuestro hotel en Chiclana gozar\u00e1 de los servicios m\u00e1s actualizados y de unas instalaciones con una decoraci\u00f3n m\u00e1s moderna y fresca, acorde al nuevo estilo de RIU.<\/p>\n<p><a href=\"http:\/\/www.riu.com\/blog\/wp-content\/uploads\/2018\/02\/Chiclana-Lobby.jpg\"><img loading=\"lazy\" decoding=\"async\" class=\"aligncenter size-large wp-image-4679\" src=\"http:\/\/www.riu.com\/blog\/wp-content\/uploads\/2018\/02\/Chiclana-Lobby-1024x576.jpg\" alt=\"\" width=\"1024\" height=\"576\" srcset=\"https:\/\/www.riu.com\/blog\/wp-content\/uploads\/2018\/02\/Chiclana-Lobby-1024x576.jpg 1024w, https:\/\/www.riu.com\/blog\/wp-content\/uploads\/2018\/02\/Chiclana-Lobby-250x141.jpg 250w, https:\/\/www.riu.com\/blog\/wp-content\/uploads\/2018\/02\/Chiclana-Lobby-700x393.jpg 700w, https:\/\/www.riu.com\/blog\/wp-content\/uploads\/2018\/02\/Chiclana-Lobby-120x67.jpg 120w, https:\/\/www.riu.com\/blog\/wp-content\/uploads\/2018\/02\/Chiclana-Lobby-768x432.jpg 768w, https:\/\/www.riu.com\/blog\/wp-content\/uploads\/2018\/02\/Chiclana-Lobby-300x169.jpg 300w\" sizes=\"auto, (max-width: 1024px) 100vw, 1024px\" \/><\/a><\/p>\n<p>Tras la reforma el ClubHotel Riu Chiclana pasar\u00e1 a ofrecer, adem\u00e1s de WiFi gratuito en todo el hotel, el exclusivo servicio Todo Incluido 24 Horas de RIU, con el que nuestros hu\u00e9spedes podr\u00e1n disfrutar de sus bebidas favoritas y snacks en el nuevo bar \u2018Lounge 24\u2019 en cualquier momento. Quienes se hospeden en el hotel podr\u00e1n disfrutar tambi\u00e9n de la gran ampliaci\u00f3n que se ha llevado a cabo en la zona de aparcamiento gratuito del hotel.<\/p>\n<p><a href=\"http:\/\/www.riu.com\/blog\/wp-content\/uploads\/2018\/02\/Chiclana-Lounge-24.jpg\"><img loading=\"lazy\" decoding=\"async\" class=\"aligncenter size-large wp-image-4680\" src=\"http:\/\/www.riu.com\/blog\/wp-content\/uploads\/2018\/02\/Chiclana-Lounge-24-1024x575.jpg\" alt=\"\" width=\"1024\" height=\"575\" srcset=\"https:\/\/www.riu.com\/blog\/wp-content\/uploads\/2018\/02\/Chiclana-Lounge-24-1024x575.jpg 1024w, https:\/\/www.riu.com\/blog\/wp-content\/uploads\/2018\/02\/Chiclana-Lounge-24-250x140.jpg 250w, https:\/\/www.riu.com\/blog\/wp-content\/uploads\/2018\/02\/Chiclana-Lounge-24-700x393.jpg 700w, https:\/\/www.riu.com\/blog\/wp-content\/uploads\/2018\/02\/Chiclana-Lounge-24-120x67.jpg 120w, https:\/\/www.riu.com\/blog\/wp-content\/uploads\/2018\/02\/Chiclana-Lounge-24-768x431.jpg 768w, https:\/\/www.riu.com\/blog\/wp-content\/uploads\/2018\/02\/Chiclana-Lounge-24-300x169.jpg 300w, https:\/\/www.riu.com\/blog\/wp-content\/uploads\/2018\/02\/Chiclana-Lounge-24.jpg 1800w\" sizes=\"auto, (max-width: 1024px) 100vw, 1024px\" \/><\/a><\/p>\n<p>En materia gastron\u00f3mica, adem\u00e1s del nuevo \u2018Lounge 24\u2019, se mantienen los cinco bares existentes tambi\u00e9n renovados: el bar piscina \u2018Calima\u2019 y el bar acu\u00e1tico \u2018Liquid Bar\u2019, que abren de julio a septiembre; el bar sal\u00f3n \u2018Buler\u00eda\u2019, que contar\u00e1 con una nueva terraza; y los bares \u2018La Plaza\u2019 y \u2018La Barrosa\u2019, cuyas puertas abren en verano. Adem\u00e1s de un nuevo bar, sumamos a la oferta culinaria del hotel un nuevo restaurante italiano, \u2018La Dolce Vita\u2019. Eesta nueva opci\u00f3n complementar\u00e1 la ya amplia oferta gastron\u00f3mica del ClubHotel Riu Chiclana, que mantiene los restaurantes \u2018Bot\u00e1nico\u2019 (principal), \u2018Noray\u2019 (tem\u00e1tico andaluz) y \u2018La Gaditana\u2019 (Grill).<\/p>\n<p><a href=\"http:\/\/www.riu.com\/blog\/wp-content\/uploads\/2018\/02\/Chiclana-Restaurante-Principal.jpg\"><img loading=\"lazy\" decoding=\"async\" class=\"aligncenter size-large wp-image-4681\" src=\"http:\/\/www.riu.com\/blog\/wp-content\/uploads\/2018\/02\/Chiclana-Restaurante-Principal-1024x731.jpg\" alt=\"\" width=\"1024\" height=\"731\" srcset=\"https:\/\/www.riu.com\/blog\/wp-content\/uploads\/2018\/02\/Chiclana-Restaurante-Principal-1024x731.jpg 1024w, https:\/\/www.riu.com\/blog\/wp-content\/uploads\/2018\/02\/Chiclana-Restaurante-Principal-250x178.jpg 250w, https:\/\/www.riu.com\/blog\/wp-content\/uploads\/2018\/02\/Chiclana-Restaurante-Principal-700x500.jpg 700w, https:\/\/www.riu.com\/blog\/wp-content\/uploads\/2018\/02\/Chiclana-Restaurante-Principal-120x86.jpg 120w, https:\/\/www.riu.com\/blog\/wp-content\/uploads\/2018\/02\/Chiclana-Restaurante-Principal-768x548.jpg 768w, https:\/\/www.riu.com\/blog\/wp-content\/uploads\/2018\/02\/Chiclana-Restaurante-Principal-300x214.jpg 300w, https:\/\/www.riu.com\/blog\/wp-content\/uploads\/2018\/02\/Chiclana-Restaurante-Principal-211x150.jpg 211w\" sizes=\"auto, (max-width: 1024px) 100vw, 1024px\" \/><\/a><\/p>\n<p>Los m\u00e1s peque\u00f1os lo pasar\u00e1n en grande con la amplia zona infantil que se ha creado, donde podr\u00e1n disfrutar de dos parques (uno interior y otro exterior), la ya existente piscina infantil y\u2026 \u00a1un nuevo parque infantil Splash! Tambi\u00e9n se ha modificado la zona de las piscinas, pasando esta de contar con dos piscinas a contar con cuatro, dos de ellas climatizables.<\/p>\n<p><a href=\"http:\/\/www.riu.com\/blog\/wp-content\/uploads\/2018\/02\/Chiclana-splash.jpg\"><img loading=\"lazy\" decoding=\"async\" class=\"aligncenter size-large wp-image-4682\" src=\"http:\/\/www.riu.com\/blog\/wp-content\/uploads\/2018\/02\/Chiclana-splash-1024x683.jpg\" alt=\"\" width=\"1024\" height=\"683\" srcset=\"https:\/\/www.riu.com\/blog\/wp-content\/uploads\/2018\/02\/Chiclana-splash-1024x683.jpg 1024w, https:\/\/www.riu.com\/blog\/wp-content\/uploads\/2018\/02\/Chiclana-splash-250x167.jpg 250w, https:\/\/www.riu.com\/blog\/wp-content\/uploads\/2018\/02\/Chiclana-splash-700x467.jpg 700w, https:\/\/www.riu.com\/blog\/wp-content\/uploads\/2018\/02\/Chiclana-splash-120x80.jpg 120w, https:\/\/www.riu.com\/blog\/wp-content\/uploads\/2018\/02\/Chiclana-splash-768x512.jpg 768w, https:\/\/www.riu.com\/blog\/wp-content\/uploads\/2018\/02\/Chiclana-splash-300x200.jpg 300w\" sizes=\"auto, (max-width: 1024px) 100vw, 1024px\" \/><\/a><\/p>\n<p>Las habitaciones tambi\u00e9n ser\u00e1n reformadas y pasar\u00e1n todas a contar con ba\u00f1o con ducha. Adem\u00e1s, se a\u00f1adir\u00e1 una nueva categor\u00eda de habitaciones: las dobles grandes. Los hu\u00e9spedes que lo deseen, tendr\u00e1n la opci\u00f3n de reservarlas con balc\u00f3n o con terraza.<\/p>\n<p><a href=\"http:\/\/www.riu.com\/blog\/wp-content\/uploads\/2018\/02\/Chiclana-Habitaci\u00f3n-Doble-Grande.jpg\"><img loading=\"lazy\" decoding=\"async\" class=\"aligncenter size-large wp-image-4678\" src=\"http:\/\/www.riu.com\/blog\/wp-content\/uploads\/2018\/02\/Chiclana-Habitaci\u00f3n-Doble-Grande-1024x682.jpg\" alt=\"\" width=\"1024\" height=\"682\" srcset=\"https:\/\/www.riu.com\/blog\/wp-content\/uploads\/2018\/02\/Chiclana-Habitaci\u00f3n-Doble-Grande-1024x682.jpg 1024w, https:\/\/www.riu.com\/blog\/wp-content\/uploads\/2018\/02\/Chiclana-Habitaci\u00f3n-Doble-Grande-250x167.jpg 250w, https:\/\/www.riu.com\/blog\/wp-content\/uploads\/2018\/02\/Chiclana-Habitaci\u00f3n-Doble-Grande-700x466.jpg 700w, https:\/\/www.riu.com\/blog\/wp-content\/uploads\/2018\/02\/Chiclana-Habitaci\u00f3n-Doble-Grande-120x80.jpg 120w, https:\/\/www.riu.com\/blog\/wp-content\/uploads\/2018\/02\/Chiclana-Habitaci\u00f3n-Doble-Grande-768x512.jpg 768w, https:\/\/www.riu.com\/blog\/wp-content\/uploads\/2018\/02\/Chiclana-Habitaci\u00f3n-Doble-Grande-300x200.jpg 300w\" sizes=\"auto, (max-width: 1024px) 100vw, 1024px\" \/><\/a><\/p>\n<p>Saber cu\u00e1les son las novedades del <a href=\"https:\/\/www.riu.com\/es\/hotel\/espana\/cadiz-chiclana\/clubhotel-riu-chiclana\/index.jsp\" target=\"_blank\" rel=\"noopener noreferrer\">ClubHotel Riu Chiclana<\/a> seguro que te ha encantado, pero estamos seguros de que m\u00e1s te encantar\u00e1 visitarlo, conocer todos los cambios del hotel en persona y disfrutar de unos fant\u00e1sticos d\u00edas con nosotros. No le des m\u00e1s vueltas y reserva ya tu estancia con nosotros en Chiclana, donde abriremos las puertas de nuestro hotel a finales de marzo. \u00a1Te esperamos!<\/p>\n","protected":false},"excerpt":{"rendered":"En RIU no paramos de darte buenas noticias: en menos de dos meses abrir\u00e1 sus puertas totalmente reformado\u2026 \u00a1el ClubHotel Riu Chiclana! Situado en un destino tan maravilloso como es Andaluc\u00eda, nuestro hotel en Chiclana gozar\u00e1 de los servicios m\u00e1s actualizados y de unas instalaciones con una decoraci\u00f3n m\u00e1s moderna y fresca, acorde al nuevo&#8230;","protected":false},"author":3,"featured_media":4677,"comment_status":"open","ping_status":"closed","sticky":false,"template":"","format":"standard","meta":{"_acf_changed":false,"footnotes":""},"categories":[42,3],"tags":[],"class_list":["post-4673","post","type-post","status-publish","format-standard","has-post-thumbnail","hentry","category-destino","category-hotels"],"acf":[],"yoast_head":"<!-- This site is optimized with the Yoast SEO plugin v27.2 - https:\/\/yoast.com\/product\/yoast-seo-wordpress\/ -->\n<title>\u00a1Faltan menos de dos meses para la reapertura del reformado ClubHotel Riu Chiclana! - RIU.com | Blog<\/title>\n<meta name=\"description\" content=\"En menos de dos meses reabrir\u00e1 sus puertas el ClubHotel Riu Chiclana. Entra en este post y conoce todos los cambios que vas a poder disfrutar.\" \/>\n<meta name=\"robots\" content=\"index, follow, max-snippet:-1, max-image-preview:large, max-video-preview:-1\" \/>\n<link rel=\"canonical\" href=\"https:\/\/www.riu.com\/blog\/menos-de-dos-meses-reapertura-del-reformado-clubhotel-riu-chiclana\/\" \/>\n<meta property=\"og:locale\" content=\"es_ES\" \/>\n<meta property=\"og:type\" content=\"article\" \/>\n<meta property=\"og:title\" content=\"\u00a1Faltan menos de dos meses para la reapertura del reformado ClubHotel Riu Chiclana! - RIU.com | Blog\" \/>\n<meta property=\"og:description\" content=\"En menos de dos meses reabrir\u00e1 sus puertas el ClubHotel Riu Chiclana. Entra en este post y conoce todos los cambios que vas a poder disfrutar.\" \/>\n<meta property=\"og:url\" content=\"https:\/\/www.riu.com\/blog\/menos-de-dos-meses-reapertura-del-reformado-clubhotel-riu-chiclana\/\" \/>\n<meta property=\"og:site_name\" content=\"RIU.com | Blog\" \/>\n<meta property=\"article:published_time\" content=\"2018-02-13T09:41:05+00:00\" \/>\n<meta property=\"article:modified_time\" content=\"2019-03-22T12:10:20+00:00\" \/>\n<meta property=\"og:image\" content=\"https:\/\/www.riu.com\/blog\/wp-content\/uploads\/2018\/02\/Chiclana-Destacada.jpg\" \/>\n\t<meta property=\"og:image:width\" content=\"2400\" \/>\n\t<meta property=\"og:image:height\" content=\"1349\" \/>\n\t<meta property=\"og:image:type\" content=\"image\/jpeg\" \/>\n<meta name=\"author\" content=\"Riu Hotels\" \/>\n<meta name=\"twitter:card\" content=\"summary_large_image\" \/>\n<meta name=\"twitter:label1\" content=\"Escrito por\" \/>\n\t<meta name=\"twitter:data1\" content=\"Riu Hotels\" \/>\n\t<meta name=\"twitter:label2\" content=\"Tiempo de lectura\" \/>\n\t<meta name=\"twitter:data2\" content=\"2 minutos\" \/>\n<script type=\"application\/ld+json\" class=\"yoast-schema-graph\">{\"@context\":\"https:\/\/schema.org\",\"@graph\":[{\"@type\":\"NewsArticle\",\"@id\":\"https:\/\/www.riu.com\/blog\/menos-de-dos-meses-reapertura-del-reformado-clubhotel-riu-chiclana\/#article\",\"isPartOf\":{\"@id\":\"https:\/\/www.riu.com\/blog\/menos-de-dos-meses-reapertura-del-reformado-clubhotel-riu-chiclana\/\"},\"author\":{\"name\":\"Riu Hotels\",\"@id\":\"https:\/\/www.riu.com\/blog\/de\/#\/schema\/person\/0d2e827ad7e2aee20a09a05bdc3fb45f\"},\"headline\":\"\u00a1Faltan menos de dos meses para la reapertura del reformado ClubHotel Riu Chiclana!\",\"datePublished\":\"2018-02-13T09:41:05+00:00\",\"dateModified\":\"2019-03-22T12:10:20+00:00\",\"mainEntityOfPage\":{\"@id\":\"https:\/\/www.riu.com\/blog\/menos-de-dos-meses-reapertura-del-reformado-clubhotel-riu-chiclana\/\"},\"wordCount\":454,\"commentCount\":10,\"image\":{\"@id\":\"https:\/\/www.riu.com\/blog\/menos-de-dos-meses-reapertura-del-reformado-clubhotel-riu-chiclana\/#primaryimage\"},\"thumbnailUrl\":\"https:\/\/www.riu.com\/blog\/wp-content\/uploads\/2018\/02\/Chiclana-Destacada.jpg\",\"articleSection\":[\"Destino\",\"Hoteles\"],\"inLanguage\":\"es\",\"potentialAction\":[{\"@type\":\"CommentAction\",\"name\":\"Comment\",\"target\":[\"https:\/\/www.riu.com\/blog\/menos-de-dos-meses-reapertura-del-reformado-clubhotel-riu-chiclana\/#respond\"]}]},{\"@type\":[\"WebPage\",\"ItemPage\"],\"@id\":\"https:\/\/www.riu.com\/blog\/menos-de-dos-meses-reapertura-del-reformado-clubhotel-riu-chiclana\/\",\"url\":\"https:\/\/www.riu.com\/blog\/menos-de-dos-meses-reapertura-del-reformado-clubhotel-riu-chiclana\/\",\"name\":\"\u00a1Faltan menos de dos meses para la reapertura del reformado ClubHotel Riu Chiclana! - RIU.com | Blog\",\"isPartOf\":{\"@id\":\"https:\/\/www.riu.com\/blog\/de\/#website\"},\"primaryImageOfPage\":{\"@id\":\"https:\/\/www.riu.com\/blog\/menos-de-dos-meses-reapertura-del-reformado-clubhotel-riu-chiclana\/#primaryimage\"},\"image\":{\"@id\":\"https:\/\/www.riu.com\/blog\/menos-de-dos-meses-reapertura-del-reformado-clubhotel-riu-chiclana\/#primaryimage\"},\"thumbnailUrl\":\"https:\/\/www.riu.com\/blog\/wp-content\/uploads\/2018\/02\/Chiclana-Destacada.jpg\",\"datePublished\":\"2018-02-13T09:41:05+00:00\",\"dateModified\":\"2019-03-22T12:10:20+00:00\",\"author\":{\"@id\":\"https:\/\/www.riu.com\/blog\/de\/#\/schema\/person\/0d2e827ad7e2aee20a09a05bdc3fb45f\"},\"description\":\"En menos de dos meses reabrir\u00e1 sus puertas el ClubHotel Riu Chiclana. Entra en este post y conoce todos los cambios que vas a poder disfrutar.\",\"breadcrumb\":{\"@id\":\"https:\/\/www.riu.com\/blog\/menos-de-dos-meses-reapertura-del-reformado-clubhotel-riu-chiclana\/#breadcrumb\"},\"inLanguage\":\"es\",\"potentialAction\":[{\"@type\":\"ReadAction\",\"target\":[\"https:\/\/www.riu.com\/blog\/menos-de-dos-meses-reapertura-del-reformado-clubhotel-riu-chiclana\/\"]}]},{\"@type\":\"ImageObject\",\"inLanguage\":\"es\",\"@id\":\"https:\/\/www.riu.com\/blog\/menos-de-dos-meses-reapertura-del-reformado-clubhotel-riu-chiclana\/#primaryimage\",\"url\":\"https:\/\/www.riu.com\/blog\/wp-content\/uploads\/2018\/02\/Chiclana-Destacada.jpg\",\"contentUrl\":\"https:\/\/www.riu.com\/blog\/wp-content\/uploads\/2018\/02\/Chiclana-Destacada.jpg\",\"width\":2400,\"height\":1349},{\"@type\":\"BreadcrumbList\",\"@id\":\"https:\/\/www.riu.com\/blog\/menos-de-dos-meses-reapertura-del-reformado-clubhotel-riu-chiclana\/#breadcrumb\",\"itemListElement\":[{\"@type\":\"ListItem\",\"position\":1,\"name\":\"Portada\",\"item\":\"https:\/\/www.riu.com\/blog\/de\/\"},{\"@type\":\"ListItem\",\"position\":2,\"name\":\"\u00a1Faltan menos de dos meses para la reapertura del reformado ClubHotel Riu Chiclana!\"}]},{\"@type\":\"WebSite\",\"@id\":\"https:\/\/www.riu.com\/blog\/de\/#website\",\"url\":\"https:\/\/www.riu.com\/blog\/de\/\",\"name\":\"RIU.com | Blog\",\"description\":\"Blog de Riu Hotels &amp; Resorts | Noticias exclusivas de la cadena Riu Hotels &amp; Resorts | Hoteles en Espa\u00f1a, M\u00e9xico, Jamaica, Rep\u00fablica Dominicana, Portugal, Miami y muchos m\u00e1s.\",\"potentialAction\":[{\"@type\":\"SearchAction\",\"target\":{\"@type\":\"EntryPoint\",\"urlTemplate\":\"https:\/\/www.riu.com\/blog\/de\/?s={search_term_string}\"},\"query-input\":{\"@type\":\"PropertyValueSpecification\",\"valueRequired\":true,\"valueName\":\"search_term_string\"}}],\"inLanguage\":\"es\"},{\"@type\":\"Person\",\"@id\":\"https:\/\/www.riu.com\/blog\/de\/#\/schema\/person\/0d2e827ad7e2aee20a09a05bdc3fb45f\",\"name\":\"Riu Hotels\",\"image\":{\"@type\":\"ImageObject\",\"inLanguage\":\"es\",\"@id\":\"https:\/\/secure.gravatar.com\/avatar\/1845185f5dc0c5d7a3adb797bcd6cae1d3df26e3eead5da96b212485b274bdf3?s=96&d=mm&r=g\",\"url\":\"https:\/\/secure.gravatar.com\/avatar\/1845185f5dc0c5d7a3adb797bcd6cae1d3df26e3eead5da96b212485b274bdf3?s=96&d=mm&r=g\",\"contentUrl\":\"https:\/\/secure.gravatar.com\/avatar\/1845185f5dc0c5d7a3adb797bcd6cae1d3df26e3eead5da96b212485b274bdf3?s=96&d=mm&r=g\",\"caption\":\"Riu Hotels\"},\"url\":\"https:\/\/www.riu.com\/blog\/author\/riu\/\"}]}<\/script>\n<!-- \/ Yoast SEO plugin. -->","yoast_head_json":{"title":"\u00a1Faltan menos de dos meses para la reapertura del reformado ClubHotel Riu Chiclana! - RIU.com | Blog","description":"En menos de dos meses reabrir\u00e1 sus puertas el ClubHotel Riu Chiclana. Entra en este post y conoce todos los cambios que vas a poder disfrutar.","robots":{"index":"index","follow":"follow","max-snippet":"max-snippet:-1","max-image-preview":"max-image-preview:large","max-video-preview":"max-video-preview:-1"},"canonical":"https:\/\/www.riu.com\/blog\/menos-de-dos-meses-reapertura-del-reformado-clubhotel-riu-chiclana\/","og_locale":"es_ES","og_type":"article","og_title":"\u00a1Faltan menos de dos meses para la reapertura del reformado ClubHotel Riu Chiclana! - RIU.com | Blog","og_description":"En menos de dos meses reabrir\u00e1 sus puertas el ClubHotel Riu Chiclana. Entra en este post y conoce todos los cambios que vas a poder disfrutar.","og_url":"https:\/\/www.riu.com\/blog\/menos-de-dos-meses-reapertura-del-reformado-clubhotel-riu-chiclana\/","og_site_name":"RIU.com | Blog","article_published_time":"2018-02-13T09:41:05+00:00","article_modified_time":"2019-03-22T12:10:20+00:00","og_image":[{"width":2400,"height":1349,"url":"https:\/\/www.riu.com\/blog\/wp-content\/uploads\/2018\/02\/Chiclana-Destacada.jpg","type":"image\/jpeg"}],"author":"Riu Hotels","twitter_card":"summary_large_image","twitter_misc":{"Escrito por":"Riu Hotels","Tiempo de lectura":"2 minutos"},"schema":{"@context":"https:\/\/schema.org","@graph":[{"@type":"NewsArticle","@id":"https:\/\/www.riu.com\/blog\/menos-de-dos-meses-reapertura-del-reformado-clubhotel-riu-chiclana\/#article","isPartOf":{"@id":"https:\/\/www.riu.com\/blog\/menos-de-dos-meses-reapertura-del-reformado-clubhotel-riu-chiclana\/"},"author":{"name":"Riu Hotels","@id":"https:\/\/www.riu.com\/blog\/de\/#\/schema\/person\/0d2e827ad7e2aee20a09a05bdc3fb45f"},"headline":"\u00a1Faltan menos de dos meses para la reapertura del reformado ClubHotel Riu Chiclana!","datePublished":"2018-02-13T09:41:05+00:00","dateModified":"2019-03-22T12:10:20+00:00","mainEntityOfPage":{"@id":"https:\/\/www.riu.com\/blog\/menos-de-dos-meses-reapertura-del-reformado-clubhotel-riu-chiclana\/"},"wordCount":454,"commentCount":10,"image":{"@id":"https:\/\/www.riu.com\/blog\/menos-de-dos-meses-reapertura-del-reformado-clubhotel-riu-chiclana\/#primaryimage"},"thumbnailUrl":"https:\/\/www.riu.com\/blog\/wp-content\/uploads\/2018\/02\/Chiclana-Destacada.jpg","articleSection":["Destino","Hoteles"],"inLanguage":"es","potentialAction":[{"@type":"CommentAction","name":"Comment","target":["https:\/\/www.riu.com\/blog\/menos-de-dos-meses-reapertura-del-reformado-clubhotel-riu-chiclana\/#respond"]}]},{"@type":["WebPage","ItemPage"],"@id":"https:\/\/www.riu.com\/blog\/menos-de-dos-meses-reapertura-del-reformado-clubhotel-riu-chiclana\/","url":"https:\/\/www.riu.com\/blog\/menos-de-dos-meses-reapertura-del-reformado-clubhotel-riu-chiclana\/","name":"\u00a1Faltan menos de dos meses para la reapertura del reformado ClubHotel Riu Chiclana! - RIU.com | Blog","isPartOf":{"@id":"https:\/\/www.riu.com\/blog\/de\/#website"},"primaryImageOfPage":{"@id":"https:\/\/www.riu.com\/blog\/menos-de-dos-meses-reapertura-del-reformado-clubhotel-riu-chiclana\/#primaryimage"},"image":{"@id":"https:\/\/www.riu.com\/blog\/menos-de-dos-meses-reapertura-del-reformado-clubhotel-riu-chiclana\/#primaryimage"},"thumbnailUrl":"https:\/\/www.riu.com\/blog\/wp-content\/uploads\/2018\/02\/Chiclana-Destacada.jpg","datePublished":"2018-02-13T09:41:05+00:00","dateModified":"2019-03-22T12:10:20+00:00","author":{"@id":"https:\/\/www.riu.com\/blog\/de\/#\/schema\/person\/0d2e827ad7e2aee20a09a05bdc3fb45f"},"description":"En menos de dos meses reabrir\u00e1 sus puertas el ClubHotel Riu Chiclana. Entra en este post y conoce todos los cambios que vas a poder disfrutar.","breadcrumb":{"@id":"https:\/\/www.riu.com\/blog\/menos-de-dos-meses-reapertura-del-reformado-clubhotel-riu-chiclana\/#breadcrumb"},"inLanguage":"es","potentialAction":[{"@type":"ReadAction","target":["https:\/\/www.riu.com\/blog\/menos-de-dos-meses-reapertura-del-reformado-clubhotel-riu-chiclana\/"]}]},{"@type":"ImageObject","inLanguage":"es","@id":"https:\/\/www.riu.com\/blog\/menos-de-dos-meses-reapertura-del-reformado-clubhotel-riu-chiclana\/#primaryimage","url":"https:\/\/www.riu.com\/blog\/wp-content\/uploads\/2018\/02\/Chiclana-Destacada.jpg","contentUrl":"https:\/\/www.riu.com\/blog\/wp-content\/uploads\/2018\/02\/Chiclana-Destacada.jpg","width":2400,"height":1349},{"@type":"BreadcrumbList","@id":"https:\/\/www.riu.com\/blog\/menos-de-dos-meses-reapertura-del-reformado-clubhotel-riu-chiclana\/#breadcrumb","itemListElement":[{"@type":"ListItem","position":1,"name":"Portada","item":"https:\/\/www.riu.com\/blog\/de\/"},{"@type":"ListItem","position":2,"name":"\u00a1Faltan menos de dos meses para la reapertura del reformado ClubHotel Riu Chiclana!"}]},{"@type":"WebSite","@id":"https:\/\/www.riu.com\/blog\/de\/#website","url":"https:\/\/www.riu.com\/blog\/de\/","name":"RIU.com | Blog","description":"Blog de Riu Hotels &amp; Resorts | Noticias exclusivas de la cadena Riu Hotels &amp; Resorts | Hoteles en Espa\u00f1a, M\u00e9xico, Jamaica, Rep\u00fablica Dominicana, Portugal, Miami y muchos m\u00e1s.","potentialAction":[{"@type":"SearchAction","target":{"@type":"EntryPoint","urlTemplate":"https:\/\/www.riu.com\/blog\/de\/?s={search_term_string}"},"query-input":{"@type":"PropertyValueSpecification","valueRequired":true,"valueName":"search_term_string"}}],"inLanguage":"es"},{"@type":"Person","@id":"https:\/\/www.riu.com\/blog\/de\/#\/schema\/person\/0d2e827ad7e2aee20a09a05bdc3fb45f","name":"Riu Hotels","image":{"@type":"ImageObject","inLanguage":"es","@id":"https:\/\/secure.gravatar.com\/avatar\/1845185f5dc0c5d7a3adb797bcd6cae1d3df26e3eead5da96b212485b274bdf3?s=96&d=mm&r=g","url":"https:\/\/secure.gravatar.com\/avatar\/1845185f5dc0c5d7a3adb797bcd6cae1d3df26e3eead5da96b212485b274bdf3?s=96&d=mm&r=g","contentUrl":"https:\/\/secure.gravatar.com\/avatar\/1845185f5dc0c5d7a3adb797bcd6cae1d3df26e3eead5da96b212485b274bdf3?s=96&d=mm&r=g","caption":"Riu Hotels"},"url":"https:\/\/www.riu.com\/blog\/author\/riu\/"}]}},"_links":{"self":[{"href":"https:\/\/www.riu.com\/blog\/wp-json\/wp\/v2\/posts\/4673","targetHints":{"allow":["GET"]}}],"collection":[{"href":"https:\/\/www.riu.com\/blog\/wp-json\/wp\/v2\/posts"}],"about":[{"href":"https:\/\/www.riu.com\/blog\/wp-json\/wp\/v2\/types\/post"}],"author":[{"embeddable":true,"href":"https:\/\/www.riu.com\/blog\/wp-json\/wp\/v2\/users\/3"}],"replies":[{"embeddable":true,"href":"https:\/\/www.riu.com\/blog\/wp-json\/wp\/v2\/comments?post=4673"}],"version-history":[{"count":4,"href":"https:\/\/www.riu.com\/blog\/wp-json\/wp\/v2\/posts\/4673\/revisions"}],"predecessor-version":[{"id":10041,"href":"https:\/\/www.riu.com\/blog\/wp-json\/wp\/v2\/posts\/4673\/revisions\/10041"}],"wp:featuredmedia":[{"embeddable":true,"href":"https:\/\/www.riu.com\/blog\/wp-json\/wp\/v2\/media\/4677"}],"wp:attachment":[{"href":"https:\/\/www.riu.com\/blog\/wp-json\/wp\/v2\/media?parent=4673"}],"wp:term":[{"taxonomy":"category","embeddable":true,"href":"https:\/\/www.riu.com\/blog\/wp-json\/wp\/v2\/categories?post=4673"},{"taxonomy":"post_tag","embeddable":true,"href":"https:\/\/www.riu.com\/blog\/wp-json\/wp\/v2\/tags?post=4673"}],"curies":[{"name":"wp","href":"https:\/\/api.w.org\/{rel}","templated":true}]}}