{"id":5286,"date":"2018-04-11T16:02:43","date_gmt":"2018-04-11T14:02:43","guid":{"rendered":"https:\/\/www.riu.com\/blog\/?p=5286"},"modified":"2023-05-29T10:32:56","modified_gmt":"2023-05-29T08:32:56","slug":"visita-madeira-y-enamorate-de-su-capital-funchal","status":"publish","type":"post","link":"https:\/\/www.riu.com\/blog\/visita-madeira-y-enamorate-de-su-capital-funchal\/","title":{"rendered":"Visita Madeira y enam\u00f3rate de su capital: Funchal"},"content":{"rendered":"<p>Igual que sucede con las Islas Canarias con respecto a Espa\u00f1a, hay una peque\u00f1a isla que pese a formar parte de Portugal est\u00e1 situada en aguas africanas. Se trata de Madeira, una isla de 57 km de largo y un ancho m\u00e1ximo de 22 km. Gracias a su reducido tama\u00f1o podr\u00e1s explorar todos sus rincones, todos esos lugares que todo visitante debe conocer. Uno de ellos es Funchal, la capital, una ciudad en la es necesario perderse entre sus calles para conocerla\u2026y enamorarse de ella.<\/p>\n<p><a href=\"https:\/\/www.riu.com\/blog\/wp-content\/uploads\/2018\/04\/shutterstock_564813403.jpg\"><img loading=\"lazy\" decoding=\"async\" width=\"700\" height=\"465\" class=\"aligncenter size-large wp-image-5287\" src=\"https:\/\/www.riu.com\/blog\/wp-content\/uploads\/2018\/04\/shutterstock_564813403-700x465.jpg\" alt=\"\" srcset=\"https:\/\/www.riu.com\/blog\/wp-content\/uploads\/2018\/04\/shutterstock_564813403-700x465.jpg 700w, https:\/\/www.riu.com\/blog\/wp-content\/uploads\/2018\/04\/shutterstock_564813403-250x166.jpg 250w, https:\/\/www.riu.com\/blog\/wp-content\/uploads\/2018\/04\/shutterstock_564813403-768x510.jpg 768w, https:\/\/www.riu.com\/blog\/wp-content\/uploads\/2018\/04\/shutterstock_564813403-120x80.jpg 120w\" sizes=\"auto, (max-width: 700px) 100vw, 700px\" \/><\/a><\/p>\n<p>Son variados y cuantiosos los atractivos que tiene la ciudad. Entre ellos se encuentra el mercado de Lavradores, ubicado en el centro del casco antiguo. Recorrerlo, sentir el olor a fruta que desprende o interactuar con otros turistas o comerciantes isle\u00f1os te har\u00e1 sentir que eres uno m\u00e1s all\u00ed. El colorido es tan variado como la oferta de fruta, as\u00ed que si antes de entrar tienes hambre, seguramente salgas satisfecho. En los laterales del mercado, la zona m\u00e1s tranquila, encontrar\u00e1s tiendas con recuerdos y puestos con todo tipo de pescados del lugar.<\/p>\n<p><a href=\"https:\/\/www.riu.com\/blog\/wp-content\/uploads\/2018\/04\/shutterstock_680763223.jpg\"><img loading=\"lazy\" decoding=\"async\" width=\"700\" height=\"467\" class=\"aligncenter size-large wp-image-5289\" src=\"https:\/\/www.riu.com\/blog\/wp-content\/uploads\/2018\/04\/shutterstock_680763223-700x467.jpg\" alt=\"\" srcset=\"https:\/\/www.riu.com\/blog\/wp-content\/uploads\/2018\/04\/shutterstock_680763223-700x467.jpg 700w, https:\/\/www.riu.com\/blog\/wp-content\/uploads\/2018\/04\/shutterstock_680763223-250x167.jpg 250w, https:\/\/www.riu.com\/blog\/wp-content\/uploads\/2018\/04\/shutterstock_680763223-768x513.jpg 768w, https:\/\/www.riu.com\/blog\/wp-content\/uploads\/2018\/04\/shutterstock_680763223-120x80.jpg 120w\" sizes=\"auto, (max-width: 700px) 100vw, 700px\" \/><\/a><\/p>\n<p>Tampoco puedes perder la ocasi\u00f3n de visitar la Zona Velha, uno de los barrios con m\u00e1s personalidad de toda la capital madeirense. Perderse por sus bellas calles adoquinadas te permitir\u00e1 impregnarte del ambiente del barrio m\u00e1s moderno del lugar, por lo que tu paseo no ser\u00e1 en vano y menos a\u00fan si acabas llegando a la Rua de Santa Mar\u00eda. Es una de las calles principales de la ciudad y en ella puedes encontrar desde bares y restaurantes hasta galer\u00edas en las que se exponen obras de arte. Tan valorado es el arte en el lugar, que las puertas de cada establecimiento est\u00e1n decoradas con murales pintados por artistas distintos.<\/p>\n<p><a href=\"https:\/\/www.riu.com\/blog\/wp-content\/uploads\/2018\/04\/shutterstock_706967722.jpg\"><img loading=\"lazy\" decoding=\"async\" width=\"700\" height=\"467\" class=\"aligncenter size-large wp-image-5290\" src=\"https:\/\/www.riu.com\/blog\/wp-content\/uploads\/2018\/04\/shutterstock_706967722-700x467.jpg\" alt=\"\" srcset=\"https:\/\/www.riu.com\/blog\/wp-content\/uploads\/2018\/04\/shutterstock_706967722-700x467.jpg 700w, https:\/\/www.riu.com\/blog\/wp-content\/uploads\/2018\/04\/shutterstock_706967722-250x167.jpg 250w, https:\/\/www.riu.com\/blog\/wp-content\/uploads\/2018\/04\/shutterstock_706967722-768x512.jpg 768w, https:\/\/www.riu.com\/blog\/wp-content\/uploads\/2018\/04\/shutterstock_706967722-120x80.jpg 120w\" sizes=\"auto, (max-width: 700px) 100vw, 700px\" \/><\/a><\/p>\n<p>Si visitas la iglesia de Nostra Senhora do Monte (puedes subir en funicular desde el casco antiguo) podr\u00e1s vivir una experiencia \u00fanica. Si te fijas durante la subida, podr\u00e1s ver caminando varios hombres vestidos de blanco en los alrededores de la iglesia. Ellos son los \u2018carreiros\u2019, quienes de dos en dos te hacen descender en un carro de mimbre por cuestas de lo m\u00e1s empinadas. Los \u2018carreiros\u2019 corren mientras empujan y dirigen el trineo, que como mucho suele ser dos o tres plazas. Es, sin duda, una experiencia \u00fanica que te har\u00e1 sentir un subid\u00f3n de adrenalina incre\u00edble.<\/p>\n<p><a href=\"https:\/\/www.riu.com\/blog\/wp-content\/uploads\/2018\/04\/shutterstock_612838619.jpg\"><img loading=\"lazy\" decoding=\"async\" width=\"700\" height=\"467\" class=\"aligncenter size-large wp-image-5288\" src=\"https:\/\/www.riu.com\/blog\/wp-content\/uploads\/2018\/04\/shutterstock_612838619-700x467.jpg\" alt=\"\" srcset=\"https:\/\/www.riu.com\/blog\/wp-content\/uploads\/2018\/04\/shutterstock_612838619-700x467.jpg 700w, https:\/\/www.riu.com\/blog\/wp-content\/uploads\/2018\/04\/shutterstock_612838619-250x167.jpg 250w, https:\/\/www.riu.com\/blog\/wp-content\/uploads\/2018\/04\/shutterstock_612838619-768x512.jpg 768w, https:\/\/www.riu.com\/blog\/wp-content\/uploads\/2018\/04\/shutterstock_612838619-120x80.jpg 120w\" sizes=\"auto, (max-width: 700px) 100vw, 700px\" \/><\/a><\/p>\n<p>Adem\u00e1s de estas peque\u00f1as pinceladas que te dejamos acerca de lo que es Funchal, tenemos que hablarte de su gastronom\u00eda. Como en gran parte de Madeira, es muy t\u00edpico (y realmente sabroso) el pez espada o sable del lugar con pl\u00e1tano frito. Si quieres aprender c\u00f3mo se prepara, te recordamos esta <a href=\"\/blog?p=1112\" target=\"_blank\" rel=\"noopener\">receta<\/a> de nuestro chef del Hotel Riu Madeira que compartimos en nuestro Blog. Las lapas grelhadas son otro manjar que no puedes dejar sin probar, un marisco realmente exquisito.<\/p>\n<p><a href=\"https:\/\/www.riu.com\/blog\/wp-content\/uploads\/2018\/04\/shutterstock_726383692.jpg\"><img loading=\"lazy\" decoding=\"async\" width=\"700\" height=\"525\" class=\"aligncenter size-large wp-image-5291\" src=\"https:\/\/www.riu.com\/blog\/wp-content\/uploads\/2018\/04\/shutterstock_726383692-700x525.jpg\" alt=\"\" srcset=\"https:\/\/www.riu.com\/blog\/wp-content\/uploads\/2018\/04\/shutterstock_726383692-700x525.jpg 700w, https:\/\/www.riu.com\/blog\/wp-content\/uploads\/2018\/04\/shutterstock_726383692-250x188.jpg 250w, https:\/\/www.riu.com\/blog\/wp-content\/uploads\/2018\/04\/shutterstock_726383692-768x576.jpg 768w, https:\/\/www.riu.com\/blog\/wp-content\/uploads\/2018\/04\/shutterstock_726383692-120x90.jpg 120w\" sizes=\"auto, (max-width: 700px) 100vw, 700px\" \/><\/a><\/p>\n<p>Ahora que ya tienes claro algunas de las zonas que visitar en Funchal o alguno de los platos que debes probar en el lugar, solo te falta un lugar en el que alojarte. Nosotros te proponemos que te alojes en el <a href=\"https:\/\/www.riu.com\/es\/hotel\/portugal\/madeira\/hotel-riu-palace-madeira\/index.jsp\" target=\"_blank\" rel=\"noopener\">Riu Madeira<\/a>, situado en Cani\u00e7o de Baixo, a tan solo 20 minutos de Funchal. Trae tus ganas de conocer Funchal, valent\u00eda para experimentar una bajada con los \u2018carreiros\u2019 y un est\u00f3mago preparado para probar aut\u00e9nticas delicias. \u00a1Nosotros hacemos el resto!<\/p>\n","protected":false},"excerpt":{"rendered":"Igual que sucede con las Islas Canarias con respecto a Espa\u00f1a, hay una peque\u00f1a isla que pese a formar parte de Portugal est\u00e1 situada en aguas africanas. Se trata de Madeira, una isla de 57 km de largo y un ancho m\u00e1ximo de 22 km. Gracias a su reducido tama\u00f1o podr\u00e1s explorar todos sus rincones,&#8230;","protected":false},"author":3,"featured_media":5292,"comment_status":"open","ping_status":"closed","sticky":false,"template":"","format":"standard","meta":{"_acf_changed":false,"footnotes":""},"categories":[42,3],"tags":[],"class_list":["post-5286","post","type-post","status-publish","format-standard","has-post-thumbnail","hentry","category-destino","category-hotels"],"acf":[],"yoast_head":"<!-- This site is optimized with the Yoast SEO plugin v27.2 - https:\/\/yoast.com\/product\/yoast-seo-wordpress\/ -->\n<title>Visita Madeira y enam\u00f3rate de su capital: Funchal - RIU.com | Blog<\/title>\n<meta name=\"description\" content=\"Si est\u00e1s buscando un destino distinto a los dem\u00e1s, con un encanto particular\u2026este es tu post. \u00a1Entra y conoce Funchal, la capital de Madeira!\" \/>\n<meta name=\"robots\" content=\"index, follow, max-snippet:-1, max-image-preview:large, max-video-preview:-1\" \/>\n<link rel=\"canonical\" href=\"https:\/\/www.riu.com\/blog\/visita-madeira-y-enamorate-de-su-capital-funchal\/\" \/>\n<meta property=\"og:locale\" content=\"es_ES\" \/>\n<meta property=\"og:type\" content=\"article\" \/>\n<meta property=\"og:title\" content=\"Visita Madeira y enam\u00f3rate de su capital: Funchal - RIU.com | Blog\" \/>\n<meta property=\"og:description\" content=\"Si est\u00e1s buscando un destino distinto a los dem\u00e1s, con un encanto particular\u2026este es tu post. \u00a1Entra y conoce Funchal, la capital de Madeira!\" \/>\n<meta property=\"og:url\" content=\"https:\/\/www.riu.com\/blog\/visita-madeira-y-enamorate-de-su-capital-funchal\/\" \/>\n<meta property=\"og:site_name\" content=\"RIU.com | Blog\" \/>\n<meta property=\"article:published_time\" content=\"2018-04-11T14:02:43+00:00\" \/>\n<meta property=\"article:modified_time\" content=\"2023-05-29T08:32:56+00:00\" \/>\n<meta property=\"og:image\" content=\"https:\/\/www.riu.com\/blog\/wp-content\/uploads\/2018\/04\/shutterstock_775434109-700x449.jpg\" \/>\n\t<meta property=\"og:image:width\" content=\"700\" \/>\n\t<meta property=\"og:image:height\" content=\"449\" \/>\n\t<meta property=\"og:image:type\" content=\"image\/jpeg\" \/>\n<meta name=\"author\" content=\"Riu Hotels\" \/>\n<meta name=\"twitter:card\" content=\"summary_large_image\" \/>\n<meta name=\"twitter:label1\" content=\"Escrito por\" \/>\n\t<meta name=\"twitter:data1\" content=\"Riu Hotels\" \/>\n\t<meta name=\"twitter:label2\" content=\"Tiempo de lectura\" \/>\n\t<meta name=\"twitter:data2\" content=\"3 minutos\" \/>\n<script type=\"application\/ld+json\" class=\"yoast-schema-graph\">{\"@context\":\"https:\/\/schema.org\",\"@graph\":[{\"@type\":\"NewsArticle\",\"@id\":\"https:\/\/www.riu.com\/blog\/visita-madeira-y-enamorate-de-su-capital-funchal\/#article\",\"isPartOf\":{\"@id\":\"https:\/\/www.riu.com\/blog\/visita-madeira-y-enamorate-de-su-capital-funchal\/\"},\"author\":{\"name\":\"Riu Hotels\",\"@id\":\"https:\/\/www.riu.com\/blog\/de\/#\/schema\/person\/0d2e827ad7e2aee20a09a05bdc3fb45f\"},\"headline\":\"Visita Madeira y enam\u00f3rate de su capital: Funchal\",\"datePublished\":\"2018-04-11T14:02:43+00:00\",\"dateModified\":\"2023-05-29T08:32:56+00:00\",\"mainEntityOfPage\":{\"@id\":\"https:\/\/www.riu.com\/blog\/visita-madeira-y-enamorate-de-su-capital-funchal\/\"},\"wordCount\":584,\"commentCount\":0,\"image\":{\"@id\":\"https:\/\/www.riu.com\/blog\/visita-madeira-y-enamorate-de-su-capital-funchal\/#primaryimage\"},\"thumbnailUrl\":\"https:\/\/www.riu.com\/blog\/wp-content\/uploads\/2018\/04\/shutterstock_775434109.jpg\",\"articleSection\":[\"Destino\",\"Hoteles\"],\"inLanguage\":\"es\",\"potentialAction\":[{\"@type\":\"CommentAction\",\"name\":\"Comment\",\"target\":[\"https:\/\/www.riu.com\/blog\/visita-madeira-y-enamorate-de-su-capital-funchal\/#respond\"]}]},{\"@type\":[\"WebPage\",\"ItemPage\"],\"@id\":\"https:\/\/www.riu.com\/blog\/visita-madeira-y-enamorate-de-su-capital-funchal\/\",\"url\":\"https:\/\/www.riu.com\/blog\/visita-madeira-y-enamorate-de-su-capital-funchal\/\",\"name\":\"Visita Madeira y enam\u00f3rate de su capital: Funchal - RIU.com | Blog\",\"isPartOf\":{\"@id\":\"https:\/\/www.riu.com\/blog\/de\/#website\"},\"primaryImageOfPage\":{\"@id\":\"https:\/\/www.riu.com\/blog\/visita-madeira-y-enamorate-de-su-capital-funchal\/#primaryimage\"},\"image\":{\"@id\":\"https:\/\/www.riu.com\/blog\/visita-madeira-y-enamorate-de-su-capital-funchal\/#primaryimage\"},\"thumbnailUrl\":\"https:\/\/www.riu.com\/blog\/wp-content\/uploads\/2018\/04\/shutterstock_775434109.jpg\",\"datePublished\":\"2018-04-11T14:02:43+00:00\",\"dateModified\":\"2023-05-29T08:32:56+00:00\",\"author\":{\"@id\":\"https:\/\/www.riu.com\/blog\/de\/#\/schema\/person\/0d2e827ad7e2aee20a09a05bdc3fb45f\"},\"description\":\"Si est\u00e1s buscando un destino distinto a los dem\u00e1s, con un encanto particular\u2026este es tu post. \u00a1Entra y conoce Funchal, la capital de Madeira!\",\"breadcrumb\":{\"@id\":\"https:\/\/www.riu.com\/blog\/visita-madeira-y-enamorate-de-su-capital-funchal\/#breadcrumb\"},\"inLanguage\":\"es\",\"potentialAction\":[{\"@type\":\"ReadAction\",\"target\":[\"https:\/\/www.riu.com\/blog\/visita-madeira-y-enamorate-de-su-capital-funchal\/\"]}]},{\"@type\":\"ImageObject\",\"inLanguage\":\"es\",\"@id\":\"https:\/\/www.riu.com\/blog\/visita-madeira-y-enamorate-de-su-capital-funchal\/#primaryimage\",\"url\":\"https:\/\/www.riu.com\/blog\/wp-content\/uploads\/2018\/04\/shutterstock_775434109.jpg\",\"contentUrl\":\"https:\/\/www.riu.com\/blog\/wp-content\/uploads\/2018\/04\/shutterstock_775434109.jpg\",\"width\":2499,\"height\":1602},{\"@type\":\"BreadcrumbList\",\"@id\":\"https:\/\/www.riu.com\/blog\/visita-madeira-y-enamorate-de-su-capital-funchal\/#breadcrumb\",\"itemListElement\":[{\"@type\":\"ListItem\",\"position\":1,\"name\":\"Portada\",\"item\":\"https:\/\/www.riu.com\/blog\/de\/\"},{\"@type\":\"ListItem\",\"position\":2,\"name\":\"Visita Madeira y enam\u00f3rate de su capital: Funchal\"}]},{\"@type\":\"WebSite\",\"@id\":\"https:\/\/www.riu.com\/blog\/de\/#website\",\"url\":\"https:\/\/www.riu.com\/blog\/de\/\",\"name\":\"RIU.com | Blog\",\"description\":\"Blog de Riu Hotels &amp; Resorts | Noticias exclusivas de la cadena Riu Hotels &amp; Resorts | Hoteles en Espa\u00f1a, M\u00e9xico, Jamaica, Rep\u00fablica Dominicana, Portugal, Miami y muchos m\u00e1s.\",\"potentialAction\":[{\"@type\":\"SearchAction\",\"target\":{\"@type\":\"EntryPoint\",\"urlTemplate\":\"https:\/\/www.riu.com\/blog\/de\/?s={search_term_string}\"},\"query-input\":{\"@type\":\"PropertyValueSpecification\",\"valueRequired\":true,\"valueName\":\"search_term_string\"}}],\"inLanguage\":\"es\"},{\"@type\":\"Person\",\"@id\":\"https:\/\/www.riu.com\/blog\/de\/#\/schema\/person\/0d2e827ad7e2aee20a09a05bdc3fb45f\",\"name\":\"Riu Hotels\",\"image\":{\"@type\":\"ImageObject\",\"inLanguage\":\"es\",\"@id\":\"https:\/\/secure.gravatar.com\/avatar\/1845185f5dc0c5d7a3adb797bcd6cae1d3df26e3eead5da96b212485b274bdf3?s=96&d=mm&r=g\",\"url\":\"https:\/\/secure.gravatar.com\/avatar\/1845185f5dc0c5d7a3adb797bcd6cae1d3df26e3eead5da96b212485b274bdf3?s=96&d=mm&r=g\",\"contentUrl\":\"https:\/\/secure.gravatar.com\/avatar\/1845185f5dc0c5d7a3adb797bcd6cae1d3df26e3eead5da96b212485b274bdf3?s=96&d=mm&r=g\",\"caption\":\"Riu Hotels\"},\"url\":\"https:\/\/www.riu.com\/blog\/author\/riu\/\"}]}<\/script>\n<!-- \/ Yoast SEO plugin. -->","yoast_head_json":{"title":"Visita Madeira y enam\u00f3rate de su capital: Funchal - RIU.com | Blog","description":"Si est\u00e1s buscando un destino distinto a los dem\u00e1s, con un encanto particular\u2026este es tu post. \u00a1Entra y conoce Funchal, la capital de Madeira!","robots":{"index":"index","follow":"follow","max-snippet":"max-snippet:-1","max-image-preview":"max-image-preview:large","max-video-preview":"max-video-preview:-1"},"canonical":"https:\/\/www.riu.com\/blog\/visita-madeira-y-enamorate-de-su-capital-funchal\/","og_locale":"es_ES","og_type":"article","og_title":"Visita Madeira y enam\u00f3rate de su capital: Funchal - RIU.com | Blog","og_description":"Si est\u00e1s buscando un destino distinto a los dem\u00e1s, con un encanto particular\u2026este es tu post. \u00a1Entra y conoce Funchal, la capital de Madeira!","og_url":"https:\/\/www.riu.com\/blog\/visita-madeira-y-enamorate-de-su-capital-funchal\/","og_site_name":"RIU.com | Blog","article_published_time":"2018-04-11T14:02:43+00:00","article_modified_time":"2023-05-29T08:32:56+00:00","og_image":[{"width":700,"height":449,"url":"https:\/\/www.riu.com\/blog\/wp-content\/uploads\/2018\/04\/shutterstock_775434109-700x449.jpg","type":"image\/jpeg"}],"author":"Riu Hotels","twitter_card":"summary_large_image","twitter_misc":{"Escrito por":"Riu Hotels","Tiempo de lectura":"3 minutos"},"schema":{"@context":"https:\/\/schema.org","@graph":[{"@type":"NewsArticle","@id":"https:\/\/www.riu.com\/blog\/visita-madeira-y-enamorate-de-su-capital-funchal\/#article","isPartOf":{"@id":"https:\/\/www.riu.com\/blog\/visita-madeira-y-enamorate-de-su-capital-funchal\/"},"author":{"name":"Riu Hotels","@id":"https:\/\/www.riu.com\/blog\/de\/#\/schema\/person\/0d2e827ad7e2aee20a09a05bdc3fb45f"},"headline":"Visita Madeira y enam\u00f3rate de su capital: Funchal","datePublished":"2018-04-11T14:02:43+00:00","dateModified":"2023-05-29T08:32:56+00:00","mainEntityOfPage":{"@id":"https:\/\/www.riu.com\/blog\/visita-madeira-y-enamorate-de-su-capital-funchal\/"},"wordCount":584,"commentCount":0,"image":{"@id":"https:\/\/www.riu.com\/blog\/visita-madeira-y-enamorate-de-su-capital-funchal\/#primaryimage"},"thumbnailUrl":"https:\/\/www.riu.com\/blog\/wp-content\/uploads\/2018\/04\/shutterstock_775434109.jpg","articleSection":["Destino","Hoteles"],"inLanguage":"es","potentialAction":[{"@type":"CommentAction","name":"Comment","target":["https:\/\/www.riu.com\/blog\/visita-madeira-y-enamorate-de-su-capital-funchal\/#respond"]}]},{"@type":["WebPage","ItemPage"],"@id":"https:\/\/www.riu.com\/blog\/visita-madeira-y-enamorate-de-su-capital-funchal\/","url":"https:\/\/www.riu.com\/blog\/visita-madeira-y-enamorate-de-su-capital-funchal\/","name":"Visita Madeira y enam\u00f3rate de su capital: Funchal - RIU.com | Blog","isPartOf":{"@id":"https:\/\/www.riu.com\/blog\/de\/#website"},"primaryImageOfPage":{"@id":"https:\/\/www.riu.com\/blog\/visita-madeira-y-enamorate-de-su-capital-funchal\/#primaryimage"},"image":{"@id":"https:\/\/www.riu.com\/blog\/visita-madeira-y-enamorate-de-su-capital-funchal\/#primaryimage"},"thumbnailUrl":"https:\/\/www.riu.com\/blog\/wp-content\/uploads\/2018\/04\/shutterstock_775434109.jpg","datePublished":"2018-04-11T14:02:43+00:00","dateModified":"2023-05-29T08:32:56+00:00","author":{"@id":"https:\/\/www.riu.com\/blog\/de\/#\/schema\/person\/0d2e827ad7e2aee20a09a05bdc3fb45f"},"description":"Si est\u00e1s buscando un destino distinto a los dem\u00e1s, con un encanto particular\u2026este es tu post. \u00a1Entra y conoce Funchal, la capital de Madeira!","breadcrumb":{"@id":"https:\/\/www.riu.com\/blog\/visita-madeira-y-enamorate-de-su-capital-funchal\/#breadcrumb"},"inLanguage":"es","potentialAction":[{"@type":"ReadAction","target":["https:\/\/www.riu.com\/blog\/visita-madeira-y-enamorate-de-su-capital-funchal\/"]}]},{"@type":"ImageObject","inLanguage":"es","@id":"https:\/\/www.riu.com\/blog\/visita-madeira-y-enamorate-de-su-capital-funchal\/#primaryimage","url":"https:\/\/www.riu.com\/blog\/wp-content\/uploads\/2018\/04\/shutterstock_775434109.jpg","contentUrl":"https:\/\/www.riu.com\/blog\/wp-content\/uploads\/2018\/04\/shutterstock_775434109.jpg","width":2499,"height":1602},{"@type":"BreadcrumbList","@id":"https:\/\/www.riu.com\/blog\/visita-madeira-y-enamorate-de-su-capital-funchal\/#breadcrumb","itemListElement":[{"@type":"ListItem","position":1,"name":"Portada","item":"https:\/\/www.riu.com\/blog\/de\/"},{"@type":"ListItem","position":2,"name":"Visita Madeira y enam\u00f3rate de su capital: Funchal"}]},{"@type":"WebSite","@id":"https:\/\/www.riu.com\/blog\/de\/#website","url":"https:\/\/www.riu.com\/blog\/de\/","name":"RIU.com | Blog","description":"Blog de Riu Hotels &amp; Resorts | Noticias exclusivas de la cadena Riu Hotels &amp; Resorts | Hoteles en Espa\u00f1a, M\u00e9xico, Jamaica, Rep\u00fablica Dominicana, Portugal, Miami y muchos m\u00e1s.","potentialAction":[{"@type":"SearchAction","target":{"@type":"EntryPoint","urlTemplate":"https:\/\/www.riu.com\/blog\/de\/?s={search_term_string}"},"query-input":{"@type":"PropertyValueSpecification","valueRequired":true,"valueName":"search_term_string"}}],"inLanguage":"es"},{"@type":"Person","@id":"https:\/\/www.riu.com\/blog\/de\/#\/schema\/person\/0d2e827ad7e2aee20a09a05bdc3fb45f","name":"Riu Hotels","image":{"@type":"ImageObject","inLanguage":"es","@id":"https:\/\/secure.gravatar.com\/avatar\/1845185f5dc0c5d7a3adb797bcd6cae1d3df26e3eead5da96b212485b274bdf3?s=96&d=mm&r=g","url":"https:\/\/secure.gravatar.com\/avatar\/1845185f5dc0c5d7a3adb797bcd6cae1d3df26e3eead5da96b212485b274bdf3?s=96&d=mm&r=g","contentUrl":"https:\/\/secure.gravatar.com\/avatar\/1845185f5dc0c5d7a3adb797bcd6cae1d3df26e3eead5da96b212485b274bdf3?s=96&d=mm&r=g","caption":"Riu Hotels"},"url":"https:\/\/www.riu.com\/blog\/author\/riu\/"}]}},"_links":{"self":[{"href":"https:\/\/www.riu.com\/blog\/wp-json\/wp\/v2\/posts\/5286","targetHints":{"allow":["GET"]}}],"collection":[{"href":"https:\/\/www.riu.com\/blog\/wp-json\/wp\/v2\/posts"}],"about":[{"href":"https:\/\/www.riu.com\/blog\/wp-json\/wp\/v2\/types\/post"}],"author":[{"embeddable":true,"href":"https:\/\/www.riu.com\/blog\/wp-json\/wp\/v2\/users\/3"}],"replies":[{"embeddable":true,"href":"https:\/\/www.riu.com\/blog\/wp-json\/wp\/v2\/comments?post=5286"}],"version-history":[{"count":3,"href":"https:\/\/www.riu.com\/blog\/wp-json\/wp\/v2\/posts\/5286\/revisions"}],"predecessor-version":[{"id":28493,"href":"https:\/\/www.riu.com\/blog\/wp-json\/wp\/v2\/posts\/5286\/revisions\/28493"}],"wp:featuredmedia":[{"embeddable":true,"href":"https:\/\/www.riu.com\/blog\/wp-json\/wp\/v2\/media\/5292"}],"wp:attachment":[{"href":"https:\/\/www.riu.com\/blog\/wp-json\/wp\/v2\/media?parent=5286"}],"wp:term":[{"taxonomy":"category","embeddable":true,"href":"https:\/\/www.riu.com\/blog\/wp-json\/wp\/v2\/categories?post=5286"},{"taxonomy":"post_tag","embeddable":true,"href":"https:\/\/www.riu.com\/blog\/wp-json\/wp\/v2\/tags?post=5286"}],"curies":[{"name":"wp","href":"https:\/\/api.w.org\/{rel}","templated":true}]}}