{"id":538,"date":"2015-04-29T15:20:37","date_gmt":"2015-04-29T15:20:37","guid":{"rendered":"http:\/\/www.riu.com\/blog\/?p=538"},"modified":"2024-05-15T09:31:12","modified_gmt":"2024-05-15T07:31:12","slug":"mas-de-25-anos-de-trabajo-compromiso-y-dedicacion","status":"publish","type":"post","link":"https:\/\/www.riu.com\/blog\/mas-de-25-anos-de-trabajo-compromiso-y-dedicacion\/","title":{"rendered":"M\u00e1s de 25 a\u00f1os de trabajo, compromiso y dedicaci\u00f3n."},"content":{"rendered":"<p><span style=\"color: #073763; font-family: arial, helvetica, sans-serif;\">Nuestros compa\u00f1eros de <strong>Fuerteventura<\/strong>, Mercedes D\u00edaz Cabrera, camarera de pisos en el Hotel Riu Palace Jandia, y Adri\u00e1n Fern\u00e1ndez Carre\u00f1o, jefe de recepci\u00f3n del ClubHotel Riu Oliva Beach Resort han sido galardonados con los <strong>Premios\u00a0Distinguidos del Turismo 2015<\/strong>, que cada a\u00f1o otorga el Patronato de Turismo de Fuerteventura,\u00a0por su trabajo, compromiso y dedicaci\u00f3n al sector durante m\u00e1s de 25 a\u00f1os. \u00a1Enhorabuena compa\u00f1eros!<br \/>\n<\/span><\/p>\n<div style=\"width: 640px;\" class=\"wp-video\"><video class=\"wp-video-shortcode\" id=\"video-538-1\" width=\"640\" height=\"360\" preload=\"metadata\" controls=\"controls\"><source type=\"video\/mp4\" src=\"http:\/\/shared.riu.com\/blog\/EmpleadosRIUCanarias.mp4?_=1\" \/><a href=\"http:\/\/shared.riu.com\/blog\/EmpleadosRIUCanarias.mp4\">http:\/\/shared.riu.com\/blog\/EmpleadosRIUCanarias.mp4<\/a><\/video><\/div>\n<p><a href=\"http:\/\/www.riu.com\/blog\/wp-content\/uploads\/2015\/10\/unnamed3.jpg\"><img loading=\"lazy\" decoding=\"async\" class=\"alignnone size-large wp-image-544\" src=\"http:\/\/www.riu.com\/blog\/wp-content\/uploads\/2015\/10\/unnamed3-1024x683.jpg\" alt=\"2015 Premios Distinguidos del Turismo\" width=\"1024\" height=\"683\" srcset=\"https:\/\/www.riu.com\/blog\/wp-content\/uploads\/2015\/10\/unnamed3-1024x683.jpg 1024w, https:\/\/www.riu.com\/blog\/wp-content\/uploads\/2015\/10\/unnamed3-250x167.jpg 250w, https:\/\/www.riu.com\/blog\/wp-content\/uploads\/2015\/10\/unnamed3-768x512.jpg 768w, https:\/\/www.riu.com\/blog\/wp-content\/uploads\/2015\/10\/unnamed3-700x467.jpg 700w, https:\/\/www.riu.com\/blog\/wp-content\/uploads\/2015\/10\/unnamed3-120x80.jpg 120w, https:\/\/www.riu.com\/blog\/wp-content\/uploads\/2015\/10\/unnamed3-300x200.jpg 300w, https:\/\/www.riu.com\/blog\/wp-content\/uploads\/2015\/10\/unnamed3.jpg 1280w\" sizes=\"auto, (max-width: 1024px) 100vw, 1024px\" \/><\/a>\u00a0\u00a0<a href=\"http:\/\/www.riu.com\/blog\/wp-content\/uploads\/2015\/10\/unnamed2.jpg\"><img loading=\"lazy\" decoding=\"async\" class=\"alignnone size-large wp-image-542\" src=\"http:\/\/www.riu.com\/blog\/wp-content\/uploads\/2015\/10\/unnamed2-1024x682.jpg\" alt=\"2015 Premios Distinguidos del Turismo\" width=\"1024\" height=\"682\" srcset=\"https:\/\/www.riu.com\/blog\/wp-content\/uploads\/2015\/10\/unnamed2-1024x682.jpg 1024w, https:\/\/www.riu.com\/blog\/wp-content\/uploads\/2015\/10\/unnamed2-250x166.jpg 250w, https:\/\/www.riu.com\/blog\/wp-content\/uploads\/2015\/10\/unnamed2-768x511.jpg 768w, https:\/\/www.riu.com\/blog\/wp-content\/uploads\/2015\/10\/unnamed2-700x466.jpg 700w, https:\/\/www.riu.com\/blog\/wp-content\/uploads\/2015\/10\/unnamed2-120x80.jpg 120w, https:\/\/www.riu.com\/blog\/wp-content\/uploads\/2015\/10\/unnamed2-300x200.jpg 300w, https:\/\/www.riu.com\/blog\/wp-content\/uploads\/2015\/10\/unnamed2.jpg 1280w\" sizes=\"auto, (max-width: 1024px) 100vw, 1024px\" \/><\/a> <a href=\"http:\/\/www.riu.com\/blog\/wp-content\/uploads\/2015\/10\/unnamed4.jpg\"><img loading=\"lazy\" decoding=\"async\" class=\"alignnone size-large wp-image-543\" src=\"http:\/\/www.riu.com\/blog\/wp-content\/uploads\/2015\/10\/unnamed1-1024x682.jpg\" alt=\"2015 Premios Distinguidos del Turismo\" width=\"1024\" height=\"682\" srcset=\"https:\/\/www.riu.com\/blog\/wp-content\/uploads\/2015\/10\/unnamed1-1024x682.jpg 1024w, https:\/\/www.riu.com\/blog\/wp-content\/uploads\/2015\/10\/unnamed1-250x166.jpg 250w, https:\/\/www.riu.com\/blog\/wp-content\/uploads\/2015\/10\/unnamed1-768x511.jpg 768w, https:\/\/www.riu.com\/blog\/wp-content\/uploads\/2015\/10\/unnamed1-700x466.jpg 700w, https:\/\/www.riu.com\/blog\/wp-content\/uploads\/2015\/10\/unnamed1-120x80.jpg 120w, https:\/\/www.riu.com\/blog\/wp-content\/uploads\/2015\/10\/unnamed1-300x200.jpg 300w, https:\/\/www.riu.com\/blog\/wp-content\/uploads\/2015\/10\/unnamed1.jpg 1280w\" sizes=\"auto, (max-width: 1024px) 100vw, 1024px\" \/><img loading=\"lazy\" decoding=\"async\" class=\"alignnone size-large wp-image-541\" src=\"http:\/\/www.riu.com\/blog\/wp-content\/uploads\/2015\/10\/unnamed4-1024x682.jpg\" alt=\"2015 Premios Distinguidos del Turismo\" width=\"1024\" height=\"682\" srcset=\"https:\/\/www.riu.com\/blog\/wp-content\/uploads\/2015\/10\/unnamed4-1024x682.jpg 1024w, https:\/\/www.riu.com\/blog\/wp-content\/uploads\/2015\/10\/unnamed4-250x166.jpg 250w, https:\/\/www.riu.com\/blog\/wp-content\/uploads\/2015\/10\/unnamed4-768x511.jpg 768w, https:\/\/www.riu.com\/blog\/wp-content\/uploads\/2015\/10\/unnamed4-700x466.jpg 700w, https:\/\/www.riu.com\/blog\/wp-content\/uploads\/2015\/10\/unnamed4-120x80.jpg 120w, https:\/\/www.riu.com\/blog\/wp-content\/uploads\/2015\/10\/unnamed4-300x200.jpg 300w, https:\/\/www.riu.com\/blog\/wp-content\/uploads\/2015\/10\/unnamed4.jpg 1280w\" sizes=\"auto, (max-width: 1024px) 100vw, 1024px\" \/><\/a><\/p>\n","protected":false},"excerpt":{"rendered":"Nuestros compa\u00f1eros de Fuerteventura, Mercedes D\u00edaz Cabrera, camarera de pisos en el Hotel Riu Palace Jandia, y Adri\u00e1n Fern\u00e1ndez Carre\u00f1o, jefe de recepci\u00f3n del ClubHotel Riu Oliva Beach Resort han sido galardonados con los Premios\u00a0Distinguidos del Turismo 2015, que cada a\u00f1o otorga el Patronato de Turismo de Fuerteventura,\u00a0por su trabajo, compromiso y dedicaci\u00f3n al sector&#8230;","protected":false},"author":3,"featured_media":544,"comment_status":"open","ping_status":"closed","sticky":false,"template":"","format":"standard","meta":{"_acf_changed":false,"footnotes":""},"categories":[2251],"tags":[],"class_list":["post-538","post","type-post","status-publish","format-standard","has-post-thumbnail","hentry","category-proudlycommitted"],"acf":[],"yoast_head":"<!-- This site is optimized with the Yoast SEO plugin v27.2 - https:\/\/yoast.com\/product\/yoast-seo-wordpress\/ -->\n<title>Premios Distinguidos del Turismo 2015<\/title>\n<meta name=\"description\" content=\"Nuestros compa\u00f1eros de Fuerteventura, Mercedes D\u00edaz Cabrera, camarera de pisos en el Hotel Riu Palace Jandia, y Adri\u00e1n Fern\u00e1ndez Carre\u00f1o, jefe de recepci\u00f3n del ClubHotel Riu Oliva Beach Resort han sido galardonados con los Premios Distinguidos del Turismo 2015\" \/>\n<meta name=\"robots\" content=\"index, follow, max-snippet:-1, max-image-preview:large, max-video-preview:-1\" \/>\n<link rel=\"canonical\" href=\"https:\/\/www.riu.com\/blog\/mas-de-25-anos-de-trabajo-compromiso-y-dedicacion\/\" \/>\n<meta property=\"og:locale\" content=\"es_ES\" \/>\n<meta property=\"og:type\" content=\"article\" \/>\n<meta property=\"og:title\" content=\"Premios Distinguidos del Turismo 2015\" \/>\n<meta property=\"og:description\" content=\"Nuestros compa\u00f1eros de Fuerteventura, Mercedes D\u00edaz Cabrera, camarera de pisos en el Hotel Riu Palace Jandia, y Adri\u00e1n Fern\u00e1ndez Carre\u00f1o, jefe de recepci\u00f3n del ClubHotel Riu Oliva Beach Resort han sido galardonados con los Premios Distinguidos del Turismo 2015\" \/>\n<meta property=\"og:url\" content=\"https:\/\/www.riu.com\/blog\/mas-de-25-anos-de-trabajo-compromiso-y-dedicacion\/\" \/>\n<meta property=\"og:site_name\" content=\"RIU.com | Blog\" \/>\n<meta property=\"article:published_time\" content=\"2015-04-29T15:20:37+00:00\" \/>\n<meta property=\"article:modified_time\" content=\"2024-05-15T07:31:12+00:00\" \/>\n<meta property=\"og:image\" content=\"https:\/\/www.riu.com\/blog\/wp-content\/uploads\/2015\/10\/unnamed3.jpg\" \/>\n\t<meta property=\"og:image:width\" content=\"1280\" \/>\n\t<meta property=\"og:image:height\" content=\"854\" \/>\n\t<meta property=\"og:image:type\" content=\"image\/jpeg\" \/>\n<meta name=\"author\" content=\"Riu Hotels\" \/>\n<meta name=\"twitter:card\" content=\"summary_large_image\" \/>\n<meta name=\"twitter:label1\" content=\"Escrito por\" \/>\n\t<meta name=\"twitter:data1\" content=\"Riu Hotels\" \/>\n<script type=\"application\/ld+json\" class=\"yoast-schema-graph\">{\"@context\":\"https:\/\/schema.org\",\"@graph\":[{\"@type\":\"NewsArticle\",\"@id\":\"https:\/\/www.riu.com\/blog\/mas-de-25-anos-de-trabajo-compromiso-y-dedicacion\/#article\",\"isPartOf\":{\"@id\":\"https:\/\/www.riu.com\/blog\/mas-de-25-anos-de-trabajo-compromiso-y-dedicacion\/\"},\"author\":{\"name\":\"Riu Hotels\",\"@id\":\"https:\/\/www.riu.com\/blog\/de\/#\/schema\/person\/0d2e827ad7e2aee20a09a05bdc3fb45f\"},\"headline\":\"M\u00e1s de 25 a\u00f1os de trabajo, compromiso y dedicaci\u00f3n.\",\"datePublished\":\"2015-04-29T15:20:37+00:00\",\"dateModified\":\"2024-05-15T07:31:12+00:00\",\"mainEntityOfPage\":{\"@id\":\"https:\/\/www.riu.com\/blog\/mas-de-25-anos-de-trabajo-compromiso-y-dedicacion\/\"},\"wordCount\":93,\"commentCount\":0,\"image\":{\"@id\":\"https:\/\/www.riu.com\/blog\/mas-de-25-anos-de-trabajo-compromiso-y-dedicacion\/#primaryimage\"},\"thumbnailUrl\":\"https:\/\/www.riu.com\/blog\/wp-content\/uploads\/2015\/10\/unnamed3.jpg\",\"articleSection\":[\"Proudly Committed\"],\"inLanguage\":\"es\",\"potentialAction\":[{\"@type\":\"CommentAction\",\"name\":\"Comment\",\"target\":[\"https:\/\/www.riu.com\/blog\/mas-de-25-anos-de-trabajo-compromiso-y-dedicacion\/#respond\"]}]},{\"@type\":[\"WebPage\",\"ItemPage\"],\"@id\":\"https:\/\/www.riu.com\/blog\/mas-de-25-anos-de-trabajo-compromiso-y-dedicacion\/\",\"url\":\"https:\/\/www.riu.com\/blog\/mas-de-25-anos-de-trabajo-compromiso-y-dedicacion\/\",\"name\":\"Premios Distinguidos del Turismo 2015\",\"isPartOf\":{\"@id\":\"https:\/\/www.riu.com\/blog\/de\/#website\"},\"primaryImageOfPage\":{\"@id\":\"https:\/\/www.riu.com\/blog\/mas-de-25-anos-de-trabajo-compromiso-y-dedicacion\/#primaryimage\"},\"image\":{\"@id\":\"https:\/\/www.riu.com\/blog\/mas-de-25-anos-de-trabajo-compromiso-y-dedicacion\/#primaryimage\"},\"thumbnailUrl\":\"https:\/\/www.riu.com\/blog\/wp-content\/uploads\/2015\/10\/unnamed3.jpg\",\"datePublished\":\"2015-04-29T15:20:37+00:00\",\"dateModified\":\"2024-05-15T07:31:12+00:00\",\"author\":{\"@id\":\"https:\/\/www.riu.com\/blog\/de\/#\/schema\/person\/0d2e827ad7e2aee20a09a05bdc3fb45f\"},\"description\":\"Nuestros compa\u00f1eros de Fuerteventura, Mercedes D\u00edaz Cabrera, camarera de pisos en el Hotel Riu Palace Jandia, y Adri\u00e1n Fern\u00e1ndez Carre\u00f1o, jefe de recepci\u00f3n del ClubHotel Riu Oliva Beach Resort han sido galardonados con los Premios Distinguidos del Turismo 2015\",\"breadcrumb\":{\"@id\":\"https:\/\/www.riu.com\/blog\/mas-de-25-anos-de-trabajo-compromiso-y-dedicacion\/#breadcrumb\"},\"inLanguage\":\"es\",\"potentialAction\":[{\"@type\":\"ReadAction\",\"target\":[\"https:\/\/www.riu.com\/blog\/mas-de-25-anos-de-trabajo-compromiso-y-dedicacion\/\"]}]},{\"@type\":\"ImageObject\",\"inLanguage\":\"es\",\"@id\":\"https:\/\/www.riu.com\/blog\/mas-de-25-anos-de-trabajo-compromiso-y-dedicacion\/#primaryimage\",\"url\":\"https:\/\/www.riu.com\/blog\/wp-content\/uploads\/2015\/10\/unnamed3.jpg\",\"contentUrl\":\"https:\/\/www.riu.com\/blog\/wp-content\/uploads\/2015\/10\/unnamed3.jpg\",\"width\":1280,\"height\":854},{\"@type\":\"BreadcrumbList\",\"@id\":\"https:\/\/www.riu.com\/blog\/mas-de-25-anos-de-trabajo-compromiso-y-dedicacion\/#breadcrumb\",\"itemListElement\":[{\"@type\":\"ListItem\",\"position\":1,\"name\":\"Portada\",\"item\":\"https:\/\/www.riu.com\/blog\/de\/\"},{\"@type\":\"ListItem\",\"position\":2,\"name\":\"M\u00e1s de 25 a\u00f1os de trabajo, compromiso y dedicaci\u00f3n.\"}]},{\"@type\":\"WebSite\",\"@id\":\"https:\/\/www.riu.com\/blog\/de\/#website\",\"url\":\"https:\/\/www.riu.com\/blog\/de\/\",\"name\":\"RIU.com | Blog\",\"description\":\"Blog de Riu Hotels &amp; Resorts | Noticias exclusivas de la cadena Riu Hotels &amp; Resorts | Hoteles en Espa\u00f1a, M\u00e9xico, Jamaica, Rep\u00fablica Dominicana, Portugal, Miami y muchos m\u00e1s.\",\"potentialAction\":[{\"@type\":\"SearchAction\",\"target\":{\"@type\":\"EntryPoint\",\"urlTemplate\":\"https:\/\/www.riu.com\/blog\/de\/?s={search_term_string}\"},\"query-input\":{\"@type\":\"PropertyValueSpecification\",\"valueRequired\":true,\"valueName\":\"search_term_string\"}}],\"inLanguage\":\"es\"},{\"@type\":\"Person\",\"@id\":\"https:\/\/www.riu.com\/blog\/de\/#\/schema\/person\/0d2e827ad7e2aee20a09a05bdc3fb45f\",\"name\":\"Riu Hotels\",\"image\":{\"@type\":\"ImageObject\",\"inLanguage\":\"es\",\"@id\":\"https:\/\/secure.gravatar.com\/avatar\/1845185f5dc0c5d7a3adb797bcd6cae1d3df26e3eead5da96b212485b274bdf3?s=96&d=mm&r=g\",\"url\":\"https:\/\/secure.gravatar.com\/avatar\/1845185f5dc0c5d7a3adb797bcd6cae1d3df26e3eead5da96b212485b274bdf3?s=96&d=mm&r=g\",\"contentUrl\":\"https:\/\/secure.gravatar.com\/avatar\/1845185f5dc0c5d7a3adb797bcd6cae1d3df26e3eead5da96b212485b274bdf3?s=96&d=mm&r=g\",\"caption\":\"Riu Hotels\"},\"url\":\"https:\/\/www.riu.com\/blog\/author\/riu\/\"}]}<\/script>\n<!-- \/ Yoast SEO plugin. -->","yoast_head_json":{"title":"Premios Distinguidos del Turismo 2015","description":"Nuestros compa\u00f1eros de Fuerteventura, Mercedes D\u00edaz Cabrera, camarera de pisos en el Hotel Riu Palace Jandia, y Adri\u00e1n Fern\u00e1ndez Carre\u00f1o, jefe de recepci\u00f3n del ClubHotel Riu Oliva Beach Resort han sido galardonados con los Premios Distinguidos del Turismo 2015","robots":{"index":"index","follow":"follow","max-snippet":"max-snippet:-1","max-image-preview":"max-image-preview:large","max-video-preview":"max-video-preview:-1"},"canonical":"https:\/\/www.riu.com\/blog\/mas-de-25-anos-de-trabajo-compromiso-y-dedicacion\/","og_locale":"es_ES","og_type":"article","og_title":"Premios Distinguidos del Turismo 2015","og_description":"Nuestros compa\u00f1eros de Fuerteventura, Mercedes D\u00edaz Cabrera, camarera de pisos en el Hotel Riu Palace Jandia, y Adri\u00e1n Fern\u00e1ndez Carre\u00f1o, jefe de recepci\u00f3n del ClubHotel Riu Oliva Beach Resort han sido galardonados con los Premios Distinguidos del Turismo 2015","og_url":"https:\/\/www.riu.com\/blog\/mas-de-25-anos-de-trabajo-compromiso-y-dedicacion\/","og_site_name":"RIU.com | Blog","article_published_time":"2015-04-29T15:20:37+00:00","article_modified_time":"2024-05-15T07:31:12+00:00","og_image":[{"width":1280,"height":854,"url":"https:\/\/www.riu.com\/blog\/wp-content\/uploads\/2015\/10\/unnamed3.jpg","type":"image\/jpeg"}],"author":"Riu Hotels","twitter_card":"summary_large_image","twitter_misc":{"Escrito por":"Riu Hotels"},"schema":{"@context":"https:\/\/schema.org","@graph":[{"@type":"NewsArticle","@id":"https:\/\/www.riu.com\/blog\/mas-de-25-anos-de-trabajo-compromiso-y-dedicacion\/#article","isPartOf":{"@id":"https:\/\/www.riu.com\/blog\/mas-de-25-anos-de-trabajo-compromiso-y-dedicacion\/"},"author":{"name":"Riu Hotels","@id":"https:\/\/www.riu.com\/blog\/de\/#\/schema\/person\/0d2e827ad7e2aee20a09a05bdc3fb45f"},"headline":"M\u00e1s de 25 a\u00f1os de trabajo, compromiso y dedicaci\u00f3n.","datePublished":"2015-04-29T15:20:37+00:00","dateModified":"2024-05-15T07:31:12+00:00","mainEntityOfPage":{"@id":"https:\/\/www.riu.com\/blog\/mas-de-25-anos-de-trabajo-compromiso-y-dedicacion\/"},"wordCount":93,"commentCount":0,"image":{"@id":"https:\/\/www.riu.com\/blog\/mas-de-25-anos-de-trabajo-compromiso-y-dedicacion\/#primaryimage"},"thumbnailUrl":"https:\/\/www.riu.com\/blog\/wp-content\/uploads\/2015\/10\/unnamed3.jpg","articleSection":["Proudly Committed"],"inLanguage":"es","potentialAction":[{"@type":"CommentAction","name":"Comment","target":["https:\/\/www.riu.com\/blog\/mas-de-25-anos-de-trabajo-compromiso-y-dedicacion\/#respond"]}]},{"@type":["WebPage","ItemPage"],"@id":"https:\/\/www.riu.com\/blog\/mas-de-25-anos-de-trabajo-compromiso-y-dedicacion\/","url":"https:\/\/www.riu.com\/blog\/mas-de-25-anos-de-trabajo-compromiso-y-dedicacion\/","name":"Premios Distinguidos del Turismo 2015","isPartOf":{"@id":"https:\/\/www.riu.com\/blog\/de\/#website"},"primaryImageOfPage":{"@id":"https:\/\/www.riu.com\/blog\/mas-de-25-anos-de-trabajo-compromiso-y-dedicacion\/#primaryimage"},"image":{"@id":"https:\/\/www.riu.com\/blog\/mas-de-25-anos-de-trabajo-compromiso-y-dedicacion\/#primaryimage"},"thumbnailUrl":"https:\/\/www.riu.com\/blog\/wp-content\/uploads\/2015\/10\/unnamed3.jpg","datePublished":"2015-04-29T15:20:37+00:00","dateModified":"2024-05-15T07:31:12+00:00","author":{"@id":"https:\/\/www.riu.com\/blog\/de\/#\/schema\/person\/0d2e827ad7e2aee20a09a05bdc3fb45f"},"description":"Nuestros compa\u00f1eros de Fuerteventura, Mercedes D\u00edaz Cabrera, camarera de pisos en el Hotel Riu Palace Jandia, y Adri\u00e1n Fern\u00e1ndez Carre\u00f1o, jefe de recepci\u00f3n del ClubHotel Riu Oliva Beach Resort han sido galardonados con los Premios Distinguidos del Turismo 2015","breadcrumb":{"@id":"https:\/\/www.riu.com\/blog\/mas-de-25-anos-de-trabajo-compromiso-y-dedicacion\/#breadcrumb"},"inLanguage":"es","potentialAction":[{"@type":"ReadAction","target":["https:\/\/www.riu.com\/blog\/mas-de-25-anos-de-trabajo-compromiso-y-dedicacion\/"]}]},{"@type":"ImageObject","inLanguage":"es","@id":"https:\/\/www.riu.com\/blog\/mas-de-25-anos-de-trabajo-compromiso-y-dedicacion\/#primaryimage","url":"https:\/\/www.riu.com\/blog\/wp-content\/uploads\/2015\/10\/unnamed3.jpg","contentUrl":"https:\/\/www.riu.com\/blog\/wp-content\/uploads\/2015\/10\/unnamed3.jpg","width":1280,"height":854},{"@type":"BreadcrumbList","@id":"https:\/\/www.riu.com\/blog\/mas-de-25-anos-de-trabajo-compromiso-y-dedicacion\/#breadcrumb","itemListElement":[{"@type":"ListItem","position":1,"name":"Portada","item":"https:\/\/www.riu.com\/blog\/de\/"},{"@type":"ListItem","position":2,"name":"M\u00e1s de 25 a\u00f1os de trabajo, compromiso y dedicaci\u00f3n."}]},{"@type":"WebSite","@id":"https:\/\/www.riu.com\/blog\/de\/#website","url":"https:\/\/www.riu.com\/blog\/de\/","name":"RIU.com | Blog","description":"Blog de Riu Hotels &amp; Resorts | Noticias exclusivas de la cadena Riu Hotels &amp; Resorts | Hoteles en Espa\u00f1a, M\u00e9xico, Jamaica, Rep\u00fablica Dominicana, Portugal, Miami y muchos m\u00e1s.","potentialAction":[{"@type":"SearchAction","target":{"@type":"EntryPoint","urlTemplate":"https:\/\/www.riu.com\/blog\/de\/?s={search_term_string}"},"query-input":{"@type":"PropertyValueSpecification","valueRequired":true,"valueName":"search_term_string"}}],"inLanguage":"es"},{"@type":"Person","@id":"https:\/\/www.riu.com\/blog\/de\/#\/schema\/person\/0d2e827ad7e2aee20a09a05bdc3fb45f","name":"Riu Hotels","image":{"@type":"ImageObject","inLanguage":"es","@id":"https:\/\/secure.gravatar.com\/avatar\/1845185f5dc0c5d7a3adb797bcd6cae1d3df26e3eead5da96b212485b274bdf3?s=96&d=mm&r=g","url":"https:\/\/secure.gravatar.com\/avatar\/1845185f5dc0c5d7a3adb797bcd6cae1d3df26e3eead5da96b212485b274bdf3?s=96&d=mm&r=g","contentUrl":"https:\/\/secure.gravatar.com\/avatar\/1845185f5dc0c5d7a3adb797bcd6cae1d3df26e3eead5da96b212485b274bdf3?s=96&d=mm&r=g","caption":"Riu Hotels"},"url":"https:\/\/www.riu.com\/blog\/author\/riu\/"}]}},"_links":{"self":[{"href":"https:\/\/www.riu.com\/blog\/wp-json\/wp\/v2\/posts\/538","targetHints":{"allow":["GET"]}}],"collection":[{"href":"https:\/\/www.riu.com\/blog\/wp-json\/wp\/v2\/posts"}],"about":[{"href":"https:\/\/www.riu.com\/blog\/wp-json\/wp\/v2\/types\/post"}],"author":[{"embeddable":true,"href":"https:\/\/www.riu.com\/blog\/wp-json\/wp\/v2\/users\/3"}],"replies":[{"embeddable":true,"href":"https:\/\/www.riu.com\/blog\/wp-json\/wp\/v2\/comments?post=538"}],"version-history":[{"count":4,"href":"https:\/\/www.riu.com\/blog\/wp-json\/wp\/v2\/posts\/538\/revisions"}],"predecessor-version":[{"id":556,"href":"https:\/\/www.riu.com\/blog\/wp-json\/wp\/v2\/posts\/538\/revisions\/556"}],"wp:featuredmedia":[{"embeddable":true,"href":"https:\/\/www.riu.com\/blog\/wp-json\/wp\/v2\/media\/544"}],"wp:attachment":[{"href":"https:\/\/www.riu.com\/blog\/wp-json\/wp\/v2\/media?parent=538"}],"wp:term":[{"taxonomy":"category","embeddable":true,"href":"https:\/\/www.riu.com\/blog\/wp-json\/wp\/v2\/categories?post=538"},{"taxonomy":"post_tag","embeddable":true,"href":"https:\/\/www.riu.com\/blog\/wp-json\/wp\/v2\/tags?post=538"}],"curies":[{"name":"wp","href":"https:\/\/api.w.org\/{rel}","templated":true}]}}