{"id":573,"date":"2015-11-06T08:37:32","date_gmt":"2015-11-06T08:37:32","guid":{"rendered":"http:\/\/www.riu.com\/blog\/?p=573"},"modified":"2015-11-06T15:28:22","modified_gmt":"2015-11-06T15:28:22","slug":"573","status":"publish","type":"post","link":"https:\/\/www.riu.com\/blog\/573\/","title":{"rendered":"Sres. M\u00fcller: Todo empez\u00f3 en el Riu Concordia"},"content":{"rendered":"<p>Una de las cosas m\u00e1s importantes para nosotros en <strong>RIU Hotels &amp; Resorts<\/strong> es hacer que las vacaciones de nuestros clientes sean inolvidables. Es el caso de\u00a0Christiane y Thomas, los protagonistas de la historia que presentamos hoy. Christiane ha decidido compartir su historia con nosotros para celebrar su 25 aniversario.<\/p>\n<p>En Agosto 1990, su ahora marido y ella viajaron a <a title=\"Vacaciones en Mallorca\" href=\"http:\/\/www.riu.com\/es\/Paises\/espana\/mallorca\/index.jsp\" target=\"_blank\"><strong>Mallorca<\/strong><\/a> por separado, cada uno con sus amigos y pasaron 10 d\u00edas en nuestro <a title=\"Hotel Riu Concordia\" href=\"http:\/\/www.riu.com\/es\/Paises\/espana\/mallorca\/hotel-riu-concordia\/\" target=\"_blank\"><strong>hotel Riu Concordia<\/strong><\/a>.<\/p>\n<p>Los dos llegaron el 17 de Agosto de 1990 con sus amigos pero pronto formaron parte de un grupo m\u00e1s grande de 8 personas que tambi\u00e9n estaban de vacaciones, disfrutando de la piscina, el minigolf y haciendo excursiones por la isla.<\/p>\n<p><img loading=\"lazy\" decoding=\"async\" class=\"aligncenter wp-image-575 size-full\" title=\"Playa del Arenal\" src=\"http:\/\/www.riu.com\/blog\/wp-content\/uploads\/2015\/11\/Strand-von-El-Arenal.jpeg\" alt=\"Playa del Arenal\" width=\"1022\" height=\"686\" srcset=\"https:\/\/www.riu.com\/blog\/wp-content\/uploads\/2015\/11\/Strand-von-El-Arenal.jpeg 1022w, https:\/\/www.riu.com\/blog\/wp-content\/uploads\/2015\/11\/Strand-von-El-Arenal-250x168.jpeg 250w, https:\/\/www.riu.com\/blog\/wp-content\/uploads\/2015\/11\/Strand-von-El-Arenal-768x516.jpeg 768w, https:\/\/www.riu.com\/blog\/wp-content\/uploads\/2015\/11\/Strand-von-El-Arenal-700x470.jpeg 700w, https:\/\/www.riu.com\/blog\/wp-content\/uploads\/2015\/11\/Strand-von-El-Arenal-120x81.jpeg 120w, https:\/\/www.riu.com\/blog\/wp-content\/uploads\/2015\/11\/Strand-von-El-Arenal-300x200.jpeg 300w\" sizes=\"auto, (max-width: 1022px) 100vw, 1022px\" \/>El sol, la playa y las noches de verano creaban el ambiente perfecto para un amor de verano, \u201cMe enamor\u00e9 de uno de los chicos, pero no fue hasta la pen\u00faltima noche que me atrev\u00ed a dec\u00edrselo. El sent\u00eda lo mismo\u201d.<\/p>\n<p><img loading=\"lazy\" decoding=\"async\" class=\"aligncenter wp-image-574 size-full\" title=\"Christiane y Thomas en la piscina del hotel Riu Concordia\" src=\"http:\/\/www.riu.com\/blog\/wp-content\/uploads\/2015\/11\/Christiane-und-Thomas-am-Pool.jpeg\" alt=\"Christiane y Thomas en la piscina del hotel Riu Concordia\" width=\"1022\" height=\"696\" srcset=\"https:\/\/www.riu.com\/blog\/wp-content\/uploads\/2015\/11\/Christiane-und-Thomas-am-Pool.jpeg 1022w, https:\/\/www.riu.com\/blog\/wp-content\/uploads\/2015\/11\/Christiane-und-Thomas-am-Pool-250x170.jpeg 250w, https:\/\/www.riu.com\/blog\/wp-content\/uploads\/2015\/11\/Christiane-und-Thomas-am-Pool-768x523.jpeg 768w, https:\/\/www.riu.com\/blog\/wp-content\/uploads\/2015\/11\/Christiane-und-Thomas-am-Pool-700x477.jpeg 700w, https:\/\/www.riu.com\/blog\/wp-content\/uploads\/2015\/11\/Christiane-und-Thomas-am-Pool-120x82.jpeg 120w, https:\/\/www.riu.com\/blog\/wp-content\/uploads\/2015\/11\/Christiane-und-Thomas-am-Pool-300x204.jpeg 300w\" sizes=\"auto, (max-width: 1022px) 100vw, 1022px\" \/>Despu\u00e9s de pasar la noche, con la\u00a0<strong>Playa de Palma<\/strong> de fondo, decidieron que iban a intentar que fuera algo m\u00e1s que un amor de verano: \u201cEl 29 de agosto la playa iba despertando poco a poco. A las 6 y media de la ma\u00f1ana decidimos ir una hora a dormir, cosa que fue imposible por la emoci\u00f3n. En el desayuno nos besamos y el resto del grupo lo supo. \u00a1Por fin! dijeron. \u00a1Se rieron porque lo sab\u00edan antes incluso de que nosotros lo supi\u00e9ramos!\u201d<\/p>\n<p>Despu\u00e9s de eso, lleg\u00f3 la hora de volver a casa. Pero esto no signific\u00f3 el final de la historia de amor de Christiane y Thomas. \u201cNos separaban 250 km, adem\u00e1s de mucha gente que dec\u00eda que nos olvid\u00e1ramos, que solo iba a ser un amor de vacaciones.\u201d Sin embargo, no les dieron la raz\u00f3n e hicieron que funcionara: \u201cDespu\u00e9s de medio a\u00f1o yendo y viniendo, me mud\u00e9 con Thomas. Tres a\u00f1os despu\u00e9s nos casamos y otros tres a\u00f1os despu\u00e9s naci\u00f3 nuestra hija Sandra.<\/p>\n<p><img loading=\"lazy\" decoding=\"async\" class=\"aligncenter wp-image-576 size-large\" title=\"Este a\u00f1o, Christiane y Thomas han celebrado su 25 aniversario\" src=\"http:\/\/www.riu.com\/blog\/wp-content\/uploads\/2015\/11\/Thomas-und-Christiane-2014-1024x768.jpg\" alt=\"Este a\u00f1o, Christiane y Thomas han celebrado su 25 aniversario\" width=\"1024\" height=\"768\" srcset=\"https:\/\/www.riu.com\/blog\/wp-content\/uploads\/2015\/11\/Thomas-und-Christiane-2014-1024x768.jpg 1024w, https:\/\/www.riu.com\/blog\/wp-content\/uploads\/2015\/11\/Thomas-und-Christiane-2014-250x188.jpg 250w, https:\/\/www.riu.com\/blog\/wp-content\/uploads\/2015\/11\/Thomas-und-Christiane-2014-768x576.jpg 768w, https:\/\/www.riu.com\/blog\/wp-content\/uploads\/2015\/11\/Thomas-und-Christiane-2014-700x525.jpg 700w, https:\/\/www.riu.com\/blog\/wp-content\/uploads\/2015\/11\/Thomas-und-Christiane-2014-120x90.jpg 120w, https:\/\/www.riu.com\/blog\/wp-content\/uploads\/2015\/11\/Thomas-und-Christiane-2014-320x240.jpg 320w, https:\/\/www.riu.com\/blog\/wp-content\/uploads\/2015\/11\/Thomas-und-Christiane-2014-300x225.jpg 300w, https:\/\/www.riu.com\/blog\/wp-content\/uploads\/2015\/11\/Thomas-und-Christiane-2014.jpg 1600w\" sizes=\"auto, (max-width: 1024px) 100vw, 1024px\" \/><\/p>\n<p>Este a\u00f1o, Christiane y Thomas celebraron su 25 aniversario y tienen ahora una nieta. \u201cDentro de 3 a\u00f1os, en 2018, queremos volver al Hotel Riu Concordia.\u201d<\/p>\n<p>\u00a1Estaremos encantados de volver a darles la bienvenida en RIU Hotels &amp; Resorts!<\/p>\n<p>&nbsp;<\/p>\n","protected":false},"excerpt":{"rendered":"Una de las cosas m\u00e1s importantes para nosotros en RIU Hotels &amp; Resorts es hacer que las vacaciones de nuestros clientes sean inolvidables. Es el caso de\u00a0Christiane y Thomas, los protagonistas de la historia que presentamos hoy. Christiane ha decidido compartir su historia con nosotros para celebrar su 25 aniversario. En Agosto 1990, su ahora&#8230;","protected":false},"author":3,"featured_media":575,"comment_status":"open","ping_status":"closed","sticky":false,"template":"","format":"standard","meta":{"_acf_changed":false,"footnotes":""},"categories":[3],"tags":[],"class_list":["post-573","post","type-post","status-publish","format-standard","has-post-thumbnail","hentry","category-hotels"],"acf":[],"yoast_head":"<!-- This site is optimized with the Yoast SEO plugin v27.2 - https:\/\/yoast.com\/product\/yoast-seo-wordpress\/ -->\n<title>Vacaciones en Mallorca: hotel Riu Concordia<\/title>\n<meta name=\"description\" content=\"Christiane y Thomas viajaron a Mallorca por separado en 1.990 y pasaron 10 d\u00edas en nuestro hotel Riu Concordia. Christiane ha decidido compartir su historia con nosotros para celebrar su 25 aniversario.\" \/>\n<meta name=\"robots\" content=\"index, follow, max-snippet:-1, max-image-preview:large, max-video-preview:-1\" \/>\n<link rel=\"canonical\" href=\"https:\/\/www.riu.com\/blog\/573\/\" \/>\n<meta property=\"og:locale\" content=\"es_ES\" \/>\n<meta property=\"og:type\" content=\"article\" \/>\n<meta property=\"og:title\" content=\"Vacaciones en Mallorca: hotel Riu Concordia\" \/>\n<meta property=\"og:description\" content=\"Christiane y Thomas viajaron a Mallorca por separado en 1.990 y pasaron 10 d\u00edas en nuestro hotel Riu Concordia. Christiane ha decidido compartir su historia con nosotros para celebrar su 25 aniversario.\" \/>\n<meta property=\"og:url\" content=\"https:\/\/www.riu.com\/blog\/573\/\" \/>\n<meta property=\"og:site_name\" content=\"RIU.com | Blog\" \/>\n<meta property=\"article:published_time\" content=\"2015-11-06T08:37:32+00:00\" \/>\n<meta property=\"article:modified_time\" content=\"2015-11-06T15:28:22+00:00\" \/>\n<meta property=\"og:image\" content=\"https:\/\/www.riu.com\/blog\/wp-content\/uploads\/2015\/11\/Strand-von-El-Arenal.jpeg\" \/>\n\t<meta property=\"og:image:width\" content=\"1022\" \/>\n\t<meta property=\"og:image:height\" content=\"686\" \/>\n\t<meta property=\"og:image:type\" content=\"image\/jpeg\" \/>\n<meta name=\"author\" content=\"Riu Hotels\" \/>\n<meta name=\"twitter:card\" content=\"summary_large_image\" \/>\n<meta name=\"twitter:label1\" content=\"Escrito por\" \/>\n\t<meta name=\"twitter:data1\" content=\"Riu Hotels\" \/>\n\t<meta name=\"twitter:label2\" content=\"Tiempo de lectura\" \/>\n\t<meta name=\"twitter:data2\" content=\"2 minutos\" \/>\n<script type=\"application\/ld+json\" class=\"yoast-schema-graph\">{\"@context\":\"https:\/\/schema.org\",\"@graph\":[{\"@type\":\"NewsArticle\",\"@id\":\"https:\/\/www.riu.com\/blog\/573\/#article\",\"isPartOf\":{\"@id\":\"https:\/\/www.riu.com\/blog\/573\/\"},\"author\":{\"name\":\"Riu Hotels\",\"@id\":\"https:\/\/www.riu.com\/blog\/de\/#\/schema\/person\/0d2e827ad7e2aee20a09a05bdc3fb45f\"},\"headline\":\"Sres. M\u00fcller: Todo empez\u00f3 en el Riu Concordia\",\"datePublished\":\"2015-11-06T08:37:32+00:00\",\"dateModified\":\"2015-11-06T15:28:22+00:00\",\"mainEntityOfPage\":{\"@id\":\"https:\/\/www.riu.com\/blog\/573\/\"},\"wordCount\":391,\"commentCount\":0,\"image\":{\"@id\":\"https:\/\/www.riu.com\/blog\/573\/#primaryimage\"},\"thumbnailUrl\":\"https:\/\/www.riu.com\/blog\/wp-content\/uploads\/2015\/11\/Strand-von-El-Arenal.jpeg\",\"articleSection\":[\"Hoteles\"],\"inLanguage\":\"es\",\"potentialAction\":[{\"@type\":\"CommentAction\",\"name\":\"Comment\",\"target\":[\"https:\/\/www.riu.com\/blog\/573\/#respond\"]}]},{\"@type\":[\"WebPage\",\"ItemPage\"],\"@id\":\"https:\/\/www.riu.com\/blog\/573\/\",\"url\":\"https:\/\/www.riu.com\/blog\/573\/\",\"name\":\"Vacaciones en Mallorca: hotel Riu Concordia\",\"isPartOf\":{\"@id\":\"https:\/\/www.riu.com\/blog\/de\/#website\"},\"primaryImageOfPage\":{\"@id\":\"https:\/\/www.riu.com\/blog\/573\/#primaryimage\"},\"image\":{\"@id\":\"https:\/\/www.riu.com\/blog\/573\/#primaryimage\"},\"thumbnailUrl\":\"https:\/\/www.riu.com\/blog\/wp-content\/uploads\/2015\/11\/Strand-von-El-Arenal.jpeg\",\"datePublished\":\"2015-11-06T08:37:32+00:00\",\"dateModified\":\"2015-11-06T15:28:22+00:00\",\"author\":{\"@id\":\"https:\/\/www.riu.com\/blog\/de\/#\/schema\/person\/0d2e827ad7e2aee20a09a05bdc3fb45f\"},\"description\":\"Christiane y Thomas viajaron a Mallorca por separado en 1.990 y pasaron 10 d\u00edas en nuestro hotel Riu Concordia. Christiane ha decidido compartir su historia con nosotros para celebrar su 25 aniversario.\",\"breadcrumb\":{\"@id\":\"https:\/\/www.riu.com\/blog\/573\/#breadcrumb\"},\"inLanguage\":\"es\",\"potentialAction\":[{\"@type\":\"ReadAction\",\"target\":[\"https:\/\/www.riu.com\/blog\/573\/\"]}]},{\"@type\":\"ImageObject\",\"inLanguage\":\"es\",\"@id\":\"https:\/\/www.riu.com\/blog\/573\/#primaryimage\",\"url\":\"https:\/\/www.riu.com\/blog\/wp-content\/uploads\/2015\/11\/Strand-von-El-Arenal.jpeg\",\"contentUrl\":\"https:\/\/www.riu.com\/blog\/wp-content\/uploads\/2015\/11\/Strand-von-El-Arenal.jpeg\",\"width\":1022,\"height\":686,\"caption\":\"Playa del Arenal\"},{\"@type\":\"BreadcrumbList\",\"@id\":\"https:\/\/www.riu.com\/blog\/573\/#breadcrumb\",\"itemListElement\":[{\"@type\":\"ListItem\",\"position\":1,\"name\":\"Portada\",\"item\":\"https:\/\/www.riu.com\/blog\/de\/\"},{\"@type\":\"ListItem\",\"position\":2,\"name\":\"Sres. M\u00fcller: Todo empez\u00f3 en el Riu Concordia\"}]},{\"@type\":\"WebSite\",\"@id\":\"https:\/\/www.riu.com\/blog\/de\/#website\",\"url\":\"https:\/\/www.riu.com\/blog\/de\/\",\"name\":\"RIU.com | Blog\",\"description\":\"Blog de Riu Hotels &amp; Resorts | Noticias exclusivas de la cadena Riu Hotels &amp; Resorts | Hoteles en Espa\u00f1a, M\u00e9xico, Jamaica, Rep\u00fablica Dominicana, Portugal, Miami y muchos m\u00e1s.\",\"potentialAction\":[{\"@type\":\"SearchAction\",\"target\":{\"@type\":\"EntryPoint\",\"urlTemplate\":\"https:\/\/www.riu.com\/blog\/de\/?s={search_term_string}\"},\"query-input\":{\"@type\":\"PropertyValueSpecification\",\"valueRequired\":true,\"valueName\":\"search_term_string\"}}],\"inLanguage\":\"es\"},{\"@type\":\"Person\",\"@id\":\"https:\/\/www.riu.com\/blog\/de\/#\/schema\/person\/0d2e827ad7e2aee20a09a05bdc3fb45f\",\"name\":\"Riu Hotels\",\"image\":{\"@type\":\"ImageObject\",\"inLanguage\":\"es\",\"@id\":\"https:\/\/secure.gravatar.com\/avatar\/1845185f5dc0c5d7a3adb797bcd6cae1d3df26e3eead5da96b212485b274bdf3?s=96&d=mm&r=g\",\"url\":\"https:\/\/secure.gravatar.com\/avatar\/1845185f5dc0c5d7a3adb797bcd6cae1d3df26e3eead5da96b212485b274bdf3?s=96&d=mm&r=g\",\"contentUrl\":\"https:\/\/secure.gravatar.com\/avatar\/1845185f5dc0c5d7a3adb797bcd6cae1d3df26e3eead5da96b212485b274bdf3?s=96&d=mm&r=g\",\"caption\":\"Riu Hotels\"},\"url\":\"https:\/\/www.riu.com\/blog\/author\/riu\/\"}]}<\/script>\n<!-- \/ Yoast SEO plugin. -->","yoast_head_json":{"title":"Vacaciones en Mallorca: hotel Riu Concordia","description":"Christiane y Thomas viajaron a Mallorca por separado en 1.990 y pasaron 10 d\u00edas en nuestro hotel Riu Concordia. Christiane ha decidido compartir su historia con nosotros para celebrar su 25 aniversario.","robots":{"index":"index","follow":"follow","max-snippet":"max-snippet:-1","max-image-preview":"max-image-preview:large","max-video-preview":"max-video-preview:-1"},"canonical":"https:\/\/www.riu.com\/blog\/573\/","og_locale":"es_ES","og_type":"article","og_title":"Vacaciones en Mallorca: hotel Riu Concordia","og_description":"Christiane y Thomas viajaron a Mallorca por separado en 1.990 y pasaron 10 d\u00edas en nuestro hotel Riu Concordia. Christiane ha decidido compartir su historia con nosotros para celebrar su 25 aniversario.","og_url":"https:\/\/www.riu.com\/blog\/573\/","og_site_name":"RIU.com | Blog","article_published_time":"2015-11-06T08:37:32+00:00","article_modified_time":"2015-11-06T15:28:22+00:00","og_image":[{"width":1022,"height":686,"url":"https:\/\/www.riu.com\/blog\/wp-content\/uploads\/2015\/11\/Strand-von-El-Arenal.jpeg","type":"image\/jpeg"}],"author":"Riu Hotels","twitter_card":"summary_large_image","twitter_misc":{"Escrito por":"Riu Hotels","Tiempo de lectura":"2 minutos"},"schema":{"@context":"https:\/\/schema.org","@graph":[{"@type":"NewsArticle","@id":"https:\/\/www.riu.com\/blog\/573\/#article","isPartOf":{"@id":"https:\/\/www.riu.com\/blog\/573\/"},"author":{"name":"Riu Hotels","@id":"https:\/\/www.riu.com\/blog\/de\/#\/schema\/person\/0d2e827ad7e2aee20a09a05bdc3fb45f"},"headline":"Sres. M\u00fcller: Todo empez\u00f3 en el Riu Concordia","datePublished":"2015-11-06T08:37:32+00:00","dateModified":"2015-11-06T15:28:22+00:00","mainEntityOfPage":{"@id":"https:\/\/www.riu.com\/blog\/573\/"},"wordCount":391,"commentCount":0,"image":{"@id":"https:\/\/www.riu.com\/blog\/573\/#primaryimage"},"thumbnailUrl":"https:\/\/www.riu.com\/blog\/wp-content\/uploads\/2015\/11\/Strand-von-El-Arenal.jpeg","articleSection":["Hoteles"],"inLanguage":"es","potentialAction":[{"@type":"CommentAction","name":"Comment","target":["https:\/\/www.riu.com\/blog\/573\/#respond"]}]},{"@type":["WebPage","ItemPage"],"@id":"https:\/\/www.riu.com\/blog\/573\/","url":"https:\/\/www.riu.com\/blog\/573\/","name":"Vacaciones en Mallorca: hotel Riu Concordia","isPartOf":{"@id":"https:\/\/www.riu.com\/blog\/de\/#website"},"primaryImageOfPage":{"@id":"https:\/\/www.riu.com\/blog\/573\/#primaryimage"},"image":{"@id":"https:\/\/www.riu.com\/blog\/573\/#primaryimage"},"thumbnailUrl":"https:\/\/www.riu.com\/blog\/wp-content\/uploads\/2015\/11\/Strand-von-El-Arenal.jpeg","datePublished":"2015-11-06T08:37:32+00:00","dateModified":"2015-11-06T15:28:22+00:00","author":{"@id":"https:\/\/www.riu.com\/blog\/de\/#\/schema\/person\/0d2e827ad7e2aee20a09a05bdc3fb45f"},"description":"Christiane y Thomas viajaron a Mallorca por separado en 1.990 y pasaron 10 d\u00edas en nuestro hotel Riu Concordia. Christiane ha decidido compartir su historia con nosotros para celebrar su 25 aniversario.","breadcrumb":{"@id":"https:\/\/www.riu.com\/blog\/573\/#breadcrumb"},"inLanguage":"es","potentialAction":[{"@type":"ReadAction","target":["https:\/\/www.riu.com\/blog\/573\/"]}]},{"@type":"ImageObject","inLanguage":"es","@id":"https:\/\/www.riu.com\/blog\/573\/#primaryimage","url":"https:\/\/www.riu.com\/blog\/wp-content\/uploads\/2015\/11\/Strand-von-El-Arenal.jpeg","contentUrl":"https:\/\/www.riu.com\/blog\/wp-content\/uploads\/2015\/11\/Strand-von-El-Arenal.jpeg","width":1022,"height":686,"caption":"Playa del Arenal"},{"@type":"BreadcrumbList","@id":"https:\/\/www.riu.com\/blog\/573\/#breadcrumb","itemListElement":[{"@type":"ListItem","position":1,"name":"Portada","item":"https:\/\/www.riu.com\/blog\/de\/"},{"@type":"ListItem","position":2,"name":"Sres. M\u00fcller: Todo empez\u00f3 en el Riu Concordia"}]},{"@type":"WebSite","@id":"https:\/\/www.riu.com\/blog\/de\/#website","url":"https:\/\/www.riu.com\/blog\/de\/","name":"RIU.com | Blog","description":"Blog de Riu Hotels &amp; Resorts | Noticias exclusivas de la cadena Riu Hotels &amp; Resorts | Hoteles en Espa\u00f1a, M\u00e9xico, Jamaica, Rep\u00fablica Dominicana, Portugal, Miami y muchos m\u00e1s.","potentialAction":[{"@type":"SearchAction","target":{"@type":"EntryPoint","urlTemplate":"https:\/\/www.riu.com\/blog\/de\/?s={search_term_string}"},"query-input":{"@type":"PropertyValueSpecification","valueRequired":true,"valueName":"search_term_string"}}],"inLanguage":"es"},{"@type":"Person","@id":"https:\/\/www.riu.com\/blog\/de\/#\/schema\/person\/0d2e827ad7e2aee20a09a05bdc3fb45f","name":"Riu Hotels","image":{"@type":"ImageObject","inLanguage":"es","@id":"https:\/\/secure.gravatar.com\/avatar\/1845185f5dc0c5d7a3adb797bcd6cae1d3df26e3eead5da96b212485b274bdf3?s=96&d=mm&r=g","url":"https:\/\/secure.gravatar.com\/avatar\/1845185f5dc0c5d7a3adb797bcd6cae1d3df26e3eead5da96b212485b274bdf3?s=96&d=mm&r=g","contentUrl":"https:\/\/secure.gravatar.com\/avatar\/1845185f5dc0c5d7a3adb797bcd6cae1d3df26e3eead5da96b212485b274bdf3?s=96&d=mm&r=g","caption":"Riu Hotels"},"url":"https:\/\/www.riu.com\/blog\/author\/riu\/"}]}},"_links":{"self":[{"href":"https:\/\/www.riu.com\/blog\/wp-json\/wp\/v2\/posts\/573","targetHints":{"allow":["GET"]}}],"collection":[{"href":"https:\/\/www.riu.com\/blog\/wp-json\/wp\/v2\/posts"}],"about":[{"href":"https:\/\/www.riu.com\/blog\/wp-json\/wp\/v2\/types\/post"}],"author":[{"embeddable":true,"href":"https:\/\/www.riu.com\/blog\/wp-json\/wp\/v2\/users\/3"}],"replies":[{"embeddable":true,"href":"https:\/\/www.riu.com\/blog\/wp-json\/wp\/v2\/comments?post=573"}],"version-history":[{"count":7,"href":"https:\/\/www.riu.com\/blog\/wp-json\/wp\/v2\/posts\/573\/revisions"}],"predecessor-version":[{"id":589,"href":"https:\/\/www.riu.com\/blog\/wp-json\/wp\/v2\/posts\/573\/revisions\/589"}],"wp:featuredmedia":[{"embeddable":true,"href":"https:\/\/www.riu.com\/blog\/wp-json\/wp\/v2\/media\/575"}],"wp:attachment":[{"href":"https:\/\/www.riu.com\/blog\/wp-json\/wp\/v2\/media?parent=573"}],"wp:term":[{"taxonomy":"category","embeddable":true,"href":"https:\/\/www.riu.com\/blog\/wp-json\/wp\/v2\/categories?post=573"},{"taxonomy":"post_tag","embeddable":true,"href":"https:\/\/www.riu.com\/blog\/wp-json\/wp\/v2\/tags?post=573"}],"curies":[{"name":"wp","href":"https:\/\/api.w.org\/{rel}","templated":true}]}}