{"id":7971,"date":"2019-01-15T09:42:16","date_gmt":"2019-01-15T08:42:16","guid":{"rendered":"https:\/\/www.riu.com\/blog\/?p=7971"},"modified":"2020-01-23T13:41:23","modified_gmt":"2020-01-23T12:41:23","slug":"vive-con-nosotros-el-carnaval-de-las-islas-canarias","status":"publish","type":"post","link":"https:\/\/www.riu.com\/blog\/vive-con-nosotros-el-carnaval-de-las-islas-canarias\/","title":{"rendered":"\u00a1Vive con nosotros el carnaval de las islas Canarias!"},"content":{"rendered":"\r\n<p>\u00bfYa tienes tu disfraz elegido? Si a\u00fan no sabes que ponerte \u00a1Date prisa! El carnaval de <strong>las islas Canarias<\/strong> est\u00e1 a la vuelta de la esquina y \u00a1no te lo puedes perder! Se trata de\u00a0 un gran evento catalogado como <strong>Fiesta de Inter\u00e9s Tur\u00edstico Nacional<\/strong> que se celebra todos los a\u00f1os y que este 2019 se lleva \u00a0a cabo del 15 de febrero al 10 de marzo. \u00bfQuieres saber m\u00e1s sobre este impresionante evento?<\/p>\r\n<p><a href=\"https:\/\/www.riu.com\/blog\/wp-content\/uploads\/2019\/01\/riu-canary-islands.jpg\" target=\"_blank\" rel=\"noopener noreferrer\"><img loading=\"lazy\" decoding=\"async\" class=\"alignnone wp-image-18112 size-large\" src=\"https:\/\/www.riu.com\/blog\/wp-content\/uploads\/2019\/01\/riu-canary-islands-700x468.jpg\" alt=\"Vive con RIU el Carnaval de las Islas Canarias\" width=\"700\" height=\"468\" srcset=\"https:\/\/www.riu.com\/blog\/wp-content\/uploads\/2019\/01\/riu-canary-islands-700x468.jpg 700w, https:\/\/www.riu.com\/blog\/wp-content\/uploads\/2019\/01\/riu-canary-islands-250x167.jpg 250w, https:\/\/www.riu.com\/blog\/wp-content\/uploads\/2019\/01\/riu-canary-islands-768x514.jpg 768w, https:\/\/www.riu.com\/blog\/wp-content\/uploads\/2019\/01\/riu-canary-islands-120x80.jpg 120w, https:\/\/www.riu.com\/blog\/wp-content\/uploads\/2019\/01\/riu-canary-islands.jpg 1000w\" sizes=\"auto, (max-width: 700px) 100vw, 700px\" \/><\/a><\/p>\r\n\r\n\r\n\r\n\r\n\r\n\r\n\r\n<p>La m\u00fasica, el baile y los disfraces visten durante dos semanas las siete islas de las <strong>Canarias,<\/strong> creando un incre\u00edble espect\u00e1culo en el que todo el mundo es bienvenido. Se trata de una fiesta que lleva varios a\u00f1os a sus espaldas y que est\u00e1 abierta a todo aquel que quiera participar con su disfraz y ganas de pasarlo bien. \u00a0<\/p>\r\n<p><a href=\"https:\/\/www.riu.com\/blog\/wp-content\/uploads\/2019\/01\/carnaval-canary-islands-riu.jpg\" target=\"_blank\" rel=\"noopener noreferrer\"><img loading=\"lazy\" decoding=\"async\" class=\"alignnone wp-image-18115 size-large\" src=\"https:\/\/www.riu.com\/blog\/wp-content\/uploads\/2019\/01\/carnaval-canary-islands-riu-700x467.jpg\" alt=\"Alojare con RIU en Gran Canaria y disfruta de su Carnaval\" width=\"700\" height=\"467\" srcset=\"https:\/\/www.riu.com\/blog\/wp-content\/uploads\/2019\/01\/carnaval-canary-islands-riu-700x467.jpg 700w, https:\/\/www.riu.com\/blog\/wp-content\/uploads\/2019\/01\/carnaval-canary-islands-riu-250x167.jpg 250w, https:\/\/www.riu.com\/blog\/wp-content\/uploads\/2019\/01\/carnaval-canary-islands-riu-768x512.jpg 768w, https:\/\/www.riu.com\/blog\/wp-content\/uploads\/2019\/01\/carnaval-canary-islands-riu-120x80.jpg 120w, https:\/\/www.riu.com\/blog\/wp-content\/uploads\/2019\/01\/carnaval-canary-islands-riu.jpg 1000w\" sizes=\"auto, (max-width: 700px) 100vw, 700px\" \/><\/a><\/p>\r\n\r\n\r\n\r\n\r\n\r\n\r\n\r\n<p>Si decides venir descubrir\u00e1s todo un espect\u00e1culo lleno de tradiciones en el que cada a\u00f1o se elige a una representante como reina. Esta elecci\u00f3n se lleva a cabo en un evento donde las diferentes candidatas desfilan bajo un precioso aunque pesado traje, lleno de perlas y plumas que ha sido confeccionado durante todo el a\u00f1o para ser lucido en este d\u00eda tan especial. Sin duda, uno de los momentos m\u00e1s memorables del carnaval canario.<\/p>\r\n<p><img loading=\"lazy\" decoding=\"async\" class=\"alignnone wp-image-18119 size-large\" src=\"https:\/\/www.riu.com\/blog\/wp-content\/uploads\/2019\/01\/carnaval-riu-700x467.jpg\" alt=\"RIU te ofrece muchas posibilidades de alojamiento en Gran Canaria\" width=\"700\" height=\"467\" srcset=\"https:\/\/www.riu.com\/blog\/wp-content\/uploads\/2019\/01\/carnaval-riu-700x467.jpg 700w, https:\/\/www.riu.com\/blog\/wp-content\/uploads\/2019\/01\/carnaval-riu-250x167.jpg 250w, https:\/\/www.riu.com\/blog\/wp-content\/uploads\/2019\/01\/carnaval-riu-768x512.jpg 768w, https:\/\/www.riu.com\/blog\/wp-content\/uploads\/2019\/01\/carnaval-riu-120x80.jpg 120w, https:\/\/www.riu.com\/blog\/wp-content\/uploads\/2019\/01\/carnaval-riu.jpg 1000w\" sizes=\"auto, (max-width: 700px) 100vw, 700px\" \/><\/p>\r\n\r\n\r\n\r\n\r\n\r\n\r\n\r\n<p>Lo que hace de estos carnavales algo tan divertido y especial es que se celebran en la calle y se puede ver a much\u00edsima gente disfrazada y en un claro gesto de uni\u00f3n, una constante durante estos d\u00edas. Entre la multitud pueden apreciarse las famosas <strong>murgas<\/strong>, grupos de amigos que cantan ingeniosas letras de cr\u00edtica social con mucho humor y ritmo que llegan a formar parte de concursos a los que se presentan diversidad de grupos.<\/p>\r\n<p><a href=\"https:\/\/www.riu.com\/blog\/wp-content\/uploads\/2019\/01\/canaval-riu.jpg\" target=\"_blank\" rel=\"noopener noreferrer\"><img loading=\"lazy\" decoding=\"async\" class=\"alignnone wp-image-18122 size-large\" src=\"https:\/\/www.riu.com\/blog\/wp-content\/uploads\/2019\/01\/canaval-riu-700x468.jpg\" alt=\"Divi\u00e9rtete en las murgas del Carnaval de Gran Canaria \" width=\"700\" height=\"468\" srcset=\"https:\/\/www.riu.com\/blog\/wp-content\/uploads\/2019\/01\/canaval-riu-700x468.jpg 700w, https:\/\/www.riu.com\/blog\/wp-content\/uploads\/2019\/01\/canaval-riu-250x167.jpg 250w, https:\/\/www.riu.com\/blog\/wp-content\/uploads\/2019\/01\/canaval-riu-768x514.jpg 768w, https:\/\/www.riu.com\/blog\/wp-content\/uploads\/2019\/01\/canaval-riu-120x80.jpg 120w, https:\/\/www.riu.com\/blog\/wp-content\/uploads\/2019\/01\/canaval-riu.jpg 1000w\" sizes=\"auto, (max-width: 700px) 100vw, 700px\" \/><\/a><\/p>\r\n\r\n\r\n\r\n\r\n\r\n\r\n\r\n<p>La m\u00fasica, adem\u00e1s de los disfraces, es una de las protagonistas principales del evento y tambi\u00e9n se hace notar a trav\u00e9s de grupos llamados <strong>comparsas<\/strong> que se expresan por medio del baile. Junto a todo esto encontrar\u00e1s desfiles de disfraces, cabalgatas\u00a0 y muchas m\u00e1s actividades en las que podr\u00e1s sentir y vivir el aut\u00e9ntico carnaval, que culmina con el \u201c<strong>Entierro de la Sardina<\/strong>\u201d, un evento en el que todos los isle\u00f1os desfilan representando el funeral de una sardina que posteriormente es incinerada bajo un ambiente m\u00e1gico creado por los fuegos artificiales. Se trata de uno de los m\u00e1s importantes junto con el de R\u00edo de Janeiro.<\/p>\r\n<p><a href=\"https:\/\/www.riu.com\/blog\/wp-content\/uploads\/2019\/01\/riu-carnaval-canary.jpg\" target=\"_blank\" rel=\"noopener noreferrer\"><img loading=\"lazy\" decoding=\"async\" class=\"alignnone wp-image-18125 size-large\" src=\"https:\/\/www.riu.com\/blog\/wp-content\/uploads\/2019\/01\/riu-carnaval-canary-700x467.jpg\" alt=\"Los hoteles RIU en Gran Canaria te ofrecen la ubicaci\u00f3n perfecta para el Carnaval\" width=\"700\" height=\"467\" srcset=\"https:\/\/www.riu.com\/blog\/wp-content\/uploads\/2019\/01\/riu-carnaval-canary-700x467.jpg 700w, https:\/\/www.riu.com\/blog\/wp-content\/uploads\/2019\/01\/riu-carnaval-canary-250x167.jpg 250w, https:\/\/www.riu.com\/blog\/wp-content\/uploads\/2019\/01\/riu-carnaval-canary-768x512.jpg 768w, https:\/\/www.riu.com\/blog\/wp-content\/uploads\/2019\/01\/riu-carnaval-canary-120x80.jpg 120w, https:\/\/www.riu.com\/blog\/wp-content\/uploads\/2019\/01\/riu-carnaval-canary.jpg 1000w\" sizes=\"auto, (max-width: 700px) 100vw, 700px\" \/><\/a><\/p>\r\n\r\n\r\n\r\n\r\n\r\n\r\n\r\n<p>\u00a1Ya lo sabes! Todo un espect\u00e1culo de color y magia te espera en el carnaval de <strong>las islas Canarias<\/strong>. Has de saber que en cada una de las islas se ofrece una programaci\u00f3n diferente, por lo que puedes elegir la oferta que m\u00e1s te apetezca y como siempre, te ofrecemos una gran variedad de posibilidades de alojamiento en nuestros hoteles en Gran Canaria, Lanzarote, Tenerife y Fuerteventura.<\/p>\r\n\r\n\r\n\r\n<p>\u00a1Las islas Canarias te est\u00e1n esperando y nosotros estamos deseando ver tu disfraz!<\/p>\r\n","protected":false},"excerpt":{"rendered":"\u00bfYa tienes tu disfraz elegido? Si a\u00fan no sabes que ponerte \u00a1Date prisa! El carnaval de las islas Canarias est\u00e1 a la vuelta de la esquina y \u00a1no te lo puedes perder! Se trata de\u00a0 un gran evento catalogado como Fiesta de Inter\u00e9s Tur\u00edstico Nacional que se celebra todos los a\u00f1os y que este 2019&#8230;","protected":false},"author":3,"featured_media":7975,"comment_status":"open","ping_status":"closed","sticky":false,"template":"","format":"standard","meta":{"_acf_changed":false,"footnotes":""},"categories":[42,3],"tags":[],"class_list":["post-7971","post","type-post","status-publish","format-standard","has-post-thumbnail","hentry","category-destino","category-hotels"],"acf":[],"yoast_head":"<!-- This site is optimized with the Yoast SEO plugin v27.2 - https:\/\/yoast.com\/product\/yoast-seo-wordpress\/ -->\n<title>\u00a1Vive con RIU el carnaval de las islas Canarias! | Blog RIU.com<\/title>\n<meta name=\"description\" content=\"El carnaval de las islas Canarias est\u00e1 a la vuelta de la esquina y \u00a1no te lo puedes perder! Si decides venir descubrir\u00e1s todo un espect\u00e1culo lleno de tradiciones en el que cada a\u00f1o se elige a una representante como reina.\" \/>\n<meta name=\"robots\" content=\"index, follow, max-snippet:-1, max-image-preview:large, max-video-preview:-1\" \/>\n<link rel=\"canonical\" href=\"https:\/\/www.riu.com\/blog\/vive-con-nosotros-el-carnaval-de-las-islas-canarias\/\" \/>\n<meta property=\"og:locale\" content=\"es_ES\" \/>\n<meta property=\"og:type\" content=\"article\" \/>\n<meta property=\"og:title\" content=\"\u00a1Vive con RIU el carnaval de las islas Canarias! | Blog RIU.com\" \/>\n<meta property=\"og:description\" content=\"El carnaval de las islas Canarias est\u00e1 a la vuelta de la esquina y \u00a1no te lo puedes perder! Si decides venir descubrir\u00e1s todo un espect\u00e1culo lleno de tradiciones en el que cada a\u00f1o se elige a una representante como reina.\" \/>\n<meta property=\"og:url\" content=\"https:\/\/www.riu.com\/blog\/vive-con-nosotros-el-carnaval-de-las-islas-canarias\/\" \/>\n<meta property=\"og:site_name\" content=\"RIU.com | Blog\" \/>\n<meta property=\"article:published_time\" content=\"2019-01-15T08:42:16+00:00\" \/>\n<meta property=\"article:modified_time\" content=\"2020-01-23T12:41:23+00:00\" \/>\n<meta property=\"og:image\" content=\"https:\/\/www.riu.com\/blog\/wp-content\/uploads\/2019\/01\/shutterstock_554784928-1.jpg\" \/>\n\t<meta property=\"og:image:width\" content=\"1000\" \/>\n\t<meta property=\"og:image:height\" content=\"667\" \/>\n\t<meta property=\"og:image:type\" content=\"image\/jpeg\" \/>\n<meta name=\"author\" content=\"Riu Hotels\" \/>\n<meta name=\"twitter:card\" content=\"summary_large_image\" \/>\n<meta name=\"twitter:label1\" content=\"Escrito por\" \/>\n\t<meta name=\"twitter:data1\" content=\"Riu Hotels\" \/>\n\t<meta name=\"twitter:label2\" content=\"Tiempo de lectura\" \/>\n\t<meta name=\"twitter:data2\" content=\"3 minutos\" \/>\n<script type=\"application\/ld+json\" class=\"yoast-schema-graph\">{\"@context\":\"https:\/\/schema.org\",\"@graph\":[{\"@type\":\"NewsArticle\",\"@id\":\"https:\/\/www.riu.com\/blog\/vive-con-nosotros-el-carnaval-de-las-islas-canarias\/#article\",\"isPartOf\":{\"@id\":\"https:\/\/www.riu.com\/blog\/vive-con-nosotros-el-carnaval-de-las-islas-canarias\/\"},\"author\":{\"name\":\"Riu Hotels\",\"@id\":\"https:\/\/www.riu.com\/blog\/de\/#\/schema\/person\/0d2e827ad7e2aee20a09a05bdc3fb45f\"},\"headline\":\"\u00a1Vive con nosotros el carnaval de las islas Canarias!\",\"datePublished\":\"2019-01-15T08:42:16+00:00\",\"dateModified\":\"2020-01-23T12:41:23+00:00\",\"mainEntityOfPage\":{\"@id\":\"https:\/\/www.riu.com\/blog\/vive-con-nosotros-el-carnaval-de-las-islas-canarias\/\"},\"wordCount\":511,\"commentCount\":0,\"image\":{\"@id\":\"https:\/\/www.riu.com\/blog\/vive-con-nosotros-el-carnaval-de-las-islas-canarias\/#primaryimage\"},\"thumbnailUrl\":\"https:\/\/www.riu.com\/blog\/wp-content\/uploads\/2019\/01\/shutterstock_554784928-1.jpg\",\"articleSection\":[\"Destino\",\"Hoteles\"],\"inLanguage\":\"es\",\"potentialAction\":[{\"@type\":\"CommentAction\",\"name\":\"Comment\",\"target\":[\"https:\/\/www.riu.com\/blog\/vive-con-nosotros-el-carnaval-de-las-islas-canarias\/#respond\"]}]},{\"@type\":[\"WebPage\",\"ItemPage\"],\"@id\":\"https:\/\/www.riu.com\/blog\/vive-con-nosotros-el-carnaval-de-las-islas-canarias\/\",\"url\":\"https:\/\/www.riu.com\/blog\/vive-con-nosotros-el-carnaval-de-las-islas-canarias\/\",\"name\":\"\u00a1Vive con RIU el carnaval de las islas Canarias! | Blog RIU.com\",\"isPartOf\":{\"@id\":\"https:\/\/www.riu.com\/blog\/de\/#website\"},\"primaryImageOfPage\":{\"@id\":\"https:\/\/www.riu.com\/blog\/vive-con-nosotros-el-carnaval-de-las-islas-canarias\/#primaryimage\"},\"image\":{\"@id\":\"https:\/\/www.riu.com\/blog\/vive-con-nosotros-el-carnaval-de-las-islas-canarias\/#primaryimage\"},\"thumbnailUrl\":\"https:\/\/www.riu.com\/blog\/wp-content\/uploads\/2019\/01\/shutterstock_554784928-1.jpg\",\"datePublished\":\"2019-01-15T08:42:16+00:00\",\"dateModified\":\"2020-01-23T12:41:23+00:00\",\"author\":{\"@id\":\"https:\/\/www.riu.com\/blog\/de\/#\/schema\/person\/0d2e827ad7e2aee20a09a05bdc3fb45f\"},\"description\":\"El carnaval de las islas Canarias est\u00e1 a la vuelta de la esquina y \u00a1no te lo puedes perder! Si decides venir descubrir\u00e1s todo un espect\u00e1culo lleno de tradiciones en el que cada a\u00f1o se elige a una representante como reina.\",\"breadcrumb\":{\"@id\":\"https:\/\/www.riu.com\/blog\/vive-con-nosotros-el-carnaval-de-las-islas-canarias\/#breadcrumb\"},\"inLanguage\":\"es\",\"potentialAction\":[{\"@type\":\"ReadAction\",\"target\":[\"https:\/\/www.riu.com\/blog\/vive-con-nosotros-el-carnaval-de-las-islas-canarias\/\"]}]},{\"@type\":\"ImageObject\",\"inLanguage\":\"es\",\"@id\":\"https:\/\/www.riu.com\/blog\/vive-con-nosotros-el-carnaval-de-las-islas-canarias\/#primaryimage\",\"url\":\"https:\/\/www.riu.com\/blog\/wp-content\/uploads\/2019\/01\/shutterstock_554784928-1.jpg\",\"contentUrl\":\"https:\/\/www.riu.com\/blog\/wp-content\/uploads\/2019\/01\/shutterstock_554784928-1.jpg\",\"width\":1000,\"height\":667},{\"@type\":\"BreadcrumbList\",\"@id\":\"https:\/\/www.riu.com\/blog\/vive-con-nosotros-el-carnaval-de-las-islas-canarias\/#breadcrumb\",\"itemListElement\":[{\"@type\":\"ListItem\",\"position\":1,\"name\":\"Portada\",\"item\":\"https:\/\/www.riu.com\/blog\/de\/\"},{\"@type\":\"ListItem\",\"position\":2,\"name\":\"\u00a1Vive con nosotros el carnaval de las islas Canarias!\"}]},{\"@type\":\"WebSite\",\"@id\":\"https:\/\/www.riu.com\/blog\/de\/#website\",\"url\":\"https:\/\/www.riu.com\/blog\/de\/\",\"name\":\"RIU.com | Blog\",\"description\":\"Blog de Riu Hotels &amp; Resorts | Noticias exclusivas de la cadena Riu Hotels &amp; Resorts | Hoteles en Espa\u00f1a, M\u00e9xico, Jamaica, Rep\u00fablica Dominicana, Portugal, Miami y muchos m\u00e1s.\",\"potentialAction\":[{\"@type\":\"SearchAction\",\"target\":{\"@type\":\"EntryPoint\",\"urlTemplate\":\"https:\/\/www.riu.com\/blog\/de\/?s={search_term_string}\"},\"query-input\":{\"@type\":\"PropertyValueSpecification\",\"valueRequired\":true,\"valueName\":\"search_term_string\"}}],\"inLanguage\":\"es\"},{\"@type\":\"Person\",\"@id\":\"https:\/\/www.riu.com\/blog\/de\/#\/schema\/person\/0d2e827ad7e2aee20a09a05bdc3fb45f\",\"name\":\"Riu Hotels\",\"image\":{\"@type\":\"ImageObject\",\"inLanguage\":\"es\",\"@id\":\"https:\/\/secure.gravatar.com\/avatar\/1845185f5dc0c5d7a3adb797bcd6cae1d3df26e3eead5da96b212485b274bdf3?s=96&d=mm&r=g\",\"url\":\"https:\/\/secure.gravatar.com\/avatar\/1845185f5dc0c5d7a3adb797bcd6cae1d3df26e3eead5da96b212485b274bdf3?s=96&d=mm&r=g\",\"contentUrl\":\"https:\/\/secure.gravatar.com\/avatar\/1845185f5dc0c5d7a3adb797bcd6cae1d3df26e3eead5da96b212485b274bdf3?s=96&d=mm&r=g\",\"caption\":\"Riu Hotels\"},\"url\":\"https:\/\/www.riu.com\/blog\/author\/riu\/\"}]}<\/script>\n<!-- \/ Yoast SEO plugin. -->","yoast_head_json":{"title":"\u00a1Vive con RIU el carnaval de las islas Canarias! | Blog RIU.com","description":"El carnaval de las islas Canarias est\u00e1 a la vuelta de la esquina y \u00a1no te lo puedes perder! Si decides venir descubrir\u00e1s todo un espect\u00e1culo lleno de tradiciones en el que cada a\u00f1o se elige a una representante como reina.","robots":{"index":"index","follow":"follow","max-snippet":"max-snippet:-1","max-image-preview":"max-image-preview:large","max-video-preview":"max-video-preview:-1"},"canonical":"https:\/\/www.riu.com\/blog\/vive-con-nosotros-el-carnaval-de-las-islas-canarias\/","og_locale":"es_ES","og_type":"article","og_title":"\u00a1Vive con RIU el carnaval de las islas Canarias! | Blog RIU.com","og_description":"El carnaval de las islas Canarias est\u00e1 a la vuelta de la esquina y \u00a1no te lo puedes perder! Si decides venir descubrir\u00e1s todo un espect\u00e1culo lleno de tradiciones en el que cada a\u00f1o se elige a una representante como reina.","og_url":"https:\/\/www.riu.com\/blog\/vive-con-nosotros-el-carnaval-de-las-islas-canarias\/","og_site_name":"RIU.com | Blog","article_published_time":"2019-01-15T08:42:16+00:00","article_modified_time":"2020-01-23T12:41:23+00:00","og_image":[{"width":1000,"height":667,"url":"https:\/\/www.riu.com\/blog\/wp-content\/uploads\/2019\/01\/shutterstock_554784928-1.jpg","type":"image\/jpeg"}],"author":"Riu Hotels","twitter_card":"summary_large_image","twitter_misc":{"Escrito por":"Riu Hotels","Tiempo de lectura":"3 minutos"},"schema":{"@context":"https:\/\/schema.org","@graph":[{"@type":"NewsArticle","@id":"https:\/\/www.riu.com\/blog\/vive-con-nosotros-el-carnaval-de-las-islas-canarias\/#article","isPartOf":{"@id":"https:\/\/www.riu.com\/blog\/vive-con-nosotros-el-carnaval-de-las-islas-canarias\/"},"author":{"name":"Riu Hotels","@id":"https:\/\/www.riu.com\/blog\/de\/#\/schema\/person\/0d2e827ad7e2aee20a09a05bdc3fb45f"},"headline":"\u00a1Vive con nosotros el carnaval de las islas Canarias!","datePublished":"2019-01-15T08:42:16+00:00","dateModified":"2020-01-23T12:41:23+00:00","mainEntityOfPage":{"@id":"https:\/\/www.riu.com\/blog\/vive-con-nosotros-el-carnaval-de-las-islas-canarias\/"},"wordCount":511,"commentCount":0,"image":{"@id":"https:\/\/www.riu.com\/blog\/vive-con-nosotros-el-carnaval-de-las-islas-canarias\/#primaryimage"},"thumbnailUrl":"https:\/\/www.riu.com\/blog\/wp-content\/uploads\/2019\/01\/shutterstock_554784928-1.jpg","articleSection":["Destino","Hoteles"],"inLanguage":"es","potentialAction":[{"@type":"CommentAction","name":"Comment","target":["https:\/\/www.riu.com\/blog\/vive-con-nosotros-el-carnaval-de-las-islas-canarias\/#respond"]}]},{"@type":["WebPage","ItemPage"],"@id":"https:\/\/www.riu.com\/blog\/vive-con-nosotros-el-carnaval-de-las-islas-canarias\/","url":"https:\/\/www.riu.com\/blog\/vive-con-nosotros-el-carnaval-de-las-islas-canarias\/","name":"\u00a1Vive con RIU el carnaval de las islas Canarias! | Blog RIU.com","isPartOf":{"@id":"https:\/\/www.riu.com\/blog\/de\/#website"},"primaryImageOfPage":{"@id":"https:\/\/www.riu.com\/blog\/vive-con-nosotros-el-carnaval-de-las-islas-canarias\/#primaryimage"},"image":{"@id":"https:\/\/www.riu.com\/blog\/vive-con-nosotros-el-carnaval-de-las-islas-canarias\/#primaryimage"},"thumbnailUrl":"https:\/\/www.riu.com\/blog\/wp-content\/uploads\/2019\/01\/shutterstock_554784928-1.jpg","datePublished":"2019-01-15T08:42:16+00:00","dateModified":"2020-01-23T12:41:23+00:00","author":{"@id":"https:\/\/www.riu.com\/blog\/de\/#\/schema\/person\/0d2e827ad7e2aee20a09a05bdc3fb45f"},"description":"El carnaval de las islas Canarias est\u00e1 a la vuelta de la esquina y \u00a1no te lo puedes perder! Si decides venir descubrir\u00e1s todo un espect\u00e1culo lleno de tradiciones en el que cada a\u00f1o se elige a una representante como reina.","breadcrumb":{"@id":"https:\/\/www.riu.com\/blog\/vive-con-nosotros-el-carnaval-de-las-islas-canarias\/#breadcrumb"},"inLanguage":"es","potentialAction":[{"@type":"ReadAction","target":["https:\/\/www.riu.com\/blog\/vive-con-nosotros-el-carnaval-de-las-islas-canarias\/"]}]},{"@type":"ImageObject","inLanguage":"es","@id":"https:\/\/www.riu.com\/blog\/vive-con-nosotros-el-carnaval-de-las-islas-canarias\/#primaryimage","url":"https:\/\/www.riu.com\/blog\/wp-content\/uploads\/2019\/01\/shutterstock_554784928-1.jpg","contentUrl":"https:\/\/www.riu.com\/blog\/wp-content\/uploads\/2019\/01\/shutterstock_554784928-1.jpg","width":1000,"height":667},{"@type":"BreadcrumbList","@id":"https:\/\/www.riu.com\/blog\/vive-con-nosotros-el-carnaval-de-las-islas-canarias\/#breadcrumb","itemListElement":[{"@type":"ListItem","position":1,"name":"Portada","item":"https:\/\/www.riu.com\/blog\/de\/"},{"@type":"ListItem","position":2,"name":"\u00a1Vive con nosotros el carnaval de las islas Canarias!"}]},{"@type":"WebSite","@id":"https:\/\/www.riu.com\/blog\/de\/#website","url":"https:\/\/www.riu.com\/blog\/de\/","name":"RIU.com | Blog","description":"Blog de Riu Hotels &amp; Resorts | Noticias exclusivas de la cadena Riu Hotels &amp; Resorts | Hoteles en Espa\u00f1a, M\u00e9xico, Jamaica, Rep\u00fablica Dominicana, Portugal, Miami y muchos m\u00e1s.","potentialAction":[{"@type":"SearchAction","target":{"@type":"EntryPoint","urlTemplate":"https:\/\/www.riu.com\/blog\/de\/?s={search_term_string}"},"query-input":{"@type":"PropertyValueSpecification","valueRequired":true,"valueName":"search_term_string"}}],"inLanguage":"es"},{"@type":"Person","@id":"https:\/\/www.riu.com\/blog\/de\/#\/schema\/person\/0d2e827ad7e2aee20a09a05bdc3fb45f","name":"Riu Hotels","image":{"@type":"ImageObject","inLanguage":"es","@id":"https:\/\/secure.gravatar.com\/avatar\/1845185f5dc0c5d7a3adb797bcd6cae1d3df26e3eead5da96b212485b274bdf3?s=96&d=mm&r=g","url":"https:\/\/secure.gravatar.com\/avatar\/1845185f5dc0c5d7a3adb797bcd6cae1d3df26e3eead5da96b212485b274bdf3?s=96&d=mm&r=g","contentUrl":"https:\/\/secure.gravatar.com\/avatar\/1845185f5dc0c5d7a3adb797bcd6cae1d3df26e3eead5da96b212485b274bdf3?s=96&d=mm&r=g","caption":"Riu Hotels"},"url":"https:\/\/www.riu.com\/blog\/author\/riu\/"}]}},"_links":{"self":[{"href":"https:\/\/www.riu.com\/blog\/wp-json\/wp\/v2\/posts\/7971","targetHints":{"allow":["GET"]}}],"collection":[{"href":"https:\/\/www.riu.com\/blog\/wp-json\/wp\/v2\/posts"}],"about":[{"href":"https:\/\/www.riu.com\/blog\/wp-json\/wp\/v2\/types\/post"}],"author":[{"embeddable":true,"href":"https:\/\/www.riu.com\/blog\/wp-json\/wp\/v2\/users\/3"}],"replies":[{"embeddable":true,"href":"https:\/\/www.riu.com\/blog\/wp-json\/wp\/v2\/comments?post=7971"}],"version-history":[{"count":6,"href":"https:\/\/www.riu.com\/blog\/wp-json\/wp\/v2\/posts\/7971\/revisions"}],"predecessor-version":[{"id":18129,"href":"https:\/\/www.riu.com\/blog\/wp-json\/wp\/v2\/posts\/7971\/revisions\/18129"}],"wp:featuredmedia":[{"embeddable":true,"href":"https:\/\/www.riu.com\/blog\/wp-json\/wp\/v2\/media\/7975"}],"wp:attachment":[{"href":"https:\/\/www.riu.com\/blog\/wp-json\/wp\/v2\/media?parent=7971"}],"wp:term":[{"taxonomy":"category","embeddable":true,"href":"https:\/\/www.riu.com\/blog\/wp-json\/wp\/v2\/categories?post=7971"},{"taxonomy":"post_tag","embeddable":true,"href":"https:\/\/www.riu.com\/blog\/wp-json\/wp\/v2\/tags?post=7971"}],"curies":[{"name":"wp","href":"https:\/\/api.w.org\/{rel}","templated":true}]}}